{"id":6703,"date":"2025-10-10T12:00:01","date_gmt":"2025-10-10T04:00:01","guid":{"rendered":"https:\/\/lydenim.com\/?p=6703"},"modified":"2025-10-10T12:00:01","modified_gmt":"2025-10-10T04:00:01","slug":"fall-2025-denim-trends-the-must-have-jeans-styles-taking-over-your-wardrobe","status":"publish","type":"post","link":"https:\/\/lydenim.com\/fr\/tendances-denim-automne-2025-les-styles-de-jeans-incontournables-qui-envahissent-votre-garde-robe\/","title":{"rendered":"Tendances denim automne 2025 : les styles de jeans incontournables qui envahissent votre garde-robe !"},"content":{"rendered":"<h2>Temps de lecture estim\u00e9 : ~4 minutes<\/h2>\n<p dir=\"auto\">Tout le monde sait que le jean est un incontournable intemporel. Mais chaque saison, les marques revisitent les classiques avec des coupes et des d\u00e9tails innovants. Alors, quoi\u00a0? <em>tendances jeans automne 2025<\/em> dominent les podiums et la rue\u00a0? Rejoignez-nous pour un aper\u00e7u des silhouettes denim les plus tendance, des retours vintage aux looks d\u00e9contract\u00e9s du quotidien. Que vous recherchiez <em>id\u00e9es de tenues en jean pour papa<\/em> ou <em>conseils de style pour les jeans \u00e0 pattes d&#039;\u00e9l\u00e9phant<\/em>, nous avons ce qu&#039;il vous faut !<\/p>\n<h2 dir=\"auto\">Jeans Dad n\u00b01\u00a0: le renouveau vintage ultime<\/h2>\n<p dir=\"auto\">Avec la vague de fi\u00e8vre r\u00e9tro qui d\u00e9ferle sur le monde de la mode, les pi\u00e8ces tout droit sorties des placards de vos parents, voire de vos grands-parents, font un retour triomphal. Les \u00ab\u00a0jeans mom\u00a0\u00bb et les \u00ab\u00a0pantalons grand-m\u00e8re\u00a0\u00bb n&#039;\u00e9taient qu&#039;un d\u00e9but\u00a0; maintenant <em>jeans papa<\/em> prennent d&#039;assaut la sc\u00e8ne et tous les acheteurs avertis en mati\u00e8re de style se les arrachent !<\/p>\n<div id=\"attachment_6706\" style=\"width: 610px\" class=\"wp-caption aligncenter\"><img loading=\"lazy\" decoding=\"async\" aria-describedby=\"caption-attachment-6706\" class=\"wp-image-6706\" src=\"https:\/\/lydenim.com\/wp-content\/uploads\/2025\/10\/DM_20251008163638_002.jpg\" alt=\"\" width=\"600\" height=\"401\" srcset=\"https:\/\/lydenim.com\/wp-content\/uploads\/2025\/10\/DM_20251008163638_002.jpg 443w, https:\/\/lydenim.com\/wp-content\/uploads\/2025\/10\/DM_20251008163638_002-300x200.jpg 300w, https:\/\/lydenim.com\/wp-content\/uploads\/2025\/10\/DM_20251008163638_002-18x12.jpg 18w, https:\/\/lydenim.com\/wp-content\/uploads\/2025\/10\/DM_20251008163638_002-150x100.jpg 150w\" sizes=\"auto, (max-width: 600px) 100vw, 600px\" \/><p id=\"caption-attachment-6706\" class=\"wp-caption-text\">Jeans papa<\/p><\/div>\n<p dir=\"auto\">Si vous cherchez encore \u00e0 comprendre la diff\u00e9rence entre <em>Jeans papa<\/em> et <em>Jean Mom<\/em>Voici une comparaison rapide\u00a0: le jean mom pr\u00e9sente une taille haute, large en haut et fusel\u00e9e en bas, avec une coupe ajust\u00e9e et structur\u00e9e au niveau des hanches et des chevilles. Le jean dad, quant \u00e0 lui, offre une coupe droite et d\u00e9contract\u00e9e, ample des hanches \u00e0 l&#039;ourlet, sans accentuer la taille ni les courbes, pour une allure d\u00e9contract\u00e9e et sans effort.<\/p>\n<div id=\"attachment_6707\" style=\"width: 610px\" class=\"wp-caption aligncenter\"><img loading=\"lazy\" decoding=\"async\" aria-describedby=\"caption-attachment-6707\" class=\"wp-image-6707\" src=\"https:\/\/lydenim.com\/wp-content\/uploads\/2025\/10\/DM_20251008163638_003.jpg\" alt=\"\" width=\"600\" height=\"449\" srcset=\"https:\/\/lydenim.com\/wp-content\/uploads\/2025\/10\/DM_20251008163638_003.jpg 676w, https:\/\/lydenim.com\/wp-content\/uploads\/2025\/10\/DM_20251008163638_003-300x225.jpg 300w, https:\/\/lydenim.com\/wp-content\/uploads\/2025\/10\/DM_20251008163638_003-16x12.jpg 16w, https:\/\/lydenim.com\/wp-content\/uploads\/2025\/10\/DM_20251008163638_003-600x449.jpg 600w, https:\/\/lydenim.com\/wp-content\/uploads\/2025\/10\/DM_20251008163638_003-150x112.jpg 150w\" sizes=\"auto, (max-width: 600px) 100vw, 600px\" \/><p id=\"caption-attachment-6707\" class=\"wp-caption-text\">Jeans papa et jeans maman<\/p><\/div>\n<p dir=\"auto\">Le jean Dad d\u00e9gage une allure d\u00e9contract\u00e9e et d\u00e9contract\u00e9e, fa\u00e7on boyfriend, avec une \u00e9nergie masculine d\u00e9bordante. Associez-le \u00e0 des pi\u00e8ces unisexes pour un look androgyne et affirm\u00e9, naturellement chic et plein d&#039;allure.<\/p>\n<div id=\"attachment_6708\" style=\"width: 610px\" class=\"wp-caption aligncenter\"><img loading=\"lazy\" decoding=\"async\" aria-describedby=\"caption-attachment-6708\" class=\"wp-image-6708\" src=\"https:\/\/lydenim.com\/wp-content\/uploads\/2025\/10\/DM_20251008163638_004.jpg\" alt=\"\" width=\"600\" height=\"800\" srcset=\"https:\/\/lydenim.com\/wp-content\/uploads\/2025\/10\/DM_20251008163638_004.jpg 475w, https:\/\/lydenim.com\/wp-content\/uploads\/2025\/10\/DM_20251008163638_004-225x300.jpg 225w, https:\/\/lydenim.com\/wp-content\/uploads\/2025\/10\/DM_20251008163638_004-9x12.jpg 9w, https:\/\/lydenim.com\/wp-content\/uploads\/2025\/10\/DM_20251008163638_004-450x600.jpg 450w, https:\/\/lydenim.com\/wp-content\/uploads\/2025\/10\/DM_20251008163638_004-150x200.jpg 150w\" sizes=\"auto, (max-width: 600px) 100vw, 600px\" \/><p id=\"caption-attachment-6708\" class=\"wp-caption-text\">Jean papa<\/p><\/div>\n<div id=\"attachment_6709\" style=\"width: 610px\" class=\"wp-caption aligncenter\"><img loading=\"lazy\" decoding=\"async\" aria-describedby=\"caption-attachment-6709\" class=\"wp-image-6709\" src=\"https:\/\/lydenim.com\/wp-content\/uploads\/2025\/10\/DM_20251008163638_005.jpg\" alt=\"\" width=\"600\" height=\"800\" srcset=\"https:\/\/lydenim.com\/wp-content\/uploads\/2025\/10\/DM_20251008163638_005.jpg 475w, https:\/\/lydenim.com\/wp-content\/uploads\/2025\/10\/DM_20251008163638_005-225x300.jpg 225w, https:\/\/lydenim.com\/wp-content\/uploads\/2025\/10\/DM_20251008163638_005-9x12.jpg 9w, https:\/\/lydenim.com\/wp-content\/uploads\/2025\/10\/DM_20251008163638_005-450x600.jpg 450w, https:\/\/lydenim.com\/wp-content\/uploads\/2025\/10\/DM_20251008163638_005-150x200.jpg 150w\" sizes=\"auto, (max-width: 600px) 100vw, 600px\" \/><p id=\"caption-attachment-6709\" class=\"wp-caption-text\">Jean papa<\/p><\/div>\n<p dir=\"auto\">Associez-les \u00e0 des blazers d&#039;inspiration vintage ou \u00e0 des vestes courtes pour un look r\u00e9tro soign\u00e9, \u00e0 la fois raffin\u00e9 et ludique, garanti pour faire tourner les t\u00eates.<\/p>\n<div id=\"attachment_6710\" style=\"width: 610px\" class=\"wp-caption aligncenter\"><img loading=\"lazy\" decoding=\"async\" aria-describedby=\"caption-attachment-6710\" class=\"wp-image-6710\" src=\"https:\/\/lydenim.com\/wp-content\/uploads\/2025\/10\/DM_20251008163638_006.jpg\" alt=\"\" width=\"600\" height=\"800\" srcset=\"https:\/\/lydenim.com\/wp-content\/uploads\/2025\/10\/DM_20251008163638_006.jpg 475w, https:\/\/lydenim.com\/wp-content\/uploads\/2025\/10\/DM_20251008163638_006-225x300.jpg 225w, https:\/\/lydenim.com\/wp-content\/uploads\/2025\/10\/DM_20251008163638_006-9x12.jpg 9w, https:\/\/lydenim.com\/wp-content\/uploads\/2025\/10\/DM_20251008163638_006-450x600.jpg 450w, https:\/\/lydenim.com\/wp-content\/uploads\/2025\/10\/DM_20251008163638_006-150x200.jpg 150w\" sizes=\"auto, (max-width: 600px) 100vw, 600px\" \/><p id=\"caption-attachment-6710\" class=\"wp-caption-text\">Jean Dad vintage assorti<\/p><\/div>\n<div id=\"attachment_6711\" style=\"width: 610px\" class=\"wp-caption aligncenter\"><img loading=\"lazy\" decoding=\"async\" aria-describedby=\"caption-attachment-6711\" class=\"wp-image-6711\" src=\"https:\/\/lydenim.com\/wp-content\/uploads\/2025\/10\/DM_20251008163638_007.jpg\" alt=\"\" width=\"600\" height=\"800\" srcset=\"https:\/\/lydenim.com\/wp-content\/uploads\/2025\/10\/DM_20251008163638_007.jpg 475w, https:\/\/lydenim.com\/wp-content\/uploads\/2025\/10\/DM_20251008163638_007-225x300.jpg 225w, https:\/\/lydenim.com\/wp-content\/uploads\/2025\/10\/DM_20251008163638_007-9x12.jpg 9w, https:\/\/lydenim.com\/wp-content\/uploads\/2025\/10\/DM_20251008163638_007-450x600.jpg 450w, https:\/\/lydenim.com\/wp-content\/uploads\/2025\/10\/DM_20251008163638_007-150x200.jpg 150w\" sizes=\"auto, (max-width: 600px) 100vw, 600px\" \/><p id=\"caption-attachment-6711\" class=\"wp-caption-text\">Jean Dad vintage assorti<\/p><\/div>\n<p dir=\"auto\">Pour une touche f\u00e9minine, misez sur votre haut et vos chaussures. Optez pour des chemisiers \u00e0 \u00e9paules d\u00e9nud\u00e9es \u00e0 imprim\u00e9 floral ou des talons \u00e0 brides pour marier un denim brut \u00e0 une touche romantique\u00a0: un style d\u00e9contract\u00e9 et discret, pour un r\u00e9sultat des plus s\u00e9duisants.<\/p>\n<div id=\"attachment_6712\" style=\"width: 580px\" class=\"wp-caption aligncenter\"><img loading=\"lazy\" decoding=\"async\" aria-describedby=\"caption-attachment-6712\" class=\"size-full wp-image-6712\" src=\"https:\/\/lydenim.com\/wp-content\/uploads\/2025\/10\/DM_20251008163638_008.jpg\" alt=\"\" width=\"570\" height=\"871\" srcset=\"https:\/\/lydenim.com\/wp-content\/uploads\/2025\/10\/DM_20251008163638_008.jpg 570w, https:\/\/lydenim.com\/wp-content\/uploads\/2025\/10\/DM_20251008163638_008-196x300.jpg 196w, https:\/\/lydenim.com\/wp-content\/uploads\/2025\/10\/DM_20251008163638_008-8x12.jpg 8w, https:\/\/lydenim.com\/wp-content\/uploads\/2025\/10\/DM_20251008163638_008-393x600.jpg 393w, https:\/\/lydenim.com\/wp-content\/uploads\/2025\/10\/DM_20251008163638_008-150x229.jpg 150w\" sizes=\"auto, (max-width: 570px) 100vw, 570px\" \/><p id=\"caption-attachment-6712\" class=\"wp-caption-text\">Combinaison de plusieurs styles<\/p><\/div>\n<div id=\"attachment_6713\" style=\"width: 610px\" class=\"wp-caption aligncenter\"><img loading=\"lazy\" decoding=\"async\" aria-describedby=\"caption-attachment-6713\" class=\"wp-image-6713\" src=\"https:\/\/lydenim.com\/wp-content\/uploads\/2025\/10\/DM_20251008163638_009.jpg\" alt=\"\" width=\"600\" height=\"917\" srcset=\"https:\/\/lydenim.com\/wp-content\/uploads\/2025\/10\/DM_20251008163638_009.jpg 570w, https:\/\/lydenim.com\/wp-content\/uploads\/2025\/10\/DM_20251008163638_009-196x300.jpg 196w, https:\/\/lydenim.com\/wp-content\/uploads\/2025\/10\/DM_20251008163638_009-8x12.jpg 8w, https:\/\/lydenim.com\/wp-content\/uploads\/2025\/10\/DM_20251008163638_009-393x600.jpg 393w, https:\/\/lydenim.com\/wp-content\/uploads\/2025\/10\/DM_20251008163638_009-150x229.jpg 150w\" sizes=\"auto, (max-width: 600px) 100vw, 600px\" \/><p id=\"caption-attachment-6713\" class=\"wp-caption-text\">Combinaison de plusieurs styles<\/p><\/div>\n<div id=\"attachment_6714\" style=\"width: 610px\" class=\"wp-caption aligncenter\"><img loading=\"lazy\" decoding=\"async\" aria-describedby=\"caption-attachment-6714\" class=\"wp-image-6714\" src=\"https:\/\/lydenim.com\/wp-content\/uploads\/2025\/10\/DM_20251008163638_010.jpg\" alt=\"\" width=\"600\" height=\"917\" srcset=\"https:\/\/lydenim.com\/wp-content\/uploads\/2025\/10\/DM_20251008163638_010.jpg 570w, https:\/\/lydenim.com\/wp-content\/uploads\/2025\/10\/DM_20251008163638_010-196x300.jpg 196w, https:\/\/lydenim.com\/wp-content\/uploads\/2025\/10\/DM_20251008163638_010-8x12.jpg 8w, https:\/\/lydenim.com\/wp-content\/uploads\/2025\/10\/DM_20251008163638_010-393x600.jpg 393w, https:\/\/lydenim.com\/wp-content\/uploads\/2025\/10\/DM_20251008163638_010-150x229.jpg 150w\" sizes=\"auto, (max-width: 600px) 100vw, 600px\" \/><p id=\"caption-attachment-6714\" class=\"wp-caption-text\">Combinaison de plusieurs styles<\/p><\/div>\n<div id=\"attachment_6715\" style=\"width: 610px\" class=\"wp-caption aligncenter\"><img loading=\"lazy\" decoding=\"async\" aria-describedby=\"caption-attachment-6715\" class=\"wp-image-6715\" src=\"https:\/\/lydenim.com\/wp-content\/uploads\/2025\/10\/DM_20251008163638_011.jpg\" alt=\"\" width=\"600\" height=\"917\" srcset=\"https:\/\/lydenim.com\/wp-content\/uploads\/2025\/10\/DM_20251008163638_011.jpg 570w, https:\/\/lydenim.com\/wp-content\/uploads\/2025\/10\/DM_20251008163638_011-196x300.jpg 196w, https:\/\/lydenim.com\/wp-content\/uploads\/2025\/10\/DM_20251008163638_011-8x12.jpg 8w, https:\/\/lydenim.com\/wp-content\/uploads\/2025\/10\/DM_20251008163638_011-393x600.jpg 393w, https:\/\/lydenim.com\/wp-content\/uploads\/2025\/10\/DM_20251008163638_011-150x229.jpg 150w\" sizes=\"auto, (max-width: 600px) 100vw, 600px\" \/><p id=\"caption-attachment-6715\" class=\"wp-caption-text\">Combinaison de plusieurs styles<\/p><\/div>\n<h2 dir=\"auto\">Jeans pattes d&#039;\u00e9l\u00e9phant NO.2\u00a0: le glamour des ann\u00e9es 70 prend de l&#039;ampleur<\/h2>\n<p dir=\"auto\">Quand il s&#039;agit d&#039;ambiance r\u00e9tro, aucune pi\u00e8ce ne crie la nostalgie comme <em>jean \u00e0 pattes d&#039;\u00e9l\u00e9phant<\/em>. Contrairement aux subtiles pouss\u00e9es des derni\u00e8res ann\u00e9es, <em>tendances denim automne 2025<\/em> il s&#039;agit de cloches \u00e0 jambes larges audacieuses et dramatiques de style ann\u00e9es 70 qui font un retour en force.<\/p>\n<div id=\"attachment_6716\" style=\"width: 610px\" class=\"wp-caption aligncenter\"><img loading=\"lazy\" decoding=\"async\" aria-describedby=\"caption-attachment-6716\" class=\"wp-image-6716\" src=\"https:\/\/lydenim.com\/wp-content\/uploads\/2025\/10\/DM_20251008163638_012.jpg\" alt=\"\" width=\"600\" height=\"917\" srcset=\"https:\/\/lydenim.com\/wp-content\/uploads\/2025\/10\/DM_20251008163638_012.jpg 570w, https:\/\/lydenim.com\/wp-content\/uploads\/2025\/10\/DM_20251008163638_012-196x300.jpg 196w, https:\/\/lydenim.com\/wp-content\/uploads\/2025\/10\/DM_20251008163638_012-8x12.jpg 8w, https:\/\/lydenim.com\/wp-content\/uploads\/2025\/10\/DM_20251008163638_012-393x600.jpg 393w, https:\/\/lydenim.com\/wp-content\/uploads\/2025\/10\/DM_20251008163638_012-150x229.jpg 150w\" sizes=\"auto, (max-width: 600px) 100vw, 600px\" \/><p id=\"caption-attachment-6716\" class=\"wp-caption-text\">Jean \u00e0 pattes d&#039;\u00e9l\u00e9phant<\/p><\/div>\n<div id=\"attachment_6717\" style=\"width: 610px\" class=\"wp-caption aligncenter\"><img loading=\"lazy\" decoding=\"async\" aria-describedby=\"caption-attachment-6717\" class=\"wp-image-6717\" src=\"https:\/\/lydenim.com\/wp-content\/uploads\/2025\/10\/DM_20251008163638_013.jpg\" alt=\"\" width=\"600\" height=\"917\" srcset=\"https:\/\/lydenim.com\/wp-content\/uploads\/2025\/10\/DM_20251008163638_013.jpg 570w, https:\/\/lydenim.com\/wp-content\/uploads\/2025\/10\/DM_20251008163638_013-196x300.jpg 196w, https:\/\/lydenim.com\/wp-content\/uploads\/2025\/10\/DM_20251008163638_013-8x12.jpg 8w, https:\/\/lydenim.com\/wp-content\/uploads\/2025\/10\/DM_20251008163638_013-393x600.jpg 393w, https:\/\/lydenim.com\/wp-content\/uploads\/2025\/10\/DM_20251008163638_013-150x229.jpg 150w\" sizes=\"auto, (max-width: 600px) 100vw, 600px\" \/><p id=\"caption-attachment-6717\" class=\"wp-caption-text\">Jean \u00e0 pattes d&#039;\u00e9l\u00e9phant<\/p><\/div>\n<p dir=\"auto\">Ces jeans ne se contentent pas de v\u00e9hiculer un glamour moderne et r\u00e9tro : ils cr\u00e9ent des illusions instantan\u00e9es d&#039;allongement des jambes, faisant de chaque pas une d\u00e9marche impr\u00e9gn\u00e9e d&#039;une \u00e9nergie boh\u00e8me-chic intemporelle.<\/p>\n<div id=\"attachment_6718\" style=\"width: 610px\" class=\"wp-caption aligncenter\"><img loading=\"lazy\" decoding=\"async\" aria-describedby=\"caption-attachment-6718\" class=\"wp-image-6718\" src=\"https:\/\/lydenim.com\/wp-content\/uploads\/2025\/10\/DM_20251008163638_014.jpg\" alt=\"\" width=\"600\" height=\"917\" srcset=\"https:\/\/lydenim.com\/wp-content\/uploads\/2025\/10\/DM_20251008163638_014.jpg 570w, https:\/\/lydenim.com\/wp-content\/uploads\/2025\/10\/DM_20251008163638_014-196x300.jpg 196w, https:\/\/lydenim.com\/wp-content\/uploads\/2025\/10\/DM_20251008163638_014-8x12.jpg 8w, https:\/\/lydenim.com\/wp-content\/uploads\/2025\/10\/DM_20251008163638_014-393x600.jpg 393w, https:\/\/lydenim.com\/wp-content\/uploads\/2025\/10\/DM_20251008163638_014-150x229.jpg 150w\" sizes=\"auto, (max-width: 600px) 100vw, 600px\" \/><p id=\"caption-attachment-6718\" class=\"wp-caption-text\">glamour moderne-r\u00e9tro<\/p><\/div>\n<p dir=\"auto\">Les pantalons pattes d&#039;\u00e9l\u00e9phant sont \u00e9galement un incontournable de la mode fran\u00e7aise pour une \u00e9l\u00e9gance romantique et d\u00e9contract\u00e9e. Portez-les avec des cardigans grand-p\u00e8re, des t-shirts ray\u00e9s ou des chemises boutonn\u00e9es impeccables pour un look impeccable. <em>chic fran\u00e7ais<\/em> une esth\u00e9tique fra\u00eeche pour la saison : simple, sophistiqu\u00e9e et tellement photog\u00e9nique.<\/p>\n<div id=\"attachment_6721\" style=\"width: 610px\" class=\"wp-caption aligncenter\"><img loading=\"lazy\" decoding=\"async\" aria-describedby=\"caption-attachment-6721\" class=\"wp-image-6721\" src=\"https:\/\/lydenim.com\/wp-content\/uploads\/2025\/10\/DM_20251008163638_017.jpg\" alt=\"\" width=\"600\" height=\"751\" srcset=\"https:\/\/lydenim.com\/wp-content\/uploads\/2025\/10\/DM_20251008163638_017.jpg 570w, https:\/\/lydenim.com\/wp-content\/uploads\/2025\/10\/DM_20251008163638_017-240x300.jpg 240w, https:\/\/lydenim.com\/wp-content\/uploads\/2025\/10\/DM_20251008163638_017-10x12.jpg 10w, https:\/\/lydenim.com\/wp-content\/uploads\/2025\/10\/DM_20251008163638_017-480x600.jpg 480w, https:\/\/lydenim.com\/wp-content\/uploads\/2025\/10\/DM_20251008163638_017-150x188.jpg 150w\" sizes=\"auto, (max-width: 600px) 100vw, 600px\" \/><p id=\"caption-attachment-6721\" class=\"wp-caption-text\">Articles de mode \u00e0 pattes d&#039;\u00e9l\u00e9phant<\/p><\/div>\n<div id=\"attachment_6722\" style=\"width: 610px\" class=\"wp-caption aligncenter\"><img loading=\"lazy\" decoding=\"async\" aria-describedby=\"caption-attachment-6722\" class=\"wp-image-6722\" src=\"https:\/\/lydenim.com\/wp-content\/uploads\/2025\/10\/DM_20251008163638_018.jpg\" alt=\"\" width=\"600\" height=\"751\" srcset=\"https:\/\/lydenim.com\/wp-content\/uploads\/2025\/10\/DM_20251008163638_018.jpg 570w, https:\/\/lydenim.com\/wp-content\/uploads\/2025\/10\/DM_20251008163638_018-240x300.jpg 240w, https:\/\/lydenim.com\/wp-content\/uploads\/2025\/10\/DM_20251008163638_018-10x12.jpg 10w, https:\/\/lydenim.com\/wp-content\/uploads\/2025\/10\/DM_20251008163638_018-480x600.jpg 480w, https:\/\/lydenim.com\/wp-content\/uploads\/2025\/10\/DM_20251008163638_018-150x188.jpg 150w\" sizes=\"auto, (max-width: 600px) 100vw, 600px\" \/><p id=\"caption-attachment-6722\" class=\"wp-caption-text\">Articles de mode \u00e0 pattes d&#039;\u00e9l\u00e9phant<\/p><\/div>\n<div id=\"attachment_6723\" style=\"width: 610px\" class=\"wp-caption aligncenter\"><img loading=\"lazy\" decoding=\"async\" aria-describedby=\"caption-attachment-6723\" class=\"wp-image-6723\" src=\"https:\/\/lydenim.com\/wp-content\/uploads\/2025\/10\/DM_20251008163638_019.jpg\" alt=\"\" width=\"600\" height=\"751\" srcset=\"https:\/\/lydenim.com\/wp-content\/uploads\/2025\/10\/DM_20251008163638_019.jpg 570w, https:\/\/lydenim.com\/wp-content\/uploads\/2025\/10\/DM_20251008163638_019-240x300.jpg 240w, https:\/\/lydenim.com\/wp-content\/uploads\/2025\/10\/DM_20251008163638_019-10x12.jpg 10w, https:\/\/lydenim.com\/wp-content\/uploads\/2025\/10\/DM_20251008163638_019-480x600.jpg 480w, https:\/\/lydenim.com\/wp-content\/uploads\/2025\/10\/DM_20251008163638_019-150x188.jpg 150w\" sizes=\"auto, (max-width: 600px) 100vw, 600px\" \/><p id=\"caption-attachment-6723\" class=\"wp-caption-text\">Articles de mode \u00e0 pattes d&#039;\u00e9l\u00e9phant<\/p><\/div>\n<h2 dir=\"auto\">Salopette en jean N\u00b03\u00a0: le pantalon \u00ab\u00a0First Love\u00a0\u00bb pour une allure jeune et sans effort<\/h2>\n<p dir=\"auto\">Un autre hit plein de nostalgie, <em>salopette en jean<\/em> (aussi appel\u00e9s \u00ab\u00a0pantalons premier amour\u00a0\u00bb) sont sur le point de voler la vedette cet automne. M\u00ealant jeunesse espi\u00e8glerie et charme r\u00e9tro artistique, ils \u00e9voquent ce doux et innocent sentiment de b\u00e9guin\u00a0: parfaits pour un style bien-\u00eatre.<\/p>\n<p dir=\"auto\">Enfilez un pull en tricot confortable sur une salopette pour des tenues pr\u00eates pour l&#039;automne : une touche de fantaisie rencontre une sophistication d\u00e9contract\u00e9e, pour un \u00e9quilibre tendance parfait.<\/p>\n<div id=\"attachment_6724\" style=\"width: 610px\" class=\"wp-caption aligncenter\"><img loading=\"lazy\" decoding=\"async\" aria-describedby=\"caption-attachment-6724\" class=\"wp-image-6724\" src=\"https:\/\/lydenim.com\/wp-content\/uploads\/2025\/10\/DM_20251008163638_020.jpg\" alt=\"\" width=\"600\" height=\"900\" srcset=\"https:\/\/lydenim.com\/wp-content\/uploads\/2025\/10\/DM_20251008163638_020.jpg 422w, https:\/\/lydenim.com\/wp-content\/uploads\/2025\/10\/DM_20251008163638_020-200x300.jpg 200w, https:\/\/lydenim.com\/wp-content\/uploads\/2025\/10\/DM_20251008163638_020-8x12.jpg 8w, https:\/\/lydenim.com\/wp-content\/uploads\/2025\/10\/DM_20251008163638_020-400x600.jpg 400w, https:\/\/lydenim.com\/wp-content\/uploads\/2025\/10\/DM_20251008163638_020-150x225.jpg 150w\" sizes=\"auto, (max-width: 600px) 100vw, 600px\" \/><p id=\"caption-attachment-6724\" class=\"wp-caption-text\">Salopette en jean<\/p><\/div>\n<div id=\"attachment_6725\" style=\"width: 610px\" class=\"wp-caption aligncenter\"><img loading=\"lazy\" decoding=\"async\" aria-describedby=\"caption-attachment-6725\" class=\"wp-image-6725\" src=\"https:\/\/lydenim.com\/wp-content\/uploads\/2025\/10\/DM_20251008163638_021.jpg\" alt=\"\" width=\"600\" height=\"900\" srcset=\"https:\/\/lydenim.com\/wp-content\/uploads\/2025\/10\/DM_20251008163638_021.jpg 422w, https:\/\/lydenim.com\/wp-content\/uploads\/2025\/10\/DM_20251008163638_021-200x300.jpg 200w, https:\/\/lydenim.com\/wp-content\/uploads\/2025\/10\/DM_20251008163638_021-8x12.jpg 8w, https:\/\/lydenim.com\/wp-content\/uploads\/2025\/10\/DM_20251008163638_021-400x600.jpg 400w, https:\/\/lydenim.com\/wp-content\/uploads\/2025\/10\/DM_20251008163638_021-150x225.jpg 150w\" sizes=\"auto, (max-width: 600px) 100vw, 600px\" \/><p id=\"caption-attachment-6725\" class=\"wp-caption-text\">Salopette en jean<\/p><\/div>\n<p dir=\"auto\">Pour une version plus sportive, glissez un sweat \u00e0 capuche ou un t-shirt graphique, le clin d&#039;\u0153il ultime au streetwear d\u00e9contract\u00e9 et vintage qui domine <em>tendances denim durables<\/em>.<\/p>\n<div id=\"attachment_6726\" style=\"width: 610px\" class=\"wp-caption aligncenter\"><img loading=\"lazy\" decoding=\"async\" aria-describedby=\"caption-attachment-6726\" class=\"wp-image-6726\" src=\"https:\/\/lydenim.com\/wp-content\/uploads\/2025\/10\/DM_20251008163638_022.jpg\" alt=\"\" width=\"600\" height=\"751\" srcset=\"https:\/\/lydenim.com\/wp-content\/uploads\/2025\/10\/DM_20251008163638_022.jpg 570w, https:\/\/lydenim.com\/wp-content\/uploads\/2025\/10\/DM_20251008163638_022-240x300.jpg 240w, https:\/\/lydenim.com\/wp-content\/uploads\/2025\/10\/DM_20251008163638_022-10x12.jpg 10w, https:\/\/lydenim.com\/wp-content\/uploads\/2025\/10\/DM_20251008163638_022-480x600.jpg 480w, https:\/\/lydenim.com\/wp-content\/uploads\/2025\/10\/DM_20251008163638_022-150x188.jpg 150w\" sizes=\"auto, (max-width: 600px) 100vw, 600px\" \/><p id=\"caption-attachment-6726\" class=\"wp-caption-text\">Combinaison en jean tendance assortie<\/p><\/div>\n<div id=\"attachment_6729\" style=\"width: 610px\" class=\"wp-caption aligncenter\"><img loading=\"lazy\" decoding=\"async\" aria-describedby=\"caption-attachment-6729\" class=\"wp-image-6729\" src=\"https:\/\/lydenim.com\/wp-content\/uploads\/2025\/10\/DM_20251008163638_025.jpg\" alt=\"\" width=\"600\" height=\"751\" srcset=\"https:\/\/lydenim.com\/wp-content\/uploads\/2025\/10\/DM_20251008163638_025.jpg 570w, https:\/\/lydenim.com\/wp-content\/uploads\/2025\/10\/DM_20251008163638_025-240x300.jpg 240w, https:\/\/lydenim.com\/wp-content\/uploads\/2025\/10\/DM_20251008163638_025-10x12.jpg 10w, https:\/\/lydenim.com\/wp-content\/uploads\/2025\/10\/DM_20251008163638_025-480x600.jpg 480w, https:\/\/lydenim.com\/wp-content\/uploads\/2025\/10\/DM_20251008163638_025-150x188.jpg 150w\" sizes=\"auto, (max-width: 600px) 100vw, 600px\" \/><p id=\"caption-attachment-6729\" class=\"wp-caption-text\">Combinaison en jean tendance assortie<\/p><\/div>\n<p dir=\"auto\">L&#039;ensemble salopette-chemise ? Fra\u00eecheur et raffinement absolus, comme une douce brise printani\u00e8re en denim, id\u00e9al pour les journ\u00e9es d\u00e9contract\u00e9es et soign\u00e9es.<\/p>\n<div id=\"attachment_6731\" style=\"width: 610px\" class=\"wp-caption aligncenter\"><img loading=\"lazy\" decoding=\"async\" aria-describedby=\"caption-attachment-6731\" class=\"wp-image-6731\" src=\"https:\/\/lydenim.com\/wp-content\/uploads\/2025\/10\/DM_20251008163638_027.jpg\" alt=\"\" width=\"600\" height=\"900\" srcset=\"https:\/\/lydenim.com\/wp-content\/uploads\/2025\/10\/DM_20251008163638_027.jpg 422w, https:\/\/lydenim.com\/wp-content\/uploads\/2025\/10\/DM_20251008163638_027-200x300.jpg 200w, https:\/\/lydenim.com\/wp-content\/uploads\/2025\/10\/DM_20251008163638_027-8x12.jpg 8w, https:\/\/lydenim.com\/wp-content\/uploads\/2025\/10\/DM_20251008163638_027-400x600.jpg 400w, https:\/\/lydenim.com\/wp-content\/uploads\/2025\/10\/DM_20251008163638_027-150x225.jpg 150w\" sizes=\"auto, (max-width: 600px) 100vw, 600px\" \/><p id=\"caption-attachment-6731\" class=\"wp-caption-text\">combinaison salopette et chemise<\/p><\/div>\n<div id=\"attachment_6733\" style=\"width: 610px\" class=\"wp-caption aligncenter\"><img loading=\"lazy\" decoding=\"async\" aria-describedby=\"caption-attachment-6733\" class=\"wp-image-6733\" src=\"https:\/\/lydenim.com\/wp-content\/uploads\/2025\/10\/DM_20251008163638_029.jpg\" alt=\"\" width=\"600\" height=\"900\" srcset=\"https:\/\/lydenim.com\/wp-content\/uploads\/2025\/10\/DM_20251008163638_029.jpg 422w, https:\/\/lydenim.com\/wp-content\/uploads\/2025\/10\/DM_20251008163638_029-200x300.jpg 200w, https:\/\/lydenim.com\/wp-content\/uploads\/2025\/10\/DM_20251008163638_029-8x12.jpg 8w, https:\/\/lydenim.com\/wp-content\/uploads\/2025\/10\/DM_20251008163638_029-400x600.jpg 400w, https:\/\/lydenim.com\/wp-content\/uploads\/2025\/10\/DM_20251008163638_029-150x225.jpg 150w\" sizes=\"auto, (max-width: 600px) 100vw, 600px\" \/><p id=\"caption-attachment-6733\" class=\"wp-caption-text\">combinaison salopette et chemise<\/p><\/div>\n<p dir=\"auto\">Intensifiez la sensualit\u00e9 avec un haut \u00e0 une \u00e9paule ou une robe nuisette en dessous : m\u00eame la salopette la plus gar\u00e7onne peut d\u00e9gager une allure sensuelle et accrocheuse.<\/p>\n<div id=\"attachment_6735\" style=\"width: 610px\" class=\"wp-caption aligncenter\"><img loading=\"lazy\" decoding=\"async\" aria-describedby=\"caption-attachment-6735\" class=\"wp-image-6735\" src=\"https:\/\/lydenim.com\/wp-content\/uploads\/2025\/10\/DM_20251008163638_031.jpg\" alt=\"\" width=\"600\" height=\"902\" srcset=\"https:\/\/lydenim.com\/wp-content\/uploads\/2025\/10\/DM_20251008163638_031.jpg 348w, https:\/\/lydenim.com\/wp-content\/uploads\/2025\/10\/DM_20251008163638_031-200x300.jpg 200w, https:\/\/lydenim.com\/wp-content\/uploads\/2025\/10\/DM_20251008163638_031-8x12.jpg 8w, https:\/\/lydenim.com\/wp-content\/uploads\/2025\/10\/DM_20251008163638_031-150x225.jpg 150w\" sizes=\"auto, (max-width: 600px) 100vw, 600px\" \/><p id=\"caption-attachment-6735\" class=\"wp-caption-text\">Salopette en jean \u00e0 une \u00e9paule<\/p><\/div>\n<div id=\"attachment_6734\" style=\"width: 610px\" class=\"wp-caption aligncenter\"><img loading=\"lazy\" decoding=\"async\" aria-describedby=\"caption-attachment-6734\" class=\"wp-image-6734\" src=\"https:\/\/lydenim.com\/wp-content\/uploads\/2025\/10\/DM_20251008163638_030.jpg\" alt=\"\" width=\"600\" height=\"902\" srcset=\"https:\/\/lydenim.com\/wp-content\/uploads\/2025\/10\/DM_20251008163638_030.jpg 348w, https:\/\/lydenim.com\/wp-content\/uploads\/2025\/10\/DM_20251008163638_030-200x300.jpg 200w, https:\/\/lydenim.com\/wp-content\/uploads\/2025\/10\/DM_20251008163638_030-8x12.jpg 8w, https:\/\/lydenim.com\/wp-content\/uploads\/2025\/10\/DM_20251008163638_030-150x225.jpg 150w\" sizes=\"auto, (max-width: 600px) 100vw, 600px\" \/><p id=\"caption-attachment-6734\" class=\"wp-caption-text\">Salopette en jean \u00e0 une \u00e9paule<\/p><\/div>\n<h2 dir=\"auto\">Jean \u00e0 ourlet brut NO.4\u00a0: des d\u00e9tails audacieux pour un look tendance instantan\u00e9<\/h2>\n<p dir=\"auto\">Fini le temps des poignets parfaitement roul\u00e9s.<em>tendances jeans automne 2025<\/em> mettent l&#039;accent sur les ourlets eux-m\u00eames. Entrez <em>jean \u00e0 ourlet brut<\/em> avec leurs bords vieillis et d\u00e9faits : la centrale \u00e9lectrique polyvalente qui est partout en ce moment.<\/p>\n<div id=\"attachment_6738\" style=\"width: 610px\" class=\"wp-caption aligncenter\"><img loading=\"lazy\" decoding=\"async\" aria-describedby=\"caption-attachment-6738\" class=\"wp-image-6738\" src=\"https:\/\/lydenim.com\/wp-content\/uploads\/2025\/10\/DM_20251008163638_034.jpg\" alt=\"\" width=\"600\" height=\"400\" srcset=\"https:\/\/lydenim.com\/wp-content\/uploads\/2025\/10\/DM_20251008163638_034.jpg 649w, https:\/\/lydenim.com\/wp-content\/uploads\/2025\/10\/DM_20251008163638_034-300x200.jpg 300w, https:\/\/lydenim.com\/wp-content\/uploads\/2025\/10\/DM_20251008163638_034-18x12.jpg 18w, https:\/\/lydenim.com\/wp-content\/uploads\/2025\/10\/DM_20251008163638_034-600x400.jpg 600w, https:\/\/lydenim.com\/wp-content\/uploads\/2025\/10\/DM_20251008163638_034-150x100.jpg 150w\" sizes=\"auto, (max-width: 600px) 100vw, 600px\" \/><p id=\"caption-attachment-6738\" class=\"wp-caption-text\">Jean \u00e0 ourlet brut<\/p><\/div>\n<div id=\"attachment_6739\" style=\"width: 610px\" class=\"wp-caption aligncenter\"><img loading=\"lazy\" decoding=\"async\" aria-describedby=\"caption-attachment-6739\" class=\"wp-image-6739\" src=\"https:\/\/lydenim.com\/wp-content\/uploads\/2025\/10\/DM_20251008163638_035.jpg\" alt=\"\" width=\"600\" height=\"751\" srcset=\"https:\/\/lydenim.com\/wp-content\/uploads\/2025\/10\/DM_20251008163638_035.jpg 570w, https:\/\/lydenim.com\/wp-content\/uploads\/2025\/10\/DM_20251008163638_035-240x300.jpg 240w, https:\/\/lydenim.com\/wp-content\/uploads\/2025\/10\/DM_20251008163638_035-10x12.jpg 10w, https:\/\/lydenim.com\/wp-content\/uploads\/2025\/10\/DM_20251008163638_035-480x600.jpg 480w, https:\/\/lydenim.com\/wp-content\/uploads\/2025\/10\/DM_20251008163638_035-150x188.jpg 150w\" sizes=\"auto, (max-width: 600px) 100vw, 600px\" \/><p id=\"caption-attachment-6739\" class=\"wp-caption-text\">Jean \u00e0 ourlet brut<\/p><\/div>\n<div id=\"attachment_6740\" style=\"width: 610px\" class=\"wp-caption aligncenter\"><img loading=\"lazy\" decoding=\"async\" aria-describedby=\"caption-attachment-6740\" class=\"wp-image-6740\" src=\"https:\/\/lydenim.com\/wp-content\/uploads\/2025\/10\/DM_20251008163638_036.jpg\" alt=\"\" width=\"600\" height=\"751\" srcset=\"https:\/\/lydenim.com\/wp-content\/uploads\/2025\/10\/DM_20251008163638_036.jpg 570w, https:\/\/lydenim.com\/wp-content\/uploads\/2025\/10\/DM_20251008163638_036-240x300.jpg 240w, https:\/\/lydenim.com\/wp-content\/uploads\/2025\/10\/DM_20251008163638_036-10x12.jpg 10w, https:\/\/lydenim.com\/wp-content\/uploads\/2025\/10\/DM_20251008163638_036-480x600.jpg 480w, https:\/\/lydenim.com\/wp-content\/uploads\/2025\/10\/DM_20251008163638_036-150x188.jpg 150w\" sizes=\"auto, (max-width: 600px) 100vw, 600px\" \/><p id=\"caption-attachment-6740\" class=\"wp-caption-text\">Jean \u00e0 ourlet brut<\/p><\/div>\n<p dir=\"auto\">Ne sous-estimez pas cette subtile touche : un ourlet effiloch\u00e9 ajoute une touche rebelle instantan\u00e9e, renfor\u00e7ant votre c\u00f4t\u00e9 cool sans trop d&#039;efforts.<\/p>\n<div id=\"attachment_6741\" style=\"width: 610px\" class=\"wp-caption aligncenter\"><img loading=\"lazy\" decoding=\"async\" aria-describedby=\"caption-attachment-6741\" class=\"wp-image-6741\" src=\"https:\/\/lydenim.com\/wp-content\/uploads\/2025\/10\/DM_20251008163638_037.jpg\" alt=\"\" width=\"600\" height=\"751\" srcset=\"https:\/\/lydenim.com\/wp-content\/uploads\/2025\/10\/DM_20251008163638_037.jpg 570w, https:\/\/lydenim.com\/wp-content\/uploads\/2025\/10\/DM_20251008163638_037-240x300.jpg 240w, https:\/\/lydenim.com\/wp-content\/uploads\/2025\/10\/DM_20251008163638_037-10x12.jpg 10w, https:\/\/lydenim.com\/wp-content\/uploads\/2025\/10\/DM_20251008163638_037-480x600.jpg 480w, https:\/\/lydenim.com\/wp-content\/uploads\/2025\/10\/DM_20251008163638_037-150x188.jpg 150w\" sizes=\"auto, (max-width: 600px) 100vw, 600px\" \/><p id=\"caption-attachment-6741\" class=\"wp-caption-text\">Les jeans \u00e0 ourlet brut rehaussent le charme<\/p><\/div>\n<div id=\"attachment_6742\" style=\"width: 610px\" class=\"wp-caption aligncenter\"><img loading=\"lazy\" decoding=\"async\" aria-describedby=\"caption-attachment-6742\" class=\"wp-image-6742\" src=\"https:\/\/lydenim.com\/wp-content\/uploads\/2025\/10\/DM_20251008163638_038.jpg\" alt=\"\" width=\"600\" height=\"751\" srcset=\"https:\/\/lydenim.com\/wp-content\/uploads\/2025\/10\/DM_20251008163638_038.jpg 570w, https:\/\/lydenim.com\/wp-content\/uploads\/2025\/10\/DM_20251008163638_038-240x300.jpg 240w, https:\/\/lydenim.com\/wp-content\/uploads\/2025\/10\/DM_20251008163638_038-10x12.jpg 10w, https:\/\/lydenim.com\/wp-content\/uploads\/2025\/10\/DM_20251008163638_038-480x600.jpg 480w, https:\/\/lydenim.com\/wp-content\/uploads\/2025\/10\/DM_20251008163638_038-150x188.jpg 150w\" sizes=\"auto, (max-width: 600px) 100vw, 600px\" \/><p id=\"caption-attachment-6742\" class=\"wp-caption-text\">Les jeans \u00e0 ourlet brut rehaussent le charme<\/p><\/div>\n<p dir=\"auto\">Avec un jean \u00e0 ourlet brut, m\u00eame les basiques les plus simples se transforment en pi\u00e8ces de haute couture : rehaussez les sweats \u00e0 capuche, les t-shirts et les baskets pour des tenues qui crient la nonchalance \u00e9l\u00e9gante.<\/p>\n<div id=\"attachment_6744\" style=\"width: 610px\" class=\"wp-caption aligncenter\"><img loading=\"lazy\" decoding=\"async\" aria-describedby=\"caption-attachment-6744\" class=\"wp-image-6744\" src=\"https:\/\/lydenim.com\/wp-content\/uploads\/2025\/10\/DM_20251008163638_040.jpg\" alt=\"\" width=\"600\" height=\"900\" srcset=\"https:\/\/lydenim.com\/wp-content\/uploads\/2025\/10\/DM_20251008163638_040.jpg 422w, https:\/\/lydenim.com\/wp-content\/uploads\/2025\/10\/DM_20251008163638_040-200x300.jpg 200w, https:\/\/lydenim.com\/wp-content\/uploads\/2025\/10\/DM_20251008163638_040-8x12.jpg 8w, https:\/\/lydenim.com\/wp-content\/uploads\/2025\/10\/DM_20251008163638_040-400x600.jpg 400w, https:\/\/lydenim.com\/wp-content\/uploads\/2025\/10\/DM_20251008163638_040-150x225.jpg 150w\" sizes=\"auto, (max-width: 600px) 100vw, 600px\" \/><p id=\"caption-attachment-6744\" class=\"wp-caption-text\">jeans \u00e0 ourlet brut haute couture<\/p><\/div>\n<p dir=\"auto\">Pr\u00eat \u00e0 rafra\u00eechir votre style denim ? Ces <em>tendances denim automne 2025<\/em> Les jeans sont plus polyvalents que jamais. D\u00e9couvrez des coupes d&#039;inspiration vintage et exp\u00e9rimentez <em>style jean papa<\/em>et adoptez le retour du r\u00e9tro. Quelle est votre paire f\u00e9tiche cette saison\u00a0? Laissez un commentaire ci-dessous\u00a0; on adore\u00a0! Pour en savoir plus <em>denim durable<\/em> conseils et inspirations de tenues, restez \u00e0 l&#039;\u00e9coute.<\/p>\n<h2 dir=\"ltr\" data-pm-slice=\"1 1 []\">Services de personnalisation par LYDENIM<\/h2>\n<p dir=\"ltr\">R\u00eaver de prime <strong>\u00a0v\u00eatements en jean<\/strong>? LYDENIM se sp\u00e9cialise dans la fabrication de tissus et de v\u00eatements en denim sur mesure, donnant vie \u00e0 votre vision unique avec une qualit\u00e9 et un confort in\u00e9gal\u00e9s.<\/p>\n<p dir=\"ltr\">\ud83c\udfa8 <strong>V\u00eatement en denim personnalis\u00e9 et charmant<\/strong><br \/>\nConcevez le v\u00f4tre <strong>charmant<\/strong><strong>\u00a0denim<\/strong> avec notre tissu color\u00e9 haut de gamme. Choisissez parmi une gamme de couleurs vibrantes, de motifs raffin\u00e9s et de textures luxueuses, adapt\u00e9es \u00e0 votre style. D\u00e9couvrez nos offres sur <a href=\"https:\/\/lydenim.com\/fr\/product\/\">lydenim.com<\/a><\/p>\n<p dir=\"ltr\">\ud83d\udecd\ufe0f <strong>V\u00eatements en denim sur mesure<\/strong><br \/>\nCr\u00e9ez des pi\u00e8ces exceptionnelles avec notre tissu color\u00e9 signature, reconnu pour son confort et sa durabilit\u00e9 exceptionnels. Du jean ajust\u00e9 \u00e0 la veste \u00e9l\u00e9gante, personnalisez votre coupe, votre couleur et votre style sur <a href=\"https:\/\/liangyuantextile.m.en.alibaba.com\/productlist.html?spm=a2700.shop_index.88.10.14b53cf4cJMPG3\">Myalibaba<\/a>.<\/p>\n<p dir=\"ltr\">\ud83d\udce9 <strong>Entrer en contact<\/strong><br \/>\nAyez une vision de votre id\u00e9al <strong>charmant<\/strong> denim\u00a0? Contactez notre \u00e9quipe au <a href=\"mailto:malone@lydenim.com\">malone@lydenim.com<\/a> pour discuter de mod\u00e8les de tissage personnalis\u00e9s, de m\u00e9langes \u00e9cologiques ou de toute autre id\u00e9e.<\/p>\n<p dir=\"ltr\">Transformez vos id\u00e9es en r\u00e9alit\u00e9 avec LYDENIM, votre partenaire de confiance pour des projets innovants, confortables et personnalis\u00e9s. <strong>charmant<\/strong> solutions en denim.<\/p>","protected":false},"excerpt":{"rendered":"<p>Temps de lecture estim\u00e9 : ~4 minutes Tout le monde sait que les jeans sont un incontournable de la garde-robe intemporelle qui ne se d\u00e9mode jamais. Mais<\/p>","protected":false},"author":1,"featured_media":6749,"comment_status":"open","ping_status":"open","sticky":false,"template":"","format":"standard","meta":{"two_page_speed":[],"footnotes":""},"categories":[76],"tags":[],"class_list":["post-6703","post","type-post","status-publish","format-standard","has-post-thumbnail","hentry","category-garment"],"aioseo_notices":[],"_links":{"self":[{"href":"https:\/\/lydenim.com\/fr\/wp-json\/wp\/v2\/posts\/6703","targetHints":{"allow":["GET"]}}],"collection":[{"href":"https:\/\/lydenim.com\/fr\/wp-json\/wp\/v2\/posts"}],"about":[{"href":"https:\/\/lydenim.com\/fr\/wp-json\/wp\/v2\/types\/post"}],"author":[{"embeddable":true,"href":"https:\/\/lydenim.com\/fr\/wp-json\/wp\/v2\/users\/1"}],"replies":[{"embeddable":true,"href":"https:\/\/lydenim.com\/fr\/wp-json\/wp\/v2\/comments?post=6703"}],"version-history":[{"count":4,"href":"https:\/\/lydenim.com\/fr\/wp-json\/wp\/v2\/posts\/6703\/revisions"}],"predecessor-version":[{"id":6750,"href":"https:\/\/lydenim.com\/fr\/wp-json\/wp\/v2\/posts\/6703\/revisions\/6750"}],"wp:featuredmedia":[{"embeddable":true,"href":"https:\/\/lydenim.com\/fr\/wp-json\/wp\/v2\/media\/6749"}],"wp:attachment":[{"href":"https:\/\/lydenim.com\/fr\/wp-json\/wp\/v2\/media?parent=6703"}],"wp:term":[{"taxonomy":"category","embeddable":true,"href":"https:\/\/lydenim.com\/fr\/wp-json\/wp\/v2\/categories?post=6703"},{"taxonomy":"post_tag","embeddable":true,"href":"https:\/\/lydenim.com\/fr\/wp-json\/wp\/v2\/tags?post=6703"}],"curies":[{"name":"wp","href":"https:\/\/api.w.org\/{rel}","templated":true}]}}