{"id":6809,"date":"2025-11-18T11:16:47","date_gmt":"2025-11-18T03:16:47","guid":{"rendered":"https:\/\/lydenim.com\/?p=6809"},"modified":"2025-11-18T11:16:47","modified_gmt":"2025-11-18T03:16:47","slug":"best-high-waist-stretch-denim-for-plus-size-comfortable-sustainable-options","status":"publish","type":"post","link":"https:\/\/lydenim.com\/fr\/les-meilleurs-jeans-stretch-taille-haute-pour-grandes-tailles-confortables-et-durables\/","title":{"rendered":"Le meilleur jean stretch taille haute pour grandes tailles | Des options confortables et durables"},"content":{"rendered":"<h2 dir=\"ltr\" data-pm-slice=\"1 1 []\">Temps de lecture estim\u00e9 : ~4 minutes<\/h2>\n<h2 dir=\"ltr\" data-pm-slice=\"1 1 []\">Ce que les femmes grandes tailles recherchent dans le denim<\/h2>\n<p dir=\"ltr\">Les jeans grandes tailles doivent \u00eatre confortables, conserver leur forme et \u00eatre styl\u00e9s. Voici ce qui compte et comment le tissu y contribue\u00a0:<\/p>\n<ul class=\"tight\" dir=\"ltr\" data-tight=\"true\">\n<li>\n<p dir=\"ltr\"><strong>Confort et mobilit\u00e9<\/strong>: L&#039;\u00e9lasticit\u00e9 \u00e0 base d&#039;\u00e9lasthanne et la douceur au toucher assurent une grande libert\u00e9 de mouvement.<\/p>\n<\/li>\n<li>\n<p dir=\"ltr\"><strong>Soutien abdominal<\/strong>Les mod\u00e8les taille haute, dot\u00e9s d&#039;une ceinture stable et d&#039;une \u00e9lasticit\u00e9 contr\u00f4l\u00e9e, offrent une silhouette harmonieuse.<\/p>\n<\/li>\n<li>\n<p dir=\"ltr\"><strong>Conservation de la forme<\/strong>Des fils de r\u00e9cup\u00e9ration de qualit\u00e9 sup\u00e9rieure et une construction plus dense emp\u00eachent l&#039;affaissement au niveau des genoux et de l&#039;assise.<\/p>\n<\/li>\n<li>\n<p dir=\"ltr\"><strong>Respirabilit\u00e9<\/strong>: Les m\u00e9langes de TENCEL\u2122 Lyocell ou de coton peign\u00e9 vous gardent au frais et \u00e0 l&#039;aise.<\/p>\n<\/li>\n<li>\n<p dir=\"ltr\"><strong>Durabilit\u00e9<\/strong>Le coton biologique et recycl\u00e9, ainsi que la teinture \u00e9conome en eau, correspondent \u00e0 des valeurs \u00e9co-responsables.<\/p>\n<\/li>\n<\/ul>\n<p dir=\"ltr\">Pour les jeans taille haute grande taille, visez des tissus de 10 \u00e0 13 oz avec une \u00e9lasticit\u00e9 de trame de 20 \u00e0 35% et une forte r\u00e9cup\u00e9ration pour maintenir la coupe et la forme.<\/p>\n<h2 dir=\"ltr\">Le guide des tissus\u00a0: Le meilleur denim pour les jeans grandes tailles<\/h2>\n<p dir=\"ltr\">D\u00e9couvrez les meilleurs tissus denim pour jeans taille haute grande taille, chacun adapt\u00e9 \u00e0 des besoins et des styles sp\u00e9cifiques\u00a0:<\/p>\n<h3 dir=\"ltr\">1. <a href=\"https:\/\/lydenim.com\/fr\/matiere-denim-extensible-tout-ce-que-vous-devez-savoir\/\">Denim extensible dans les 4 sens<\/a> (Cha\u00eene et trame)<\/h3>\n<ul class=\"tight\" dir=\"ltr\" data-tight=\"true\">\n<li>\n<p dir=\"ltr\"><strong>Id\u00e9al pour<\/strong>: Les personnes aux formes g\u00e9n\u00e9reuses qui ont besoin d&#039;une mobilit\u00e9 maximale pour les journ\u00e9es actives.<\/p>\n<\/li>\n<li>\n<p dir=\"ltr\"><strong>Sp\u00e9cifications<\/strong>: 9\u201311 oz; 25\u201335% \u00e9tirement de trame; 8\u201315% \u00e9tirement de cha\u00eene.<\/p>\n<\/li>\n<li>\n<p dir=\"ltr\"><strong>Styles<\/strong>: Coupe skinny, fusel\u00e9e, l\u00e9g\u00e8rement \u00e9vas\u00e9e.<\/p>\n<\/li>\n<li>\n<p dir=\"ltr\"><strong>Pourquoi \u00e7a marche<\/strong>: Offre une flexibilit\u00e9 digne des v\u00eatements de sport avec un v\u00e9ritable look denim, parfait pour les trajets quotidiens ou les voyages.<\/p>\n<p><div id=\"attachment_6931\" style=\"width: 610px\" class=\"wp-caption aligncenter\"><img loading=\"lazy\" decoding=\"async\" aria-describedby=\"caption-attachment-6931\" class=\"wp-image-6931\" src=\"https:\/\/lydenim.com\/wp-content\/uploads\/2025\/11\/4c8c7dcf223373021339e6b9a69aa42c.jpg\" alt=\"\" width=\"600\" height=\"750\" srcset=\"https:\/\/lydenim.com\/wp-content\/uploads\/2025\/11\/4c8c7dcf223373021339e6b9a69aa42c.jpg 979w, https:\/\/lydenim.com\/wp-content\/uploads\/2025\/11\/4c8c7dcf223373021339e6b9a69aa42c-240x300.jpg 240w, https:\/\/lydenim.com\/wp-content\/uploads\/2025\/11\/4c8c7dcf223373021339e6b9a69aa42c-819x1024.jpg 819w, https:\/\/lydenim.com\/wp-content\/uploads\/2025\/11\/4c8c7dcf223373021339e6b9a69aa42c-768x960.jpg 768w, https:\/\/lydenim.com\/wp-content\/uploads\/2025\/11\/4c8c7dcf223373021339e6b9a69aa42c-10x12.jpg 10w, https:\/\/lydenim.com\/wp-content\/uploads\/2025\/11\/4c8c7dcf223373021339e6b9a69aa42c-480x600.jpg 480w, https:\/\/lydenim.com\/wp-content\/uploads\/2025\/11\/4c8c7dcf223373021339e6b9a69aa42c-600x750.jpg 600w, https:\/\/lydenim.com\/wp-content\/uploads\/2025\/11\/4c8c7dcf223373021339e6b9a69aa42c-150x188.jpg 150w\" sizes=\"auto, (max-width: 600px) 100vw, 600px\" \/><p id=\"caption-attachment-6931\" class=\"wp-caption-text\">Denim extensible dans les 4 sens<\/p><\/div><\/li>\n<\/ul>\n<h3 dir=\"ltr\">2. Denim extensible et sculptant<\/h3>\n<ul class=\"tight\" dir=\"ltr\" data-tight=\"true\">\n<li>\n<p dir=\"ltr\"><strong>Id\u00e9al pour<\/strong>: Gaine ventre plat et lignes \u00e9l\u00e9gantes et sculpt\u00e9es.<\/p>\n<\/li>\n<li>\n<p dir=\"ltr\"><strong>Sp\u00e9cifications<\/strong>: 10\u201312,5 oz; 25\u201335% \u00e9tirement de trame avec une r\u00e9cup\u00e9ration \u00e9lev\u00e9e.<\/p>\n<\/li>\n<li>\n<p dir=\"ltr\"><strong>Styles<\/strong>: Taille haute, mince, droite.<\/p>\n<\/li>\n<li>\n<p dir=\"ltr\"><strong>Pourquoi \u00e7a marche<\/strong>Offre un soutien ferme sans rigidit\u00e9, id\u00e9al pour une silhouette \u00e9l\u00e9gante et profil\u00e9e.<\/p>\n<p><div id=\"attachment_6929\" style=\"width: 610px\" class=\"wp-caption aligncenter\"><img loading=\"lazy\" decoding=\"async\" aria-describedby=\"caption-attachment-6929\" class=\"wp-image-6929\" src=\"https:\/\/lydenim.com\/wp-content\/uploads\/2025\/11\/3ac1788f2c5d41e5ffa6adab898aeb2c.jpg\" alt=\"\" width=\"600\" height=\"750\" srcset=\"https:\/\/lydenim.com\/wp-content\/uploads\/2025\/11\/3ac1788f2c5d41e5ffa6adab898aeb2c.jpg 844w, https:\/\/lydenim.com\/wp-content\/uploads\/2025\/11\/3ac1788f2c5d41e5ffa6adab898aeb2c-240x300.jpg 240w, https:\/\/lydenim.com\/wp-content\/uploads\/2025\/11\/3ac1788f2c5d41e5ffa6adab898aeb2c-819x1024.jpg 819w, https:\/\/lydenim.com\/wp-content\/uploads\/2025\/11\/3ac1788f2c5d41e5ffa6adab898aeb2c-768x960.jpg 768w, https:\/\/lydenim.com\/wp-content\/uploads\/2025\/11\/3ac1788f2c5d41e5ffa6adab898aeb2c-10x12.jpg 10w, https:\/\/lydenim.com\/wp-content\/uploads\/2025\/11\/3ac1788f2c5d41e5ffa6adab898aeb2c-480x600.jpg 480w, https:\/\/lydenim.com\/wp-content\/uploads\/2025\/11\/3ac1788f2c5d41e5ffa6adab898aeb2c-600x750.jpg 600w, https:\/\/lydenim.com\/wp-content\/uploads\/2025\/11\/3ac1788f2c5d41e5ffa6adab898aeb2c-150x188.jpg 150w\" sizes=\"auto, (max-width: 600px) 100vw, 600px\" \/><p id=\"caption-attachment-6929\" class=\"wp-caption-text\">\u00c9tirement puissant<\/p><\/div><\/li>\n<\/ul>\n<h3 dir=\"ltr\">3. Denim stretch confortable<\/h3>\n<ul class=\"tight\" dir=\"ltr\" data-tight=\"true\">\n<li>\n<p dir=\"ltr\"><strong>Id\u00e9al pour<\/strong>: V\u00eatement de tous les jours offrant un maintien et une respirabilit\u00e9 \u00e9quilibr\u00e9s.<\/p>\n<\/li>\n<li>\n<p dir=\"ltr\"><strong>Sp\u00e9cifications<\/strong>: 10\u201312 oz; 15\u201325% \u00e9tirement de la trame.<\/p>\n<\/li>\n<li>\n<p dir=\"ltr\"><strong>Styles<\/strong>Jean droit taille haute, jean mom, jean bootcut.<\/p>\n<\/li>\n<li>\n<p dir=\"ltr\"><strong>Pourquoi \u00e7a marche<\/strong>Polyvalent et respirant pour un confort optimal tout au long de la journ\u00e9e, du travail aux sorties d\u00e9contract\u00e9es.<\/p>\n<p><div id=\"attachment_6937\" style=\"width: 610px\" class=\"wp-caption aligncenter\"><img loading=\"lazy\" decoding=\"async\" aria-describedby=\"caption-attachment-6937\" class=\"wp-image-6937\" src=\"https:\/\/lydenim.com\/wp-content\/uploads\/2025\/11\/cdb505a9e2dbbe43dbfb843c46a90955.jpg\" alt=\"\" width=\"600\" height=\"750\" srcset=\"https:\/\/lydenim.com\/wp-content\/uploads\/2025\/11\/cdb505a9e2dbbe43dbfb843c46a90955.jpg 961w, https:\/\/lydenim.com\/wp-content\/uploads\/2025\/11\/cdb505a9e2dbbe43dbfb843c46a90955-240x300.jpg 240w, https:\/\/lydenim.com\/wp-content\/uploads\/2025\/11\/cdb505a9e2dbbe43dbfb843c46a90955-819x1024.jpg 819w, https:\/\/lydenim.com\/wp-content\/uploads\/2025\/11\/cdb505a9e2dbbe43dbfb843c46a90955-768x961.jpg 768w, https:\/\/lydenim.com\/wp-content\/uploads\/2025\/11\/cdb505a9e2dbbe43dbfb843c46a90955-10x12.jpg 10w, https:\/\/lydenim.com\/wp-content\/uploads\/2025\/11\/cdb505a9e2dbbe43dbfb843c46a90955-480x600.jpg 480w, https:\/\/lydenim.com\/wp-content\/uploads\/2025\/11\/cdb505a9e2dbbe43dbfb843c46a90955-600x750.jpg 600w, https:\/\/lydenim.com\/wp-content\/uploads\/2025\/11\/cdb505a9e2dbbe43dbfb843c46a90955-150x188.jpg 150w\" sizes=\"auto, (max-width: 600px) 100vw, 600px\" \/><p id=\"caption-attachment-6937\" class=\"wp-caption-text\">Denim stretch confortable<\/p><\/div><\/li>\n<\/ul>\n<h3 dir=\"ltr\">4. Denim tricot\u00e9 \/ Jegging en denim<\/h3>\n<ul class=\"tight\" dir=\"ltr\" data-tight=\"true\">\n<li>\n<p dir=\"ltr\"><strong>Id\u00e9al pour<\/strong>Douceur digne d&#039;un salon de d\u00e9tente avec une esth\u00e9tique denim.<\/p>\n<\/li>\n<li>\n<p dir=\"ltr\"><strong>Sp\u00e9cifications<\/strong>: \u00e9quivalent \u00e0 8\u201310 oz ; extensible dans les 4 sens ; dos bross\u00e9 en option.<\/p>\n<\/li>\n<li>\n<p dir=\"ltr\"><strong>Styles<\/strong>: Des jeggings pratiques pour voyager, des looks d\u00e9contract\u00e9s.<\/p>\n<\/li>\n<li>\n<p dir=\"ltr\"><strong>Pourquoi \u00e7a marche<\/strong>On a l&#039;impression de porter des leggings, mais l&#039;allure d&#039;un jean, parfait pour un style d\u00e9contract\u00e9.<\/p>\n<p><div id=\"attachment_6933\" style=\"width: 610px\" class=\"wp-caption aligncenter\"><img loading=\"lazy\" decoding=\"async\" aria-describedby=\"caption-attachment-6933\" class=\"wp-image-6933\" src=\"https:\/\/lydenim.com\/wp-content\/uploads\/2025\/11\/666341521ef5c57ed233ef9ffe8e860c.jpg\" alt=\"\" width=\"600\" height=\"750\" srcset=\"https:\/\/lydenim.com\/wp-content\/uploads\/2025\/11\/666341521ef5c57ed233ef9ffe8e860c.jpg 860w, https:\/\/lydenim.com\/wp-content\/uploads\/2025\/11\/666341521ef5c57ed233ef9ffe8e860c-240x300.jpg 240w, https:\/\/lydenim.com\/wp-content\/uploads\/2025\/11\/666341521ef5c57ed233ef9ffe8e860c-819x1024.jpg 819w, https:\/\/lydenim.com\/wp-content\/uploads\/2025\/11\/666341521ef5c57ed233ef9ffe8e860c-768x960.jpg 768w, https:\/\/lydenim.com\/wp-content\/uploads\/2025\/11\/666341521ef5c57ed233ef9ffe8e860c-10x12.jpg 10w, https:\/\/lydenim.com\/wp-content\/uploads\/2025\/11\/666341521ef5c57ed233ef9ffe8e860c-480x600.jpg 480w, https:\/\/lydenim.com\/wp-content\/uploads\/2025\/11\/666341521ef5c57ed233ef9ffe8e860c-600x750.jpg 600w, https:\/\/lydenim.com\/wp-content\/uploads\/2025\/11\/666341521ef5c57ed233ef9ffe8e860c-150x188.jpg 150w\" sizes=\"auto, (max-width: 600px) 100vw, 600px\" \/><p id=\"caption-attachment-6933\" class=\"wp-caption-text\">Tricot Denim<\/p><\/div><\/li>\n<\/ul>\n<h3 dir=\"ltr\">5. Denim m\u00e9lang\u00e9 Lysell\u2122<\/h3>\n<ul class=\"tight\" dir=\"ltr\" data-tight=\"true\">\n<li>\n<p dir=\"ltr\"><strong>Id\u00e9al pour<\/strong>Douceur exceptionnelle et sensation de fra\u00eecheur et de fluidit\u00e9.<\/p>\n<\/li>\n<li>\n<p dir=\"ltr\"><strong>Sp\u00e9cifications<\/strong>: 10\u201312 oz; disponible en versions confort ou power-stretch.<\/p>\n<\/li>\n<li>\n<p dir=\"ltr\"><strong>Styles<\/strong>Jean large et \u00e9l\u00e9gant.<\/p>\n<\/li>\n<li>\n<p dir=\"ltr\"><strong>Pourquoi \u00e7a marche<\/strong>Sa texture douce et sa respirabilit\u00e9 rehaussent les looks d\u00e9contract\u00e9s comme les tenues habill\u00e9es.<\/p>\n<p><div id=\"attachment_6938\" style=\"width: 610px\" class=\"wp-caption aligncenter\"><img loading=\"lazy\" decoding=\"async\" aria-describedby=\"caption-attachment-6938\" class=\"wp-image-6938\" src=\"https:\/\/lydenim.com\/wp-content\/uploads\/2025\/11\/d29820dfdef458d17659ac369d6d66ea.jpg\" alt=\"\" width=\"600\" height=\"750\" srcset=\"https:\/\/lydenim.com\/wp-content\/uploads\/2025\/11\/d29820dfdef458d17659ac369d6d66ea.jpg 1080w, https:\/\/lydenim.com\/wp-content\/uploads\/2025\/11\/d29820dfdef458d17659ac369d6d66ea-240x300.jpg 240w, https:\/\/lydenim.com\/wp-content\/uploads\/2025\/11\/d29820dfdef458d17659ac369d6d66ea-819x1024.jpg 819w, https:\/\/lydenim.com\/wp-content\/uploads\/2025\/11\/d29820dfdef458d17659ac369d6d66ea-768x960.jpg 768w, https:\/\/lydenim.com\/wp-content\/uploads\/2025\/11\/d29820dfdef458d17659ac369d6d66ea-10x12.jpg 10w, https:\/\/lydenim.com\/wp-content\/uploads\/2025\/11\/d29820dfdef458d17659ac369d6d66ea-480x600.jpg 480w, https:\/\/lydenim.com\/wp-content\/uploads\/2025\/11\/d29820dfdef458d17659ac369d6d66ea-600x750.jpg 600w, https:\/\/lydenim.com\/wp-content\/uploads\/2025\/11\/d29820dfdef458d17659ac369d6d66ea-150x188.jpg 150w\" sizes=\"auto, (max-width: 600px) 100vw, 600px\" \/><p id=\"caption-attachment-6938\" class=\"wp-caption-text\">Denim Lysell\u2122 Blend<\/p><\/div><\/li>\n<\/ul>\n<h3 dir=\"ltr\">6. Denim stretch en coton biologique<\/h3>\n<ul class=\"tight\" dir=\"ltr\" data-tight=\"true\">\n<li>\n<p dir=\"ltr\"><strong>Id\u00e9al pour<\/strong>: Des consommateurs soucieux de l&#039;environnement et recherchant un confort respirant.<\/p>\n<\/li>\n<li>\n<p dir=\"ltr\"><strong>Sp\u00e9cifications<\/strong>: 10\u201313 oz; 15\u201330% \u00e9tirement de la trame.<\/p>\n<\/li>\n<li>\n<p dir=\"ltr\"><strong>Styles<\/strong>Coupe droite de tous les jours, coupe bootcut.<\/p>\n<\/li>\n<li>\n<p dir=\"ltr\"><strong>Pourquoi \u00e7a marche<\/strong>: L&#039;agriculture durable rencontre la performance classique du denim.<\/p>\n<p><div id=\"attachment_6935\" style=\"width: 610px\" class=\"wp-caption aligncenter\"><img loading=\"lazy\" decoding=\"async\" aria-describedby=\"caption-attachment-6935\" class=\"wp-image-6935\" src=\"https:\/\/lydenim.com\/wp-content\/uploads\/2025\/11\/c3de38ed779efa1f9fd5e2a05cc3ad13.jpg\" alt=\"\" width=\"600\" height=\"750\" srcset=\"https:\/\/lydenim.com\/wp-content\/uploads\/2025\/11\/c3de38ed779efa1f9fd5e2a05cc3ad13.jpg 1080w, https:\/\/lydenim.com\/wp-content\/uploads\/2025\/11\/c3de38ed779efa1f9fd5e2a05cc3ad13-240x300.jpg 240w, https:\/\/lydenim.com\/wp-content\/uploads\/2025\/11\/c3de38ed779efa1f9fd5e2a05cc3ad13-819x1024.jpg 819w, https:\/\/lydenim.com\/wp-content\/uploads\/2025\/11\/c3de38ed779efa1f9fd5e2a05cc3ad13-768x960.jpg 768w, https:\/\/lydenim.com\/wp-content\/uploads\/2025\/11\/c3de38ed779efa1f9fd5e2a05cc3ad13-10x12.jpg 10w, https:\/\/lydenim.com\/wp-content\/uploads\/2025\/11\/c3de38ed779efa1f9fd5e2a05cc3ad13-480x600.jpg 480w, https:\/\/lydenim.com\/wp-content\/uploads\/2025\/11\/c3de38ed779efa1f9fd5e2a05cc3ad13-600x750.jpg 600w, https:\/\/lydenim.com\/wp-content\/uploads\/2025\/11\/c3de38ed779efa1f9fd5e2a05cc3ad13-150x188.jpg 150w\" sizes=\"auto, (max-width: 600px) 100vw, 600px\" \/><p id=\"caption-attachment-6935\" class=\"wp-caption-text\">Denim stretch en coton biologique<\/p><\/div><\/li>\n<\/ul>\n<h3 dir=\"ltr\">7. Denim en coton recycl\u00e9<\/h3>\n<ul class=\"tight\" dir=\"ltr\" data-tight=\"true\">\n<li>\n<p dir=\"ltr\"><strong>Id\u00e9al pour<\/strong>: Un denim anti-d\u00e9chets \u00e0 la texture authentique.<\/p>\n<\/li>\n<li>\n<p dir=\"ltr\"><strong>Sp\u00e9cifications<\/strong>: 10\u201312,5 oz; \u00e9tirement et r\u00e9cup\u00e9ration optimis\u00e9s.<\/p>\n<\/li>\n<li>\n<p dir=\"ltr\"><strong>Styles<\/strong>Jean mom d\u00e9lav\u00e9 vintage, coupe droite d\u00e9contract\u00e9e.<\/p>\n<\/li>\n<li>\n<p dir=\"ltr\"><strong>Pourquoi \u00e7a marche<\/strong>Une mode circulaire \u00e0 l&#039;esprit r\u00e9tro et \u00e0 la coupe fiable.<\/p>\n<p><div id=\"attachment_6932\" style=\"width: 610px\" class=\"wp-caption aligncenter\"><img loading=\"lazy\" decoding=\"async\" aria-describedby=\"caption-attachment-6932\" class=\"wp-image-6932\" src=\"https:\/\/lydenim.com\/wp-content\/uploads\/2025\/11\/4029a5a647821cc234b27dd1e50ca80d.jpg\" alt=\"\" width=\"600\" height=\"750\" srcset=\"https:\/\/lydenim.com\/wp-content\/uploads\/2025\/11\/4029a5a647821cc234b27dd1e50ca80d.jpg 1080w, https:\/\/lydenim.com\/wp-content\/uploads\/2025\/11\/4029a5a647821cc234b27dd1e50ca80d-240x300.jpg 240w, https:\/\/lydenim.com\/wp-content\/uploads\/2025\/11\/4029a5a647821cc234b27dd1e50ca80d-819x1024.jpg 819w, https:\/\/lydenim.com\/wp-content\/uploads\/2025\/11\/4029a5a647821cc234b27dd1e50ca80d-768x960.jpg 768w, https:\/\/lydenim.com\/wp-content\/uploads\/2025\/11\/4029a5a647821cc234b27dd1e50ca80d-10x12.jpg 10w, https:\/\/lydenim.com\/wp-content\/uploads\/2025\/11\/4029a5a647821cc234b27dd1e50ca80d-480x600.jpg 480w, https:\/\/lydenim.com\/wp-content\/uploads\/2025\/11\/4029a5a647821cc234b27dd1e50ca80d-600x750.jpg 600w, https:\/\/lydenim.com\/wp-content\/uploads\/2025\/11\/4029a5a647821cc234b27dd1e50ca80d-150x188.jpg 150w\" sizes=\"auto, (max-width: 600px) 100vw, 600px\" \/><p id=\"caption-attachment-6932\" class=\"wp-caption-text\">Denim en coton recycl\u00e9<\/p><\/div><\/li>\n<\/ul>\n<h3 dir=\"ltr\">8. Jean taille haute noir et gris<\/h3>\n<ul class=\"tight\" dir=\"ltr\" data-tight=\"true\">\n<li>\n<p dir=\"ltr\"><strong>Id\u00e9al pour<\/strong>Des looks amincissants et polyvalents, parfaits pour passer du bureau au d\u00eener.<\/p>\n<\/li>\n<li>\n<p dir=\"ltr\"><strong>Sp\u00e9cifications<\/strong>: Tissu extensible de 280 \u00e0 340 g avec une meilleure tenue des couleurs.<\/p>\n<\/li>\n<li>\n<p dir=\"ltr\"><strong>Styles<\/strong>Coutures minimales, finitions impeccables.<\/p>\n<\/li>\n<li>\n<p dir=\"ltr\"><strong>Pourquoi \u00e7a marche<\/strong>\u00c9l\u00e9gant et raffin\u00e9, parfait pour une tenue professionnelle ou de soir\u00e9e.<\/p>\n<\/li>\n<\/ul>\n<p dir=\"ltr\">Envie de d\u00e9couvrir ces tissus\u00a0? Demandez des \u00e9chantillons et une s\u00e9lection de tissus gainants via la page de contact de LYDENIM.<\/p>\n<div id=\"attachment_6936\" style=\"width: 610px\" class=\"wp-caption aligncenter\"><img loading=\"lazy\" decoding=\"async\" aria-describedby=\"caption-attachment-6936\" class=\"wp-image-6936\" src=\"https:\/\/lydenim.com\/wp-content\/uploads\/2025\/11\/ccb8b2e92ccdfb3cf09f68dc95e141c8.jpg\" alt=\"\" width=\"600\" height=\"750\" srcset=\"https:\/\/lydenim.com\/wp-content\/uploads\/2025\/11\/ccb8b2e92ccdfb3cf09f68dc95e141c8.jpg 1527w, https:\/\/lydenim.com\/wp-content\/uploads\/2025\/11\/ccb8b2e92ccdfb3cf09f68dc95e141c8-240x300.jpg 240w, https:\/\/lydenim.com\/wp-content\/uploads\/2025\/11\/ccb8b2e92ccdfb3cf09f68dc95e141c8-819x1024.jpg 819w, https:\/\/lydenim.com\/wp-content\/uploads\/2025\/11\/ccb8b2e92ccdfb3cf09f68dc95e141c8-768x960.jpg 768w, https:\/\/lydenim.com\/wp-content\/uploads\/2025\/11\/ccb8b2e92ccdfb3cf09f68dc95e141c8-1229x1536.jpg 1229w, https:\/\/lydenim.com\/wp-content\/uploads\/2025\/11\/ccb8b2e92ccdfb3cf09f68dc95e141c8-10x12.jpg 10w, https:\/\/lydenim.com\/wp-content\/uploads\/2025\/11\/ccb8b2e92ccdfb3cf09f68dc95e141c8-480x600.jpg 480w, https:\/\/lydenim.com\/wp-content\/uploads\/2025\/11\/ccb8b2e92ccdfb3cf09f68dc95e141c8-600x750.jpg 600w, https:\/\/lydenim.com\/wp-content\/uploads\/2025\/11\/ccb8b2e92ccdfb3cf09f68dc95e141c8-150x188.jpg 150w\" sizes=\"auto, (max-width: 600px) 100vw, 600px\" \/><p id=\"caption-attachment-6936\" class=\"wp-caption-text\">Jean taille haute noir et gris<\/p><\/div>\n<h2 dir=\"ltr\">Guide de style pour les femmes rondes<\/h2>\n<p dir=\"ltr\">Choisissez le mod\u00e8le taille haute qui convient le mieux \u00e0 votre morphologie\u00a0:<\/p>\n<ul class=\"tight\" dir=\"ltr\" data-tight=\"true\">\n<li>\n<p dir=\"ltr\"><strong>Silhouette en sablier\/ronde<\/strong>: Jeans taille haute, droits ou \u00e9vas\u00e9s, pour \u00e9quilibrer les hanches et accentuer les courbes.<\/p>\n<\/li>\n<li>\n<p dir=\"ltr\"><strong>En forme de poire<\/strong>: D\u00e9lavages fonc\u00e9s et uniformes avec une coupe bootcut structur\u00e9e pour un \u00e9quilibre des proportions.<\/p>\n<\/li>\n<li>\n<p dir=\"ltr\"><strong>En forme de pomme<\/strong>Jeans \u00e0 jambes larges ou pantalons avec ceintures stables pour un bon maintien du ventre.<\/p>\n<\/li>\n<li>\n<p dir=\"ltr\"><strong>Petite &amp; Plus<\/strong>Jean droit slim taille haute avec entrejambe raccourcie pour allonger les jambes.<\/p>\n<p><div id=\"attachment_6934\" style=\"width: 610px\" class=\"wp-caption aligncenter\"><img loading=\"lazy\" decoding=\"async\" aria-describedby=\"caption-attachment-6934\" class=\"wp-image-6934\" src=\"https:\/\/lydenim.com\/wp-content\/uploads\/2025\/11\/b993e60fa56dee535bc4445c17ca36bc.jpg\" alt=\"\" width=\"600\" height=\"750\" srcset=\"https:\/\/lydenim.com\/wp-content\/uploads\/2025\/11\/b993e60fa56dee535bc4445c17ca36bc.jpg 1320w, https:\/\/lydenim.com\/wp-content\/uploads\/2025\/11\/b993e60fa56dee535bc4445c17ca36bc-240x300.jpg 240w, https:\/\/lydenim.com\/wp-content\/uploads\/2025\/11\/b993e60fa56dee535bc4445c17ca36bc-819x1024.jpg 819w, https:\/\/lydenim.com\/wp-content\/uploads\/2025\/11\/b993e60fa56dee535bc4445c17ca36bc-768x960.jpg 768w, https:\/\/lydenim.com\/wp-content\/uploads\/2025\/11\/b993e60fa56dee535bc4445c17ca36bc-1229x1536.jpg 1229w, https:\/\/lydenim.com\/wp-content\/uploads\/2025\/11\/b993e60fa56dee535bc4445c17ca36bc-10x12.jpg 10w, https:\/\/lydenim.com\/wp-content\/uploads\/2025\/11\/b993e60fa56dee535bc4445c17ca36bc-480x600.jpg 480w, https:\/\/lydenim.com\/wp-content\/uploads\/2025\/11\/b993e60fa56dee535bc4445c17ca36bc-600x750.jpg 600w, https:\/\/lydenim.com\/wp-content\/uploads\/2025\/11\/b993e60fa56dee535bc4445c17ca36bc-150x188.jpg 150w\" sizes=\"auto, (max-width: 600px) 100vw, 600px\" \/><p id=\"caption-attachment-6934\" class=\"wp-caption-text\">Grandes tailles<\/p><\/div><\/li>\n<\/ul>\n<h2 dir=\"ltr\">Choix de denim durable<\/h2>\n<p dir=\"ltr\">Le denim \u00e9co-responsable est \u00e0 la fois \u00e9l\u00e9gant et responsable\u00a0:<\/p>\n<ul class=\"tight\" dir=\"ltr\" data-tight=\"true\">\n<li>\n<p dir=\"ltr\"><strong>Coton biologique<\/strong>: Une agriculture respirante et \u00e0 faible impact pour les v\u00eatements de tous les jours.<\/p>\n<\/li>\n<li>\n<p dir=\"ltr\"><strong>Coton recycl\u00e9<\/strong>R\u00e9duit les d\u00e9chets textiles gr\u00e2ce \u00e0 une esth\u00e9tique vintage.<\/p>\n<\/li>\n<li>\n<p dir=\"ltr\"><strong>TENCEL\u2122 Lyocell<\/strong>: Doux, fluide et issu de sources durables.<\/p>\n<\/li>\n<li>\n<p dir=\"ltr\"><strong>Denim en m\u00e9lange de chanvre<\/strong>Durable, r\u00e9sistant et naturellement solide.<\/p>\n<\/li>\n<\/ul>\n<p dir=\"ltr\">Pour en savoir plus sur la fabrication durable du denim, consultez la page d\u00e9di\u00e9e \u00e0 la fabrication chez LYDENIM.<\/p>\n<h2 dir=\"ltr\">Conseils pour prendre soin de sa sant\u00e9 et prolonger sa vie<\/h2>\n<p dir=\"ltr\">Pour pr\u00e9server la coupe, la couleur et l&#039;\u00e9lasticit\u00e9 de vos jeans grande taille\u00a0:<\/p>\n<ul class=\"tight\" dir=\"ltr\" data-tight=\"true\">\n<li>\n<p dir=\"ltr\">Laver \u00e0 froid, \u00e0 l&#039;envers, avec une lessive \u00e9cologique.<\/p>\n<\/li>\n<li>\n<p dir=\"ltr\">Laisser s\u00e9cher \u00e0 l&#039;air libre pour pr\u00e9server l&#039;\u00e9lasticit\u00e9 et la stabilit\u00e9 de la ceinture.<\/p>\n<\/li>\n<li>\n<p dir=\"ltr\">\u00c9vitez les temp\u00e9ratures \u00e9lev\u00e9es et les lavages excessifs pour pr\u00e9server la forme et le maintien du v\u00eatement.<\/p>\n<\/li>\n<\/ul>\n<h3 dir=\"ltr\">Chanvre contre coton traditionnel<\/h3>\n<ul class=\"tight\" dir=\"ltr\" data-tight=\"true\">\n<li>\n<p dir=\"ltr\"><strong>Denim en m\u00e9lange de chanvre<\/strong>: R\u00e9sistance et durabilit\u00e9 sup\u00e9rieures pour une longue dur\u00e9e de vie.<\/p>\n<\/li>\n<li>\n<p dir=\"ltr\"><strong>Coton traditionnel<\/strong>: Un confort classique avec des finitions polyvalentes.<\/p>\n<\/li>\n<li>\n<p dir=\"ltr\"><strong>M\u00e9langes chanvre-coton<\/strong>Alliez durabilit\u00e9, confort et maintien de la forme pour un r\u00e9sultat optimal.<\/p>\n<p><div id=\"attachment_6930\" style=\"width: 610px\" class=\"wp-caption aligncenter\"><img loading=\"lazy\" decoding=\"async\" aria-describedby=\"caption-attachment-6930\" class=\"wp-image-6930\" src=\"https:\/\/lydenim.com\/wp-content\/uploads\/2025\/11\/3ce7773ca932c0ffe7292b44c0c2d1a1.jpg\" alt=\"\" width=\"600\" height=\"750\" srcset=\"https:\/\/lydenim.com\/wp-content\/uploads\/2025\/11\/3ce7773ca932c0ffe7292b44c0c2d1a1.jpg 1325w, https:\/\/lydenim.com\/wp-content\/uploads\/2025\/11\/3ce7773ca932c0ffe7292b44c0c2d1a1-240x300.jpg 240w, https:\/\/lydenim.com\/wp-content\/uploads\/2025\/11\/3ce7773ca932c0ffe7292b44c0c2d1a1-819x1024.jpg 819w, https:\/\/lydenim.com\/wp-content\/uploads\/2025\/11\/3ce7773ca932c0ffe7292b44c0c2d1a1-768x960.jpg 768w, https:\/\/lydenim.com\/wp-content\/uploads\/2025\/11\/3ce7773ca932c0ffe7292b44c0c2d1a1-1229x1536.jpg 1229w, https:\/\/lydenim.com\/wp-content\/uploads\/2025\/11\/3ce7773ca932c0ffe7292b44c0c2d1a1-10x12.jpg 10w, https:\/\/lydenim.com\/wp-content\/uploads\/2025\/11\/3ce7773ca932c0ffe7292b44c0c2d1a1-480x600.jpg 480w, https:\/\/lydenim.com\/wp-content\/uploads\/2025\/11\/3ce7773ca932c0ffe7292b44c0c2d1a1-600x750.jpg 600w, https:\/\/lydenim.com\/wp-content\/uploads\/2025\/11\/3ce7773ca932c0ffe7292b44c0c2d1a1-150x187.jpg 150w\" sizes=\"auto, (max-width: 600px) 100vw, 600px\" \/><p id=\"caption-attachment-6930\" class=\"wp-caption-text\">Denim en m\u00e9lange de chanvre<\/p><\/div><\/li>\n<\/ul>\n<h2 dir=\"ltr\">FAQ : Tissu denim grandes tailles<\/h2>\n<p dir=\"ltr\"><strong>Quel type d&#039;\u00e9lasticit\u00e9 est le plus adapt\u00e9 aux jeans taille haute grandes tailles ?<\/strong><br \/>\nL&#039;\u00e9lasticit\u00e9 de la trame de 20 \u00e0 35% avec une r\u00e9cup\u00e9ration \u00e9lev\u00e9e dans les tissus de 10 \u00e0 13 oz assure un port confortable et soutenant tout au long de la journ\u00e9e.<\/p>\n<p dir=\"ltr\"><strong>Quel tissu offre le meilleur maintien du ventre\u00a0?<\/strong><br \/>\nDenim extensible ou sculptant avec une ceinture stable et des poches renforc\u00e9es pour un maintien lisse et s\u00fbr.<\/p>\n<p dir=\"ltr\"><strong>Le denim durable peut-il \u00eatre tendance ?<\/strong><br \/>\nAbsolument ! Les m\u00e9langes TENCEL\u2122, le coton biologique\/recycl\u00e9 et les m\u00e9langes de chanvre se d\u00e9clinent en coupes skinny, \u00e9vas\u00e9es et larges avec des d\u00e9lavages modernes.<\/p>\n<p dir=\"ltr\"><strong>Le tissu extensible dans les 4 sens me convient-il\u00a0?<\/strong><br \/>\nSi la mobilit\u00e9 est votre priorit\u00e9 pour vos trajets domicile-travail, vos voyages ou vos longues journ\u00e9es de travail, le tissu extensible dans les quatre sens offre un confort digne des v\u00eatements de sport avec un aspect denim.<\/p>\n<h2 dir=\"ltr\">D\u00e9veloppez votre programme de denim grande taille avec LYDENIM<\/h2>\n<p dir=\"ltr\">Cr\u00e9ez des jeans taille haute sur mesure, adapt\u00e9s aux grandes tailles, gr\u00e2ce aux solutions de denim personnalis\u00e9es de LYDENIM. De l&#039;\u00e9chantillonnage \u00e0 la production en s\u00e9rie, nous vous proposons une solution compl\u00e8te pour donner vie \u00e0 votre projet. Contactez-nous via la page de contact de LYDENIM pour demander des \u00e9chantillons ou discuter de votre projet denim.<\/p>\n<p dir=\"ltr\"><strong>Appel \u00e0 l&#039;action<\/strong>Commencez d\u00e8s aujourd&#039;hui votre aventure denim grande taille. D\u00e9couvrez nos tissus personnalis\u00e9s et nos options gainantes.<\/p>\n<p>Approvisionnement en tissus (\u00e9chantillons et rouleaux) : <a href=\"https:\/\/lydenim.com\/fr\/\"><u>LYDENIM \u2013 Denim<\/u><\/a><\/p>\n<p>D\u00e9veloppement de v\u00eatements (\u00e9chantillons et petites s\u00e9ries)\u00a0: <a href=\"https:\/\/liangyuantextile.m.en.alibaba.com\"><u>Liangyuan Textile sur Alibaba<\/u><\/a><\/p>","protected":false},"excerpt":{"rendered":"<p>Temps de lecture estim\u00e9\u00a0: environ 4 minutes. Ce que les consommatrices de jeans grandes tailles attendent d\u2019elles\u00a0: confort, maintien de la forme et\u2026<\/p>","protected":false},"author":1,"featured_media":6940,"comment_status":"open","ping_status":"open","sticky":false,"template":"","format":"standard","meta":{"two_page_speed":[],"footnotes":""},"categories":[76],"tags":[],"class_list":["post-6809","post","type-post","status-publish","format-standard","has-post-thumbnail","hentry","category-garment"],"aioseo_notices":[],"_links":{"self":[{"href":"https:\/\/lydenim.com\/fr\/wp-json\/wp\/v2\/posts\/6809","targetHints":{"allow":["GET"]}}],"collection":[{"href":"https:\/\/lydenim.com\/fr\/wp-json\/wp\/v2\/posts"}],"about":[{"href":"https:\/\/lydenim.com\/fr\/wp-json\/wp\/v2\/types\/post"}],"author":[{"embeddable":true,"href":"https:\/\/lydenim.com\/fr\/wp-json\/wp\/v2\/users\/1"}],"replies":[{"embeddable":true,"href":"https:\/\/lydenim.com\/fr\/wp-json\/wp\/v2\/comments?post=6809"}],"version-history":[{"count":3,"href":"https:\/\/lydenim.com\/fr\/wp-json\/wp\/v2\/posts\/6809\/revisions"}],"predecessor-version":[{"id":6939,"href":"https:\/\/lydenim.com\/fr\/wp-json\/wp\/v2\/posts\/6809\/revisions\/6939"}],"wp:featuredmedia":[{"embeddable":true,"href":"https:\/\/lydenim.com\/fr\/wp-json\/wp\/v2\/media\/6940"}],"wp:attachment":[{"href":"https:\/\/lydenim.com\/fr\/wp-json\/wp\/v2\/media?parent=6809"}],"wp:term":[{"taxonomy":"category","embeddable":true,"href":"https:\/\/lydenim.com\/fr\/wp-json\/wp\/v2\/categories?post=6809"},{"taxonomy":"post_tag","embeddable":true,"href":"https:\/\/lydenim.com\/fr\/wp-json\/wp\/v2\/tags?post=6809"}],"curies":[{"name":"wp","href":"https:\/\/api.w.org\/{rel}","templated":true}]}}