{"id":2770,"date":"2025-01-05T18:09:33","date_gmt":"2025-01-05T10:09:33","guid":{"rendered":"https:\/\/lydenim.com\/?p=2770"},"modified":"2025-08-23T16:03:00","modified_gmt":"2025-08-23T08:03:00","slug":"the-manufacturing-process-of-denim-fabric-from-raw-material-to-finished-product","status":"publish","type":"post","link":"https:\/\/lydenim.com\/pt\/o-processo-de-fabricacao-do-tecido-jeans-da-materia-prima-ao-produto-acabado-2\/","title":{"rendered":"O processo de fabrica\u00e7\u00e3o do tecido jeans: da mat\u00e9ria-prima ao produto acabado"},"content":{"rendered":"<article class=\"group\/turn w-full text-token-text-primary focus-visible:outline-2 focus-visible:outline-offset-[-4px]\" dir=\"auto\" tabindex=\"-1\" data-testid=\"conversation-turn-5\" data-scroll-anchor=\"false\">\n<div class=\"text-base my-auto mx-auto py-[18px] px-6\">\n<div class=\"mx-auto flex flex-1 text-base gap-4 md:gap-5 lg:gap-6 md:max-w-3xl lg:max-w-[40rem] xl:max-w-[48rem]\">\n<div class=\"group\/conversation-turn relative flex w-full min-w-0 flex-col @xs\/thread:px-0 @sm\/thread:px-1.5 @md\/thread:px-4\">\n<div class=\"flex-col gap-1 md:gap-3\">\n<div class=\"flex max-w-full flex-col flex-grow\">\n<div class=\"min-h-8 text-message relative flex w-full flex-col items-end gap-2 whitespace-normal break-words text-start [.text-message+&amp;]:mt-5\" dir=\"auto\" data-message-author-role=\"user\" data-message-id=\"a7df86d0-eeb8-4d6b-8c95-66646d5d5d95\">\n<div class=\"w-full\">\n<div class=\"flex w-full flex-col gap-1 empty:hidden items-end rtl:items-start\">\n<div class=\"relative max-w-[var(--user-chat-width,70%)] rounded-3xl bg-token-message-surface px-5 py-2.5\">\n<div class=\"whitespace-pre-wrap\">\n<h2 dir=\"auto\">Tempo estimado de leitura: ~5 minutos<\/h2>\n<h2 dir=\"auto\">Introdu\u00e7\u00e3o a <strong>Produ\u00e7\u00e3o de Tecidos Denim<\/strong><\/h2>\n<p dir=\"auto\"><strong>Produ\u00e7\u00e3o de tecido jeans<\/strong> cria um dos tecidos mais emblem\u00e1ticos do mundo, celebrado por sua <strong>durabilidade<\/strong>, conforto e apelo atemporal. De roupas de trabalho robustas a itens b\u00e1sicos de alta costura, o charme \u00fanico do jeans adv\u00e9m de um processo meticuloso que transforma o algod\u00e3o cru em pe\u00e7as elegantes. Este guia explora os cinco est\u00e1gios principais da <strong>produ\u00e7\u00e3o de tecido denim<\/strong>\u2014 sele\u00e7\u00e3o do algod\u00e3o, fia\u00e7\u00e3o e tingimento, tecelagem, p\u00f3s-tratamento e acabamento \u2014 revelando como cada etapa contribui para o legado duradouro do denim. Seja voc\u00ea designer ou entusiasta, entender esse processo desvenda os segredos por tr\u00e1s da versatilidade do denim.<\/p>\n<h2 dir=\"auto\">Sele\u00e7\u00e3o de mat\u00e9ria-prima<\/h2>\n<h3 dir=\"auto\">Escolhendo algod\u00e3o de alta qualidade<\/h3>\n<p dir=\"auto\">A funda\u00e7\u00e3o de <strong>produ\u00e7\u00e3o de tecido denim<\/strong> reside na sele\u00e7\u00e3o <strong>algod\u00e3o de alta qualidade<\/strong>. <strong>Algod\u00e3o de fibra longa<\/strong> \u00e9 preferido por suas fibras mais longas, que criam uma trama mais lisa e firme, melhorando a sensa\u00e7\u00e3o do tecido e <strong>durabilidade<\/strong>. De acordo com <a href=\"https:\/\/lydenim.com\/pt\/guia-de-pros-e-contras-de-tecidos-comuns\/\" target=\"_blank\" rel=\"noopener noreferrer nofollow\">Guia de tecidos da LYDenim<\/a>, o algod\u00e3o premium garante resist\u00eancia e conforto superiores. Muitas marcas optam por <strong>algod\u00e3o org\u00e2nico<\/strong> para reduzir o impacto ambiental, alinhando-se com pr\u00e1ticas sustent\u00e1veis e mantendo a qualidade.<\/p>\n<\/div>\n<\/div>\n<\/div>\n<\/div>\n<\/div>\n<\/div>\n<\/div>\n<\/div>\n<\/div>\n<\/div>\n<\/article>\n<article class=\"group\/turn w-full text-token-text-primary focus-visible:outline-2 focus-visible:outline-offset-[-4px]\" dir=\"auto\" tabindex=\"-1\" data-testid=\"conversation-turn-6\" data-scroll-anchor=\"true\">\n<div class=\"text-base my-auto mx-auto py-[18px] px-6\">\n<div class=\"mx-auto flex flex-1 text-base gap-4 md:gap-5 lg:gap-6 md:max-w-3xl lg:max-w-[40rem] xl:max-w-[48rem]\">\n<div class=\"group\/conversation-turn relative flex w-full min-w-0 flex-col agent-turn @xs\/thread:px-0 @sm\/thread:px-1.5 @md\/thread:px-4\">\n<div class=\"flex-col gap-1 md:gap-3\">\n<div class=\"flex max-w-full flex-col flex-grow\">\n<div class=\"min-h-8 text-message relative flex w-full flex-col items-end gap-2 whitespace-normal break-words text-start [.text-message+&amp;]:mt-5\" dir=\"auto\" data-message-author-role=\"assistant\" data-message-id=\"7fff431a-37e0-4657-80e4-d7daacb27947\" data-message-model-slug=\"gpt-4o-mini\">\n<div class=\"flex w-full flex-col gap-1 empty:hidden first:pt-[3px]\">\n<div class=\"markdown prose w-full break-words dark:prose-invert light\">\n<div id=\"attachment_2739\" style=\"width: 310px\" class=\"wp-caption aligncenter\"><img loading=\"lazy\" decoding=\"async\" aria-describedby=\"caption-attachment-2739\" class=\"wp-image-2739\" src=\"https:\/\/lydenim.com\/wp-content\/uploads\/2025\/01\/MJ%E4%B9%8B%E5%A4%A9%E7%A9%BA%E4%B8%8E%E6%A3%89%E8%8A%B1%E8%8C%89%E8%8E%89%E7%89%B9%E5%86%99_1_AI%E8%AE%BE%E8%AE%A1%E5%9C%B0%E9%BC%A0_%E6%9D%A5%E8%87%AA%E5%B0%8F%E7%BA%A2%E4%B9%A6%E7%BD%91%E9%A1%B5%E7%89%88.jpg\" alt=\"Algod\u00e3o\" width=\"300\" height=\"450\" \/><p id=\"caption-attachment-2739\" class=\"wp-caption-text\">Algod\u00e3o<\/p><\/div>\n<div id=\"attachment_2577\" style=\"width: 410px\" class=\"wp-caption aligncenter\"><img loading=\"lazy\" decoding=\"async\" aria-describedby=\"caption-attachment-2577\" class=\"wp-image-2577\" style=\"color: #333333; font-size: 16px;\" src=\"https:\/\/lydenim.com\/wp-content\/uploads\/2024\/12\/\u7eba\u7eb1-1024x683.jpeg\" alt=\"Fio\" width=\"400\" height=\"267\" srcset=\"https:\/\/lydenim.com\/wp-content\/uploads\/2024\/12\/\u7eba\u7eb1-1024x683.jpeg 1024w, https:\/\/lydenim.com\/wp-content\/uploads\/2024\/12\/\u7eba\u7eb1-150x100.jpeg 150w, https:\/\/lydenim.com\/wp-content\/uploads\/2024\/12\/\u7eba\u7eb1-600x400.jpeg 600w, https:\/\/lydenim.com\/wp-content\/uploads\/2024\/12\/\u7eba\u7eb1-300x200.jpeg 300w, https:\/\/lydenim.com\/wp-content\/uploads\/2024\/12\/\u7eba\u7eb1-768x512.jpeg 768w, https:\/\/lydenim.com\/wp-content\/uploads\/2024\/12\/\u7eba\u7eb1-1536x1025.jpeg 1536w, https:\/\/lydenim.com\/wp-content\/uploads\/2024\/12\/\u7eba\u7eb1-18x12.jpeg 18w, https:\/\/lydenim.com\/wp-content\/uploads\/2024\/12\/\u7eba\u7eb1.jpeg 1619w\" sizes=\"auto, (max-width: 400px) 100vw, 400px\" \/><p id=\"caption-attachment-2577\" class=\"wp-caption-text\">Fio<\/p><\/div>\n<h2 dir=\"auto\">Fia\u00e7\u00e3o e Tingimento<\/h2>\n<h3 dir=\"auto\">Criando Indigo Denim<\/h3>\n<p dir=\"auto\">O processo de tingimento define o visual ic\u00f4nico do jeans. <strong>Tingimento \u00edndigo<\/strong> d\u00e1 ao denim seu tom azul caracter\u00edstico, obtido pelo tingimento dos fios em vez do tecido. As fibras de algod\u00e3o s\u00e3o fiadas em <strong>fio<\/strong>, depois imersos em banhos de \u00edndigo. Este m\u00e9todo, conforme observado em <a href=\"https:\/\/lydenim.com\/pt\/compreendendo-as-texturas-da-superficie-do-tecido-jeans-e-as-estruturas-de-trama-decodificadas\/\" target=\"_blank\" rel=\"noopener noreferrer nofollow\">Guia de tramas da LYDenim<\/a>, cria uma superf\u00edcie mais escura com fibras internas mais claras, permitindo o desbotamento natural ao longo do tempo. O resultado \u00e9 a profundidade e a versatilidade caracter\u00edsticas do denim, perfeitas para uma est\u00e9tica \u00fanica e desgastada.<\/p>\n<div id=\"attachment_2771\" style=\"width: 410px\" class=\"wp-caption aligncenter\"><img loading=\"lazy\" decoding=\"async\" aria-describedby=\"caption-attachment-2771\" class=\"wp-image-2771\" src=\"https:\/\/lydenim.com\/wp-content\/uploads\/2025\/01\/\u62c9\u7ecf-1024x576.jpg\" alt=\"Prepara\u00e7\u00e3o para tingimento\" width=\"400\" height=\"225\" srcset=\"https:\/\/lydenim.com\/wp-content\/uploads\/2025\/01\/\u62c9\u7ecf-1024x576.jpg 1024w, https:\/\/lydenim.com\/wp-content\/uploads\/2025\/01\/\u62c9\u7ecf-scaled-150x84.jpg 150w, https:\/\/lydenim.com\/wp-content\/uploads\/2025\/01\/\u62c9\u7ecf-scaled-600x338.jpg 600w, https:\/\/lydenim.com\/wp-content\/uploads\/2025\/01\/\u62c9\u7ecf-300x169.jpg 300w, https:\/\/lydenim.com\/wp-content\/uploads\/2025\/01\/\u62c9\u7ecf-768x432.jpg 768w, https:\/\/lydenim.com\/wp-content\/uploads\/2025\/01\/\u62c9\u7ecf-1536x864.jpg 1536w, https:\/\/lydenim.com\/wp-content\/uploads\/2025\/01\/\u62c9\u7ecf-2048x1152.jpg 2048w, https:\/\/lydenim.com\/wp-content\/uploads\/2025\/01\/\u62c9\u7ecf-18x10.jpg 18w\" sizes=\"auto, (max-width: 400px) 100vw, 400px\" \/><p id=\"caption-attachment-2771\" class=\"wp-caption-text\">Prepara\u00e7\u00e3o para tingimento<\/p><\/div>\n<div id=\"attachment_2482\" style=\"width: 410px\" class=\"wp-caption aligncenter\"><img loading=\"lazy\" decoding=\"async\" aria-describedby=\"caption-attachment-2482\" class=\"wp-image-2482\" src=\"https:\/\/lydenim.com\/wp-content\/uploads\/2024\/12\/\u5e8f\u5217-Sequence-01.00_04_02_11.Still015-1024x576.jpg\" alt=\"Tingimento\" width=\"400\" height=\"225\" srcset=\"https:\/\/lydenim.com\/wp-content\/uploads\/2024\/12\/\u5e8f\u5217-Sequence-01.00_04_02_11.Still015-1024x576.jpg 1024w, https:\/\/lydenim.com\/wp-content\/uploads\/2024\/12\/\u5e8f\u5217-Sequence-01.00_04_02_11.Still015-scaled-150x84.jpg 150w, https:\/\/lydenim.com\/wp-content\/uploads\/2024\/12\/\u5e8f\u5217-Sequence-01.00_04_02_11.Still015-scaled-600x338.jpg 600w, https:\/\/lydenim.com\/wp-content\/uploads\/2024\/12\/\u5e8f\u5217-Sequence-01.00_04_02_11.Still015-300x169.jpg 300w, https:\/\/lydenim.com\/wp-content\/uploads\/2024\/12\/\u5e8f\u5217-Sequence-01.00_04_02_11.Still015-768x432.jpg 768w, https:\/\/lydenim.com\/wp-content\/uploads\/2024\/12\/\u5e8f\u5217-Sequence-01.00_04_02_11.Still015-1536x864.jpg 1536w, https:\/\/lydenim.com\/wp-content\/uploads\/2024\/12\/\u5e8f\u5217-Sequence-01.00_04_02_11.Still015-2048x1152.jpg 2048w, https:\/\/lydenim.com\/wp-content\/uploads\/2024\/12\/\u5e8f\u5217-Sequence-01.00_04_02_11.Still015-18x10.jpg 18w, https:\/\/lydenim.com\/wp-content\/uploads\/2024\/12\/\u5e8f\u5217-Sequence-01.00_04_02_11.Still015-scaled-1281x720.jpg 1281w\" sizes=\"auto, (max-width: 400px) 100vw, 400px\" \/><p id=\"caption-attachment-2482\" class=\"wp-caption-text\">Tingimento<\/p><\/div>\n<h2 dir=\"auto\">Tecelagem<\/h2>\n<h3 dir=\"auto\">A estrutura cl\u00e1ssica de sarja<\/h3>\n<p dir=\"auto\">A textura distinta do denim vem de sua <strong>sarja<\/strong>, onde menos fios de urdume (verticais) se entrela\u00e7am com mais fios de trama (horizontais), formando linhas diagonais. Essa estrutura, detalhada em <a href=\"https:\/\/lydenim.com\/pt\/compreendendo-as-texturas-da-superficie-do-tecido-jeans-e-as-estruturas-de-trama-decodificadas\/\" target=\"_blank\" rel=\"noopener noreferrer nofollow\">Guia de tramas da LYDenim<\/a>, melhora <strong>durabilidade<\/strong> e flexibilidade, ao mesmo tempo que confere ao denim sua apar\u00eancia reconhec\u00edvel. <strong>sarja 3\/1<\/strong> \u00e9 padr\u00e3o, equilibrando resist\u00eancia e caimento, tornando-o ideal para jeans e jaquetas.<\/p>\n<div id=\"attachment_2493\" style=\"width: 410px\" class=\"wp-caption aligncenter\"><img loading=\"lazy\" decoding=\"async\" aria-describedby=\"caption-attachment-2493\" class=\"wp-image-2493\" src=\"https:\/\/lydenim.com\/wp-content\/uploads\/2024\/12\/\u5e8f\u5217-Sequence-01.00_05_01_21.Still026-scaled-e1734622662986-1024x486.jpg\" alt=\"Tecelagem\" width=\"400\" height=\"190\" srcset=\"https:\/\/lydenim.com\/wp-content\/uploads\/2024\/12\/\u5e8f\u5217-Sequence-01.00_05_01_21.Still026-scaled-e1734622662986-1024x486.jpg 1024w, https:\/\/lydenim.com\/wp-content\/uploads\/2024\/12\/\u5e8f\u5217-Sequence-01.00_05_01_21.Still026-scaled-e1734622662986-150x71.jpg 150w, https:\/\/lydenim.com\/wp-content\/uploads\/2024\/12\/\u5e8f\u5217-Sequence-01.00_05_01_21.Still026-scaled-e1734622662986-600x285.jpg 600w, https:\/\/lydenim.com\/wp-content\/uploads\/2024\/12\/\u5e8f\u5217-Sequence-01.00_05_01_21.Still026-scaled-e1734622662986-300x142.jpg 300w, https:\/\/lydenim.com\/wp-content\/uploads\/2024\/12\/\u5e8f\u5217-Sequence-01.00_05_01_21.Still026-scaled-e1734622662986-768x364.jpg 768w, https:\/\/lydenim.com\/wp-content\/uploads\/2024\/12\/\u5e8f\u5217-Sequence-01.00_05_01_21.Still026-scaled-e1734622662986-1536x728.jpg 1536w, https:\/\/lydenim.com\/wp-content\/uploads\/2024\/12\/\u5e8f\u5217-Sequence-01.00_05_01_21.Still026-scaled-e1734622662986-2048x971.jpg 2048w, https:\/\/lydenim.com\/wp-content\/uploads\/2024\/12\/\u5e8f\u5217-Sequence-01.00_05_01_21.Still026-scaled-e1734622662986-18x9.jpg 18w\" sizes=\"auto, (max-width: 400px) 100vw, 400px\" \/><p id=\"caption-attachment-2493\" class=\"wp-caption-text\">Tecelagem<\/p><\/div>\n<h2 dir=\"auto\">P\u00f3s-tratamento<\/h2>\n<h3 dir=\"auto\">Suaviza\u00e7\u00e3o e Modelagem<\/h3>\n<p dir=\"auto\">Ap\u00f3s a tecelagem, o denim passa por <strong>p\u00f3s-tratamento<\/strong> para atingir a sensa\u00e7\u00e3o e a apar\u00eancia desejadas. Processos como <strong>lavando<\/strong>, escova\u00e7\u00e3o e branqueamento amaciam o tecido e real\u00e7am <strong>absor\u00e7\u00e3o de umidade<\/strong> propriedades. As <strong>lavagem com pedra<\/strong> t\u00e9cnica, descrita em <a href=\"https:\/\/lydenim.com\/pt\/encolhimento-do-tecido-como-evita-lo\/\" target=\"_blank\" rel=\"noopener noreferrer nofollow\">Guia de encolhimento da LYDenim<\/a>, utiliza pedras-pomes para criar uma apar\u00eancia vintage naturalmente desbotada, aumentando o conforto e o estilo. Esses tratamentos transformam o jeans \u00e1spero em um tecido macio e us\u00e1vel.<\/p>\n<div id=\"attachment_2757\" style=\"width: 410px\" class=\"wp-caption aligncenter\"><img loading=\"lazy\" decoding=\"async\" aria-describedby=\"caption-attachment-2757\" class=\"wp-image-2757\" src=\"https:\/\/lydenim.com\/wp-content\/uploads\/2025\/01\/%E4%B8%8B%E8%BD%BD-2.jpeg\" alt=\"P\u00f3s-tratamento\" width=\"400\" height=\"400\" \/><p id=\"caption-attachment-2757\" class=\"wp-caption-text\">P\u00f3s-tratamento<\/p><\/div>\n<h2 dir=\"auto\">Acabamento<\/h2>\n<h3 dir=\"auto\">Confec\u00e7\u00e3o de pe\u00e7as jeans<\/h3>\n<p dir=\"auto\">A fase final de <strong>produ\u00e7\u00e3o de tecido denim<\/strong> envolve <strong>acabamento de vestu\u00e1rio<\/strong>. Os designers cortam e costuram o jeans em <strong>jeans<\/strong>, jaquetas, saias e muito mais, incorporando detalhes como rebites ou costuras para acompanhar as tend\u00eancias da moda. Esta etapa combina artesanato com criatividade, garantindo que o jeans atenda \u00e0s prefer\u00eancias do consumidor em termos de estilo e funcionalidade, conforme destacado em <a href=\"https:\/\/lydenim.com\/pt\/guia-de-pros-e-contras-de-tecidos-comuns\/\" target=\"_blank\" rel=\"noopener noreferrer nofollow\">Guia de tecidos da LYDenim<\/a>.<\/p>\n<div id=\"attachment_2471\" style=\"width: 410px\" class=\"wp-caption aligncenter\"><img loading=\"lazy\" decoding=\"async\" aria-describedby=\"caption-attachment-2471\" class=\"wp-image-2471\" src=\"https:\/\/lydenim.com\/wp-content\/uploads\/2024\/12\/pexels-cottonbro-7764611-683x1024.jpg\" alt=\"Vestu\u00e1rio\" width=\"400\" height=\"426\" \/><p id=\"caption-attachment-2471\" class=\"wp-caption-text\">Vestu\u00e1rio<\/p><\/div>\n<h2 dir=\"auto\">Conclus\u00e3o<\/h2>\n<p dir=\"auto\"><strong>Produ\u00e7\u00e3o de tecido jeans<\/strong> \u00e9 uma mistura de tradi\u00e7\u00e3o e inova\u00e7\u00e3o, transformando <strong>algod\u00e3o de alta qualidade<\/strong> em um tecido vers\u00e1til e dur\u00e1vel. De <strong>tingimento de \u00edndigo<\/strong> para <strong>tecelagem de sarja<\/strong> e <strong>lavagem de pedras<\/strong>Cada etapa cria o charme ic\u00f4nico do jeans. Entender esse processo capacita designers e consumidores a apreciar o apelo atemporal do jeans. Para mais informa\u00e7\u00f5es, explore nossos guias sobre Dicas de Cuidados com o Jeans ou Guia de Design T\u00eaxtil.<\/p>\n<h2 dir=\"auto\">Servi\u00e7os de personaliza\u00e7\u00e3o da LYDENIM<\/h2>\n<p dir=\"auto\">\ud83c\udfa8 Quero <strong>tecidos jeans personalizados<\/strong> ou\u00a0 <strong>exclusivo<\/strong> <strong>pe\u00e7a jeans personalizada<\/strong>? A LYDENIM \u00e9 especializada em solu\u00e7\u00f5es personalizadas para atender \u00e0s suas necessidades de design e produ\u00e7\u00e3o.<\/p>\n<p dir=\"auto\">\ud83d\udecd\ufe0f <strong>Explore e inspire-se<\/strong>: Navegue por nossas sele\u00e7\u00f5es de tecidos e descubra ideias de design em <a href=\"https:\/\/lydenim.com\/pt\/\" target=\"_blank\" rel=\"noopener noreferrer nofollow\">LYDenim<\/a>.<\/p>\n<p dir=\"auto\">\ud83c\udf10 <strong>Roupas el\u00e1sticas<\/strong>: Confira nossas ofertas em <a href=\"http:\/\/liangyuantextile.m.en.alibaba.com\" target=\"_blank\" rel=\"noopener noreferrer nofollow\">MeuAlibaba<\/a>. \ud83d\udce9 <strong>Contate-nos<\/strong>: Entre em contato em <a href=\"mailto:malone@lydenim.com\" target=\"_blank\" rel=\"noopener noreferrer nofollow\">malone@lydenim.com<\/a>.<\/p>\n<p dir=\"auto\">Crie sua obra-prima de jeans com LYDENIM - seu parceiro de confian\u00e7a para <strong>tecido el\u00e1stico<\/strong> e <strong>solu\u00e7\u00f5es personalizadas de jeans<\/strong>.<\/p>\n<\/div>\n<\/div>\n<\/div>\n<\/div>\n<\/div>\n<\/div>\n<\/div>\n<\/div>\n<\/article>","protected":false},"excerpt":{"rendered":"<p>Tempo estimado de leitura: ~5 minutos Introdu\u00e7\u00e3o \u00e0 produ\u00e7\u00e3o de tecido jeans A produ\u00e7\u00e3o de tecido jeans cria um dos tecidos mais ic\u00f4nicos do mundo<\/p>","protected":false},"author":1,"featured_media":2833,"comment_status":"open","ping_status":"open","sticky":false,"template":"","format":"standard","meta":{"two_page_speed":[],"footnotes":""},"categories":[67],"tags":[],"class_list":["post-2770","post","type-post","status-publish","format-standard","has-post-thumbnail","hentry","category-market"],"aioseo_notices":[],"_links":{"self":[{"href":"https:\/\/lydenim.com\/pt\/wp-json\/wp\/v2\/posts\/2770","targetHints":{"allow":["GET"]}}],"collection":[{"href":"https:\/\/lydenim.com\/pt\/wp-json\/wp\/v2\/posts"}],"about":[{"href":"https:\/\/lydenim.com\/pt\/wp-json\/wp\/v2\/types\/post"}],"author":[{"embeddable":true,"href":"https:\/\/lydenim.com\/pt\/wp-json\/wp\/v2\/users\/1"}],"replies":[{"embeddable":true,"href":"https:\/\/lydenim.com\/pt\/wp-json\/wp\/v2\/comments?post=2770"}],"version-history":[{"count":8,"href":"https:\/\/lydenim.com\/pt\/wp-json\/wp\/v2\/posts\/2770\/revisions"}],"predecessor-version":[{"id":6203,"href":"https:\/\/lydenim.com\/pt\/wp-json\/wp\/v2\/posts\/2770\/revisions\/6203"}],"wp:featuredmedia":[{"embeddable":true,"href":"https:\/\/lydenim.com\/pt\/wp-json\/wp\/v2\/media\/2833"}],"wp:attachment":[{"href":"https:\/\/lydenim.com\/pt\/wp-json\/wp\/v2\/media?parent=2770"}],"wp:term":[{"taxonomy":"category","embeddable":true,"href":"https:\/\/lydenim.com\/pt\/wp-json\/wp\/v2\/categories?post=2770"},{"taxonomy":"post_tag","embeddable":true,"href":"https:\/\/lydenim.com\/pt\/wp-json\/wp\/v2\/tags?post=2770"}],"curies":[{"name":"wp","href":"https:\/\/api.w.org\/{rel}","templated":true}]}}