{"id":2839,"date":"2025-01-09T12:13:55","date_gmt":"2025-01-09T04:13:55","guid":{"rendered":"https:\/\/lydenim.com\/?p=2839"},"modified":"2025-08-23T16:03:44","modified_gmt":"2025-08-23T08:03:44","slug":"denims-journey-from-miners-workwear-to-an-american-icon","status":"publish","type":"post","link":"https:\/\/lydenim.com\/pt\/a-jornada-do-jeans-da-roupa-de-trabalho-dos-mineiros-ate-um-icone-americano\/","title":{"rendered":"Jornada do Jeans: De Roupa de Trabalho de Mineiro a \u00cdcone Americano"},"content":{"rendered":"<div class=\"flex-1 overflow-hidden @container\/thread\">\n<div class=\"h-full\">\n<div class=\"react-scroll-to-bottom--css-qzpqx-79elbk h-full\">\n<div class=\"react-scroll-to-bottom--css-qzpqx-1n7m0yu\">\n<div class=\"flex flex-col text-sm md:pb-9\">\n<article class=\"w-full scroll-mb-[var(--thread-trailing-height,150px)] text-token-text-primary focus-visible:outline-2 focus-visible:outline-offset-[-4px]\" dir=\"auto\" data-testid=\"conversation-turn-15\" data-scroll-anchor=\"true\">\n<div class=\"m-auto text-base py-[18px] px-3 md:px-4 w-full md:px-5 lg:px-4 xl:px-5\">\n<div class=\"mx-auto flex flex-1 gap-4 text-base md:gap-5 lg:gap-6 md:max-w-3xl lg:max-w-[40rem] xl:max-w-[48rem]\">\n<div class=\"group\/conversation-turn relative flex w-full min-w-0 flex-col agent-turn\">\n<div class=\"flex-col gap-1 md:gap-3\">\n<div class=\"flex max-w-full flex-col flex-grow\">\n<div class=\"min-h-8 text-message flex w-full flex-col items-end gap-2 whitespace-normal break-words text-start [.text-message+&amp;]:mt-5\" dir=\"auto\" data-message-author-role=\"assistant\" data-message-id=\"402aabb5-5d74-4ddf-9c7d-11a833629832\" data-message-model-slug=\"gpt-4o\">\n<div class=\"flex w-full flex-col gap-1 empty:hidden first:pt-[3px]\">\n<div class=\"markdown prose w-full break-words dark:prose-invert light\">\n<h3 dir=\"ltr\" data-pm-slice=\"1 1 []\">Tempo estimado de leitura: ~5 minutos<\/h3>\n<h3 dir=\"ltr\" data-pm-slice=\"1 1 []\">O apelo atemporal do jeans azul<\/h3>\n<p dir=\"ltr\">O jeans \u00e9 mais do que apenas uma pe\u00e7a de roupa; \u00e9 um s\u00edmbolo da cultura americana, incorporando durabilidade, individualidade e estilo atemporal. De suas origens como um robusto traje de trabalho ao status de \u00edcone global da moda, o jeans moldou tend\u00eancias e transcendeu gera\u00e7\u00f5es. Este artigo explora a rica hist\u00f3ria do jeans, seu significado cultural e por que ele continua sendo um item essencial do guarda-roupa.<\/p>\n<p><img loading=\"lazy\" decoding=\"async\" class=\"aligncenter\" src=\"http:\/\/p7.itc.cn\/q_70\/images03\/20201118\/2c3ab26df88c480c82a0906763caa5f2.png\" width=\"599\" height=\"480\" \/><\/p>\n<h3 dir=\"ltr\" data-pm-slice=\"1 1 []\">A Origem do Denim<\/h3>\n<p dir=\"ltr\">A hist\u00f3ria do jeans come\u00e7a com o denim, um tecido resistente com ra\u00edzes na Fran\u00e7a. Originalmente chamado de &quot;Serge de N\u00eemes&quot;, que significa &quot;sarja de N\u00eemes&quot;, o termo &quot;<a href=\"https:\/\/en.wikipedia.org\/wiki\/Denim\">jeans\u201d<\/a> deriva de &quot;de N\u00eemes&quot;. No s\u00e9culo XIX, o denim ganhou popularidade nos Estados Unidos por sua durabilidade e pre\u00e7o acess\u00edvel. Mineiros, agricultores e pecuaristas dependiam desse tecido por sua capacidade de resistir a condi\u00e7\u00f5es adversas. A ic\u00f4nica cor azul do denim, obtida com tingimento \u00edndigo importado da \u00cdndia, contribuiu para seu apelo universal e praticidade.<\/p>\n<p><img loading=\"lazy\" decoding=\"async\" class=\"aligncenter\" src=\"http:\/\/p9.itc.cn\/q_70\/images03\/20201118\/b131b21da82d45828426071439806026.png\" width=\"599\" height=\"387\" \/><\/p>\n<h3 dir=\"ltr\" data-pm-slice=\"1 1 []\">O Nascimento do Jeans Azul<\/h3>\n<p dir=\"ltr\">Em 20 de maio de 1873, o jeans azul nasceu oficialmente. O alfaiate Jacob Davis se uniu ao empres\u00e1rio Levi Strauss para patentear um design revolucion\u00e1rio: cal\u00e7as refor\u00e7adas com rebites para maior durabilidade. Conhecidos inicialmente como &quot;macac\u00e3o de cintura&quot;, esses primeiros jeans azuis apresentavam bolso para rel\u00f3gio, bolsos traseiros, bot\u00f5es para suspens\u00f3rios e rebites, atendendo \u00e0s necessidades dos trabalhadores. Essa inova\u00e7\u00e3o pr\u00e1tica lan\u00e7ou as bases para o jeans azul moderno que conhecemos hoje.<\/p>\n<div style=\"width: 609px\" class=\"wp-caption aligncenter\"><img loading=\"lazy\" decoding=\"async\" class=\"\" src=\"http:\/\/p7.itc.cn\/q_70\/images03\/20201118\/da0140852cd144608f518dc6c1b135c5.png\" alt=\"Levi\" width=\"599\" height=\"400\" \/><p class=\"wp-caption-text\">Levi<\/p><\/div>\n<p><img loading=\"lazy\" decoding=\"async\" class=\"aligncenter\" src=\"http:\/\/p8.itc.cn\/q_70\/images03\/20201118\/7fe809f3670b44f782cf0912a6ee955e.jpeg\" width=\"599\" height=\"797\" \/><\/p>\n<h3 dir=\"ltr\" data-pm-slice=\"1 3 []\">Do vestu\u00e1rio de trabalho ao s\u00edmbolo da moda<\/h3>\n<p dir=\"ltr\">O jeans evoluiu drasticamente ao longo das d\u00e9cadas, refletindo as mudan\u00e7as culturais e sociais dos Estados Unidos:<\/p>\n<ul class=\"tight\" dir=\"ltr\" data-tight=\"true\">\n<li>\n<p dir=\"ltr\"><strong>d\u00e9cada de 1920-1930<\/strong>: O jeans azul tornou-se sin\u00f4nimo de roupa de trabalho resistente para mineradores, fazendeiros e pecuaristas. Os filmes de Hollywood romantizaram o jeans com estrelas como John Wayne e Gary Cooper, transformando-o em itens de moda desej\u00e1veis para os homens.<\/p>\n<p><img loading=\"lazy\" decoding=\"async\" class=\"aligncenter\" src=\"http:\/\/p1.itc.cn\/q_70\/images03\/20201118\/e508b757133341bca5cd08341c585cb1.png\" alt=\"(John Wayne)\" width=\"400\" height=\"600\" \/><\/li>\n<\/ul>\n<ul data-start=\"1464\" data-end=\"2205\">\n<li data-start=\"1715\" data-end=\"1852\">\n<p dir=\"ltr\" data-pm-slice=\"1 1 [&quot;bulletList&quot;,{&quot;tight&quot;:true,&quot;dir&quot;:&quot;ltr&quot;},&quot;listItem&quot;,{}]\"><strong>d\u00e9cada de 1950<\/strong>: O jeans azul se tornou um s\u00edmbolo de rebeldia, popularizado por \u00edcones como James Dean e Marlon Brando. Seu charme r\u00fastico repercutiu entre adolescentes que buscavam desafiar as normas sociais.<\/p>\n<div style=\"width: 408px\" class=\"wp-caption aligncenter\"><img loading=\"lazy\" decoding=\"async\" src=\"http:\/\/p1.itc.cn\/q_70\/images03\/20201118\/b1a65d3e6dd1465fbd0943bf772cd6df.jpeg\" alt=\"(Marilyn Monroe)\" width=\"398\" height=\"302\" \/><p class=\"wp-caption-text\">(Marilyn Monroe)<\/p><\/div>\n<div style=\"width: 384px\" class=\"wp-caption aligncenter\"><img loading=\"lazy\" decoding=\"async\" src=\"http:\/\/p5.itc.cn\/q_70\/images03\/20201118\/e157fe64b4964da69591ecba88ec48d5.png\" alt=\"(Gary Cooper)\" width=\"374\" height=\"561\" \/><p class=\"wp-caption-text\">(Gary Cooper)<\/p><\/div>\n<p><div style=\"width: 379px\" class=\"wp-caption aligncenter\"><img loading=\"lazy\" decoding=\"async\" src=\"http:\/\/p1.itc.cn\/q_70\/images03\/20201118\/c02d5b40cba54196afe96ac8a88fb3a7.png\" alt=\"(Marlon Brando)\" width=\"369\" height=\"486\" \/><p class=\"wp-caption-text\">(Marlon Brando)<\/p><\/div><\/li>\n<li data-start=\"1853\" data-end=\"2037\">\n<p dir=\"ltr\" data-pm-slice=\"1 1 [&quot;bulletList&quot;,{&quot;tight&quot;:true,&quot;dir&quot;:&quot;ltr&quot;},&quot;listItem&quot;,{}]\"><strong>d\u00e9cada de 1960<\/strong>: O movimento hippie adotou o jeans como s\u00edmbolo de liberdade e contracultura. Bordados, patches e cal\u00e7as boca de sino permitiam a autoexpress\u00e3o criativa.<\/p>\n<p><img loading=\"lazy\" decoding=\"async\" class=\"aligncenter\" src=\"http:\/\/p1.itc.cn\/q_70\/images03\/20201118\/e8e1c6cf5a2b486da2d339825d256b3f.png\" alt=\"(Robert Plant)\" width=\"400\" height=\"600\" \/><\/p>\n<p><img loading=\"lazy\" decoding=\"async\" class=\"aligncenter\" src=\"http:\/\/p7.itc.cn\/q_70\/images03\/20201118\/5722e58a94634ba0a93f1a34d919221f.png\" alt=\"(Os hippies usam cal\u00e7as boca de sino e cal\u00e7as de remendo)\" width=\"399\" height=\"279\" \/><\/li>\n<li data-start=\"1853\" data-end=\"2037\"><strong data-start=\"2040\" data-end=\"2050\">D\u00e9cada de 1980:<\/strong> Os jeans de grife se tornaram um s\u00edmbolo de status, com marcas como Calvin Klein e Jordache elevando o jeans \u00e0 moda popular e at\u00e9 mesmo a ambientes casuais de escrit\u00f3rio.<\/li>\n<\/ul>\n<div style=\"width: 410px\" class=\"wp-caption aligncenter\"><img loading=\"lazy\" decoding=\"async\" class=\"\" src=\"http:\/\/p3.itc.cn\/q_70\/images03\/20201118\/9aa965d39d1f44fb9d5f5081d2bc2d73.png\" alt=\"\uff08Desfile da Calvin Klein em 1976\uff09\" width=\"400\" height=\"600\" \/><p class=\"wp-caption-text\">\uff08Desfile da Calvin Klein em 1976\uff09<\/p><\/div>\n<div style=\"width: 410px\" class=\"wp-caption aligncenter\"><img loading=\"lazy\" decoding=\"async\" class=\"\" src=\"http:\/\/p6.itc.cn\/q_70\/images03\/20201118\/2c508c03131c47c4a284e76c13725c37.png\" alt=\"(Cindy Crawford)\" width=\"400\" height=\"517\" \/><p class=\"wp-caption-text\">(Cindy Crawford)<\/p><\/div>\n<h3 dir=\"ltr\" data-pm-slice=\"1 1 []\">Cultura Contempor\u00e2nea do Denim<\/h3>\n<p dir=\"ltr\">Hoje, o jeans azul \u00e9 uma pe\u00e7a essencial da moda global, celebrado por sua versatilidade e individualidade. Do azul cl\u00e1ssico aos designs desgastados com rasgos, desbotamentos e bordados, cada par conta uma hist\u00f3ria \u00fanica. O jeans azul continua sendo um favorito devido \u00e0 sua durabilidade, conforto e relev\u00e2ncia cultural, tornando-o um item essencial nos guarda-roupas do mundo todo.<\/p>\n<h3 dir=\"auto\">Servi\u00e7os de personaliza\u00e7\u00e3o da LYDENIM<\/h3>\n<p dir=\"auto\">\ud83c\udfa8 Quero <strong>tecidos jeans personalizados<\/strong> ou\u00a0 <strong>exclusivo<\/strong> <strong>pe\u00e7a jeans personalizada<\/strong>? A LYDENIM \u00e9 especializada em solu\u00e7\u00f5es personalizadas para atender \u00e0s suas necessidades de design e produ\u00e7\u00e3o.<\/p>\n<p dir=\"auto\">\ud83d\udecd\ufe0f <strong>Explore e inspire-se<\/strong>: Navegue por nossas sele\u00e7\u00f5es de tecidos e descubra ideias de design em <a href=\"https:\/\/lydenim.com\/pt\/\" target=\"_blank\" rel=\"noopener noreferrer nofollow\">LYDenim<\/a>.<\/p>\n<p dir=\"auto\">\ud83c\udf10 <strong>Roupas el\u00e1sticas<\/strong>: Confira nossas ofertas em <a href=\"http:\/\/liangyuantextile.m.en.alibaba.com\" target=\"_blank\" rel=\"noopener noreferrer nofollow\">MeuAlibaba<\/a>. \ud83d\udce9 <strong>Contate-nos<\/strong>: Entre em contato em <a href=\"mailto:malone@lydenim.com\" target=\"_blank\" rel=\"noopener noreferrer nofollow\">malone@lydenim.com<\/a>.<\/p>\n<p dir=\"auto\">Crie sua obra-prima de jeans com LYDENIM - seu parceiro de confian\u00e7a para <strong>tecido el\u00e1stico<\/strong> e <strong>solu\u00e7\u00f5es personalizadas de jeans<\/strong>.<\/p>\n<h3 dir=\"ltr\">Por que os jeans azuis perduram<\/h3>\n<p dir=\"ltr\">O apelo duradouro do jeans reside em sua capacidade de se adaptar \u00e0s mudan\u00e7as, mantendo suas qualidades essenciais: durabilidade, estilo e significado cultural. Seja usado por mineiros no s\u00e9culo XIX ou por entusiastas da moda hoje, o jeans continua a definir o estilo americano com sua abordagem democr\u00e1tica \u00e0 moda.<\/p>\n<\/div>\n<\/div>\n<\/div>\n<\/div>\n<\/div>\n<\/div>\n<\/div>\n<\/div>\n<\/article>\n<\/div>\n<\/div>\n<\/div>\n<\/div>\n<\/div>","protected":false},"excerpt":{"rendered":"<p>Tempo estimado de leitura: ~5 minutos O apelo atemporal do jeans O jeans \u00e9 mais do que apenas uma pe\u00e7a de roupa; ele \u00e9<\/p>","protected":false},"author":1,"featured_media":2909,"comment_status":"open","ping_status":"open","sticky":false,"template":"","format":"standard","meta":{"two_page_speed":[],"footnotes":""},"categories":[66],"tags":[],"class_list":["post-2839","post","type-post","status-publish","format-standard","has-post-thumbnail","hentry","category-denim-knowledge"],"aioseo_notices":[],"_links":{"self":[{"href":"https:\/\/lydenim.com\/pt\/wp-json\/wp\/v2\/posts\/2839","targetHints":{"allow":["GET"]}}],"collection":[{"href":"https:\/\/lydenim.com\/pt\/wp-json\/wp\/v2\/posts"}],"about":[{"href":"https:\/\/lydenim.com\/pt\/wp-json\/wp\/v2\/types\/post"}],"author":[{"embeddable":true,"href":"https:\/\/lydenim.com\/pt\/wp-json\/wp\/v2\/users\/1"}],"replies":[{"embeddable":true,"href":"https:\/\/lydenim.com\/pt\/wp-json\/wp\/v2\/comments?post=2839"}],"version-history":[{"count":7,"href":"https:\/\/lydenim.com\/pt\/wp-json\/wp\/v2\/posts\/2839\/revisions"}],"predecessor-version":[{"id":6205,"href":"https:\/\/lydenim.com\/pt\/wp-json\/wp\/v2\/posts\/2839\/revisions\/6205"}],"wp:featuredmedia":[{"embeddable":true,"href":"https:\/\/lydenim.com\/pt\/wp-json\/wp\/v2\/media\/2909"}],"wp:attachment":[{"href":"https:\/\/lydenim.com\/pt\/wp-json\/wp\/v2\/media?parent=2839"}],"wp:term":[{"taxonomy":"category","embeddable":true,"href":"https:\/\/lydenim.com\/pt\/wp-json\/wp\/v2\/categories?post=2839"},{"taxonomy":"post_tag","embeddable":true,"href":"https:\/\/lydenim.com\/pt\/wp-json\/wp\/v2\/tags?post=2839"}],"curies":[{"name":"wp","href":"https:\/\/api.w.org\/{rel}","templated":true}]}}