{"id":3722,"date":"2025-02-20T18:48:19","date_gmt":"2025-02-20T10:48:19","guid":{"rendered":"https:\/\/lydenim.com\/?p=3722"},"modified":"2025-08-23T16:05:29","modified_gmt":"2025-08-23T08:05:29","slug":"bell-bottom-jeans","status":"publish","type":"post","link":"https:\/\/lydenim.com\/pt\/jeans-boca-de-sino\/","title":{"rendered":"Inova\u00e7\u00f5es em Tecidos Jeans e Cal\u00e7as Boca de Sino: Uma Revolu\u00e7\u00e3o Global no Estilo"},"content":{"rendered":"<h2 data-pm-slice=\"1 1 []\">Tempo estimado de leitura: ~4 minutos<\/h2>\n<h2 style=\"text-align: left;\" data-pm-slice=\"1 1 []\">Introdu\u00e7\u00e3o<\/h2>\n<p style=\"text-align: left;\">O jeans evoluiu de uma pe\u00e7a de vestu\u00e1rio profissional do s\u00e9culo XIX para um \u00edcone da moda global. O ressurgimento da cal\u00e7a boca de sino em 2025 exemplifica o apelo atemporal do jeans \u2014 impulsionado pela inova\u00e7\u00e3o tecnol\u00f3gica, pr\u00e1ticas sustent\u00e1veis e design intercultural. Neste artigo, exploramos a evolu\u00e7\u00e3o do tecido jeans, examinamos os avan\u00e7os ecol\u00f3gicos e destacamos as principais tend\u00eancias que moldam o futuro do jeans.<br \/>\n<a href=\"https:\/\/www.vogue.com\"><em>Saiba mais sobre moda sustent\u00e1vel na Vogue<\/em><\/a><em>.<\/em><\/p>\n<h2 style=\"text-align: left;\">1. Evolu\u00e7\u00e3o do Tecido Denim: Misturando Tradi\u00e7\u00e3o com Inova\u00e7\u00e3o<\/h2>\n<p style=\"text-align: left;\">O denim moderno vai al\u00e9m da tradicional sarja de algod\u00e3o. Inova\u00e7\u00f5es como o denim de malha \u2014 inspirado em tecidos de Jersey e misturas de Tencel\u2122 e algod\u00e3o \u2014 oferecem melhor respirabilidade, especialmente em climas tropicais. Por exemplo, o denim slub com trama cruzada, caracterizado por texturas irregulares de fios, tornou-se popular por sua est\u00e9tica artesanal e maior durabilidade.<\/p>\n<div style=\"width: 534px\" class=\"wp-caption aligncenter\"><img loading=\"lazy\" decoding=\"async\" src=\"https:\/\/i.pinimg.com\/736x\/35\/65\/0d\/35650d1524298500a23c5a88df7e1f4f.jpg\" alt=\"Tecido jeans tradicional\" width=\"524\" height=\"787\" \/><p class=\"wp-caption-text\">Tecido Denim Tradicional<\/p><\/div>\n<div style=\"width: 517px\" class=\"wp-caption aligncenter\"><img loading=\"lazy\" decoding=\"async\" src=\"https:\/\/m.media-amazon.com\/images\/I\/A1i-waxRzlL._AC_SY879_.jpg\" alt=\"Tecido jeans de malha\" width=\"507\" height=\"762\" \/><p class=\"wp-caption-text\">Tecido jeans de malha<\/p><\/div>\n<div style=\"width: 565px\" class=\"wp-caption aligncenter\"><img loading=\"lazy\" decoding=\"async\" src=\"https:\/\/i.pinimg.com\/736x\/c1\/92\/c6\/c192c6d5d45cd30799a9226cd6cbb19b.jpg\" alt=\"Textura de tecido jeans azul Tencel \" width=\"555\" height=\"555\" \/><p class=\"wp-caption-text\">Tecido Tencel Denim<\/p><\/div>\n<h2 style=\"text-align: left;\">2. Cal\u00e7as jeans boca de sino: um legado intercultural<\/h2>\n<p style=\"text-align: left;\"><strong>Ra\u00edzes hist\u00f3ricas:<\/strong><br \/>\nA silhueta boca de sino - origin\u00e1ria da cultura disco dos anos 1970 e dos uniformes navais (ver <a href=\"https:\/\/en.wikipedia.org\/wiki\/Bell-bottoms\">Wikip\u00e9dia: Cal\u00e7as boca de sino<\/a>)\u2014ressurgiu em 2025, unindo nostalgia retr\u00f4 com alfaiataria moderna.<\/p>\n<p style=\"text-align: left;\"><img loading=\"lazy\" decoding=\"async\" class=\"aligncenter\" src=\"https:\/\/i.pinimg.com\/736x\/64\/39\/39\/643939dacd9278c0c9be809e0892287b.jpg\" alt=\"imagem do carrossel 1\" width=\"493\" height=\"657\" \/><img loading=\"lazy\" decoding=\"async\" class=\"aligncenter\" src=\"https:\/\/i.pinimg.com\/736x\/4d\/05\/62\/4d056217cd11df0b898070b3757096d7.jpg\" alt=\"imagem do carrossel 0\" width=\"492\" height=\"656\" \/><\/p>\n<h2 style=\"text-align: left;\">3. Sustentabilidade: O Futuro do Denim<\/h2>\n<p style=\"text-align: left;\">Pr\u00e1ticas ecol\u00f3gicas est\u00e3o na vanguarda da inova\u00e7\u00e3o em jeans:<\/p>\n<ul style=\"text-align: left;\" data-spread=\"false\">\n<li><strong>Tingimento sem \u00e1gua:<\/strong> Este m\u00e9todo reduz o consumo de \u00e1gua em at\u00e9 70%, conforme destacado em um <a href=\"https:\/\/www.scientific.net\">Estudo da Scientific.Net<\/a>.<\/li>\n<li><strong>Moda Circular:<\/strong> Marcas como a Nudie Jeans est\u00e3o estabelecendo novos padr\u00f5es ao reciclar e reaproveitar o jeans, em colabora\u00e7\u00e3o com a <a href=\"https:\/\/www.ellenmacarthurfoundation.org\">Funda\u00e7\u00e3o Ellen MacArthur<\/a>.<\/li>\n<\/ul>\n<h2 style=\"text-align: left;\">4. Guia de Estilo 2025: Cores e Tend\u00eancias Pantone<\/h2>\n<p style=\"text-align: left;\"><strong>Paleta Pantone 2025:<\/strong><\/p>\n<ul style=\"text-align: left;\" data-spread=\"false\">\n<li><strong>Azul Cl\u00e1ssico (19-4052 TCX):<\/strong> Emblem\u00e1tico de estabilidade, perfeito para looks monocrom\u00e1ticos.<img decoding=\"async\" class=\"aligncenter\" src=\"https:\/\/www.pantone.com\/media\/color-finder\/img\/chips\/pantone-color-chip-19-4052-tcx.webp\" alt=\"Amostra de cor PANTONE &lt;sup&gt;\u00ae&lt;\/sup&gt; 19-4052 TCX\" \/><\/li>\n<li><strong>Vermelho Fogo (18-1664 TCX):<\/strong> Oferece toques ousados em designs minimalistas.<img decoding=\"async\" class=\"aligncenter\" src=\"https:\/\/www.pantone.com\/media\/color-finder\/img\/chips\/pantone-color-chip-18-1664-tcx.webp\" alt=\"Amostra de cor PANTONE &lt;sup&gt;\u00ae&lt;\/sup&gt; 18-1664 TCX\" \/><\/li>\n<\/ul>\n<h2 style=\"text-align: left;\">Conclus\u00e3o<\/h2>\n<p style=\"text-align: left;\">A fus\u00e3o inovadora de tecnologias de ponta em tecidos jeans com o ic\u00f4nico design da cal\u00e7a boca de sino sinaliza uma revolu\u00e7\u00e3o global de estilo em 2025. Seja voc\u00ea um designer de moda ou um consumidor atento a tend\u00eancias, o futuro do jeans reside na inova\u00e7\u00e3o sustent\u00e1vel e no design atemporal. Fique \u00e0 frente com essas tend\u00eancias din\u00e2micas e insights de especialistas das principais fontes do setor.<\/p>\n<h2 dir=\"auto\">Servi\u00e7os de personaliza\u00e7\u00e3o da LYDENIM<\/h2>\n<p dir=\"auto\">\ud83c\udfa8 Quero <strong>tecidos jeans personalizados<\/strong> ou\u00a0 <strong>exclusivo<\/strong> <strong>pe\u00e7a jeans personalizada<\/strong>? A LYDENIM \u00e9 especializada em solu\u00e7\u00f5es personalizadas para atender \u00e0s suas necessidades de design e produ\u00e7\u00e3o.<\/p>\n<p dir=\"auto\">\ud83d\udecd\ufe0f <strong>Explore e inspire-se<\/strong>: Navegue por nossas sele\u00e7\u00f5es de tecidos e descubra ideias de design em <a href=\"https:\/\/lydenim.com\/pt\/\" target=\"_blank\" rel=\"noopener noreferrer nofollow\">LYDenim<\/a>.<\/p>\n<p dir=\"auto\">\ud83c\udf10 <strong>Roupas el\u00e1sticas<\/strong>: Confira nossas ofertas em <a href=\"http:\/\/liangyuantextile.m.en.alibaba.com\" target=\"_blank\" rel=\"noopener noreferrer nofollow\">MeuAlibaba<\/a>. \ud83d\udce9 <strong>Contate-nos<\/strong>: Entre em contato em <a href=\"mailto:malone@lydenim.com\" target=\"_blank\" rel=\"noopener noreferrer nofollow\">malone@lydenim.com<\/a>.<\/p>\n<p dir=\"auto\">Crie sua obra-prima de jeans com LYDENIM - seu parceiro de confian\u00e7a para <strong>tecido el\u00e1stico<\/strong> e <strong>solu\u00e7\u00f5es personalizadas de jeans<\/strong>.<\/p>","protected":false},"excerpt":{"rendered":"<p>Tempo estimado de leitura: ~4 minutos Introdu\u00e7\u00e3o O jeans evoluiu de uma pe\u00e7a de vestu\u00e1rio de trabalho do s\u00e9culo XIX para um \u00edcone da moda global. O ressurgimento do<\/p>","protected":false},"author":1,"featured_media":3733,"comment_status":"open","ping_status":"open","sticky":false,"template":"","format":"standard","meta":{"two_page_speed":[],"footnotes":""},"categories":[66,67],"tags":[],"class_list":["post-3722","post","type-post","status-publish","format-standard","has-post-thumbnail","hentry","category-denim-knowledge","category-market"],"aioseo_notices":[],"_links":{"self":[{"href":"https:\/\/lydenim.com\/pt\/wp-json\/wp\/v2\/posts\/3722","targetHints":{"allow":["GET"]}}],"collection":[{"href":"https:\/\/lydenim.com\/pt\/wp-json\/wp\/v2\/posts"}],"about":[{"href":"https:\/\/lydenim.com\/pt\/wp-json\/wp\/v2\/types\/post"}],"author":[{"embeddable":true,"href":"https:\/\/lydenim.com\/pt\/wp-json\/wp\/v2\/users\/1"}],"replies":[{"embeddable":true,"href":"https:\/\/lydenim.com\/pt\/wp-json\/wp\/v2\/comments?post=3722"}],"version-history":[{"count":16,"href":"https:\/\/lydenim.com\/pt\/wp-json\/wp\/v2\/posts\/3722\/revisions"}],"predecessor-version":[{"id":6208,"href":"https:\/\/lydenim.com\/pt\/wp-json\/wp\/v2\/posts\/3722\/revisions\/6208"}],"wp:featuredmedia":[{"embeddable":true,"href":"https:\/\/lydenim.com\/pt\/wp-json\/wp\/v2\/media\/3733"}],"wp:attachment":[{"href":"https:\/\/lydenim.com\/pt\/wp-json\/wp\/v2\/media?parent=3722"}],"wp:term":[{"taxonomy":"category","embeddable":true,"href":"https:\/\/lydenim.com\/pt\/wp-json\/wp\/v2\/categories?post=3722"},{"taxonomy":"post_tag","embeddable":true,"href":"https:\/\/lydenim.com\/pt\/wp-json\/wp\/v2\/tags?post=3722"}],"curies":[{"name":"wp","href":"https:\/\/api.w.org\/{rel}","templated":true}]}}