{"id":3739,"date":"2025-02-21T15:06:55","date_gmt":"2025-02-21T07:06:55","guid":{"rendered":"https:\/\/lydenim.com\/?p=3739"},"modified":"2025-08-23T15:57:33","modified_gmt":"2025-08-23T07:57:33","slug":"fabric-shrinkage","status":"publish","type":"post","link":"https:\/\/lydenim.com\/pt\/encolhimento-do-tecido\/","title":{"rendered":"Compreendendo o encolhimento do tecido jeans: um guia abrangente"},"content":{"rendered":"<h2 data-pm-slice=\"1 1 []\">Tempo estimado de leitura: ~5 minutos<\/h2>\n<h2 style=\"text-align: left;\" data-pm-slice=\"1 1 []\">Introdu\u00e7\u00e3o<\/h2>\n<p class=\"break-words\" style=\"text-align: left;\">O jeans, o ic\u00f4nico tecido de sarja de algod\u00e3o, sin\u00f4nimo de jeans, \u00e9 apreciado mundialmente por sua durabilidade e estilo. No entanto, um desafio persistente para entusiastas e fabricantes de jeans \u00e9 o encolhimento. Seja voc\u00ea um aficionado por moda ou um profissional t\u00eaxtil, dominar as causas do encolhimento do jeans e como lidar com ele \u00e9 crucial. Este artigo explora a ci\u00eancia por tr\u00e1s do encolhimento do jeans, os principais fatores de influ\u00eancia e dicas pr\u00e1ticas de preven\u00e7\u00e3o, com base em dados, insights de especialistas e fontes confi\u00e1veis.<\/p>\n<h2 style=\"text-align: left;\">Por que o jeans encolhe?<\/h2>\n<p class=\"break-words\" style=\"text-align: left;\">O encolhimento do jeans se deve ao seu principal componente: o algod\u00e3o. Como fibra natural, o algod\u00e3o se contrai quando exposto \u00e0 umidade e ao calor. De acordo com <a href=\"https:\/\/www.homegrowncotton.us\/blog\/what-you-need-to-know-about-cotton-shrinking\" target=\"_blank\" rel=\"noopener noreferrer\">Algod\u00e3o cultivado em casa<\/a>As fibras de algod\u00e3o incham e encurtam quando molhadas, liberando a tens\u00e3o acumulada durante a fia\u00e7\u00e3o e a tecelagem. Esse processo \u00e9 amplificado pelo calor durante a lavagem ou secagem, tornando o jeans cru \u2014 n\u00e3o lavado e n\u00e3o tratado durante a produ\u00e7\u00e3o \u2014 especialmente propenso a encolher.<\/p>\n<h2 style=\"text-align: left;\">Principais fatores que influenciam o encolhimento do jeans<\/h2>\n<p class=\"break-words\" style=\"text-align: left;\">V\u00e1rios fatores determinam o quanto o jeans encolhe:<\/p>\n<div style=\"text-align: left;\">\n<ul>\n<li class=\"break-words\"><strong>Conte\u00fado de fibra<\/strong>: O jeans de algod\u00e3o puro encolhe mais do que aqueles com misturas de fibras sint\u00e9ticas como o poli\u00e9ster. Pesquisas de <a href=\"https:\/\/northshorecrafts.com\/will-70-cotton-30-polyester-shrink\/\" target=\"_blank\" rel=\"noopener noreferrer\">Artesanato North Shore<\/a> mostra que uma mistura de algod\u00e3o 70% e poli\u00e9ster 30% tem encolhimento reduzido devido \u00e0 estabilidade do poli\u00e9ster.<\/li>\n<\/ul>\n<ul>\n<li class=\"break-words\"><strong>Tipo de trama<\/strong>: Tecidos mais apertados, como o sarja tradicional do jeans, encolhem mais devido \u00e0 maior tens\u00e3o do fio. <a href=\"https:\/\/sino-silk.com\/the-difference-between-plain-twill-and-satin-weave\/\" target=\"_blank\" rel=\"noopener noreferrer\">Sinosilk<\/a> explica que os fios flutuantes da sarja permitem mais contra\u00e7\u00e3o do que os tecidos simples.<\/li>\n<\/ul>\n<ul>\n<li class=\"break-words\"><strong>Processamento<\/strong>: O denim pr\u00e9-lavado ou sanforizado passa por tratamentos para minimizar o encolhimento, ao contr\u00e1rio do denim cru. O denim n\u00e3o el\u00e1stico pode atingir at\u00e9 mesmo o encolhimento 0% com t\u00e9cnicas avan\u00e7adas, conforme observado em <a href=\"https:\/\/denimhunters.com\/denim-wiki\/denim-explained\/sanforization\/\" target=\"_blank\" rel=\"noopener noreferrer\">Ca\u00e7adores de jeans<\/a>.<\/li>\n<\/ul>\n<ul>\n<li class=\"break-words\"><strong>Condi\u00e7\u00f5es de lavagem e secagem<\/strong>: \u00c1gua quente e secagem em altas temperaturas agravam o encolhimento. <a href=\"https:\/\/www.whirlpool.com\/blog\/washers-and-dryers\/does-hot-water-shrink-clothes.html\" target=\"_blank\" rel=\"noopener noreferrer\">Hidromassagem<\/a> confirma que a \u00e1gua quente pode encolher tecidos de algod\u00e3o em at\u00e9 20%.<\/li>\n<\/ul>\n<\/div>\n<div style=\"width: 560px\" class=\"wp-caption aligncenter\"><img loading=\"lazy\" decoding=\"async\" src=\"https:\/\/www.mdpi.com\/molecules\/molecules-26-05831\/article_deploy\/html\/images\/molecules-26-05831-g001-550.jpg\" alt=\"Vis\u00e3o microsc\u00f3pica das fibras de algod\u00e3o\" width=\"550\" height=\"196\" \/><p class=\"wp-caption-text\">Vis\u00e3o microsc\u00f3pica das fibras de algod\u00e3o<\/p><\/div>\n<h2 style=\"text-align: left;\">Dados sobre o encolhimento do jeans<\/h2>\n<p class=\"break-words\" style=\"text-align: left;\">As taxas de encolhimento variam de acordo com o tipo de jeans e o processamento. Com base em dados de mercado e insights do setor, aqui est\u00e1 uma tabela detalhada:<\/p>\n<table class=\"table-fixed alignleft\" style=\"height: 147px;\" width=\"1425\">\n<thead>\n<tr>\n<th class=\"break-words\"><strong>Tipo de jeans<\/strong><\/th>\n<th class=\"break-words\"><strong>Taxa de encolhimento (comprimento)<\/strong><\/th>\n<th class=\"break-words\"><strong>Taxa de encolhimento (largura)<\/strong><\/th>\n<th class=\"break-words\"><strong>Fonte<\/strong><\/th>\n<\/tr>\n<\/thead>\n<tbody>\n<tr>\n<td class=\"break-words\">Denim cru<\/td>\n<td class=\"break-words\">6-7%<\/td>\n<td class=\"break-words\">15-16%<\/td>\n<td class=\"break-words\">Dados de mercado<\/td>\n<\/tr>\n<tr>\n<td class=\"break-words\">Denim pr\u00e9-lavado<\/td>\n<td class=\"break-words\">1-3%<\/td>\n<td class=\"break-words\">1-2%<\/td>\n<td class=\"break-words\"><a href=\"https:\/\/www.denimology.com\/\" target=\"_blank\" rel=\"noopener noreferrer\">Denimologia<\/a><\/td>\n<\/tr>\n<tr>\n<td class=\"break-words\">Sanforizado\/N\u00e3o El\u00e1stico<\/td>\n<td class=\"break-words\">0-1% (0% com processamento especial)<\/td>\n<td class=\"break-words\">0-1% (0% com processamento especial)<\/td>\n<td class=\"break-words\"><a href=\"https:\/\/www.textileworld.com\/\" target=\"_blank\" rel=\"noopener noreferrer\">Insights T\u00eaxteis<\/a><\/td>\n<\/tr>\n<\/tbody>\n<\/table>\n<p class=\"break-words\" style=\"text-align: left;\"><em>Observa\u00e7\u00e3o: as taxas dependem das propriedades do tecido (por exemplo, elasticidade) e das condi\u00e7\u00f5es de cuidado. Jeans sem elasticidade podem apresentar encolhimento zero com processos especializados.<\/em><br \/>\nCuriosamente, a contra\u00e7\u00e3o da largura (15-16%) excede a contra\u00e7\u00e3o do comprimento (6-7%) no denim cru, ao contr\u00e1rio das expectativas tradicionais (por exemplo, 3-5% de contra\u00e7\u00e3o da largura por <a href=\"https:\/\/en.wikipedia.org\/wiki\/Denim\" target=\"_blank\" rel=\"noopener noreferrer\">Wikip\u00e9dia: Jeans<\/a>), possivelmente devido \u00e0 tens\u00e3o \u00fanica da trama ou ao alinhamento das fibras em tecidos espec\u00edficos do mercado.<\/p>\n<h2 style=\"text-align: left;\">Como evitar o encolhimento do jeans<\/h2>\n<p class=\"break-words\" style=\"text-align: left;\">Mantenha seu jeans em \u00f3tima forma com essas estrat\u00e9gias apoiadas por especialistas:<\/p>\n<ul style=\"text-align: left;\">\n<li style=\"list-style-type: none;\">\n<ul>\n<li class=\"break-words\"><strong>Lavagem a frio<\/strong>: Use \u00e1gua fria para minimizar a contra\u00e7\u00e3o das fibras. <a href=\"https:\/\/www.epa.gov\/greenerproducts\/partnering-epa-promote-energy-efficient-washing-machines\" target=\"_blank\" rel=\"noopener noreferrer\">Ag\u00eancia de Prote\u00e7\u00e3o Ambiental dos EUA (EPA)<\/a> destaca que a lavagem a frio tamb\u00e9m economiza energia.<\/li>\n<\/ul>\n<\/li>\n<\/ul>\n<ul style=\"text-align: left;\">\n<li style=\"list-style-type: none;\">\n<ul>\n<li class=\"break-words\"><strong>Secar ao ar<\/strong>: Evite a secadora; a secagem ao ar preserva a forma do jeans, conforme recomendado por <a href=\"https:\/\/www.thespruce.com\/best-way-to-dry-clothes-without-a-dryer-2146153\" target=\"_blank\" rel=\"noopener noreferrer\">O abeto<\/a>.<\/li>\n<\/ul>\n<\/li>\n<\/ul>\n<ul style=\"text-align: left;\">\n<li style=\"list-style-type: none;\">\n<ul>\n<li class=\"break-words\"><strong>Escolha Pr\u00e9-Encolhido<\/strong>: Opte por jeans sanforizados ou pr\u00e9-lavados \u2014 ou tecidos n\u00e3o el\u00e1sticos processados para encolhimento zero. Saiba mais em <a href=\"https:\/\/www.tellason.com\/the-journal\/sanforized-vs-unsanforized-denim\/\" target=\"_blank\" rel=\"noopener noreferrer\">Tellason<\/a>.<\/li>\n<\/ul>\n<\/li>\n<\/ul>\n<div style=\"width: 610px\" class=\"wp-caption aligncenter\"><img loading=\"lazy\" decoding=\"async\" class=\"\" src=\"https:\/\/i.pinimg.com\/1200x\/ca\/ab\/00\/caab001719d6207a4c5ced7800df64ea.jpg\" alt=\"COMO CUIDAR DO DENIM\" width=\"600\" height=\"900\" \/><p class=\"wp-caption-text\">COMO CUIDAR DO DENIM<\/p><\/div>\n<h2 style=\"text-align: left;\">A ci\u00eancia por tr\u00e1s da sanforiza\u00e7\u00e3o<\/h2>\n<p class=\"break-words\" style=\"text-align: left;\">A sanforiza\u00e7\u00e3o, patenteada na d\u00e9cada de 1930, pr\u00e9-encolhe o jeans por meio de alongamento mec\u00e2nico e vapor. De acordo com <a href=\"https:\/\/www.sciencedirect.com\/topics\/engineering\/sanforization\" target=\"_blank\" rel=\"noopener noreferrer\">ScienceDirect<\/a>, isso reduz o encolhimento residual para menos de 1%. Para jeans n\u00e3o el\u00e1sticos, o processamento avan\u00e7ado pode eliminar completamente o encolhimento, revolucionando a produ\u00e7\u00e3o de jeans.<\/p>\n<h2 style=\"text-align: left;\">Conclus\u00e3o<\/h2>\n<p class=\"break-words\" style=\"text-align: left;\">O encolhimento do jeans \u00e9 um fen\u00f4meno natural ligado \u00e0s propriedades do algod\u00e3o, mas \u00e9 control\u00e1vel com cuidado e processamento adequados. Seja voc\u00ea um apreciador da autenticidade do jeans cru ou um apreciador da praticidade do jeans pr\u00e9-encolhido, entender o encolhimento prolonga a vida \u00fatil do seu jeans. Para um conhecimento t\u00eaxtil mais aprofundado, explore <a href=\"https:\/\/www.textileworld.com\/\" target=\"_blank\" rel=\"noopener noreferrer\">Mundo T\u00eaxtil<\/a> ou <a href=\"https:\/\/en.wikipedia.org\/wiki\/Denim\" target=\"_blank\" rel=\"noopener noreferrer\">Wikip\u00e9dia: Jeans<\/a>.<\/p>\n<h2 dir=\"auto\">Servi\u00e7os de personaliza\u00e7\u00e3o da LYDENIM<\/h2>\n<p dir=\"auto\">\ud83c\udfa8 Quero <strong>tecidos jeans personalizados<\/strong> ou\u00a0 <strong>exclusivo<\/strong> <strong>pe\u00e7a jeans personalizada<\/strong>? A LYDENIM \u00e9 especializada em solu\u00e7\u00f5es personalizadas para atender \u00e0s suas necessidades de design e produ\u00e7\u00e3o.<\/p>\n<p dir=\"auto\">\ud83d\udecd\ufe0f <strong>Explore e inspire-se<\/strong>: Navegue por nossas sele\u00e7\u00f5es de tecidos e descubra ideias de design em <a href=\"https:\/\/lydenim.com\/pt\/\" target=\"_blank\" rel=\"noopener noreferrer nofollow\">LYDenim<\/a>.<\/p>\n<p dir=\"auto\">\ud83c\udf10 <strong>Roupas el\u00e1sticas<\/strong>: Confira nossas ofertas em <a href=\"http:\/\/liangyuantextile.m.en.alibaba.com\" target=\"_blank\" rel=\"noopener noreferrer nofollow\">MeuAlibaba<\/a>. \ud83d\udce9 <strong>Contate-nos<\/strong>: Entre em contato em <a href=\"mailto:malone@lydenim.com\" target=\"_blank\" rel=\"noopener noreferrer nofollow\">malone@lydenim.com<\/a>.<\/p>\n<p dir=\"auto\">Crie sua obra-prima de jeans com LYDENIM - seu parceiro de confian\u00e7a para <strong>tecido el\u00e1stico<\/strong> e <strong>solu\u00e7\u00f5es personalizadas de jeans<\/strong>.<\/p>","protected":false},"excerpt":{"rendered":"<p>Tempo estimado de leitura: ~5 minutos Introdu\u00e7\u00e3o O jeans, o ic\u00f4nico tecido de sarja de algod\u00e3o sin\u00f4nimo de jeans, \u00e9 apreciado mundialmente por sua<\/p>","protected":false},"author":1,"featured_media":3743,"comment_status":"open","ping_status":"open","sticky":false,"template":"","format":"standard","meta":{"two_page_speed":[],"footnotes":""},"categories":[66],"tags":[],"class_list":["post-3739","post","type-post","status-publish","format-standard","has-post-thumbnail","hentry","category-denim-knowledge"],"aioseo_notices":[],"_links":{"self":[{"href":"https:\/\/lydenim.com\/pt\/wp-json\/wp\/v2\/posts\/3739","targetHints":{"allow":["GET"]}}],"collection":[{"href":"https:\/\/lydenim.com\/pt\/wp-json\/wp\/v2\/posts"}],"about":[{"href":"https:\/\/lydenim.com\/pt\/wp-json\/wp\/v2\/types\/post"}],"author":[{"embeddable":true,"href":"https:\/\/lydenim.com\/pt\/wp-json\/wp\/v2\/users\/1"}],"replies":[{"embeddable":true,"href":"https:\/\/lydenim.com\/pt\/wp-json\/wp\/v2\/comments?post=3739"}],"version-history":[{"count":8,"href":"https:\/\/lydenim.com\/pt\/wp-json\/wp\/v2\/posts\/3739\/revisions"}],"predecessor-version":[{"id":6193,"href":"https:\/\/lydenim.com\/pt\/wp-json\/wp\/v2\/posts\/3739\/revisions\/6193"}],"wp:featuredmedia":[{"embeddable":true,"href":"https:\/\/lydenim.com\/pt\/wp-json\/wp\/v2\/media\/3743"}],"wp:attachment":[{"href":"https:\/\/lydenim.com\/pt\/wp-json\/wp\/v2\/media?parent=3739"}],"wp:term":[{"taxonomy":"category","embeddable":true,"href":"https:\/\/lydenim.com\/pt\/wp-json\/wp\/v2\/categories?post=3739"},{"taxonomy":"post_tag","embeddable":true,"href":"https:\/\/lydenim.com\/pt\/wp-json\/wp\/v2\/tags?post=3739"}],"curies":[{"name":"wp","href":"https:\/\/api.w.org\/{rel}","templated":true}]}}