{"id":3745,"date":"2025-02-24T15:08:42","date_gmt":"2025-02-24T07:08:42","guid":{"rendered":"https:\/\/lydenim.com\/?p=3745"},"modified":"2025-08-23T16:06:58","modified_gmt":"2025-08-23T08:06:58","slug":"indigo-denim","status":"publish","type":"post","link":"https:\/\/lydenim.com\/pt\/a-fascinante-historia-do-corante-azul-em-jeans-do-indigo-ao-icone\/","title":{"rendered":"A fascinante hist\u00f3ria do tingimento azul em jeans: do \u00edndigo ao \u00edcone"},"content":{"rendered":"<h2 style=\"text-align: left;\" data-pm-slice=\"1 1 []\">Tempo estimado de leitura ~4 minutos<\/h2>\n<h2 style=\"text-align: left;\" data-pm-slice=\"1 1 []\">Introdu\u00e7\u00e3o<\/h2>\n<p data-start=\"40\" data-end=\"516\">Jeans s\u00e3o um item b\u00e1sico da moda global, mas voc\u00ea j\u00e1 se perguntou por que eles s\u00e3o quase sempre azuis? A resposta est\u00e1 na rica hist\u00f3ria do tingimento \u00edndigo e sua rela\u00e7\u00e3o \u00fanica com o tecido jeans. Nesta publica\u00e7\u00e3o, exploraremos as origens do jeans azul, seu significado cultural e como ele se tornou um s\u00edmbolo de rebeli\u00e3o, liberdade e estilo. Ao longo do caminho, tamb\u00e9m veremos como o jeans evoluiu de roupa de trabalho para um \u00edcone da moda e por que seu tom azul caracter\u00edstico permanece atemporal.<\/p>\n<h2 data-start=\"518\" data-end=\"559\"><strong data-start=\"518\" data-end=\"559\">As origens do Blue Denim: <a href=\"https:\/\/en.wikipedia.org\/wiki\/Indigofera\">Corante \u00edndigo<\/a><\/strong><\/h2>\n<p data-start=\"561\" data-end=\"1052\">A hist\u00f3ria do denim azul come\u00e7a com o corante \u00edndigo, um corante natural derivado da planta \u00edndigo. Historicamente, o \u00edndigo era um dos corantes mais acess\u00edveis e baratos, tornando-o uma escolha pr\u00e1tica para roupas de trabalho. No s\u00e9culo XIX, os jeans denim foram originalmente projetados para trabalhadores, mineiros e cowboys que precisavam de roupas dur\u00e1veis. A cor azul profunda do \u00edndigo n\u00e3o apenas escondia sujeira e manchas, mas tamb\u00e9m desbotava lindamente com o tempo, criando padr\u00f5es de uso exclusivos que adicionavam personalidade a cada par.<\/p>\n<div style=\"width: 611px\" class=\"wp-caption aligncenter\"><img loading=\"lazy\" decoding=\"async\" class=\"aligncenter\" src=\"https:\/\/mysocalgarden.imgix.net\/posts\/2022\/w-indigofera-tinctoria-0001.jpg?ar=5%3A3&amp;auto=format%2Ccompress&amp;fit=crop&amp;ixlib=react-9.2.0&amp;w=4087\" alt=\"Como cultivar uma planta \u00edndigo\" width=\"601\" height=\"361\" \/><p class=\"wp-caption-text\">Planta \u00edndigo<\/p><\/div>\n<div style=\"width: 608px\" class=\"wp-caption aligncenter\"><img loading=\"lazy\" decoding=\"async\" class=\"aligncenter\" src=\"https:\/\/i.pinimg.com\/736x\/17\/c0\/49\/17c0490cc5ceb75b8fc7c936a744d379.jpg\" alt=\"\" width=\"598\" height=\"842\" \/><p class=\"wp-caption-text\">Roupas de trabalho jeans<\/p><\/div>\n<h2 data-start=\"1054\" data-end=\"1097\"><strong data-start=\"1054\" data-end=\"1097\">Por que azul? A ci\u00eancia por tr\u00e1s do corante \u00edndigo<\/strong><\/h2>\n<p data-start=\"1099\" data-end=\"1549\">O corante \u00edndigo tem uma propriedade \u00fanica: ele n\u00e3o penetra totalmente no tecido. Em vez disso, ele se liga \u00e0 superf\u00edcie dos fios de algod\u00e3o, e \u00e9 por isso que o jeans desbota t\u00e3o distintamente. Cada lavagem remove um pouco do corante, amaciando o tecido e criando aquelas cobi\u00e7adas linhas de desbotamento, ou &quot;bigodes&quot;, que tornam cada par de jeans \u00fanico. Esse processo de desbotamento \u00e9 o que d\u00e1 ao jeans sua apar\u00eancia robusta e usada, uma caracter\u00edstica que fez do jeans azul um favorito por gera\u00e7\u00f5es.<\/p>\n<h2 data-start=\"1551\" data-end=\"1606\"><strong data-start=\"1551\" data-end=\"1606\">O impacto cultural do jeans: do workwear \u00e0 rebeli\u00e3o<\/strong><\/h2>\n<p data-start=\"1608\" data-end=\"2066\">Embora o denim tenha come\u00e7ado como uma roupa de trabalho pr\u00e1tica, ele rapidamente se tornou um s\u00edmbolo de rebeli\u00e3o e liberdade. Na d\u00e9cada de 1950, \u00edcones como James Dean e Marlon Brando usaram jeans em filmes como <em data-start=\"1789\" data-end=\"1812\">Rebelde sem causa<\/em> e <em data-start=\"1817\" data-end=\"1831\">O selvagem<\/em>, transformando-os em um s\u00edmbolo de desafio juvenil. Nas d\u00e9cadas de 1960 e 70, o jeans foi adotado por movimentos de contracultura, representando uma ruptura com a tradi\u00e7\u00e3o. Hoje, o jeans azul \u00e9 um s\u00edmbolo universal de estilo casual e autoexpress\u00e3o.<\/p>\n<div style=\"width: 458px\" class=\"wp-caption aligncenter\"><img loading=\"lazy\" decoding=\"async\" src=\"https:\/\/i.pinimg.com\/originals\/12\/51\/c6\/1251c6d1b396e97d216608daaaf43254.jpg\" alt=\"Tend\u00eancias do Denim - A Hist\u00f3ria do Denim | James Dean | James Dean, Marlon Brando James Dean, Jimmy Dean\" width=\"448\" height=\"617\" \/><p class=\"wp-caption-text\">Propaganda retr\u00f4 de jeans Levi&#039;s<\/p><\/div>\n<h2 data-start=\"2068\" data-end=\"2102\"><strong data-start=\"2068\" data-end=\"2102\">A evolu\u00e7\u00e3o da moda jeans<\/strong><\/h2>\n<p data-start=\"2104\" data-end=\"2498\">O jeans transcendeu suas origens humildes para se tornar um item b\u00e1sico da moda. Das cal\u00e7as boca de sino nos anos 70 aos jeans skinny nos anos 2000, o jeans se adaptou a todas as tend\u00eancias, mantendo sua identidade principal. Os designers experimentaram lavagens, cortes e cores, mas o cl\u00e1ssico jeans azul continua ic\u00f4nico. Sua versatilidade permite que ele seja usado de forma formal ou informal, tornando-o um item essencial em qualquer guarda-roupa.<\/p>\n<p data-start=\"2104\" data-end=\"2498\"><img loading=\"lazy\" decoding=\"async\" class=\"aligncenter\" src=\"https:\/\/i.pinimg.com\/736x\/90\/e1\/8b\/90e18b9f0143ace827e8e1396c260b2a.jpg\" width=\"463\" height=\"579\" \/><\/p>\n<h2 data-start=\"2500\" data-end=\"2549\"><strong data-start=\"2500\" data-end=\"2549\">Sustentabilidade e o futuro do tingimento de jeans<\/strong><\/h2>\n<p data-start=\"2551\" data-end=\"2950\">O tingimento tradicional de jeans, embora ic\u00f4nico, tem desvantagens ambientais. O processo usa grandes quantidades de \u00e1gua e produtos qu\u00edmicos, levando \u00e0 polui\u00e7\u00e3o. No entanto, a ind\u00fastria est\u00e1 evoluindo. Inova\u00e7\u00f5es como tingimento sem \u00e1gua e extra\u00e7\u00e3o natural de \u00edndigo est\u00e3o tornando a produ\u00e7\u00e3o de jeans mais sustent\u00e1vel. \u00c0 medida que os consumidores se tornam mais ecologicamente conscientes, o futuro do jeans est\u00e1 em equilibrar a tradi\u00e7\u00e3o com a sustentabilidade.<\/p>\n<h2 data-start=\"2952\" data-end=\"2966\"><strong data-start=\"2952\" data-end=\"2966\">Conclus\u00e3o<\/strong><\/h2>\n<p data-start=\"2968\" data-end=\"3366\">A hist\u00f3ria do corante azul em jeans \u00e9 uma hist\u00f3ria de praticidade, rebeli\u00e3o e estilo atemporal. De suas origens como workwear ao seu status como um \u00edcone da moda global, o jeans azul perdurou por causa de suas propriedades \u00fanicas de desbotamento, significado cultural e adaptabilidade. Ao olharmos para o futuro, pr\u00e1ticas sustent\u00e1veis garantir\u00e3o que este tecido amado continue sendo um item b\u00e1sico para as gera\u00e7\u00f5es futuras.<\/p>\n<h2 dir=\"auto\">Servi\u00e7os de personaliza\u00e7\u00e3o da LYDENIM<\/h2>\n<p dir=\"auto\">\ud83c\udfa8 Quero <strong>tecidos jeans personalizados<\/strong> ou\u00a0 <strong>exclusivo<\/strong> <strong>pe\u00e7a jeans personalizada<\/strong>? A LYDENIM \u00e9 especializada em solu\u00e7\u00f5es personalizadas para atender \u00e0s suas necessidades de design e produ\u00e7\u00e3o.<\/p>\n<p dir=\"auto\">\ud83d\udecd\ufe0f <strong>Explore e inspire-se<\/strong>: Navegue por nossas sele\u00e7\u00f5es de tecidos e descubra ideias de design em <a href=\"https:\/\/lydenim.com\/pt\/\" target=\"_blank\" rel=\"noopener noreferrer nofollow\">LYDenim<\/a>.<\/p>\n<p dir=\"auto\">\ud83c\udf10 <strong>Roupas el\u00e1sticas<\/strong>: Confira nossas ofertas em <a href=\"http:\/\/liangyuantextile.m.en.alibaba.com\" target=\"_blank\" rel=\"noopener noreferrer nofollow\">MeuAlibaba<\/a>. \ud83d\udce9 <strong>Contate-nos<\/strong>: Entre em contato em <a href=\"mailto:malone@lydenim.com\" target=\"_blank\" rel=\"noopener noreferrer nofollow\">malone@lydenim.com<\/a>.<\/p>\n<p dir=\"auto\">Crie sua obra-prima de jeans com LYDENIM - seu parceiro de confian\u00e7a para <strong>tecido el\u00e1stico<\/strong> e <strong>solu\u00e7\u00f5es personalizadas de jeans<\/strong>.<\/p>","protected":false},"excerpt":{"rendered":"<p>Tempo estimado de leitura ~4 minutos Introdu\u00e7\u00e3o O jeans \u00e9 um item b\u00e1sico da moda global, mas voc\u00ea j\u00e1 se perguntou por que ele \u00e9 t\u00e3o popular?<\/p>","protected":false},"author":1,"featured_media":3751,"comment_status":"open","ping_status":"open","sticky":false,"template":"","format":"standard","meta":{"two_page_speed":[],"footnotes":""},"categories":[66],"tags":[],"class_list":["post-3745","post","type-post","status-publish","format-standard","has-post-thumbnail","hentry","category-denim-knowledge"],"aioseo_notices":[],"_links":{"self":[{"href":"https:\/\/lydenim.com\/pt\/wp-json\/wp\/v2\/posts\/3745","targetHints":{"allow":["GET"]}}],"collection":[{"href":"https:\/\/lydenim.com\/pt\/wp-json\/wp\/v2\/posts"}],"about":[{"href":"https:\/\/lydenim.com\/pt\/wp-json\/wp\/v2\/types\/post"}],"author":[{"embeddable":true,"href":"https:\/\/lydenim.com\/pt\/wp-json\/wp\/v2\/users\/1"}],"replies":[{"embeddable":true,"href":"https:\/\/lydenim.com\/pt\/wp-json\/wp\/v2\/comments?post=3745"}],"version-history":[{"count":8,"href":"https:\/\/lydenim.com\/pt\/wp-json\/wp\/v2\/posts\/3745\/revisions"}],"predecessor-version":[{"id":6209,"href":"https:\/\/lydenim.com\/pt\/wp-json\/wp\/v2\/posts\/3745\/revisions\/6209"}],"wp:featuredmedia":[{"embeddable":true,"href":"https:\/\/lydenim.com\/pt\/wp-json\/wp\/v2\/media\/3751"}],"wp:attachment":[{"href":"https:\/\/lydenim.com\/pt\/wp-json\/wp\/v2\/media?parent=3745"}],"wp:term":[{"taxonomy":"category","embeddable":true,"href":"https:\/\/lydenim.com\/pt\/wp-json\/wp\/v2\/categories?post=3745"},{"taxonomy":"post_tag","embeddable":true,"href":"https:\/\/lydenim.com\/pt\/wp-json\/wp\/v2\/tags?post=3745"}],"curies":[{"name":"wp","href":"https:\/\/api.w.org\/{rel}","templated":true}]}}