{"id":3811,"date":"2025-03-03T11:23:51","date_gmt":"2025-03-03T03:23:51","guid":{"rendered":"https:\/\/lydenim.com\/?p=3811"},"modified":"2025-08-23T16:08:47","modified_gmt":"2025-08-23T08:08:47","slug":"how-to-incorporate-denim-into-your-design-portfolio","status":"publish","type":"post","link":"https:\/\/lydenim.com\/pt\/como-incorporar-jeans-em-seu-portfolio-de-design\/","title":{"rendered":"Como incorporar jeans em seu portf\u00f3lio de design"},"content":{"rendered":"<h2 data-pm-slice=\"1 1 []\">Tempo estimado de leitura: ~5 minutos<\/h2>\n<h2 style=\"text-align: left;\" data-pm-slice=\"1 1 []\">Introdu\u00e7\u00e3o<\/h2>\n<p class=\"break-words\">O jeans \u00e9 um tecido atemporal que transcendeu suas origens utilit\u00e1rias para se tornar um elemento-chave no design de moda. Seja voc\u00ea um designer experiente ou iniciante, adicionar jeans ao seu portf\u00f3lio pode destacar sua versatilidade e talento criativo. Este guia explora maneiras pr\u00e1ticas de integrar o jeans aos seus designs, combinando estilos cl\u00e1ssicos com tend\u00eancias modernas e t\u00e9cnicas inovadoras.<\/p>\n<h2>1. <strong>Desvendando a versatilidade do jeans<\/strong><\/h2>\n<p class=\"break-words\">O jeans n\u00e3o se limita apenas a jeans. Sua durabilidade e apelo texturizado o tornam ideal para uma variedade de pe\u00e7as:<\/p>\n<ul class=\"marker:text-secondary\">\n<li style=\"list-style-type: none;\">\n<ul class=\"marker:text-secondary\">\n<li class=\"break-words\"><strong>Jaquetas jeans<\/strong>: Reinvente esta pe\u00e7a essencial do guarda-roupa com bordados, patches ou lavagens ousadas.<\/li>\n<\/ul>\n<\/li>\n<\/ul>\n<ul class=\"marker:text-secondary\">\n<li style=\"list-style-type: none;\">\n<ul class=\"marker:text-secondary\">\n<li class=\"break-words\"><strong>Vestidos jeans<\/strong>: Do descontra\u00eddo ao elegante, eles oferecem infinitas possibilidades de cortes e detalhes.<\/li>\n<\/ul>\n<\/li>\n<\/ul>\n<ul class=\"marker:text-secondary\">\n<li style=\"list-style-type: none;\">\n<ul class=\"marker:text-secondary\">\n<li class=\"break-words\"><strong>Saias jeans<\/strong>: Experimente comprimentos como mini ou midi para diversificar sua cole\u00e7\u00e3o.<\/li>\n<\/ul>\n<\/li>\n<\/ul>\n<div style=\"width: 610px\" class=\"wp-caption aligncenter\"><img loading=\"lazy\" decoding=\"async\" class=\"\" src=\"https:\/\/i.pinimg.com\/736x\/0f\/7f\/dd\/0f7fdd4f7cee0d8a63748ace104dbc30.jpg\" alt=\"Jaqueta jeans\" width=\"600\" height=\"900\" \/><p class=\"wp-caption-text\">Jaqueta jeans<\/p><\/div>\n<div style=\"width: 610px\" class=\"wp-caption aligncenter\"><img loading=\"lazy\" decoding=\"async\" class=\"\" src=\"https:\/\/i.pinimg.com\/736x\/7e\/c8\/06\/7ec806f63b6f6427b652b87f3f715b3c.jpg\" alt=\"Vestidos jeans\" width=\"600\" height=\"960\" \/><p class=\"wp-caption-text\">Vestidos jeans<\/p><\/div>\n<div style=\"width: 610px\" class=\"wp-caption aligncenter\"><img loading=\"lazy\" decoding=\"async\" class=\"\" src=\"https:\/\/i.pinimg.com\/736x\/30\/17\/92\/3017920c965ede0d30ac0258d0f6b26c.jpg\" alt=\"Saias jeans\" width=\"600\" height=\"852\" \/><p class=\"wp-caption-text\">Saias jeans<\/p><\/div>\n<h2>2. <strong>Mergulhando nos tipos de tecido jeans<\/strong><\/h2>\n<p class=\"break-words\">O tipo de jeans que voc\u00ea escolher molda a est\u00e9tica do seu design:<\/p>\n<ul class=\"marker:text-secondary\">\n<li style=\"list-style-type: none;\">\n<ul class=\"marker:text-secondary\">\n<li class=\"break-words\"><strong>Selvedge Denim<\/strong>: Apreciado por suas bordas limpas e durabilidade, perfeito para pe\u00e7as premium.<\/li>\n<\/ul>\n<\/li>\n<\/ul>\n<ul class=\"marker:text-secondary\">\n<li style=\"list-style-type: none;\">\n<ul class=\"marker:text-secondary\">\n<li class=\"break-words\"><strong>Denim cru<\/strong>: Sem ser lavado e r\u00edgido, ele se adapta ao usu\u00e1rio ao longo do tempo para um ajuste personalizado.<\/li>\n<\/ul>\n<\/li>\n<\/ul>\n<ul class=\"marker:text-secondary\">\n<li style=\"list-style-type: none;\">\n<ul class=\"marker:text-secondary\">\n<li class=\"break-words\"><strong>Denim japon\u00eas<\/strong>: Conhecida pela qualidade excepcional, \u00e9 uma refer\u00eancia para designs de luxo.<\/li>\n<\/ul>\n<\/li>\n<\/ul>\n<p>&nbsp;<\/p>\n<div id=\"attachment_3807\" style=\"width: 610px\" class=\"wp-caption aligncenter\"><img loading=\"lazy\" decoding=\"async\" aria-describedby=\"caption-attachment-3807\" class=\"wp-image-3807 size-full\" src=\"https:\/\/lydenim.com\/wp-content\/uploads\/2025\/03\/DM_20250301012025_001-e1740820901452.jpg\" alt=\"Personaliza\u00e7\u00e3o do cliente Lydeinim\" width=\"600\" height=\"750\" \/><p id=\"caption-attachment-3807\" class=\"wp-caption-text\">Personaliza\u00e7\u00e3o do cliente Lydeinim<\/p><\/div>\n<h2>3. <strong>Aproveitando as tend\u00eancias do jeans<\/strong><\/h2>\n<p class=\"break-words\">Mantenha seu portf\u00f3lio atualizado com esses estilos de tend\u00eancia:<\/p>\n<ul class=\"marker:text-secondary\">\n<li style=\"list-style-type: none;\">\n<ul class=\"marker:text-secondary\">\n<li class=\"break-words\"><strong>Jeans sobre Jeans<\/strong>: Combine lavagens diferentes para um visual ousado e unificado.<\/li>\n<\/ul>\n<\/li>\n<\/ul>\n<ul class=\"marker:text-secondary\">\n<li style=\"list-style-type: none;\">\n<ul class=\"marker:text-secondary\">\n<li class=\"break-words\"><strong>Denim desgastado<\/strong>: Adicione um toque r\u00fastico com t\u00e9cnicas de desgaste.<\/li>\n<\/ul>\n<\/li>\n<\/ul>\n<ul class=\"marker:text-secondary\">\n<li style=\"list-style-type: none;\">\n<ul class=\"marker:text-secondary\">\n<li class=\"break-words\"><strong>Acess\u00f3rios jeans<\/strong>: Expanda para bolsas, chap\u00e9us ou sapatos para um toque \u00fanico.<\/li>\n<\/ul>\n<\/li>\n<\/ul>\n<div style=\"width: 610px\" class=\"wp-caption aligncenter\"><img loading=\"lazy\" decoding=\"async\" src=\"https:\/\/i.pinimg.com\/736x\/29\/5b\/92\/295b92b3d31b86b219b844239557759c.jpg\" alt=\"designs de jeans desgastados\" width=\"600\" height=\"1304\" \/><p class=\"wp-caption-text\">designs de jeans desgastados<\/p><\/div>\n<p class=\"break-words\"><img loading=\"lazy\" decoding=\"async\" class=\"aligncenter\" src=\"https:\/\/i.pinimg.com\/736x\/b1\/6f\/d1\/b16fd1445a4098f1f7413171ce3d732e.jpg\" width=\"600\" height=\"1066\" \/><\/p>\n<h2>4. <strong>Personalizando Denim para Impacto<\/strong><\/h2>\n<p class=\"break-words\">A personaliza\u00e7\u00e3o pode fazer seu trabalho se destacar:<\/p>\n<ul class=\"marker:text-secondary\">\n<li style=\"list-style-type: none;\">\n<ul class=\"marker:text-secondary\">\n<li class=\"break-words\"><strong>Tingimento<\/strong>: Brinque com cores para criar efeitos marcantes.<\/li>\n<\/ul>\n<\/li>\n<\/ul>\n<ul class=\"marker:text-secondary\">\n<li style=\"list-style-type: none;\">\n<ul class=\"marker:text-secondary\">\n<li class=\"break-words\"><strong>Enfeites<\/strong>: Use tachinhas ou lantejoulas para valorizar suas pe\u00e7as.<\/li>\n<\/ul>\n<\/li>\n<\/ul>\n<ul class=\"marker:text-secondary\">\n<li style=\"list-style-type: none;\">\n<ul class=\"marker:text-secondary\">\n<li class=\"break-words\"><strong>Patchwork<\/strong>: Misture lavagens de jeans para criar uma vibe art\u00edstica e personalizada.<\/li>\n<\/ul>\n<\/li>\n<\/ul>\n<p><img loading=\"lazy\" decoding=\"async\" class=\"aligncenter\" src=\"https:\/\/i.pinimg.com\/736x\/80\/01\/ea\/8001ea537ff10bf5ea750c7600dbb7bf.jpg\" width=\"600\" height=\"600\" \/><img loading=\"lazy\" decoding=\"async\" class=\"aligncenter\" src=\"https:\/\/i.pinimg.com\/736x\/d7\/1a\/e8\/d71ae8d387482c331b60433d737fba13.jpg\" width=\"600\" height=\"1066\" \/><\/p>\n<h2>5. <strong>Adotando o Denim Sustent\u00e1vel<\/strong><\/h2>\n<p class=\"break-words\">A sustentabilidade \u00e9 um foco crescente na moda:<\/p>\n<ul class=\"marker:text-secondary\">\n<li style=\"list-style-type: none;\">\n<ul class=\"marker:text-secondary\">\n<li class=\"break-words\"><strong>Denim de algod\u00e3o org\u00e2nico<\/strong>: Opte por materiais ecol\u00f3gicos.<\/li>\n<\/ul>\n<\/li>\n<\/ul>\n<ul class=\"marker:text-secondary\">\n<li style=\"list-style-type: none;\">\n<ul class=\"marker:text-secondary\">\n<li class=\"break-words\"><strong>Denim Reciclado<\/strong>: Use tecidos recuperados para apoiar a moda circular.<\/li>\n<\/ul>\n<\/li>\n<\/ul>\n<ul class=\"marker:text-secondary\">\n<li style=\"list-style-type: none;\">\n<ul class=\"marker:text-secondary\">\n<li class=\"break-words\"><strong>T\u00e9cnicas de economia de \u00e1gua<\/strong>: Mostrar m\u00e9todos de produ\u00e7\u00e3o de baixo impacto.<\/li>\n<\/ul>\n<\/li>\n<\/ul>\n<h2>6. <strong>Apresentando suas cria\u00e7\u00f5es em jeans<\/strong><\/h2>\n<p class=\"break-words\">Seu portf\u00f3lio deve contar uma hist\u00f3ria:<\/p>\n<ul class=\"marker:text-secondary\">\n<li style=\"list-style-type: none;\">\n<ul class=\"marker:text-secondary\">\n<li class=\"break-words\"><strong>Fotografia<\/strong>: Destaque texturas e detalhes com fotos n\u00edtidas e profissionais.<\/li>\n<\/ul>\n<\/li>\n<\/ul>\n<ul class=\"marker:text-secondary\">\n<li style=\"list-style-type: none;\">\n<ul class=\"marker:text-secondary\">\n<li class=\"break-words\"><strong>Narrativa<\/strong>: Compartilhe a inspira\u00e7\u00e3o por tr\u00e1s de cada pe\u00e7a.<\/li>\n<\/ul>\n<\/li>\n<\/ul>\n<ul class=\"marker:text-secondary\">\n<li style=\"list-style-type: none;\">\n<ul class=\"marker:text-secondary\">\n<li class=\"break-words\"><strong>Faixa<\/strong>: Inclua designs casuais e formais para mostrar sua amplitude.<\/li>\n<\/ul>\n<\/li>\n<\/ul>\n<h2>7.Conclus\u00e3o<\/h2>\n<p class=\"break-words\">Incorporar jeans ao seu portf\u00f3lio de design permite que voc\u00ea explore um tecido cl\u00e1ssico e vanguardista. Seu charme r\u00fastico e adaptabilidade o tornam um meio perfeito para exibir suas habilidades.<\/p>\n<h2 dir=\"auto\">Servi\u00e7os de personaliza\u00e7\u00e3o da LYDENIM<\/h2>\n<p dir=\"auto\">\ud83c\udfa8 Quero <strong>tecidos jeans personalizados<\/strong> ou\u00a0 <strong>exclusivo<\/strong> <strong>pe\u00e7a jeans personalizada<\/strong>? A LYDENIM \u00e9 especializada em solu\u00e7\u00f5es personalizadas para atender \u00e0s suas necessidades de design e produ\u00e7\u00e3o.<\/p>\n<p dir=\"auto\">\ud83d\udecd\ufe0f <strong>Explore e inspire-se<\/strong>: Navegue por nossas sele\u00e7\u00f5es de tecidos e descubra ideias de design em <a href=\"https:\/\/lydenim.com\/pt\/\" target=\"_blank\" rel=\"noopener noreferrer nofollow\">LYDenim<\/a>.<\/p>\n<p dir=\"auto\">\ud83c\udf10 <strong>Roupas el\u00e1sticas<\/strong>: Confira nossas ofertas em <a href=\"http:\/\/liangyuantextile.m.en.alibaba.com\" target=\"_blank\" rel=\"noopener noreferrer nofollow\">MeuAlibaba<\/a>. \ud83d\udce9 <strong>Contate-nos<\/strong>: Entre em contato em <a href=\"mailto:malone@lydenim.com\" target=\"_blank\" rel=\"noopener noreferrer nofollow\">malone@lydenim.com<\/a>.<\/p>\n<p dir=\"auto\">Crie sua obra-prima de jeans com LYDENIM - seu parceiro de confian\u00e7a para <strong>tecido el\u00e1stico<\/strong> e <strong>solu\u00e7\u00f5es personalizadas de jeans<\/strong>.<\/p>","protected":false},"excerpt":{"rendered":"<p>Tempo estimado de leitura: ~5 minutos Introdu\u00e7\u00e3o O jeans \u00e9 um tecido atemporal que transcendeu suas origens utilit\u00e1rias para se tornar um<\/p>","protected":false},"author":1,"featured_media":3814,"comment_status":"open","ping_status":"open","sticky":false,"template":"","format":"standard","meta":{"two_page_speed":[],"footnotes":""},"categories":[67],"tags":[],"class_list":["post-3811","post","type-post","status-publish","format-standard","has-post-thumbnail","hentry","category-market"],"aioseo_notices":[],"_links":{"self":[{"href":"https:\/\/lydenim.com\/pt\/wp-json\/wp\/v2\/posts\/3811","targetHints":{"allow":["GET"]}}],"collection":[{"href":"https:\/\/lydenim.com\/pt\/wp-json\/wp\/v2\/posts"}],"about":[{"href":"https:\/\/lydenim.com\/pt\/wp-json\/wp\/v2\/types\/post"}],"author":[{"embeddable":true,"href":"https:\/\/lydenim.com\/pt\/wp-json\/wp\/v2\/users\/1"}],"replies":[{"embeddable":true,"href":"https:\/\/lydenim.com\/pt\/wp-json\/wp\/v2\/comments?post=3811"}],"version-history":[{"count":5,"href":"https:\/\/lydenim.com\/pt\/wp-json\/wp\/v2\/posts\/3811\/revisions"}],"predecessor-version":[{"id":6213,"href":"https:\/\/lydenim.com\/pt\/wp-json\/wp\/v2\/posts\/3811\/revisions\/6213"}],"wp:featuredmedia":[{"embeddable":true,"href":"https:\/\/lydenim.com\/pt\/wp-json\/wp\/v2\/media\/3814"}],"wp:attachment":[{"href":"https:\/\/lydenim.com\/pt\/wp-json\/wp\/v2\/media?parent=3811"}],"wp:term":[{"taxonomy":"category","embeddable":true,"href":"https:\/\/lydenim.com\/pt\/wp-json\/wp\/v2\/categories?post=3811"},{"taxonomy":"post_tag","embeddable":true,"href":"https:\/\/lydenim.com\/pt\/wp-json\/wp\/v2\/tags?post=3811"}],"curies":[{"name":"wp","href":"https:\/\/api.w.org\/{rel}","templated":true}]}}