{"id":3896,"date":"2025-03-08T18:00:47","date_gmt":"2025-03-08T10:00:47","guid":{"rendered":"https:\/\/lydenim.com\/?p=3896"},"modified":"2025-08-23T16:09:31","modified_gmt":"2025-08-23T08:09:31","slug":"understanding-denim-fabrics-a-comprehensive-guide","status":"publish","type":"post","link":"https:\/\/lydenim.com\/pt\/compreendendo-os-tecidos-jeans-um-guia-completo\/","title":{"rendered":"Compreendendo os tecidos jeans: um guia completo"},"content":{"rendered":"<h2 data-pm-slice=\"1 1 []\">Tempo estimado de leitura: ~6 minutos<\/h2>\n<h2 style=\"text-align: left;\" data-pm-slice=\"1 1 []\">Introdu\u00e7\u00e3o<\/h2>\n<p data-start=\"56\" data-end=\"339\">Ao selecionar tecidos jeans para seus designs ou pe\u00e7as, \u00e9 crucial entender os diversos tipos dispon\u00edveis. Este guia oferece uma vis\u00e3o geral dos tipos comuns de tecido jeans, destacando suas principais caracter\u00edsticas, vantagens e desvantagens para ajudar voc\u00ea a tomar decis\u00f5es informadas.<\/p>\n<h2 data-start=\"341\" data-end=\"365\">1. 100% <a href=\"https:\/\/en.wikipedia.org\/wiki\/Cotton\">Algod\u00e3o<\/a> Jeans<\/h2>\n<h3 data-start=\"366\" data-end=\"375\"><strong data-start=\"366\" data-end=\"375\">Pr\u00f3s:<\/strong><\/h3>\n<ul data-start=\"376\" data-end=\"847\">\n<li data-start=\"376\" data-end=\"479\"><strong data-start=\"378\" data-end=\"394\">Confort\u00e1vel:<\/strong> Feito de algod\u00e3o natural, este jeans \u00e9 respir\u00e1vel e macio, ideal para climas quentes.<\/li>\n<li data-start=\"480\" data-end=\"565\"><strong data-start=\"482\" data-end=\"499\">Ecol\u00f3gico:<\/strong> O algod\u00e3o \u00e9 biodegrad\u00e1vel, o que torna este tecido uma escolha sustent\u00e1vel.<\/li>\n<li data-start=\"566\" data-end=\"659\"><strong data-start=\"568\" data-end=\"580\">Dur\u00e1vel:<\/strong> O jeans de algod\u00e3o puro \u00e9 conhecido por sua robustez e resist\u00eancia ao desgaste.<\/li>\n<li data-start=\"660\" data-end=\"745\"><strong data-start=\"662\" data-end=\"680\">Amig\u00e1vel para a pele:<\/strong> Adequado para peles sens\u00edveis, pois \u00e9 feito de materiais naturais.<\/li>\n<li data-start=\"746\" data-end=\"847\"><strong data-start=\"748\" data-end=\"768\">Visual estruturado:<\/strong> O jeans de algod\u00e3o pesado e de alta densidade oferece uma silhueta forte e estruturada.<\/li>\n<\/ul>\n<h3 data-start=\"849\" data-end=\"858\"><strong data-start=\"849\" data-end=\"858\">Contras:<\/strong><\/h3>\n<ul data-start=\"859\" data-end=\"1120\">\n<li data-start=\"859\" data-end=\"941\"><strong data-start=\"861\" data-end=\"880\">Encolhe facilmente:<\/strong> O jeans de algod\u00e3o pode encolher significativamente ap\u00f3s v\u00e1rias lavagens.<\/li>\n<li data-start=\"942\" data-end=\"1033\"><strong data-start=\"944\" data-end=\"961\">Desbotamento da cor:<\/strong> O jeans de algod\u00e3o puro tende a perder a cor mais r\u00e1pido do que as misturas sint\u00e9ticas.<\/li>\n<li data-start=\"1034\" data-end=\"1120\"><strong data-start=\"1036\" data-end=\"1051\">Sensa\u00e7\u00e3o r\u00edgida:<\/strong> Sem elasticidade, esse jeans pode restringir os movimentos durante as atividades.<\/li>\n<\/ul>\n<div id=\"attachment_3898\" style=\"width: 327px\" class=\"wp-caption aligncenter\"><img loading=\"lazy\" decoding=\"async\" aria-describedby=\"caption-attachment-3898\" class=\"size-full wp-image-3898\" src=\"https:\/\/lydenim.com\/wp-content\/uploads\/2025\/03\/IMG_4196-e1741427174774.jpg\" alt=\"100% Algod\u00e3o Denim\" width=\"317\" height=\"299\" srcset=\"https:\/\/lydenim.com\/wp-content\/uploads\/2025\/03\/IMG_4196-e1741427174774.jpg 317w, https:\/\/lydenim.com\/wp-content\/uploads\/2025\/03\/IMG_4196-e1741427174774-300x283.jpg 300w, https:\/\/lydenim.com\/wp-content\/uploads\/2025\/03\/IMG_4196-e1741427174774-13x12.jpg 13w, https:\/\/lydenim.com\/wp-content\/uploads\/2025\/03\/IMG_4196-e1741427174774-150x141.jpg 150w\" sizes=\"auto, (max-width: 317px) 100vw, 317px\" \/><p id=\"caption-attachment-3898\" class=\"wp-caption-text\">100% Algod\u00e3o Denim<\/p><\/div>\n<h2 data-start=\"1122\" data-end=\"1151\">2. Algod\u00e3o + <a href=\"https:\/\/en.wikipedia.org\/wiki\/Spandex\">Spandex<\/a> Jeans<\/h2>\n<h3 data-start=\"1152\" data-end=\"1161\"><strong data-start=\"1152\" data-end=\"1161\">Pr\u00f3s:<\/strong><\/h3>\n<ul data-start=\"1162\" data-end=\"1312\">\n<li data-start=\"1162\" data-end=\"1233\"><strong data-start=\"1164\" data-end=\"1181\">Ajuste flex\u00edvel:<\/strong> O elastano acrescenta elasticidade, melhorando o ajuste e o conforto.<\/li>\n<li data-start=\"1234\" data-end=\"1312\"><strong data-start=\"1236\" data-end=\"1251\">Respir\u00e1vel:<\/strong> Esta mistura mant\u00e9m as propriedades de absor\u00e7\u00e3o de umidade do algod\u00e3o.<\/li>\n<\/ul>\n<h3 data-start=\"1314\" data-end=\"1323\"><strong data-start=\"1314\" data-end=\"1323\">Contras:<\/strong><\/h3>\n<ul data-start=\"1324\" data-end=\"1464\">\n<li data-start=\"1324\" data-end=\"1398\"><strong data-start=\"1326\" data-end=\"1341\">Perda de forma:<\/strong> O excesso de elastano pode causar distor\u00e7\u00e3o do tecido.<\/li>\n<li data-start=\"1399\" data-end=\"1464\"><strong data-start=\"1401\" data-end=\"1412\">Caro:<\/strong> Custos de produ\u00e7\u00e3o mais altos podem aumentar os pre\u00e7os de varejo.<\/li>\n<\/ul>\n<div id=\"attachment_3899\" style=\"width: 410px\" class=\"wp-caption aligncenter\"><img loading=\"lazy\" decoding=\"async\" aria-describedby=\"caption-attachment-3899\" class=\"wp-image-3899\" src=\"https:\/\/lydenim.com\/wp-content\/uploads\/2025\/03\/IMG_4197-e1741427300636.jpg\" alt=\"Denim de algod\u00e3o + elastano\" width=\"400\" height=\"376\" srcset=\"https:\/\/lydenim.com\/wp-content\/uploads\/2025\/03\/IMG_4197-e1741427300636.jpg 1002w, https:\/\/lydenim.com\/wp-content\/uploads\/2025\/03\/IMG_4197-e1741427300636-300x282.jpg 300w, https:\/\/lydenim.com\/wp-content\/uploads\/2025\/03\/IMG_4197-e1741427300636-768x723.jpg 768w, https:\/\/lydenim.com\/wp-content\/uploads\/2025\/03\/IMG_4197-e1741427300636-13x12.jpg 13w, https:\/\/lydenim.com\/wp-content\/uploads\/2025\/03\/IMG_4197-e1741427300636-600x565.jpg 600w, https:\/\/lydenim.com\/wp-content\/uploads\/2025\/03\/IMG_4197-e1741427300636-150x141.jpg 150w\" sizes=\"auto, (max-width: 400px) 100vw, 400px\" \/><p id=\"caption-attachment-3899\" class=\"wp-caption-text\">Denim de algod\u00e3o + elastano<\/p><\/div>\n<h2 data-start=\"1466\" data-end=\"1507\">3. Algod\u00e3o + <a href=\"https:\/\/en.wikipedia.org\/wiki\/Polyester\">Poli\u00e9ster<\/a> + Denim Spandex<\/h2>\n<h3 data-start=\"1508\" data-end=\"1517\"><strong data-start=\"1508\" data-end=\"1517\">Pr\u00f3s:<\/strong><\/h3>\n<ul data-start=\"1518\" data-end=\"1717\">\n<li data-start=\"1518\" data-end=\"1575\"><strong data-start=\"1520\" data-end=\"1535\">Acess\u00edvel:<\/strong> Fibras misturadas reduzem os custos de produ\u00e7\u00e3o.<\/li>\n<li data-start=\"1576\" data-end=\"1643\"><strong data-start=\"1578\" data-end=\"1590\">Dur\u00e1vel:<\/strong> O poli\u00e9ster aumenta a resist\u00eancia \u00e0 abras\u00e3o e a resist\u00eancia.<\/li>\n<li data-start=\"1644\" data-end=\"1717\"><strong data-start=\"1646\" data-end=\"1668\">Resistente a rugas:<\/strong> Requer menos passagem e permanece limpo por mais tempo.<\/li>\n<\/ul>\n<h3 data-start=\"1719\" data-end=\"1728\"><strong data-start=\"1719\" data-end=\"1728\">Contras:<\/strong><\/h3>\n<ul data-start=\"1729\" data-end=\"1896\">\n<li data-start=\"1729\" data-end=\"1791\"><strong data-start=\"1731\" data-end=\"1748\">Risco de forma\u00e7\u00e3o de bolinhas:<\/strong> As fibras de poli\u00e9ster podem formar bolinhas com o tempo.<\/li>\n<li data-start=\"1792\" data-end=\"1896\"><strong data-start=\"1794\" data-end=\"1826\">Absor\u00e7\u00e3o limitada de umidade:<\/strong> Essa mistura pode reter umidade, causando desconforto em condi\u00e7\u00f5es \u00famidas.<\/li>\n<\/ul>\n<div id=\"attachment_3900\" style=\"width: 410px\" class=\"wp-caption aligncenter\"><img loading=\"lazy\" decoding=\"async\" aria-describedby=\"caption-attachment-3900\" class=\"wp-image-3900\" src=\"https:\/\/lydenim.com\/wp-content\/uploads\/2025\/03\/IMG_4198-e1741427367569.jpg\" alt=\"Jeans de algod\u00e3o + poli\u00e9ster + elastano\" width=\"400\" height=\"377\" srcset=\"https:\/\/lydenim.com\/wp-content\/uploads\/2025\/03\/IMG_4198-e1741427367569.jpg 1024w, https:\/\/lydenim.com\/wp-content\/uploads\/2025\/03\/IMG_4198-e1741427367569-300x282.jpg 300w, https:\/\/lydenim.com\/wp-content\/uploads\/2025\/03\/IMG_4198-e1741427367569-768x723.jpg 768w, https:\/\/lydenim.com\/wp-content\/uploads\/2025\/03\/IMG_4198-e1741427367569-13x12.jpg 13w, https:\/\/lydenim.com\/wp-content\/uploads\/2025\/03\/IMG_4198-e1741427367569-600x565.jpg 600w, https:\/\/lydenim.com\/wp-content\/uploads\/2025\/03\/IMG_4198-e1741427367569-150x141.jpg 150w\" sizes=\"auto, (max-width: 400px) 100vw, 400px\" \/><p id=\"caption-attachment-3900\" class=\"wp-caption-text\">Jeans de algod\u00e3o + poli\u00e9ster + elastano<\/p><\/div>\n<h2 data-start=\"1898\" data-end=\"1917\">4. <a href=\"https:\/\/en.wikipedia.org\/wiki\/Lyocell\">Tencel<\/a> Jeans<\/h2>\n<h3 data-start=\"1918\" data-end=\"1927\"><strong data-start=\"1918\" data-end=\"1927\">Pr\u00f3s:<\/strong><\/h3>\n<ul data-start=\"1928\" data-end=\"2164\">\n<li data-start=\"1928\" data-end=\"2005\"><strong data-start=\"1930\" data-end=\"1951\">Controle de umidade:<\/strong> O Tencel \u00e9 excelente na absor\u00e7\u00e3o de umidade, mantendo voc\u00ea seco.<\/li>\n<li data-start=\"2006\" data-end=\"2081\"><strong data-start=\"2008\" data-end=\"2028\">Macio e suave:<\/strong> Conhecido pelo seu toque sedoso, ideal para peles sens\u00edveis.<\/li>\n<li data-start=\"2082\" data-end=\"2164\"><strong data-start=\"2084\" data-end=\"2101\">Ecol\u00f3gico:<\/strong> O Tencel \u00e9 derivado da polpa de madeira natural e \u00e9 biodegrad\u00e1vel.<\/li>\n<\/ul>\n<h3 data-start=\"2166\" data-end=\"2175\"><strong data-start=\"2166\" data-end=\"2175\">Contras:<\/strong><\/h3>\n<ul data-start=\"2176\" data-end=\"2315\">\n<li data-start=\"2176\" data-end=\"2244\"><strong data-start=\"2178\" data-end=\"2192\">Caro:<\/strong> Os im\u00f3veis premium da Tencel t\u00eam um pre\u00e7o mais alto.<\/li>\n<li data-start=\"2245\" data-end=\"2315\"><strong data-start=\"2247\" data-end=\"2270\">Estrutura delicada:<\/strong> Sua natureza leve pode limitar a durabilidade.<\/li>\n<\/ul>\n<div id=\"attachment_3901\" style=\"width: 410px\" class=\"wp-caption aligncenter\"><img loading=\"lazy\" decoding=\"async\" aria-describedby=\"caption-attachment-3901\" class=\"wp-image-3901\" src=\"https:\/\/lydenim.com\/wp-content\/uploads\/2025\/03\/IMG_4199-e1741427471580.jpg\" alt=\"Tencel Denim\" width=\"400\" height=\"376\" srcset=\"https:\/\/lydenim.com\/wp-content\/uploads\/2025\/03\/IMG_4199-e1741427471580.jpg 1020w, https:\/\/lydenim.com\/wp-content\/uploads\/2025\/03\/IMG_4199-e1741427471580-300x282.jpg 300w, https:\/\/lydenim.com\/wp-content\/uploads\/2025\/03\/IMG_4199-e1741427471580-768x723.jpg 768w, https:\/\/lydenim.com\/wp-content\/uploads\/2025\/03\/IMG_4199-e1741427471580-13x12.jpg 13w, https:\/\/lydenim.com\/wp-content\/uploads\/2025\/03\/IMG_4199-e1741427471580-600x565.jpg 600w, https:\/\/lydenim.com\/wp-content\/uploads\/2025\/03\/IMG_4199-e1741427471580-150x141.jpg 150w\" sizes=\"auto, (max-width: 400px) 100vw, 400px\" \/><p id=\"caption-attachment-3901\" class=\"wp-caption-text\">Tencel Denim<\/p><\/div>\n<h2 data-start=\"2317\" data-end=\"2337\">5. Denim de malha<\/h2>\n<h3 data-start=\"2338\" data-end=\"2347\"><strong data-start=\"2338\" data-end=\"2347\">Pr\u00f3s:<\/strong><\/h3>\n<ul data-start=\"2348\" data-end=\"2521\">\n<li data-start=\"2348\" data-end=\"2408\"><strong data-start=\"2350\" data-end=\"2371\">Alta flexibilidade:<\/strong> Oferece elasticidade e conforto superiores.<\/li>\n<li data-start=\"2409\" data-end=\"2521\"><strong data-start=\"2411\" data-end=\"2432\">Caracter\u00edsticas especiais:<\/strong> Alguns jeans de malha incluem propriedades antibacterianas, de absor\u00e7\u00e3o de suor ou resistentes a raios UV.<\/li>\n<\/ul>\n<h3 data-start=\"2523\" data-end=\"2532\"><strong data-start=\"2523\" data-end=\"2532\">Contras:<\/strong><\/h3>\n<ul data-start=\"2533\" data-end=\"2610\">\n<li data-start=\"2533\" data-end=\"2610\"><strong data-start=\"2535\" data-end=\"2557\">Instabilidade de cor:<\/strong> Requer lavagem cuidadosa para manter a vivacidade da cor.<\/li>\n<\/ul>\n<div id=\"attachment_3902\" style=\"width: 410px\" class=\"wp-caption aligncenter\"><img loading=\"lazy\" decoding=\"async\" aria-describedby=\"caption-attachment-3902\" class=\"wp-image-3902\" src=\"https:\/\/lydenim.com\/wp-content\/uploads\/2025\/03\/IMG_4200-e1741427548196.jpg\" alt=\"Denim de malha\" width=\"400\" height=\"418\" srcset=\"https:\/\/lydenim.com\/wp-content\/uploads\/2025\/03\/IMG_4200-e1741427548196.jpg 866w, https:\/\/lydenim.com\/wp-content\/uploads\/2025\/03\/IMG_4200-e1741427548196-287x300.jpg 287w, https:\/\/lydenim.com\/wp-content\/uploads\/2025\/03\/IMG_4200-e1741427548196-768x803.jpg 768w, https:\/\/lydenim.com\/wp-content\/uploads\/2025\/03\/IMG_4200-e1741427548196-11x12.jpg 11w, https:\/\/lydenim.com\/wp-content\/uploads\/2025\/03\/IMG_4200-e1741427548196-600x627.jpg 600w, https:\/\/lydenim.com\/wp-content\/uploads\/2025\/03\/IMG_4200-e1741427548196-150x157.jpg 150w\" sizes=\"auto, (max-width: 400px) 100vw, 400px\" \/><p id=\"caption-attachment-3902\" class=\"wp-caption-text\">Denim de malha<\/p><\/div>\n<h2 data-start=\"2612\" data-end=\"2632\">6. Jeans de acetato<\/h2>\n<h3 data-start=\"2633\" data-end=\"2642\"><strong data-start=\"2633\" data-end=\"2642\">Pr\u00f3s:<\/strong><\/h3>\n<ul data-start=\"2643\" data-end=\"2871\">\n<li data-start=\"2643\" data-end=\"2726\"><strong data-start=\"2645\" data-end=\"2663\">Ecoconsciente:<\/strong> As fibras de acetato s\u00e3o biodegrad\u00e1veis e ecologicamente corretas.<\/li>\n<li data-start=\"2727\" data-end=\"2784\"><strong data-start=\"2729\" data-end=\"2746\">Acabamento brilhante:<\/strong> Oferece uma apar\u00eancia naturalmente brilhante.<\/li>\n<li data-start=\"2785\" data-end=\"2871\"><strong data-start=\"2787\" data-end=\"2808\">Suave e Fluente:<\/strong> Oferece uma apar\u00eancia elegante e drapeada, ideal para designs sofisticados.<\/li>\n<\/ul>\n<h3 data-start=\"2873\" data-end=\"2882\"><strong data-start=\"2873\" data-end=\"2882\">Contras:<\/strong><\/h3>\n<ul data-start=\"2883\" data-end=\"2964\">\n<li data-start=\"2883\" data-end=\"2964\"><strong data-start=\"2885\" data-end=\"2904\">Sens\u00edvel ao calor:<\/strong> O acetato requer lavagem em baixa temperatura para evitar danos.<\/li>\n<\/ul>\n<div id=\"attachment_3903\" style=\"width: 410px\" class=\"wp-caption aligncenter\"><img loading=\"lazy\" decoding=\"async\" aria-describedby=\"caption-attachment-3903\" class=\"wp-image-3903\" src=\"https:\/\/lydenim.com\/wp-content\/uploads\/2025\/03\/IMG_4201-e1741427615381.jpg\" alt=\"Denim de acetato\" width=\"400\" height=\"399\" srcset=\"https:\/\/lydenim.com\/wp-content\/uploads\/2025\/03\/IMG_4201-e1741427615381.jpg 913w, https:\/\/lydenim.com\/wp-content\/uploads\/2025\/03\/IMG_4201-e1741427615381-300x300.jpg 300w, https:\/\/lydenim.com\/wp-content\/uploads\/2025\/03\/IMG_4201-e1741427615381-150x150.jpg 150w, https:\/\/lydenim.com\/wp-content\/uploads\/2025\/03\/IMG_4201-e1741427615381-768x765.jpg 768w, https:\/\/lydenim.com\/wp-content\/uploads\/2025\/03\/IMG_4201-e1741427615381-12x12.jpg 12w, https:\/\/lydenim.com\/wp-content\/uploads\/2025\/03\/IMG_4201-e1741427615381-600x598.jpg 600w\" sizes=\"auto, (max-width: 400px) 100vw, 400px\" \/><p id=\"caption-attachment-3903\" class=\"wp-caption-text\">Denim de acetato<\/p><\/div>\n<h2 data-start=\"2966\" data-end=\"2983\">7. Seda Denim<\/h2>\n<h3 data-start=\"2984\" data-end=\"2993\"><strong data-start=\"2984\" data-end=\"2993\">Pr\u00f3s:<\/strong><\/h3>\n<ul data-start=\"2994\" data-end=\"3127\">\n<li data-start=\"2994\" data-end=\"3073\"><strong data-start=\"2996\" data-end=\"3018\">Textura luxuosa:<\/strong> O jeans de seda \u00e9 excepcionalmente macio e leve.<\/li>\n<li data-start=\"3074\" data-end=\"3127\"><strong data-start=\"3076\" data-end=\"3100\">Respir\u00e1vel e fresco:<\/strong> Ideal para pe\u00e7as de ver\u00e3o.<\/li>\n<\/ul>\n<h3 data-start=\"3129\" data-end=\"3138\"><strong data-start=\"3129\" data-end=\"3138\">Contras:<\/strong><\/h3>\n<ul data-start=\"3139\" data-end=\"3213\">\n<li data-start=\"3139\" data-end=\"3213\"><strong data-start=\"3141\" data-end=\"3162\">Alta manuten\u00e7\u00e3o:<\/strong> A seda requer cuidados delicados para manter sua textura.<\/li>\n<\/ul>\n<div id=\"attachment_3904\" style=\"width: 410px\" class=\"wp-caption aligncenter\"><img loading=\"lazy\" decoding=\"async\" aria-describedby=\"caption-attachment-3904\" class=\"wp-image-3904\" src=\"https:\/\/lydenim.com\/wp-content\/uploads\/2025\/03\/IMG_4202-e1741427660583.jpg\" alt=\"Denim de seda\" width=\"400\" height=\"400\" srcset=\"https:\/\/lydenim.com\/wp-content\/uploads\/2025\/03\/IMG_4202-e1741427660583.jpg 913w, https:\/\/lydenim.com\/wp-content\/uploads\/2025\/03\/IMG_4202-e1741427660583-300x300.jpg 300w, https:\/\/lydenim.com\/wp-content\/uploads\/2025\/03\/IMG_4202-e1741427660583-150x150.jpg 150w, https:\/\/lydenim.com\/wp-content\/uploads\/2025\/03\/IMG_4202-e1741427660583-768x768.jpg 768w, https:\/\/lydenim.com\/wp-content\/uploads\/2025\/03\/IMG_4202-e1741427660583-12x12.jpg 12w, https:\/\/lydenim.com\/wp-content\/uploads\/2025\/03\/IMG_4202-e1741427660583-600x600.jpg 600w\" sizes=\"auto, (max-width: 400px) 100vw, 400px\" \/><p id=\"caption-attachment-3904\" class=\"wp-caption-text\">Denim de seda<\/p><\/div>\n<h2 data-start=\"3215\" data-end=\"3236\">8. Jeans de caxemira<\/h2>\n<h3 data-start=\"3237\" data-end=\"3246\"><strong data-start=\"3237\" data-end=\"3246\">Pr\u00f3s:<\/strong><\/h3>\n<ul data-start=\"3247\" data-end=\"3402\">\n<li data-start=\"3247\" data-end=\"3341\"><strong data-start=\"3249\" data-end=\"3269\">Calor superior:<\/strong> As fibras de cashmere oferecem isolamento excepcional, ideal para a moda de inverno.<\/li>\n<li data-start=\"3342\" data-end=\"3402\"><strong data-start=\"3344\" data-end=\"3359\">Toque suave:<\/strong> O jeans de cashmere proporciona conforto incompar\u00e1vel.<\/li>\n<\/ul>\n<h3 data-start=\"3404\" data-end=\"3413\"><strong data-start=\"3404\" data-end=\"3413\">Contras:<\/strong><\/h3>\n<ul data-start=\"3414\" data-end=\"3562\">\n<li data-start=\"3414\" data-end=\"3487\"><strong data-start=\"3416\" data-end=\"3430\">Caro:<\/strong> A qualidade premium da caxemira exige um pre\u00e7o mais alto.<\/li>\n<li data-start=\"3488\" data-end=\"3562\"><strong data-start=\"3490\" data-end=\"3514\">Versatilidade limitada:<\/strong> Mais adequado para clima frio devido ao seu calor.<\/li>\n<\/ul>\n<div id=\"attachment_3905\" style=\"width: 410px\" class=\"wp-caption aligncenter\"><img loading=\"lazy\" decoding=\"async\" aria-describedby=\"caption-attachment-3905\" class=\"wp-image-3905\" src=\"https:\/\/lydenim.com\/wp-content\/uploads\/2025\/03\/IMG_4203-e1741427717462.jpg\" alt=\"Cashmere Denim\" width=\"400\" height=\"408\" srcset=\"https:\/\/lydenim.com\/wp-content\/uploads\/2025\/03\/IMG_4203-e1741427717462.jpg 905w, https:\/\/lydenim.com\/wp-content\/uploads\/2025\/03\/IMG_4203-e1741427717462-294x300.jpg 294w, https:\/\/lydenim.com\/wp-content\/uploads\/2025\/03\/IMG_4203-e1741427717462-768x782.jpg 768w, https:\/\/lydenim.com\/wp-content\/uploads\/2025\/03\/IMG_4203-e1741427717462-12x12.jpg 12w, https:\/\/lydenim.com\/wp-content\/uploads\/2025\/03\/IMG_4203-e1741427717462-600x611.jpg 600w, https:\/\/lydenim.com\/wp-content\/uploads\/2025\/03\/IMG_4203-e1741427717462-150x153.jpg 150w\" sizes=\"auto, (max-width: 400px) 100vw, 400px\" \/><p id=\"caption-attachment-3905\" class=\"wp-caption-text\">Cashmere Denim<\/p><\/div>\n<h2 data-start=\"3564\" data-end=\"3614\">Escolhendo o tecido jeans certo para suas necessidades<\/h2>\n<p data-start=\"3615\" data-end=\"3866\">Para selecionar o melhor jeans para o seu projeto, considere fatores como conforto, durabilidade e cuidados. Para o uso casual do dia a dia, as misturas de algod\u00e3o ou elastano oferecem versatilidade. Para a moda sofisticada, o jeans de seda ou cashmere confere um toque refinado.<\/p>\n<h2 data-start=\"3868\" data-end=\"3886\">Chamada para a\u00e7\u00e3o<\/h2>\n<p data-start=\"3887\" data-end=\"4157\">Pronto para elevar seus designs com tecidos jeans premium? Navegue <a href=\"https:\/\/lydenim.com\/pt\/contato\/\">LYDENIM.COM<\/a> cole\u00e7\u00e3o exclusiva de materiais de qualidade feitos sob medida para designers de moda, fabricantes de roupas e vendedores de tecidos. <a href=\"https:\/\/lydenim.com\/pt\/produtos\/\" rel=\"noopener\" data-start=\"4081\" data-end=\"4109\">Explore nosso cat\u00e1logo agora<\/a> para encontrar o ajuste perfeito para sua pr\u00f3xima cria\u00e7\u00e3o!<\/p>\n<h2 dir=\"auto\">Servi\u00e7os de personaliza\u00e7\u00e3o da LYDENIM<\/h2>\n<p dir=\"auto\">\ud83c\udfa8 Quero <strong>tecidos jeans personalizados<\/strong> ou\u00a0 <strong>exclusivo<\/strong> <strong>pe\u00e7a jeans personalizada<\/strong>? A LYDENIM \u00e9 especializada em solu\u00e7\u00f5es personalizadas para atender \u00e0s suas necessidades de design e produ\u00e7\u00e3o.<\/p>\n<p dir=\"auto\">\ud83d\udecd\ufe0f <strong>Explore e inspire-se<\/strong>: Navegue por nossas sele\u00e7\u00f5es de tecidos e descubra ideias de design em <a href=\"https:\/\/lydenim.com\/pt\/\" target=\"_blank\" rel=\"noopener noreferrer nofollow\">LYDenim<\/a>.<\/p>\n<p dir=\"auto\">\ud83c\udf10 <strong>Roupas el\u00e1sticas<\/strong>: Confira nossas ofertas em <a href=\"http:\/\/liangyuantextile.m.en.alibaba.com\" target=\"_blank\" rel=\"noopener noreferrer nofollow\">MeuAlibaba<\/a>. \ud83d\udce9 <strong>Contate-nos<\/strong>: Entre em contato em <a href=\"mailto:malone@lydenim.com\" target=\"_blank\" rel=\"noopener noreferrer nofollow\">malone@lydenim.com<\/a>.<\/p>\n<p dir=\"auto\">Crie sua obra-prima de jeans com LYDENIM - seu parceiro de confian\u00e7a para <strong>tecido el\u00e1stico<\/strong> e <strong>solu\u00e7\u00f5es personalizadas de jeans<\/strong>.<\/p>","protected":false},"excerpt":{"rendered":"<p>Tempo estimado de leitura: ~6 minutos Introdu\u00e7\u00e3o Ao selecionar tecidos jeans para seus designs ou pe\u00e7as de vestu\u00e1rio, \u00e9 crucial entender o<\/p>","protected":false},"author":1,"featured_media":3897,"comment_status":"open","ping_status":"open","sticky":false,"template":"","format":"standard","meta":{"two_page_speed":[],"footnotes":""},"categories":[66,67],"tags":[],"class_list":["post-3896","post","type-post","status-publish","format-standard","has-post-thumbnail","hentry","category-denim-knowledge","category-market"],"aioseo_notices":[],"_links":{"self":[{"href":"https:\/\/lydenim.com\/pt\/wp-json\/wp\/v2\/posts\/3896","targetHints":{"allow":["GET"]}}],"collection":[{"href":"https:\/\/lydenim.com\/pt\/wp-json\/wp\/v2\/posts"}],"about":[{"href":"https:\/\/lydenim.com\/pt\/wp-json\/wp\/v2\/types\/post"}],"author":[{"embeddable":true,"href":"https:\/\/lydenim.com\/pt\/wp-json\/wp\/v2\/users\/1"}],"replies":[{"embeddable":true,"href":"https:\/\/lydenim.com\/pt\/wp-json\/wp\/v2\/comments?post=3896"}],"version-history":[{"count":4,"href":"https:\/\/lydenim.com\/pt\/wp-json\/wp\/v2\/posts\/3896\/revisions"}],"predecessor-version":[{"id":6215,"href":"https:\/\/lydenim.com\/pt\/wp-json\/wp\/v2\/posts\/3896\/revisions\/6215"}],"wp:featuredmedia":[{"embeddable":true,"href":"https:\/\/lydenim.com\/pt\/wp-json\/wp\/v2\/media\/3897"}],"wp:attachment":[{"href":"https:\/\/lydenim.com\/pt\/wp-json\/wp\/v2\/media?parent=3896"}],"wp:term":[{"taxonomy":"category","embeddable":true,"href":"https:\/\/lydenim.com\/pt\/wp-json\/wp\/v2\/categories?post=3896"},{"taxonomy":"post_tag","embeddable":true,"href":"https:\/\/lydenim.com\/pt\/wp-json\/wp\/v2\/tags?post=3896"}],"curies":[{"name":"wp","href":"https:\/\/api.w.org\/{rel}","templated":true}]}}