{"id":3980,"date":"2025-03-10T15:07:32","date_gmt":"2025-03-10T07:07:32","guid":{"rendered":"https:\/\/lydenim.com\/?p=3980"},"modified":"2025-08-23T16:09:42","modified_gmt":"2025-08-23T08:09:42","slug":"weaving-patterns","status":"publish","type":"post","link":"https:\/\/lydenim.com\/pt\/padroes-de-tecelagem\/","title":{"rendered":"Explorando Padr\u00f5es de Tecelagem: Do Simples ao Neps"},"content":{"rendered":"<h2 data-pm-slice=\"1 1 []\">Tempo estimado de leitura: ~5 minutos<\/h2>\n<h2 style=\"text-align: left;\" data-pm-slice=\"1 1 []\">Introdu\u00e7\u00e3o<\/h2>\n<p>Os padr\u00f5es de tecelagem s\u00e3o a espinha dorsal do design t\u00eaxtil, influenciando a apar\u00eancia, o toque e o desempenho dos tecidos. Da trama simples mais simples aos padr\u00f5es mais complexos, como jacquard e neps, cada tipo tem suas caracter\u00edsticas e aplica\u00e7\u00f5es \u00fanicas. Este blog se aprofundar\u00e1 em oito padr\u00f5es de tecelagem principais, fornecendo insights sobre suas propriedades e usos, com base no conhecimento t\u00eaxtil de 2025.<\/p>\n<ol start=\"1\" data-spread=\"true\">\n<li>Descri\u00e7\u00e3o da trama simples: A trama mais b\u00e1sica, com fios de urdume e trama entrela\u00e7ados alternadamente, um por cima e outro por baixo. Propriedades: Superf\u00edcie plana e lisa; alto n\u00famero de pontos de entrela\u00e7amento; relativamente r\u00edgida; baixa elasticidade; brilho fraco; materiais predominantemente finos. Aplica\u00e7\u00f5es: Comumente usada em camisas casuais e roupas para jovens, especialmente em tecidos como jeans, que apresentam um aspecto levemente enrugado ap\u00f3s a lavagem, ideal para uso casual. Link externo: <a href=\"https:\/\/en.wikipedia.org\/wiki\/Plain_weave\">Saiba mais sobre trama simples<\/a>\n<p><div id=\"attachment_3981\" style=\"width: 610px\" class=\"wp-caption aligncenter\"><img loading=\"lazy\" decoding=\"async\" aria-describedby=\"caption-attachment-3981\" class=\"wp-image-3981\" src=\"https:\/\/lydenim.com\/wp-content\/uploads\/2025\/03\/\u659c\u7eb9.jpeg\" alt=\"Ponto de tafet\u00e1\" width=\"600\" height=\"301\" srcset=\"https:\/\/lydenim.com\/wp-content\/uploads\/2025\/03\/\u659c\u7eb9.jpeg 1156w, https:\/\/lydenim.com\/wp-content\/uploads\/2025\/03\/\u659c\u7eb9-300x151.jpeg 300w, https:\/\/lydenim.com\/wp-content\/uploads\/2025\/03\/\u659c\u7eb9-1024x514.jpeg 1024w, https:\/\/lydenim.com\/wp-content\/uploads\/2025\/03\/\u659c\u7eb9-768x385.jpeg 768w, https:\/\/lydenim.com\/wp-content\/uploads\/2025\/03\/\u659c\u7eb9-18x9.jpeg 18w, https:\/\/lydenim.com\/wp-content\/uploads\/2025\/03\/\u659c\u7eb9-600x301.jpeg 600w, https:\/\/lydenim.com\/wp-content\/uploads\/2025\/03\/\u659c\u7eb9-150x75.jpeg 150w\" sizes=\"auto, (max-width: 600px) 100vw, 600px\" \/><p id=\"caption-attachment-3981\" class=\"wp-caption-text\">Ponto de tafet\u00e1<\/p><\/div><\/li>\n<li>Descri\u00e7\u00e3o da trama de sarja: Os fios de urdume e trama se entrela\u00e7am a cada dois ou tr\u00eas fios, criando um padr\u00e3o diagonal, com tipos comuns como sarja 3\/1, 2\/1 e 2\/2. Propriedades: Textura diagonal, menos pontos de entrela\u00e7amento do que a trama simples, textura clara, diferen\u00e7a significativa entre a frente e o verso, mais espessa e macia, boa resist\u00eancia a vincos. Subtipos: Sarja direita (sarja Z, diagonal do canto inferior esquerdo ao canto superior direito) e sarja esquerda (sarja S, diagonal do canto inferior direito ao canto superior esquerdo), sendo a sarja esquerda ligeiramente mais macia e volumosa. Aplica\u00e7\u00f5es: Cal\u00e7as, ternos e camisas, valorizados por sua durabilidade e est\u00e9tica. Link externo: <a href=\"https:\/\/en.wikipedia.org\/wiki\/Twill\">Explore a trama de sarja<\/a>\n<p><div id=\"attachment_3982\" style=\"width: 610px\" class=\"wp-caption aligncenter\"><img loading=\"lazy\" decoding=\"async\" aria-describedby=\"caption-attachment-3982\" class=\"wp-image-3982\" src=\"https:\/\/lydenim.com\/wp-content\/uploads\/2025\/03\/IMG_4206.jpg\" alt=\"Tecido sarja\" width=\"600\" height=\"274\" srcset=\"https:\/\/lydenim.com\/wp-content\/uploads\/2025\/03\/IMG_4206.jpg 1186w, https:\/\/lydenim.com\/wp-content\/uploads\/2025\/03\/IMG_4206-300x137.jpg 300w, https:\/\/lydenim.com\/wp-content\/uploads\/2025\/03\/IMG_4206-1024x468.jpg 1024w, https:\/\/lydenim.com\/wp-content\/uploads\/2025\/03\/IMG_4206-768x351.jpg 768w, https:\/\/lydenim.com\/wp-content\/uploads\/2025\/03\/IMG_4206-18x8.jpg 18w, https:\/\/lydenim.com\/wp-content\/uploads\/2025\/03\/IMG_4206-600x274.jpg 600w, https:\/\/lydenim.com\/wp-content\/uploads\/2025\/03\/IMG_4206-150x69.jpg 150w\" sizes=\"auto, (max-width: 600px) 100vw, 600px\" \/><p id=\"caption-attachment-3982\" class=\"wp-caption-text\">Tecido sarja<\/p><\/div><\/li>\n<li>Descri\u00e7\u00e3o da trama de cetim: Os fios de urdume e trama se entrela\u00e7am em intervalos de quatro ou mais, com a superf\u00edcie coberta principalmente por fios de urdume, frequentemente usada em jeans retos. Propriedades: Textura diagonal, por\u00e9m descont\u00ednua, poucos pontos de entrela\u00e7amento, superf\u00edcie lisa e brilhante, macia com bom caimento, propensa a desfiar e enroscar devido a longas flutua\u00e7\u00f5es. Aplica\u00e7\u00f5es: Ideal para cal\u00e7as justas, el\u00e1sticas ou skinny, enfatizando flexibilidade e brilho. Nota t\u00e9cnica: Termos como &quot;ponta&quot; (comprimento e largura de uma c\u00e9lula unit\u00e1ria repetitiva) e &quot;ponta&quot; (n\u00famero de fios de trama entre os pontos de entrela\u00e7amento) s\u00e3o essenciais, por exemplo, cetim de urdume com cinco pontas e duas pontas. Link externo: <a href=\"https:\/\/en.wikipedia.org\/wiki\/Satin\">Leia sobre trama de cetim<\/a>\n<p><div id=\"attachment_3983\" style=\"width: 610px\" class=\"wp-caption aligncenter\"><img loading=\"lazy\" decoding=\"async\" aria-describedby=\"caption-attachment-3983\" class=\"wp-image-3983\" src=\"https:\/\/lydenim.com\/wp-content\/uploads\/2025\/03\/IMG_4207.jpg\" alt=\"Tecido de cetim\" width=\"600\" height=\"285\" srcset=\"https:\/\/lydenim.com\/wp-content\/uploads\/2025\/03\/IMG_4207.jpg 1182w, https:\/\/lydenim.com\/wp-content\/uploads\/2025\/03\/IMG_4207-300x142.jpg 300w, https:\/\/lydenim.com\/wp-content\/uploads\/2025\/03\/IMG_4207-1024x486.jpg 1024w, https:\/\/lydenim.com\/wp-content\/uploads\/2025\/03\/IMG_4207-768x365.jpg 768w, https:\/\/lydenim.com\/wp-content\/uploads\/2025\/03\/IMG_4207-18x9.jpg 18w, https:\/\/lydenim.com\/wp-content\/uploads\/2025\/03\/IMG_4207-600x285.jpg 600w, https:\/\/lydenim.com\/wp-content\/uploads\/2025\/03\/IMG_4207-150x71.jpg 150w\" sizes=\"auto, (max-width: 600px) 100vw, 600px\" \/><p id=\"caption-attachment-3983\" class=\"wp-caption-text\">Tecido de cetim<\/p><\/div><\/li>\n<li>Descri\u00e7\u00e3o da trama espinha de peixe (derivado da sarja): Uma variante da trama sarja, criando um padr\u00e3o em zigue-zague, semelhante a uma espinha de peixe, sim\u00e9trico ao longo de um eixo central. Propriedades: Padr\u00e3o em &quot;V&quot; ou zigue-zague, textura clara, tridimensional e t\u00e1til, boa resist\u00eancia a rugas e caimento, reduz a distor\u00e7\u00e3o do tecido. Varia\u00e7\u00f5es: O toque varia com a espessura do fio e a densidade da trama; fios mais grossos e tramas mais densas resultam em textura pronunciada e estrutura mais r\u00edgida, enquanto fios mais finos produzem tecidos mais macios. Aplica\u00e7\u00f5es: Comum em ternos, jaquetas e jeans, com ra\u00edzes hist\u00f3ricas que remontam \u00e0 \u00e9poca romana, originalmente usado na constru\u00e7\u00e3o de estradas. Link externo: <a href=\"https:\/\/en.wikipedia.org\/wiki\/Herringbone\">Descubra o padr\u00e3o espinha de peixe<\/a>\n<p><div id=\"attachment_3984\" style=\"width: 610px\" class=\"wp-caption aligncenter\"><img loading=\"lazy\" decoding=\"async\" aria-describedby=\"caption-attachment-3984\" class=\"wp-image-3984\" src=\"https:\/\/lydenim.com\/wp-content\/uploads\/2025\/03\/IMG_4208.jpg\" alt=\"Espinha de peixe (derivado de sarja)\" width=\"600\" height=\"225\" srcset=\"https:\/\/lydenim.com\/wp-content\/uploads\/2025\/03\/IMG_4208.jpg 1165w, https:\/\/lydenim.com\/wp-content\/uploads\/2025\/03\/IMG_4208-300x112.jpg 300w, https:\/\/lydenim.com\/wp-content\/uploads\/2025\/03\/IMG_4208-1024x383.jpg 1024w, https:\/\/lydenim.com\/wp-content\/uploads\/2025\/03\/IMG_4208-768x287.jpg 768w, https:\/\/lydenim.com\/wp-content\/uploads\/2025\/03\/IMG_4208-18x7.jpg 18w, https:\/\/lydenim.com\/wp-content\/uploads\/2025\/03\/IMG_4208-600x225.jpg 600w, https:\/\/lydenim.com\/wp-content\/uploads\/2025\/03\/IMG_4208-150x56.jpg 150w\" sizes=\"auto, (max-width: 600px) 100vw, 600px\" \/><p id=\"caption-attachment-3984\" class=\"wp-caption-text\">Espinha de peixe (derivado de sarja)<\/p><\/div><\/li>\n<li>Descri\u00e7\u00e3o da Sarja Quebrada: Combina tramas de sarja direita e esquerda, com fios de trama alternando entre a esquerda e a direita a cada dois fios de urdume, criando um padr\u00e3o em zigue-zague ou em rede. Propriedades: Sem padr\u00e3o direcional \u00f3bvio na superf\u00edcie, toque e peso semelhantes aos do jeans sarja 3\/1, reduz a distor\u00e7\u00e3o do tecido ao romper a tens\u00e3o uniforme, minimizando a deforma\u00e7\u00e3o vis\u00edvel ap\u00f3s a lavagem ou encolhimento. Aplica\u00e7\u00f5es: Utilizado em tecidos jeans para manter a forma e reduzir o encolhimento. Link externo: <a href=\"https:\/\/en.wikipedia.org\/wiki\/Twill\">Para mais informa\u00e7\u00f5es, consulte as informa\u00e7\u00f5es gerais sobre sarja<\/a>\n<p><div id=\"attachment_3985\" style=\"width: 610px\" class=\"wp-caption aligncenter\"><img loading=\"lazy\" decoding=\"async\" aria-describedby=\"caption-attachment-3985\" class=\"wp-image-3985\" src=\"https:\/\/lydenim.com\/wp-content\/uploads\/2025\/03\/IMG_4209.jpg\" alt=\"Sarja quebrada\" width=\"600\" height=\"241\" srcset=\"https:\/\/lydenim.com\/wp-content\/uploads\/2025\/03\/IMG_4209.jpg 1178w, https:\/\/lydenim.com\/wp-content\/uploads\/2025\/03\/IMG_4209-300x120.jpg 300w, https:\/\/lydenim.com\/wp-content\/uploads\/2025\/03\/IMG_4209-1024x411.jpg 1024w, https:\/\/lydenim.com\/wp-content\/uploads\/2025\/03\/IMG_4209-768x308.jpg 768w, https:\/\/lydenim.com\/wp-content\/uploads\/2025\/03\/IMG_4209-18x7.jpg 18w, https:\/\/lydenim.com\/wp-content\/uploads\/2025\/03\/IMG_4209-600x241.jpg 600w, https:\/\/lydenim.com\/wp-content\/uploads\/2025\/03\/IMG_4209-150x60.jpg 150w\" sizes=\"auto, (max-width: 600px) 100vw, 600px\" \/><p id=\"caption-attachment-3985\" class=\"wp-caption-text\">Sarja quebrada<\/p><\/div><\/li>\n<li>Jacquard (Trama Dobby): Descri\u00e7\u00e3o: Um h\u00edbrido moderno que combina o design tradicional do denim com t\u00e9cnicas orientais de jacquard, permitindo padr\u00f5es e designs variados. Propriedades: Permite criar diversos designs florais ou geom\u00e9tricos, linhas suaves, altamente vers\u00e1til, com complexidade de padr\u00f5es dependendo do tipo de tear. Tipos: Jacquard pequeno (dobby, variedade limitada de padr\u00f5es, apresenta texturas ou pontos sutis da mesma cor), jacquard grande (ampla capacidade de padr\u00f5es, ideal para uso casual) e jacquard bordado (padr\u00f5es bordados diretamente na superf\u00edcie). Aplica\u00e7\u00f5es: Uso casual com texturas vis\u00edveis, especialmente em denim. Link externo: <a href=\"https:\/\/en.wikipedia.org\/wiki\/Jacquard\">Aprenda sobre jacquard<\/a>\n<p><div id=\"attachment_3986\" style=\"width: 610px\" class=\"wp-caption aligncenter\"><img loading=\"lazy\" decoding=\"async\" aria-describedby=\"caption-attachment-3986\" class=\"wp-image-3986\" src=\"https:\/\/lydenim.com\/wp-content\/uploads\/2025\/03\/IMG_4210.jpg\" alt=\"Jacquard\" width=\"600\" height=\"281\" srcset=\"https:\/\/lydenim.com\/wp-content\/uploads\/2025\/03\/IMG_4210.jpg 1181w, https:\/\/lydenim.com\/wp-content\/uploads\/2025\/03\/IMG_4210-300x140.jpg 300w, https:\/\/lydenim.com\/wp-content\/uploads\/2025\/03\/IMG_4210-1024x479.jpg 1024w, https:\/\/lydenim.com\/wp-content\/uploads\/2025\/03\/IMG_4210-768x360.jpg 768w, https:\/\/lydenim.com\/wp-content\/uploads\/2025\/03\/IMG_4210-18x8.jpg 18w, https:\/\/lydenim.com\/wp-content\/uploads\/2025\/03\/IMG_4210-600x281.jpg 600w, https:\/\/lydenim.com\/wp-content\/uploads\/2025\/03\/IMG_4210-150x70.jpg 150w\" sizes=\"auto, (max-width: 600px) 100vw, 600px\" \/><p id=\"caption-attachment-3986\" class=\"wp-caption-text\">Jacquard<\/p><\/div><\/li>\n<li>Descri\u00e7\u00e3o da Textura Slub: Originalmente um defeito, agora criado intencionalmente pela fia\u00e7\u00e3o de fios de comprimentos e espessuras variados para imitar os n\u00f3s de bambu, com manchas brancas elevadas formando listras verticais. Propriedades: Textura irregular, visual retr\u00f4 e texturizado, pode produzir padr\u00f5es regulares como gotas de chuva espalhadas, folhas densas de salgueiro, nuvens ou efeitos nebulosos se fiado consistentemente. Aplica\u00e7\u00f5es: Usado em jeans para um estilo vintage \u00fanico, real\u00e7ando o interesse visual. Link externo: <a href=\"https:\/\/en.wikipedia.org\/wiki\/Slub\">Verifique o fio solto<\/a>\n<p><div id=\"attachment_3987\" style=\"width: 610px\" class=\"wp-caption aligncenter\"><img loading=\"lazy\" decoding=\"async\" aria-describedby=\"caption-attachment-3987\" class=\"wp-image-3987\" src=\"https:\/\/lydenim.com\/wp-content\/uploads\/2025\/03\/IMG_4211.jpg\" alt=\"Textura Slub\" width=\"600\" height=\"274\" srcset=\"https:\/\/lydenim.com\/wp-content\/uploads\/2025\/03\/IMG_4211.jpg 1150w, https:\/\/lydenim.com\/wp-content\/uploads\/2025\/03\/IMG_4211-300x137.jpg 300w, https:\/\/lydenim.com\/wp-content\/uploads\/2025\/03\/IMG_4211-1024x467.jpg 1024w, https:\/\/lydenim.com\/wp-content\/uploads\/2025\/03\/IMG_4211-768x351.jpg 768w, https:\/\/lydenim.com\/wp-content\/uploads\/2025\/03\/IMG_4211-18x8.jpg 18w, https:\/\/lydenim.com\/wp-content\/uploads\/2025\/03\/IMG_4211-600x274.jpg 600w, https:\/\/lydenim.com\/wp-content\/uploads\/2025\/03\/IMG_4211-150x68.jpg 150w\" sizes=\"auto, (max-width: 600px) 100vw, 600px\" \/><p id=\"caption-attachment-3987\" class=\"wp-caption-text\">Textura Slub<\/p><\/div><\/li>\n<li>Descri\u00e7\u00e3o da Textura Neps: Anteriormente um defeito causado por impurezas ou comprimento irregular das fibras durante a cardagem, resultando em n\u00f3s de algod\u00e3o emaranhados, agora usado para efeito est\u00e9tico. Propriedades: Mais pronunciado que o slub, com part\u00edculas brancas felpudas vis\u00edveis que lembram flocos de neve no denim, os n\u00f3s parecem maiores e mais claros no verso. Aplica\u00e7\u00f5es: Real\u00e7a a textura e o interesse visual no denim, adicionando uma est\u00e9tica \u00fanica. Link externo: <a href=\"https:\/\/en.wikipedia.org\/wiki\/Neps\">Explorar neps<\/a>\n<p><div id=\"attachment_3988\" style=\"width: 610px\" class=\"wp-caption aligncenter\"><img loading=\"lazy\" decoding=\"async\" aria-describedby=\"caption-attachment-3988\" class=\"wp-image-3988\" src=\"https:\/\/lydenim.com\/wp-content\/uploads\/2025\/03\/IMG_4212.jpg\" alt=\"Textura Neps\" width=\"600\" height=\"373\" srcset=\"https:\/\/lydenim.com\/wp-content\/uploads\/2025\/03\/IMG_4212.jpg 1165w, https:\/\/lydenim.com\/wp-content\/uploads\/2025\/03\/IMG_4212-300x186.jpg 300w, https:\/\/lydenim.com\/wp-content\/uploads\/2025\/03\/IMG_4212-1024x636.jpg 1024w, https:\/\/lydenim.com\/wp-content\/uploads\/2025\/03\/IMG_4212-768x477.jpg 768w, https:\/\/lydenim.com\/wp-content\/uploads\/2025\/03\/IMG_4212-18x12.jpg 18w, https:\/\/lydenim.com\/wp-content\/uploads\/2025\/03\/IMG_4212-600x373.jpg 600w, https:\/\/lydenim.com\/wp-content\/uploads\/2025\/03\/IMG_4212-150x93.jpg 150w\" sizes=\"auto, (max-width: 600px) 100vw, 600px\" \/><p id=\"caption-attachment-3988\" class=\"wp-caption-text\">Textura Neps<\/p><\/div><\/li>\n<\/ol>\n<h2><strong>\u00a0Tabela de compara\u00e7\u00e3o<\/strong><\/h2>\n<p>Aqui est\u00e1 um resumo dos padr\u00f5es de tecelagem para facilitar a compara\u00e7\u00e3o:<\/p>\n<table style=\"height: 309px;\" width=\"1215\">\n<tbody>\n<tr>\n<th>Nome do padr\u00e3o<\/th>\n<th>Textura<\/th>\n<th>Pontos de entrela\u00e7amento<\/th>\n<th>Sensa\u00e7\u00e3o da m\u00e3o<\/th>\n<th>Aplica\u00e7\u00f5es<\/th>\n<\/tr>\n<tr>\n<td>Ponto de tafet\u00e1<\/td>\n<td>Plano, suave<\/td>\n<td>Alto<\/td>\n<td>Duro<\/td>\n<td>Camisas casuais<\/td>\n<\/tr>\n<tr>\n<td>Tecido sarja<\/td>\n<td>Diagonal<\/td>\n<td>Menos que simples<\/td>\n<td>Mais macio, mais grosso<\/td>\n<td>Cal\u00e7as, ternos<\/td>\n<\/tr>\n<tr>\n<td>Tecido de cetim<\/td>\n<td>Suave, brilhante<\/td>\n<td>Alguns<\/td>\n<td>Macio, bom caimento<\/td>\n<td>Cal\u00e7as justas<\/td>\n<\/tr>\n<tr>\n<td>Espinha de peixe<\/td>\n<td>Ziguezague, 3D<\/td>\n<td>Menos que simples<\/td>\n<td>Texturizado, t\u00e1til<\/td>\n<td>Ternos, jaquetas<\/td>\n<\/tr>\n<tr>\n<td>Sarja quebrada<\/td>\n<td>Nenhuma dire\u00e7\u00e3o \u00f3bvia<\/td>\n<td>Semelhante ao sarja 3\/1<\/td>\n<td>Semelhante ao sarja 3\/1<\/td>\n<td>Jeans<\/td>\n<\/tr>\n<tr>\n<td>Jacquard<\/td>\n<td>Variado, complexo<\/td>\n<td>Depende do padr\u00e3o<\/td>\n<td>Depende do padr\u00e3o<\/td>\n<td>Roupa casual<\/td>\n<\/tr>\n<tr>\n<td>Textura Slub<\/td>\n<td>Manchas elevadas, irregulares<\/td>\n<td>Irregular<\/td>\n<td>Texturizado<\/td>\n<td>Jeans, estilo vintage<\/td>\n<\/tr>\n<tr>\n<td>Textura Neps<\/td>\n<td>Part\u00edculas difusas, irregulares<\/td>\n<td>Irregular<\/td>\n<td>Texturizado<\/td>\n<td>Denim, textura aprimorada<\/td>\n<\/tr>\n<\/tbody>\n<\/table>\n<h2><strong>Conclus\u00e3o<\/strong><\/h2>\n<p>Compreender os padr\u00f5es de tecelagem \u00e9 crucial para apreciar a arte e a ci\u00eancia da produ\u00e7\u00e3o t\u00eaxtil. Cada padr\u00e3o oferece propriedades \u00fanicas, desde roupas do dia a dia at\u00e9 aplica\u00e7\u00f5es especializadas em jeans. A partir de 2025, a tecnologia de tecelagem continua a evoluir, com ferramentas de design digital e novos materiais aprimorando os padr\u00f5es, embora os cl\u00e1ssicos continuem essenciais.<\/p>\n<h2><strong>Chamada para a\u00e7\u00e3o<\/strong><\/h2>\n<p>Adorar\u00edamos saber sua opini\u00e3o! Qual padr\u00e3o de tecelagem \u00e9 o seu favorito e por qu\u00ea? Compartilhe suas ideias nos coment\u00e1rios abaixo. Al\u00e9m disso, n\u00e3o se esque\u00e7a de assinar nossa newsletter para mais artigos interessantes sobre t\u00eaxteis e moda. Entre em contato conosco pelo e-mail <a>malone@lydenim.com<\/a> ou visite <a href=\"https:\/\/lydenim.com\/pt\/\">www.lydenim.com<\/a> para aconselhamento especializado e solu\u00e7\u00f5es personalizadas.<\/p>\n<h2 dir=\"auto\">Servi\u00e7os de personaliza\u00e7\u00e3o da LYDENIM<\/h2>\n<p dir=\"auto\">\ud83c\udfa8 Quero <strong>tecidos jeans personalizados<\/strong> ou\u00a0 <strong>exclusivo<\/strong> <strong>pe\u00e7a jeans personalizada<\/strong>? A LYDENIM \u00e9 especializada em solu\u00e7\u00f5es personalizadas para atender \u00e0s suas necessidades de design e produ\u00e7\u00e3o.<\/p>\n<p dir=\"auto\">\ud83d\udecd\ufe0f <strong>Explore e inspire-se<\/strong>: Navegue por nossas sele\u00e7\u00f5es de tecidos e descubra ideias de design em <a href=\"https:\/\/lydenim.com\/pt\/\" target=\"_blank\" rel=\"noopener noreferrer nofollow\">LYDenim<\/a>.<\/p>\n<p dir=\"auto\">\ud83c\udf10 <strong>Roupas el\u00e1sticas<\/strong>: Confira nossas ofertas em <a href=\"http:\/\/liangyuantextile.m.en.alibaba.com\" target=\"_blank\" rel=\"noopener noreferrer nofollow\">MeuAlibaba<\/a>. \ud83d\udce9 <strong>Contate-nos<\/strong>: Entre em contato em <a href=\"mailto:malone@lydenim.com\" target=\"_blank\" rel=\"noopener noreferrer nofollow\">malone@lydenim.com<\/a>.<\/p>\n<p dir=\"auto\">Crie sua obra-prima de jeans com LYDENIM - seu parceiro de confian\u00e7a para <strong>tecido el\u00e1stico<\/strong> e <strong>solu\u00e7\u00f5es personalizadas de jeans<\/strong>.<\/p>","protected":false},"excerpt":{"rendered":"<p>Tempo estimado de leitura: ~5 minutos Introdu\u00e7\u00e3o Os padr\u00f5es de tecelagem s\u00e3o a espinha dorsal do design t\u00eaxtil, influenciando a apar\u00eancia, a sensa\u00e7\u00e3o e o desempenho<\/p>","protected":false},"author":1,"featured_media":3990,"comment_status":"open","ping_status":"open","sticky":false,"template":"","format":"standard","meta":{"two_page_speed":[],"footnotes":""},"categories":[66],"tags":[],"class_list":["post-3980","post","type-post","status-publish","format-standard","has-post-thumbnail","hentry","category-denim-knowledge"],"aioseo_notices":[],"_links":{"self":[{"href":"https:\/\/lydenim.com\/pt\/wp-json\/wp\/v2\/posts\/3980","targetHints":{"allow":["GET"]}}],"collection":[{"href":"https:\/\/lydenim.com\/pt\/wp-json\/wp\/v2\/posts"}],"about":[{"href":"https:\/\/lydenim.com\/pt\/wp-json\/wp\/v2\/types\/post"}],"author":[{"embeddable":true,"href":"https:\/\/lydenim.com\/pt\/wp-json\/wp\/v2\/users\/1"}],"replies":[{"embeddable":true,"href":"https:\/\/lydenim.com\/pt\/wp-json\/wp\/v2\/comments?post=3980"}],"version-history":[{"count":6,"href":"https:\/\/lydenim.com\/pt\/wp-json\/wp\/v2\/posts\/3980\/revisions"}],"predecessor-version":[{"id":6216,"href":"https:\/\/lydenim.com\/pt\/wp-json\/wp\/v2\/posts\/3980\/revisions\/6216"}],"wp:featuredmedia":[{"embeddable":true,"href":"https:\/\/lydenim.com\/pt\/wp-json\/wp\/v2\/media\/3990"}],"wp:attachment":[{"href":"https:\/\/lydenim.com\/pt\/wp-json\/wp\/v2\/media?parent=3980"}],"wp:term":[{"taxonomy":"category","embeddable":true,"href":"https:\/\/lydenim.com\/pt\/wp-json\/wp\/v2\/categories?post=3980"},{"taxonomy":"post_tag","embeddable":true,"href":"https:\/\/lydenim.com\/pt\/wp-json\/wp\/v2\/tags?post=3980"}],"curies":[{"name":"wp","href":"https:\/\/api.w.org\/{rel}","templated":true}]}}