{"id":4090,"date":"2025-03-12T15:40:52","date_gmt":"2025-03-12T07:40:52","guid":{"rendered":"https:\/\/lydenim.com\/?p=4090"},"modified":"2025-08-23T16:10:02","modified_gmt":"2025-08-23T08:10:02","slug":"what-is-non-fading-denim-innovation-meets-timeless-style","status":"publish","type":"post","link":"https:\/\/lydenim.com\/pt\/o-que-e-a-inovacao-do-jeans-antidesbotamento-que-encontra-o-estilo-atemporal\/","title":{"rendered":"O que \u00e9 jeans que n\u00e3o desbota? Inova\u00e7\u00e3o e estilo atemporal"},"content":{"rendered":"<h2 data-pm-slice=\"1 1 []\">Tempo estimado de leitura: ~5 minutos<\/h2>\n<h2 data-start=\"66\" data-end=\"103\">Parte 1: A Origem do Tecido Denim<\/h2>\n<p data-start=\"105\" data-end=\"578\">O jeans, um tecido de sarja de algod\u00e3o resistente, \u00e9 um item essencial da moda global desde o s\u00e9culo XIX. Originalmente projetado para suportar as demandas de trabalhadores e mineradores, seu caracter\u00edstico nervuras diagonais proporciona durabilidade excepcional. O termo &quot;denim&quot; deriva da frase francesa <em data-start=\"385\" data-end=\"401\">serge de N\u00eemes<\/em>, referindo-se a um tecido produzido em N\u00eemes, Fran\u00e7a. Foram Levi Strauss e Jacob Davis que transformaram o jeans no jeans azul moderno, refor\u00e7ando o tecido com rebites de cobre.<\/p>\n<h2 data-start=\"670\" data-end=\"711\">Parte 2: Por que o jeans era originalmente azul?<\/h2>\n<p data-start=\"713\" data-end=\"1177\">O tom azul ic\u00f4nico do jeans tradicional \u00e9 obtido com o uso do corante \u00edndigo, uma cor natural extra\u00edda da planta Indigofera. Devido \u00e0 sua estrutura molecular, o \u00edndigo adere apenas \u00e0 superf\u00edcie das fibras de algod\u00e3o, sem penetr\u00e1-las completamente. Essa caracter\u00edstica faz com que o tecido revele gradualmente um aspecto desbotado e &quot;usado&quot; com as lavagens e o uso. Al\u00e9m disso, o azul se mostrou pr\u00e1tico \u2014 disfar\u00e7ou com efic\u00e1cia sujeira e manchas, tornando-o ideal para ambientes de trabalho intenso.<\/p>\n<h2 data-start=\"1281\" data-end=\"1342\">Parte 3: Por que o jeans desbota? Principais fatores por tr\u00e1s da perda de cor<\/h2>\n<p data-start=\"1344\" data-end=\"1400\">O desbotamento do jeans ocorre devido a v\u00e1rios fatores contribuintes:<\/p>\n<ul data-start=\"1402\" data-end=\"1788\">\n<li data-start=\"1402\" data-end=\"1491\"><strong data-start=\"1404\" data-end=\"1417\">Tipo de corante:<\/strong> A liga\u00e7\u00e3o superficial do \u00edndigo o torna suscet\u00edvel \u00e0 lavagem.<\/li>\n<li data-start=\"1492\" data-end=\"1582\"><strong data-start=\"1494\" data-end=\"1513\">H\u00e1bitos de lavagem:<\/strong> Detergentes agressivos, \u00e1gua quente e lavagens frequentes aceleram a perda de tinta.<\/li>\n<li data-start=\"1583\" data-end=\"1697\"><strong data-start=\"1585\" data-end=\"1598\">Atrito:<\/strong> Atividades di\u00e1rias, especialmente em \u00e1reas de alto contato, como joelhos e coxas, gradualmente corroem a tinta.<\/li>\n<li data-start=\"1698\" data-end=\"1788\"><strong data-start=\"1700\" data-end=\"1727\">Exposi\u00e7\u00e3o ambiental:<\/strong> Os raios UV e a umidade podem quebrar as mol\u00e9culas do corante ao longo do tempo.<\/li>\n<\/ul>\n<p data-start=\"1790\" data-end=\"1924\">Embora o efeito desbotamento seja valorizado como parte da caracter\u00edstica do jeans, a perda excessiva de cor pode comprometer tanto a est\u00e9tica quanto a durabilidade.<\/p>\n<h2 data-start=\"2006\" data-end=\"2067\">Parte 4: Apresentando o Denim Antidesbotamento \u2013 Uma Inova\u00e7\u00e3o Moderna<\/h2>\n<p data-start=\"2069\" data-end=\"2431\">Em resposta aos desafios do denim tradicional, apresentamos com orgulho nosso tecido denim que n\u00e3o desbota. Aproveitando a resist\u00eancia natural do algod\u00e3o, nossa tecnologia inovadora emprega t\u00e9cnicas avan\u00e7adas de tingimento e estabilizantes sint\u00e9ticos. Ao contr\u00e1rio do \u00edndigo convencional, esses corantes penetram profundamente nas fibras, garantindo a reten\u00e7\u00e3o consistente da cor mesmo ap\u00f3s v\u00e1rias lavagens.<\/p>\n<h3 data-start=\"2433\" data-end=\"2478\">Nossa cole\u00e7\u00e3o de jeans que n\u00e3o desbota apresenta:<\/h3>\n<ul data-start=\"2480\" data-end=\"2861\">\n<li data-start=\"2480\" data-end=\"2622\"><strong data-start=\"2482\" data-end=\"2504\">Op\u00e7\u00f5es de espessura:<\/strong> Dispon\u00edvel em tecidos jeans de 7, 8 e 10 fios, atendendo a diversos estilos e requisitos de desempenho.<\/li>\n<li data-start=\"2623\" data-end=\"2731\"><strong data-start=\"2625\" data-end=\"2647\">El\u00e1stico vs. R\u00edgido:<\/strong> Escolha entre op\u00e7\u00f5es que oferecem conforto com elasticidade ou um toque cl\u00e1ssico e estruturado.<\/li>\n<li data-start=\"2732\" data-end=\"2861\"><strong data-start=\"2734\" data-end=\"2767\">Com ou sem textura slub:<\/strong> Personalize seu acabamento: opte por uma superf\u00edcie lisa ou adicione detalhes r\u00fasticos para dar profundidade visual.<\/li>\n<\/ul>\n<div id=\"attachment_4128\" style=\"width: 610px\" class=\"wp-caption aligncenter\"><img loading=\"lazy\" decoding=\"async\" aria-describedby=\"caption-attachment-4128\" class=\"wp-image-4128 size-full\" src=\"https:\/\/lydenim.com\/wp-content\/uploads\/2025\/03\/IMG_5571-e1741764048760.jpg\" alt=\"Tecido jeans antidesbotamento s\u00e9rie 7S-10S\" width=\"600\" height=\"600\" \/><p id=\"caption-attachment-4128\" class=\"wp-caption-text\">Tecido jeans antidesbotamento s\u00e9rie 7S-10S<\/p><\/div>\n<h2 data-start=\"2994\" data-end=\"3048\">Parte 5: Inova\u00e7\u00f5es futuras e aplica\u00e7\u00f5es vers\u00e1teis<\/h2>\n<p data-start=\"3050\" data-end=\"3294\">Nossa jornada n\u00e3o para por aqui. Exploramos continuamente novas espessuras e acabamentos especializados para ampliar nossa cole\u00e7\u00e3o de jeans que n\u00e3o desbota. Este tecido revolucion\u00e1rio n\u00e3o se limita aos jeans \u2014 ele est\u00e1 pronto para transformar uma variedade de aplica\u00e7\u00f5es:<\/p>\n<ul data-start=\"3296\" data-end=\"3557\">\n<li data-start=\"3296\" data-end=\"3379\"><strong data-start=\"3298\" data-end=\"3310\">Vestu\u00e1rio:<\/strong> Jaquetas, saias, camisas e muito mais que mant\u00eam suas cores vibrantes.<\/li>\n<li data-start=\"3380\" data-end=\"3462\"><strong data-start=\"3382\" data-end=\"3397\">Decora\u00e7\u00e3o de casa:<\/strong> Estofamento dur\u00e1vel, cortinas atraentes e almofadas elegantes.<\/li>\n<li data-start=\"3463\" data-end=\"3557\"><strong data-start=\"3465\" data-end=\"3481\">Acess\u00f3rios:<\/strong> Bolsas, chap\u00e9us e outros itens modernos com cores duradouras.<\/li>\n<\/ul>\n<p data-start=\"3559\" data-end=\"3659\"><img loading=\"lazy\" decoding=\"async\" class=\"wp-image-4129 aligncenter\" src=\"https:\/\/lydenim.com\/wp-content\/uploads\/2025\/03\/Non-fading-denim-fabric1.jpeg\" alt=\"Tecido jeans que n\u00e3o desbota\" width=\"600\" height=\"800\" srcset=\"https:\/\/lydenim.com\/wp-content\/uploads\/2025\/03\/Non-fading-denim-fabric1.jpeg 750w, https:\/\/lydenim.com\/wp-content\/uploads\/2025\/03\/Non-fading-denim-fabric1-225x300.jpeg 225w, https:\/\/lydenim.com\/wp-content\/uploads\/2025\/03\/Non-fading-denim-fabric1-9x12.jpeg 9w, https:\/\/lydenim.com\/wp-content\/uploads\/2025\/03\/Non-fading-denim-fabric1-600x800.jpeg 600w, https:\/\/lydenim.com\/wp-content\/uploads\/2025\/03\/Non-fading-denim-fabric1-150x200.jpeg 150w\" sizes=\"auto, (max-width: 600px) 100vw, 600px\" \/> <img loading=\"lazy\" decoding=\"async\" class=\"wp-image-4130 aligncenter\" src=\"https:\/\/lydenim.com\/wp-content\/uploads\/2025\/03\/Non-fading-denim-fabric2.jpeg\" alt=\"\" width=\"600\" height=\"800\" srcset=\"https:\/\/lydenim.com\/wp-content\/uploads\/2025\/03\/Non-fading-denim-fabric2.jpeg 750w, https:\/\/lydenim.com\/wp-content\/uploads\/2025\/03\/Non-fading-denim-fabric2-225x300.jpeg 225w, https:\/\/lydenim.com\/wp-content\/uploads\/2025\/03\/Non-fading-denim-fabric2-9x12.jpeg 9w, https:\/\/lydenim.com\/wp-content\/uploads\/2025\/03\/Non-fading-denim-fabric2-600x800.jpeg 600w, https:\/\/lydenim.com\/wp-content\/uploads\/2025\/03\/Non-fading-denim-fabric2-150x200.jpeg 150w\" sizes=\"auto, (max-width: 600px) 100vw, 600px\" \/> <img loading=\"lazy\" decoding=\"async\" class=\"wp-image-4131 aligncenter\" src=\"https:\/\/lydenim.com\/wp-content\/uploads\/2025\/03\/Non-fading-denim-fabric3.jpeg\" alt=\"Tecido jeans que n\u00e3o desbota\" width=\"600\" height=\"800\" srcset=\"https:\/\/lydenim.com\/wp-content\/uploads\/2025\/03\/Non-fading-denim-fabric3.jpeg 750w, https:\/\/lydenim.com\/wp-content\/uploads\/2025\/03\/Non-fading-denim-fabric3-225x300.jpeg 225w, https:\/\/lydenim.com\/wp-content\/uploads\/2025\/03\/Non-fading-denim-fabric3-9x12.jpeg 9w, https:\/\/lydenim.com\/wp-content\/uploads\/2025\/03\/Non-fading-denim-fabric3-600x800.jpeg 600w, https:\/\/lydenim.com\/wp-content\/uploads\/2025\/03\/Non-fading-denim-fabric3-150x200.jpeg 150w\" sizes=\"auto, (max-width: 600px) 100vw, 600px\" \/><\/p>\n<h2 style=\"text-align: left;\">Conclus\u00e3o<\/h2>\n<p data-start=\"3685\" data-end=\"3959\">Experimente o jeans que resiste ao teste do tempo. Diga adeus aos problemas de desbotamento e eleve seu estilo com nosso tecido jeans inovador e resistente ao desbotamento. Seja voc\u00ea um designer ou um entusiasta da moda, nossa cole\u00e7\u00e3o \u00e9 criada para atender \u00e0s suas necessidades com estilo e durabilidade duradouros.<\/p>\n<h2 dir=\"auto\">Servi\u00e7os de personaliza\u00e7\u00e3o da LYDENIM<\/h2>\n<p dir=\"auto\">\ud83c\udfa8 Quero <strong>tecidos jeans personalizados<\/strong> ou\u00a0 <strong>exclusivo<\/strong> <strong>pe\u00e7a jeans personalizada<\/strong>? A LYDENIM \u00e9 especializada em solu\u00e7\u00f5es personalizadas para atender \u00e0s suas necessidades de design e produ\u00e7\u00e3o.<\/p>\n<p dir=\"auto\">\ud83d\udecd\ufe0f <strong>Explore e inspire-se<\/strong>: Navegue por nossas sele\u00e7\u00f5es de tecidos e descubra ideias de design em <a href=\"https:\/\/lydenim.com\/pt\/\" target=\"_blank\" rel=\"noopener noreferrer nofollow\">LYDenim<\/a>.<\/p>\n<p dir=\"auto\">\ud83c\udf10 <strong>Roupas el\u00e1sticas<\/strong>: Confira nossas ofertas em <a href=\"http:\/\/liangyuantextile.m.en.alibaba.com\" target=\"_blank\" rel=\"noopener noreferrer nofollow\">MeuAlibaba<\/a>. \ud83d\udce9 <strong>Contate-nos<\/strong>: Entre em contato em <a href=\"mailto:malone@lydenim.com\" target=\"_blank\" rel=\"noopener noreferrer nofollow\">malone@lydenim.com<\/a>.<\/p>\n<p dir=\"auto\">Crie sua obra-prima de jeans com LYDENIM - seu parceiro de confian\u00e7a para <strong>tecido el\u00e1stico<\/strong> e <strong>solu\u00e7\u00f5es personalizadas de jeans<\/strong>.<\/p>","protected":false},"excerpt":{"rendered":"<p>Tempo estimado de leitura: ~5 minutos Parte 1: A origem do tecido jeans O jeans, um tecido de sarja de algod\u00e3o resistente, tem sido<\/p>","protected":false},"author":1,"featured_media":4132,"comment_status":"open","ping_status":"open","sticky":false,"template":"","format":"standard","meta":{"two_page_speed":[],"footnotes":""},"categories":[66,67],"tags":[],"class_list":["post-4090","post","type-post","status-publish","format-standard","has-post-thumbnail","hentry","category-denim-knowledge","category-market"],"aioseo_notices":[],"_links":{"self":[{"href":"https:\/\/lydenim.com\/pt\/wp-json\/wp\/v2\/posts\/4090","targetHints":{"allow":["GET"]}}],"collection":[{"href":"https:\/\/lydenim.com\/pt\/wp-json\/wp\/v2\/posts"}],"about":[{"href":"https:\/\/lydenim.com\/pt\/wp-json\/wp\/v2\/types\/post"}],"author":[{"embeddable":true,"href":"https:\/\/lydenim.com\/pt\/wp-json\/wp\/v2\/users\/1"}],"replies":[{"embeddable":true,"href":"https:\/\/lydenim.com\/pt\/wp-json\/wp\/v2\/comments?post=4090"}],"version-history":[{"count":6,"href":"https:\/\/lydenim.com\/pt\/wp-json\/wp\/v2\/posts\/4090\/revisions"}],"predecessor-version":[{"id":6217,"href":"https:\/\/lydenim.com\/pt\/wp-json\/wp\/v2\/posts\/4090\/revisions\/6217"}],"wp:featuredmedia":[{"embeddable":true,"href":"https:\/\/lydenim.com\/pt\/wp-json\/wp\/v2\/media\/4132"}],"wp:attachment":[{"href":"https:\/\/lydenim.com\/pt\/wp-json\/wp\/v2\/media?parent=4090"}],"wp:term":[{"taxonomy":"category","embeddable":true,"href":"https:\/\/lydenim.com\/pt\/wp-json\/wp\/v2\/categories?post=4090"},{"taxonomy":"post_tag","embeddable":true,"href":"https:\/\/lydenim.com\/pt\/wp-json\/wp\/v2\/tags?post=4090"}],"curies":[{"name":"wp","href":"https:\/\/api.w.org\/{rel}","templated":true}]}}