{"id":4094,"date":"2025-03-12T15:55:52","date_gmt":"2025-03-12T07:55:52","guid":{"rendered":"https:\/\/lydenim.com\/?p=4094"},"modified":"2025-08-23T15:43:12","modified_gmt":"2025-08-23T07:43:12","slug":"discover-joanns-premium-denim-collection-end-to-end-design-solutions","status":"publish","type":"post","link":"https:\/\/lydenim.com\/pt\/descubra-a-colecao-de-jeans-premium-da-joanns-solucoes-de-design-de-ponta-a-ponta\/","title":{"rendered":"Descubra a cole\u00e7\u00e3o premium de jeans da Joann e suas solu\u00e7\u00f5es completas de design"},"content":{"rendered":"<h2 data-pm-slice=\"1 1 []\">Tempo estimado de leitura: ~5 minutos<\/h2>\n<h2 style=\"text-align: left;\" data-pm-slice=\"1 1 []\">Introdu\u00e7\u00e3o<\/h2>\n<p data-start=\"75\" data-end=\"384\">Embora a cole\u00e7\u00e3o de Joann seja conhecida por sua variedade e qualidade, <a href=\"https:\/\/lydenim.com\/pt\/produtos\/\">LYdenim<\/a> Temos orgulho de oferecer uma gama competitiva de tecidos jeans premium que inspiram a criatividade e proporcionam resultados excepcionais. Compare nossas ofertas com as sele\u00e7\u00f5es da Joann e veja por que a LYdenim \u00e9 sua parceira ideal em inova\u00e7\u00e3o em jeans.<\/p>\n<h2 data-start=\"391\" data-end=\"440\">Parte 1: Explore uma gama vers\u00e1til de tecidos jeans<\/h2>\n<p data-start=\"442\" data-end=\"652\">Na Joann, voc\u00ea encontrar\u00e1 uma sele\u00e7\u00e3o criteriosa de tecidos jeans, projetados para atender a todas as vis\u00f5es criativas. Na LYdenim, nossa oferta \u00e9 igualmente diversificada e de alta qualidade, garantindo que voc\u00ea tenha o tecido certo para qualquer projeto:<\/p>\n<ul data-start=\"654\" data-end=\"1232\">\n<li data-start=\"654\" data-end=\"769\">\n<p data-start=\"656\" data-end=\"769\"><strong data-start=\"656\" data-end=\"680\">Jeans Twill Cl\u00e1ssico:<\/strong><br data-start=\"680\" data-end=\"683\" \/>A escolha atemporal para durabilidade robusta, perfeita para jeans, jaquetas e roupas de trabalho.<\/p>\n<\/li>\n<li data-start=\"771\" data-end=\"885\">\n<p data-start=\"773\" data-end=\"885\"><strong data-start=\"773\" data-end=\"791\">Jeans el\u00e1stico:<\/strong><br data-start=\"791\" data-end=\"794\" \/>Misturado com elastano para conforto e flexibilidade, ideal para designs modernos e justos ao corpo.<\/p>\n<\/li>\n<li data-start=\"887\" data-end=\"1009\">\n<p data-start=\"889\" data-end=\"1009\"><strong data-start=\"889\" data-end=\"905\">Denim r\u00edgido:<\/strong><br data-start=\"905\" data-end=\"908\" \/>Um tecido pesado e que n\u00e3o estica, que proporciona silhuetas estruturadas e pe\u00e7as de inspira\u00e7\u00e3o vintage.<\/p>\n<\/li>\n<li data-start=\"1011\" data-end=\"1113\">\n<p data-start=\"1013\" data-end=\"1113\"><strong data-start=\"1013\" data-end=\"1032\">Jeans Jacquard:<\/strong><br data-start=\"1032\" data-end=\"1035\" \/>Padr\u00f5es tecidos complexos que acrescentam sofistica\u00e7\u00e3o a roupas e estofados.<\/p>\n<\/li>\n<li data-start=\"1115\" data-end=\"1232\">\n<p data-start=\"1117\" data-end=\"1232\"><strong data-start=\"1117\" data-end=\"1135\">Denim colorido:<\/strong><br data-start=\"1135\" data-end=\"1138\" \/>Al\u00e9m do cl\u00e1ssico \u00edndigo, explore tons como preto, branco, vermelho e tons past\u00e9is para looks ousados.<\/p>\n<\/li>\n<\/ul>\n<h2 data-start=\"1373\" data-end=\"1434\">Parte 2: Beyond Fabric \u2013 Seu parceiro completo em design de jeans<\/h2>\n<p data-start=\"1436\" data-end=\"1554\">N\u00e3o fornecemos apenas tecido jeans premium, mas tamb\u00e9m potencializamos todo o seu processo criativo com solu\u00e7\u00f5es de design abrangentes:<\/p>\n<ul data-start=\"1556\" data-end=\"1999\">\n<li data-start=\"1556\" data-end=\"1700\">\n<p data-start=\"1558\" data-end=\"1700\"><strong data-start=\"1558\" data-end=\"1582\">Design de jeans personalizado:<\/strong><br data-start=\"1582\" data-end=\"1585\" \/>Colabore com nossos especialistas para desenvolver impress\u00f5es, texturas ou efeitos slub exclusivos, adaptados \u00e0 vis\u00e3o da sua marca.<\/p>\n<\/li>\n<li data-start=\"1702\" data-end=\"1847\">\n<p data-start=\"1704\" data-end=\"1847\"><strong data-start=\"1704\" data-end=\"1727\">Produ\u00e7\u00e3o de vestu\u00e1rio:<\/strong><br data-start=\"1727\" data-end=\"1730\" \/>Nossa equipe qualificada cuida de cada etapa, da cria\u00e7\u00e3o do molde ao acabamento, garantindo precis\u00e3o e qualidade em cada pe\u00e7a.<\/p>\n<\/li>\n<li data-start=\"1849\" data-end=\"1999\">\n<p data-start=\"1851\" data-end=\"1999\"><strong data-start=\"1851\" data-end=\"1875\">Op\u00e7\u00f5es sustent\u00e1veis:<\/strong><br data-start=\"1875\" data-end=\"1878\" \/>Escolha corantes ecol\u00f3gicos, algod\u00e3o org\u00e2nico ou jeans reciclado para apoiar iniciativas verdes sem comprometer o estilo.<\/p>\n<\/li>\n<\/ul>\n<h2 data-start=\"2121\" data-end=\"2175\">Parte 3: Por que escolher a LYdenim para seus projetos de jeans?<\/h2>\n<ul data-start=\"2177\" data-end=\"2616\">\n<li data-start=\"2177\" data-end=\"2328\">\n<p data-start=\"2179\" data-end=\"2328\"><strong data-start=\"2179\" data-end=\"2201\">Garantia de qualidade:<\/strong><br data-start=\"2201\" data-end=\"2204\" \/>Nossos tecidos s\u00e3o rigorosamente testados quanto \u00e0 resist\u00eancia da cor, controle de encolhimento e durabilidade, garantindo um desempenho duradouro.<\/p>\n<\/li>\n<li data-start=\"2330\" data-end=\"2470\">\n<p data-start=\"2332\" data-end=\"2470\"><strong data-start=\"2332\" data-end=\"2360\">Inova\u00e7\u00e3o orientada por tend\u00eancias:<\/strong><br data-start=\"2360\" data-end=\"2363\" \/>Fique por dentro das novidades sazonais com acabamentos met\u00e1licos, lavagens desgastadas e misturas com tecnologia.<\/p>\n<\/li>\n<li data-start=\"2472\" data-end=\"2616\">\n<p data-start=\"2474\" data-end=\"2616\"><strong data-start=\"2474\" data-end=\"2497\">Solu\u00e7\u00f5es escal\u00e1veis:<\/strong><br data-start=\"2497\" data-end=\"2500\" \/>Seja voc\u00ea uma startup ou uma marca estabelecida, oferecemos tamanhos de pedidos flex\u00edveis, de pequenos lotes a pedidos em grandes quantidades.<\/p>\n<\/li>\n<\/ul>\n<h2 data-start=\"2738\" data-end=\"2755\">Chamada para a\u00e7\u00e3o<\/h2>\n<p data-start=\"2757\" data-end=\"3074\">Pronto para transformar suas ideias de jeans em realidade?<br data-start=\"2806\" data-end=\"2809\" \/>Visita <a href=\"https:\/\/lydenim.com\/pt\/\" target=\"_new\" rel=\"noopener\" data-start=\"2815\" data-end=\"2848\">lydenim.com<\/a> ou contato <strong data-start=\"2860\" data-end=\"2882\"><a rel=\"noopener\" data-start=\"2862\" data-end=\"2880\">Malone@lydenim.com<\/a><\/strong> Explore nossa cole\u00e7\u00e3o premium hoje mesmo e descubra solu\u00e7\u00f5es personalizadas para sua marca. Experimente a vantagem da LYdenim e eleve seus projetos com tecidos que realmente fazem a diferen\u00e7a.<\/p>","protected":false},"excerpt":{"rendered":"<p>Tempo estimado de leitura: ~5 minutos Introdu\u00e7\u00e3o Embora a cole\u00e7\u00e3o de Joann seja conhecida por sua variedade e qualidade, na LYdenim temos orgulho<\/p>","protected":false},"author":1,"featured_media":4138,"comment_status":"open","ping_status":"open","sticky":false,"template":"","format":"standard","meta":{"two_page_speed":[],"footnotes":""},"categories":[67],"tags":[],"class_list":["post-4094","post","type-post","status-publish","format-standard","has-post-thumbnail","hentry","category-market"],"aioseo_notices":[],"_links":{"self":[{"href":"https:\/\/lydenim.com\/pt\/wp-json\/wp\/v2\/posts\/4094","targetHints":{"allow":["GET"]}}],"collection":[{"href":"https:\/\/lydenim.com\/pt\/wp-json\/wp\/v2\/posts"}],"about":[{"href":"https:\/\/lydenim.com\/pt\/wp-json\/wp\/v2\/types\/post"}],"author":[{"embeddable":true,"href":"https:\/\/lydenim.com\/pt\/wp-json\/wp\/v2\/users\/1"}],"replies":[{"embeddable":true,"href":"https:\/\/lydenim.com\/pt\/wp-json\/wp\/v2\/comments?post=4094"}],"version-history":[{"count":4,"href":"https:\/\/lydenim.com\/pt\/wp-json\/wp\/v2\/posts\/4094\/revisions"}],"predecessor-version":[{"id":6179,"href":"https:\/\/lydenim.com\/pt\/wp-json\/wp\/v2\/posts\/4094\/revisions\/6179"}],"wp:featuredmedia":[{"embeddable":true,"href":"https:\/\/lydenim.com\/pt\/wp-json\/wp\/v2\/media\/4138"}],"wp:attachment":[{"href":"https:\/\/lydenim.com\/pt\/wp-json\/wp\/v2\/media?parent=4094"}],"wp:term":[{"taxonomy":"category","embeddable":true,"href":"https:\/\/lydenim.com\/pt\/wp-json\/wp\/v2\/categories?post=4094"},{"taxonomy":"post_tag","embeddable":true,"href":"https:\/\/lydenim.com\/pt\/wp-json\/wp\/v2\/tags?post=4094"}],"curies":[{"name":"wp","href":"https:\/\/api.w.org\/{rel}","templated":true}]}}