{"id":4194,"date":"2025-03-31T10:51:16","date_gmt":"2025-03-31T02:51:16","guid":{"rendered":"https:\/\/lydenim.com\/?p=4194"},"modified":"2025-08-24T12:17:19","modified_gmt":"2025-08-24T04:17:19","slug":"jacquard-fabrics","status":"publish","type":"post","link":"https:\/\/lydenim.com\/pt\/tecidos-jacquard\/","title":{"rendered":"O jeans jacquard \u00e9 casual para mulheres?"},"content":{"rendered":"<h2 data-pm-slice=\"1 1 []\">Tempo estimado de leitura: ~3 minutos<\/h2>\n<h2 style=\"text-align: left;\" data-pm-slice=\"1 1 []\">Introdu\u00e7\u00e3o<\/h2>\n<p class=\"break-words\">As regras de moda no ambiente de trabalho criam confus\u00e3o sobre os c\u00f3digos de vestimenta profissional. Muitas pessoas se questionam sobre as diretrizes do c\u00f3digo de vestimenta que definem o jeans como casual para funcion\u00e1rias. O jeans tradicional geralmente n\u00e3o atende aos padr\u00f5es profissionais em muitos locais de trabalho, mas as inova\u00e7\u00f5es em tecidos como o jacquard criam novas possibilidades. O artigo analisa como os locais de trabalho casuais consideram o jeans, juntamente com sua varia\u00e7\u00e3o premium em jacquard, como traje adequado para o escrit\u00f3rio.<\/p>\n<h2>Afinal, o que \u00e9 Business Casual?<\/h2>\n<p class=\"break-words\">O traje casual de neg\u00f3cios se apresenta como um c\u00f3digo de vestimenta no local de trabalho que combina trajes profissionais com conforto casual. O traje casual de neg\u00f3cios consiste em blazers ajustados combinados com blusas novas e sapatos elegantes, que oferecem maior liberdade do que ternos tradicionais. O traje adequado para mulheres no local de trabalho inclui combina\u00e7\u00f5es de saias, vestidos e cal\u00e7as que mant\u00eam a praticidade e a eleg\u00e2ncia. A transi\u00e7\u00e3o do jeans da moda de fim de semana para o traje profissional de neg\u00f3cios ocorreu, mas os diferentes tipos de jeans permanecem distintos.<\/p>\n<h2>Jeans: o cl\u00e1ssico b\u00e1sico<\/h2>\n<p class=\"break-words\">O resistente tecido de algod\u00e3o conhecido como denim tem origem em sua composi\u00e7\u00e3o dur\u00e1vel e no padr\u00e3o t\u00eaxtil caracter\u00edstico da sarja. A produ\u00e7\u00e3o tradicional de denim utiliza apenas algod\u00e3o 100% como material, mas os fabricantes agora criam tecidos de denim el\u00e1sticos misturando algod\u00e3o com outras fibras. Sua caracter\u00edstica resistente torna o denim adequado para uso casual no dia a dia, mas sua aplica\u00e7\u00e3o permanece question\u00e1vel em ambientes de trabalho formais.<\/p>\n<div id=\"attachment_4433\" style=\"width: 610px\" class=\"wp-caption aligncenter\"><img loading=\"lazy\" decoding=\"async\" aria-describedby=\"caption-attachment-4433\" class=\"wp-image-4433\" src=\"https:\/\/lydenim.com\/wp-content\/uploads\/2025\/03\/dark-wash-tailored-denim-vs.-ripped-jeans.jpg\" alt=\"jeans escuro sob medida vs. jeans rasgado\" width=\"600\" height=\"600\" srcset=\"https:\/\/lydenim.com\/wp-content\/uploads\/2025\/03\/dark-wash-tailored-denim-vs.-ripped-jeans.jpg 1000w, https:\/\/lydenim.com\/wp-content\/uploads\/2025\/03\/dark-wash-tailored-denim-vs.-ripped-jeans-300x300.jpg 300w, https:\/\/lydenim.com\/wp-content\/uploads\/2025\/03\/dark-wash-tailored-denim-vs.-ripped-jeans-150x150.jpg 150w, https:\/\/lydenim.com\/wp-content\/uploads\/2025\/03\/dark-wash-tailored-denim-vs.-ripped-jeans-768x768.jpg 768w, https:\/\/lydenim.com\/wp-content\/uploads\/2025\/03\/dark-wash-tailored-denim-vs.-ripped-jeans-12x12.jpg 12w, https:\/\/lydenim.com\/wp-content\/uploads\/2025\/03\/dark-wash-tailored-denim-vs.-ripped-jeans-600x600.jpg 600w\" sizes=\"auto, (max-width: 600px) 100vw, 600px\" \/><p id=\"caption-attachment-4433\" class=\"wp-caption-text\">jeans escuro sob medida vs. jeans rasgado<\/p><\/div>\n<h2>Entra em cena o Jacquard Denim: um divisor de \u00e1guas<\/h2>\n<p class=\"break-words\">O que exatamente \u00e9 o tecido jacquard? As pessoas demonstram interesse por este tecido. Atrav\u00e9s de seu tear especializado, o tecido jacquard cria padr\u00f5es que incluem desenhos florais e geom\u00e9tricos. A combina\u00e7\u00e3o do jeans com a tecelagem jacquard transforma jeans b\u00e1sicos em pe\u00e7as sofisticadas.<\/p>\n<ul class=\"marker:text-secondary\">\n<li class=\"break-words\"><strong>Por que funciona<\/strong>:Os designs complexos em jeans jacquard criam uma est\u00e9tica avan\u00e7ada que leva o jeans do vestu\u00e1rio industrial para o vestu\u00e1rio corporativo de escrit\u00f3rio.<\/li>\n<li class=\"break-words\"><strong>Dica de estilo<\/strong>: Um blazer estruturado combinado com saltos transformar\u00e1 a cal\u00e7a jeans jacquard em um elegante look empresarial.<\/li>\n<\/ul>\n<div id=\"attachment_4434\" style=\"width: 610px\" class=\"wp-caption aligncenter\"><img loading=\"lazy\" decoding=\"async\" aria-describedby=\"caption-attachment-4434\" class=\"wp-image-4434\" src=\"https:\/\/lydenim.com\/wp-content\/uploads\/2025\/03\/Jacquard-Denim.jpg\" alt=\"Jeans Jacquard\" width=\"600\" height=\"600\" srcset=\"https:\/\/lydenim.com\/wp-content\/uploads\/2025\/03\/Jacquard-Denim.jpg 1000w, https:\/\/lydenim.com\/wp-content\/uploads\/2025\/03\/Jacquard-Denim-300x300.jpg 300w, https:\/\/lydenim.com\/wp-content\/uploads\/2025\/03\/Jacquard-Denim-150x150.jpg 150w, https:\/\/lydenim.com\/wp-content\/uploads\/2025\/03\/Jacquard-Denim-768x768.jpg 768w, https:\/\/lydenim.com\/wp-content\/uploads\/2025\/03\/Jacquard-Denim-12x12.jpg 12w, https:\/\/lydenim.com\/wp-content\/uploads\/2025\/03\/Jacquard-Denim-600x600.jpg 600w\" sizes=\"auto, (max-width: 600px) 100vw, 600px\" \/><p id=\"caption-attachment-4434\" class=\"wp-caption-text\">Jeans Jacquard<\/p><\/div>\n<h2>Jeans pode ser casual para neg\u00f3cios?<\/h2>\n<p class=\"break-words\">A decis\u00e3o de usar jeans como roupa casual para o trabalho depende tanto do seu ambiente de trabalho quanto da sua abordagem pessoal para us\u00e1-lo. Aqui vai um guia r\u00e1pido:<\/p>\n<ol class=\"marker:text-secondary\">\n<li class=\"break-words\"><strong>O ajuste \u00e9 importante<\/strong>: O estilo de jeans apropriado para o trabalho casual de neg\u00f3cios requer cortes retos ou justos em vez de designs soltos ou justos<\/li>\n<li><strong>TAMANHO<\/strong>:Op\u00e7\u00f5es de alfaiataria personalizada devem ser exploradas, pois jeans sob medida criam um impacto significativo no estilo.<\/li>\n<li class=\"break-words\"><strong>Contagens de cores<\/strong>: A apar\u00eancia profissional surge de jeans escuros, bem como de tons distintos, incluindo tecido jeans rosa sobre jeans azul claro.<\/li>\n<li class=\"break-words\"><strong>Eleve com acess\u00f3rios<\/strong>: O traje profissional surge quando o jeans recebe um toque de sofistica\u00e7\u00e3o de blusas de seda ou joias chamativas e mocassins.<\/li>\n<\/ol>\n<p class=\"break-words\"><img loading=\"lazy\" decoding=\"async\" class=\"aligncenter\" src=\"https:\/\/i.pinimg.com\/736x\/5d\/3c\/c7\/5d3cc78541caf134d448a944cc9b4e7d.jpg\" alt=\"imagem do carrossel 0\" width=\"600\" height=\"800\" \/><\/p>\n<h3 class=\"\" data-start=\"2393\" data-end=\"2409\">Conclus\u00e3o<\/h3>\n<p class=\"break-words\">Mulheres podem usar jeans em ambientes casuais de neg\u00f3cios quando utilizam materiais avan\u00e7ados, como o jeans jacquard. Seu sucesso depende da escolha de pe\u00e7as jeans de qualidade superior, com o tamanho certo, aliadas a t\u00e9cnicas de styling adequadas. As evid\u00eancias demonstram que as mulheres desejam mesclar seu estilo pessoal com a conduta profissional.<\/p>\n<h2 dir=\"auto\">Servi\u00e7os de personaliza\u00e7\u00e3o da LYDENIM<\/h2>\n<p dir=\"auto\">\ud83c\udfa8 Quero <strong>tecidos jeans personalizados<\/strong> ou\u00a0 <strong>exclusivo<\/strong> <strong>pe\u00e7a jeans personalizada<\/strong>? A LYDENIM \u00e9 especializada em solu\u00e7\u00f5es personalizadas para atender \u00e0s suas necessidades de design e produ\u00e7\u00e3o.<\/p>\n<p dir=\"auto\">\ud83d\udecd\ufe0f <strong>Explore e inspire-se<\/strong>: Navegue por nossas sele\u00e7\u00f5es de tecidos e descubra ideias de design em <a href=\"https:\/\/lydenim.com\/pt\/\" target=\"_blank\" rel=\"noopener noreferrer nofollow\">LYDenim<\/a>.<\/p>\n<p dir=\"auto\">\ud83c\udf10 <strong>Roupas el\u00e1sticas<\/strong>: Confira nossas ofertas em <a href=\"http:\/\/liangyuantextile.m.en.alibaba.com\" target=\"_blank\" rel=\"noopener noreferrer nofollow\">MeuAlibaba<\/a>. \ud83d\udce9 <strong>Contate-nos<\/strong>: Entre em contato em <a href=\"mailto:malone@lydenim.com\" target=\"_blank\" rel=\"noopener noreferrer nofollow\">malone@lydenim.com<\/a>.<\/p>\n<p dir=\"auto\">Crie sua obra-prima de jeans com LYDENIM - seu parceiro de confian\u00e7a para <strong>tecido el\u00e1stico<\/strong> e <strong>solu\u00e7\u00f5es personalizadas de jeans<\/strong>.<\/p>","protected":false},"excerpt":{"rendered":"<p>Tempo estimado de leitura: ~3 minutos Introdu\u00e7\u00e3o As regras de moda no ambiente de trabalho criam confus\u00e3o sobre os c\u00f3digos de vestimenta profissional. Muitas pessoas se perguntam sobre<\/p>","protected":false},"author":1,"featured_media":4435,"comment_status":"open","ping_status":"open","sticky":false,"template":"","format":"standard","meta":{"two_page_speed":[],"footnotes":""},"categories":[66],"tags":[],"class_list":["post-4194","post","type-post","status-publish","format-standard","has-post-thumbnail","hentry","category-denim-knowledge"],"aioseo_notices":[],"_links":{"self":[{"href":"https:\/\/lydenim.com\/pt\/wp-json\/wp\/v2\/posts\/4194","targetHints":{"allow":["GET"]}}],"collection":[{"href":"https:\/\/lydenim.com\/pt\/wp-json\/wp\/v2\/posts"}],"about":[{"href":"https:\/\/lydenim.com\/pt\/wp-json\/wp\/v2\/types\/post"}],"author":[{"embeddable":true,"href":"https:\/\/lydenim.com\/pt\/wp-json\/wp\/v2\/users\/1"}],"replies":[{"embeddable":true,"href":"https:\/\/lydenim.com\/pt\/wp-json\/wp\/v2\/comments?post=4194"}],"version-history":[{"count":5,"href":"https:\/\/lydenim.com\/pt\/wp-json\/wp\/v2\/posts\/4194\/revisions"}],"predecessor-version":[{"id":6244,"href":"https:\/\/lydenim.com\/pt\/wp-json\/wp\/v2\/posts\/4194\/revisions\/6244"}],"wp:featuredmedia":[{"embeddable":true,"href":"https:\/\/lydenim.com\/pt\/wp-json\/wp\/v2\/media\/4435"}],"wp:attachment":[{"href":"https:\/\/lydenim.com\/pt\/wp-json\/wp\/v2\/media?parent=4194"}],"wp:term":[{"taxonomy":"category","embeddable":true,"href":"https:\/\/lydenim.com\/pt\/wp-json\/wp\/v2\/categories?post=4194"},{"taxonomy":"post_tag","embeddable":true,"href":"https:\/\/lydenim.com\/pt\/wp-json\/wp\/v2\/tags?post=4194"}],"curies":[{"name":"wp","href":"https:\/\/api.w.org\/{rel}","templated":true}]}}