{"id":4196,"date":"2025-03-22T12:01:35","date_gmt":"2025-03-22T04:01:35","guid":{"rendered":"https:\/\/lydenim.com\/?p=4196"},"modified":"2025-08-23T16:01:11","modified_gmt":"2025-08-23T08:01:11","slug":"are-jeans-business-casual-for-women-a-modern-guide-to-denim-in-the-workplace","status":"publish","type":"post","link":"https:\/\/lydenim.com\/pt\/jeans-casual-para-mulheres-um-guia-moderno-para-jeans-no-local-de-trabalho\/","title":{"rendered":"Cal\u00e7a jeans \u00e9 casual para mulheres? Um guia moderno para jeans no ambiente de trabalho"},"content":{"rendered":"<h2>Tempo estimado de leitura: ~3 minutos<\/h2>\n<h2>Introdu\u00e7\u00e3o: A evolu\u00e7\u00e3o do jeans na moda<\/h2>\n<p class=\"break-words\">O jeans evoluiu muito desde suas origens como um tecido dur\u00e1vel para trabalhadores no s\u00e9culo XIX. Hoje, \u00e9 uma pe\u00e7a essencial e vers\u00e1til nos guarda-roupas do mundo todo, mas a pergunta permanece: <em>Jeans \u00e9 um estilo casual para mulheres?<\/em> Com a evolu\u00e7\u00e3o dos c\u00f3digos de vestimenta no local de trabalho, o jeans \u00e9 cada vez mais aceito em ambientes profissionais \u2014 quando usado corretamente. Neste guia, exploraremos do que \u00e9 feito o tecido jeans, como escolher o jeans certo e dicas para us\u00e1-lo em um ambiente casual de neg\u00f3cios.<\/p>\n<h2>Do que \u00e9 feito o tecido jeans?<\/h2>\n<p class=\"break-words\">O denim \u00e9 tradicionalmente feito de <strong>100% <a href=\"https:\/\/en.wikipedia.org\/wiki\/Cotton\">algod\u00e3o<\/a><\/strong>, tecido em um padr\u00e3o de sarja resistente que lhe confere durabilidade e textura caracter\u00edsticas. O jeans moderno frequentemente incorpora misturas como <strong>algod\u00e3o com <a href=\"https:\/\/en.wikipedia.org\/wiki\/Polyester\">poli\u00e9ster<\/a> ou <a href=\"https:\/\/en.wikipedia.org\/wiki\/Spandex\">elastano<\/a><\/strong> (jeans com elastano) para maior conforto e flexibilidade \u2014 perfeito para uso di\u00e1rio no escrit\u00f3rio. Entender a composi\u00e7\u00e3o do jeans ajuda voc\u00ea a escolher o par certo: um jeans estruturado de algod\u00e3o puro oferece um visual elegante, enquanto o jeans com elastano proporciona praticidade para um dia de trabalho agitado.<\/p>\n<div id=\"attachment_3962\" style=\"width: 610px\" class=\"wp-caption aligncenter\"><a href=\"https:\/\/lydenim.com\/pt\/produto\/634635-tecido-jeans-de-trama-simples-32s\/\"><img loading=\"lazy\" decoding=\"async\" aria-describedby=\"caption-attachment-3962\" class=\"wp-image-3962\" src=\"https:\/\/lydenim.com\/wp-content\/uploads\/2025\/03\/IMG_5131.jpg\" alt=\"634# 635#\" width=\"600\" height=\"600\" srcset=\"https:\/\/lydenim.com\/wp-content\/uploads\/2025\/03\/IMG_5131.jpg 2196w, https:\/\/lydenim.com\/wp-content\/uploads\/2025\/03\/IMG_5131-300x300.jpg 300w, https:\/\/lydenim.com\/wp-content\/uploads\/2025\/03\/IMG_5131-1024x1024.jpg 1024w, https:\/\/lydenim.com\/wp-content\/uploads\/2025\/03\/IMG_5131-150x150.jpg 150w, https:\/\/lydenim.com\/wp-content\/uploads\/2025\/03\/IMG_5131-768x768.jpg 768w, https:\/\/lydenim.com\/wp-content\/uploads\/2025\/03\/IMG_5131-1536x1536.jpg 1536w, https:\/\/lydenim.com\/wp-content\/uploads\/2025\/03\/IMG_5131-2048x2048.jpg 2048w, https:\/\/lydenim.com\/wp-content\/uploads\/2025\/03\/IMG_5131-12x12.jpg 12w, https:\/\/lydenim.com\/wp-content\/uploads\/2025\/03\/IMG_5131-600x600.jpg 600w\" sizes=\"auto, (max-width: 600px) 100vw, 600px\" \/><\/a><p id=\"caption-attachment-3962\" class=\"wp-caption-text\">C:100% ITEM 634# 635#<\/p><\/div>\n<div id=\"attachment_4097\" style=\"width: 610px\" class=\"wp-caption aligncenter\"><a href=\"https:\/\/lydenim.com\/pt\/produto\/119-2-tecido-jeans-elastico-azul-trama-slub-para-design-de-moda-2\/\"><img loading=\"lazy\" decoding=\"async\" aria-describedby=\"caption-attachment-4097\" class=\"wp-image-4097\" src=\"https:\/\/lydenim.com\/wp-content\/uploads\/2025\/03\/IMG_5608-scaled.jpg\" alt=\"algod\u00e3o com poli\u00e9ster ou elastano ITEM:119-2\" width=\"600\" height=\"600\" srcset=\"https:\/\/lydenim.com\/wp-content\/uploads\/2025\/03\/IMG_5608-scaled.jpg 2560w, https:\/\/lydenim.com\/wp-content\/uploads\/2025\/03\/IMG_5608-300x300.jpg 300w, https:\/\/lydenim.com\/wp-content\/uploads\/2025\/03\/IMG_5608-1024x1024.jpg 1024w, https:\/\/lydenim.com\/wp-content\/uploads\/2025\/03\/IMG_5608-150x150.jpg 150w, https:\/\/lydenim.com\/wp-content\/uploads\/2025\/03\/IMG_5608-768x768.jpg 768w, https:\/\/lydenim.com\/wp-content\/uploads\/2025\/03\/IMG_5608-1536x1536.jpg 1536w, https:\/\/lydenim.com\/wp-content\/uploads\/2025\/03\/IMG_5608-2048x2048.jpg 2048w, https:\/\/lydenim.com\/wp-content\/uploads\/2025\/03\/IMG_5608-12x12.jpg 12w, https:\/\/lydenim.com\/wp-content\/uploads\/2025\/03\/IMG_5608-600x600.jpg 600w\" sizes=\"auto, (max-width: 600px) 100vw, 600px\" \/><\/a><p id=\"caption-attachment-4097\" class=\"wp-caption-text\">algod\u00e3o com poli\u00e9ster ou elastano ITEM:119-2<\/p><\/div>\n<h2>Jeans pode ser casual para neg\u00f3cios?<\/h2>\n<p class=\"break-words\">Sim, jeans pode ser perfeitamente casual para mulheres, mas depende do caimento, da lavagem e do estilo. Veja como fazer funcionar:<\/p>\n<ol class=\"marker:text-secondary\">\n<li class=\"break-words\"><strong>Escolha o ajuste certo<\/strong><br \/>\nOptar por <strong>jeans slim fit ou reto<\/strong> sobre estilos largos ou muito justos. Esses cortes equilibram profissionalismo e conforto. Evite jeans rasgados ou desgastados \u2014 guarde-os para sextas-feiras casuais.<\/li>\n<li class=\"break-words\"><strong>Opte por tons escuros<\/strong><br \/>\nJeans mais escuro, como <strong>preto, marinho ou \u00edndigo profundo<\/strong>, parece mais sofisticado do que lavagens claras ou desbotadas. Por exemplo, uma cal\u00e7a jeans preta pode imitar a eleg\u00e2ncia de uma cal\u00e7a social.<\/li>\n<li class=\"break-words\"><strong>Combine com pe\u00e7as polidas<\/strong><br \/>\nEleve o seu jeans com um <strong>blazer impec\u00e1vel<\/strong>, um <strong>blusa de seda<\/strong>, ou <strong>saltos estruturados<\/strong>. Acess\u00f3rios como um colar chamativo ou uma bolsa de couro tamb\u00e9m podem dar um toque profissional.<\/li>\n<\/ol>\n<p class=\"break-words\"><img loading=\"lazy\" decoding=\"async\" class=\"aligncenter\" src=\"https:\/\/i.pinimg.com\/736x\/0c\/c8\/b2\/0cc8b2ed72208b9774557f66be71a9b0.jpg\" width=\"600\" height=\"707\" \/><\/p>\n<h2>Como usar jeans no ambiente de trabalho<\/h2>\n<p class=\"break-words\">Combinar jeans com um look casual para o trabalho \u00e9 uma quest\u00e3o de equil\u00edbrio. Aqui est\u00e3o algumas ideias baseadas em tend\u00eancias populares de jeans:<\/p>\n<ul class=\"marker:text-secondary\">\n<li class=\"break-words\"><strong>Combina\u00e7\u00e3o de jaqueta jeans<\/strong>: Use uma jaqueta jeans sob medida sobre um vestido ou saia para um toque moderno. Mantenha a jaqueta em uma cor s\u00f3lida e escura para manter o profissionalismo.<\/li>\n<li class=\"break-words\"><strong>Op\u00e7\u00e3o de saia jeans<\/strong>:Uma saia jeans evas\u00ea na altura do joelho combinada com uma blusa por dentro da cal\u00e7a e mocassins oferece um visual moderno e apropriado para o escrit\u00f3rio.<\/li>\n<li class=\"break-words\"><strong>Magia monocrom\u00e1tica<\/strong>: Experimente jeans todo preto (parte superior e inferior) com acess\u00f3rios met\u00e1licos para um visual elegante e minimalista.<\/li>\n<\/ul>\n<p class=\"break-words\"><img loading=\"lazy\" decoding=\"async\" class=\"size-full wp-image-4212 aligncenter\" src=\"https:\/\/lydenim.com\/wp-content\/uploads\/2025\/03\/WechatIMG1614-e1742275176692.jpeg\" alt=\"\" width=\"598\" height=\"861\" srcset=\"https:\/\/lydenim.com\/wp-content\/uploads\/2025\/03\/WechatIMG1614-e1742275176692.jpeg 598w, https:\/\/lydenim.com\/wp-content\/uploads\/2025\/03\/WechatIMG1614-e1742275176692-208x300.jpeg 208w, https:\/\/lydenim.com\/wp-content\/uploads\/2025\/03\/WechatIMG1614-e1742275176692-8x12.jpeg 8w, https:\/\/lydenim.com\/wp-content\/uploads\/2025\/03\/WechatIMG1614-e1742275176692-150x216.jpeg 150w\" sizes=\"auto, (max-width: 598px) 100vw, 598px\" \/><\/p>\n<h2>Por que o jeans funciona em escrit\u00f3rios modernos<\/h2>\n<p class=\"break-words\">A ascens\u00e3o do trabalho h\u00edbrido e a flexibiliza\u00e7\u00e3o dos c\u00f3digos de vestimenta tornaram o jeans uma op\u00e7\u00e3o popular. Palavras-chave como &quot;tecido jeans&quot; (4.400 buscas mensais) e &quot;do que \u00e9 feito o tecido jeans&quot; (1.600 buscas) demonstram uma curiosidade crescente sobre esse tecido. Sua durabilidade, versatilidade e capacidade de transitar do casual ao elegante o tornam ideal para os ambientes de trabalho din\u00e2micos de hoje.<\/p>\n<h2>Dicas finais para confian\u00e7a<\/h2>\n<p class=\"break-words\">Antes de usar jeans no escrit\u00f3rio, verifique o c\u00f3digo de vestimenta da sua empresa. Em caso de d\u00favida, comece com um teste em um dia menos formal. O segredo \u00e9 a confian\u00e7a \u2014 quando voc\u00ea se sente bem com a sua roupa, isso transparece.<\/p>\n<h2 dir=\"auto\">Servi\u00e7os de personaliza\u00e7\u00e3o da LYDENIM<\/h2>\n<p dir=\"auto\">\ud83c\udfa8 Quero <strong>tecidos jeans personalizados<\/strong> ou\u00a0 <strong>exclusivo<\/strong> <strong>pe\u00e7a jeans personalizada<\/strong>? A LYDENIM \u00e9 especializada em solu\u00e7\u00f5es personalizadas para atender \u00e0s suas necessidades de design e produ\u00e7\u00e3o.<\/p>\n<p dir=\"auto\">\ud83d\udecd\ufe0f <strong>Explore e inspire-se<\/strong>: Navegue por nossas sele\u00e7\u00f5es de tecidos e descubra ideias de design em <a href=\"https:\/\/lydenim.com\/pt\/\" target=\"_blank\" rel=\"noopener noreferrer nofollow\">LYDenim<\/a>.<\/p>\n<p dir=\"auto\">\ud83c\udf10 <strong>Roupas el\u00e1sticas<\/strong>: Confira nossas ofertas em <a href=\"http:\/\/liangyuantextile.m.en.alibaba.com\" target=\"_blank\" rel=\"noopener noreferrer nofollow\">MeuAlibaba<\/a>. \ud83d\udce9 <strong>Contate-nos<\/strong>: Entre em contato em <a href=\"mailto:malone@lydenim.com\" target=\"_blank\" rel=\"noopener noreferrer nofollow\">malone@lydenim.com<\/a>.<\/p>\n<p dir=\"auto\">Crie sua obra-prima de jeans com LYDENIM - seu parceiro de confian\u00e7a para <strong>tecido el\u00e1stico<\/strong> e <strong>solu\u00e7\u00f5es personalizadas de jeans<\/strong>.<\/p>","protected":false},"excerpt":{"rendered":"<p>Tempo estimado de leitura: ~3 minutos Introdu\u00e7\u00e3o: A evolu\u00e7\u00e3o do denim na moda O denim percorreu um longo caminho desde a sua cria\u00e7\u00e3o<\/p>","protected":false},"author":1,"featured_media":4215,"comment_status":"open","ping_status":"open","sticky":false,"template":"","format":"standard","meta":{"two_page_speed":[],"footnotes":""},"categories":[66],"tags":[],"class_list":["post-4196","post","type-post","status-publish","format-standard","has-post-thumbnail","hentry","category-denim-knowledge"],"aioseo_notices":[],"_links":{"self":[{"href":"https:\/\/lydenim.com\/pt\/wp-json\/wp\/v2\/posts\/4196","targetHints":{"allow":["GET"]}}],"collection":[{"href":"https:\/\/lydenim.com\/pt\/wp-json\/wp\/v2\/posts"}],"about":[{"href":"https:\/\/lydenim.com\/pt\/wp-json\/wp\/v2\/types\/post"}],"author":[{"embeddable":true,"href":"https:\/\/lydenim.com\/pt\/wp-json\/wp\/v2\/users\/1"}],"replies":[{"embeddable":true,"href":"https:\/\/lydenim.com\/pt\/wp-json\/wp\/v2\/comments?post=4196"}],"version-history":[{"count":3,"href":"https:\/\/lydenim.com\/pt\/wp-json\/wp\/v2\/posts\/4196\/revisions"}],"predecessor-version":[{"id":6199,"href":"https:\/\/lydenim.com\/pt\/wp-json\/wp\/v2\/posts\/4196\/revisions\/6199"}],"wp:featuredmedia":[{"embeddable":true,"href":"https:\/\/lydenim.com\/pt\/wp-json\/wp\/v2\/media\/4215"}],"wp:attachment":[{"href":"https:\/\/lydenim.com\/pt\/wp-json\/wp\/v2\/media?parent=4196"}],"wp:term":[{"taxonomy":"category","embeddable":true,"href":"https:\/\/lydenim.com\/pt\/wp-json\/wp\/v2\/categories?post=4196"},{"taxonomy":"post_tag","embeddable":true,"href":"https:\/\/lydenim.com\/pt\/wp-json\/wp\/v2\/tags?post=4196"}],"curies":[{"name":"wp","href":"https:\/\/api.w.org\/{rel}","templated":true}]}}