{"id":4198,"date":"2025-03-21T12:15:12","date_gmt":"2025-03-21T04:15:12","guid":{"rendered":"https:\/\/lydenim.com\/?p=4198"},"modified":"2025-08-23T16:00:09","modified_gmt":"2025-08-23T08:00:09","slug":"skinny-jeans-vs-straight-jeans","status":"publish","type":"post","link":"https:\/\/lydenim.com\/pt\/jeans-skinny-vs-jeans-reto\/","title":{"rendered":"Cal\u00e7a jeans skinny vs. cal\u00e7a jeans reta: qual estilo de jeans combina mais com voc\u00ea?"},"content":{"rendered":"<h2 data-pm-slice=\"1 1 []\">Tempo estimado de leitura: ~3 minutos<\/h2>\n<h2 style=\"text-align: left;\" data-pm-slice=\"1 1 []\">Introdu\u00e7\u00e3o<\/h2>\n<p class=\"break-words\">A cal\u00e7a jeans \u00e9 uma pe\u00e7a essencial do guarda-roupa h\u00e1 d\u00e9cadas, evoluindo de uma pe\u00e7a de trabalho robusta para um item essencial da moda. Com tantos estilos dispon\u00edveis, escolher o par certo pode ser uma tarefa \u00e1rdua. Duas das op\u00e7\u00f5es mais populares hoje em dia s\u00e3o: <strong>jeans skinny<\/strong> e <strong>jeans reto<\/strong>Mas qual \u00e9 a diferen\u00e7a e como decidir qual \u00e9 o ideal para voc\u00ea? Neste guia, detalharemos o ajuste, o tecido, dicas de estilo e muito mais para ajudar voc\u00ea a fazer a escolha perfeita.<\/p>\n<h2>O que s\u00e3o jeans skinny?<\/h2>\n<p class=\"break-words\">Cal\u00e7as jeans skinny t\u00eam como principal caracter\u00edstica uma silhueta justa e ajustada. Elas envolvem as pernas da cintura at\u00e9 os tornozelos, acentuando o seu corpo. Normalmente feitas de <a href=\"https:\/\/lydenim.com\/pt\/product-category\/high-stretch-denim-fabric\/\"><strong>tecido jeans el\u00e1stico<\/strong> <\/a>(uma mistura de algod\u00e3o com um toque de elastano), os jeans skinny oferecem flexibilidade e conforto, mantendo ao mesmo tempo uma apar\u00eancia elegante.<\/p>\n<p class=\"break-words\"><strong>Principais caracter\u00edsticas:<\/strong><\/p>\n<ul class=\"marker:text-secondary\">\n<li class=\"break-words\">Ajuste justo na coxa e afinando at\u00e9 o tornozelo<\/li>\n<li class=\"break-words\">Geralmente confeccionado em tecido jeans leve ou el\u00e1stico<\/li>\n<li class=\"break-words\">Vers\u00e1til para looks casuais e semiformais<\/li>\n<\/ul>\n<div id=\"attachment_4319\" style=\"width: 610px\" class=\"wp-caption aligncenter\"><img loading=\"lazy\" decoding=\"async\" aria-describedby=\"caption-attachment-4319\" class=\"wp-image-4319\" src=\"https:\/\/lydenim.com\/wp-content\/uploads\/2025\/03\/skinny-jeans-and-casual-jeans-outfit.jpg\" alt=\"conjunto jeans skinny e jeans casual\" width=\"600\" height=\"600\" srcset=\"https:\/\/lydenim.com\/wp-content\/uploads\/2025\/03\/skinny-jeans-and-casual-jeans-outfit.jpg 1000w, https:\/\/lydenim.com\/wp-content\/uploads\/2025\/03\/skinny-jeans-and-casual-jeans-outfit-300x300.jpg 300w, https:\/\/lydenim.com\/wp-content\/uploads\/2025\/03\/skinny-jeans-and-casual-jeans-outfit-150x150.jpg 150w, https:\/\/lydenim.com\/wp-content\/uploads\/2025\/03\/skinny-jeans-and-casual-jeans-outfit-768x768.jpg 768w, https:\/\/lydenim.com\/wp-content\/uploads\/2025\/03\/skinny-jeans-and-casual-jeans-outfit-12x12.jpg 12w, https:\/\/lydenim.com\/wp-content\/uploads\/2025\/03\/skinny-jeans-and-casual-jeans-outfit-600x600.jpg 600w\" sizes=\"auto, (max-width: 600px) 100vw, 600px\" \/><p id=\"caption-attachment-4319\" class=\"wp-caption-text\">conjunto jeans skinny e jeans casual<\/p><\/div>\n<h2>O que s\u00e3o jeans retos?<\/h2>\n<p class=\"break-words\">J\u00e1 as cal\u00e7as jeans retas oferecem um visual mais descontra\u00eddo. Apresentam uma largura consistente da coxa ao tornozelo, proporcionando um caimento cl\u00e1ssico e atemporal, menos apertado do que as cal\u00e7as skinny. Geralmente s\u00e3o feitas de <strong>Tecido jeans de algod\u00e3o 100%<\/strong> ou misturas um pouco mais pesadas, elas s\u00e3o dur\u00e1veis e perfeitas para uso di\u00e1rio.<\/p>\n<p class=\"break-words\"><strong>Principais caracter\u00edsticas:<\/strong><\/p>\n<ul class=\"marker:text-secondary\">\n<li class=\"break-words\">Largura uniforme em toda a perna<\/li>\n<li class=\"break-words\">Feito de tecido jeans resistente, \u00e0s vezes com acabamento em orla<\/li>\n<li class=\"break-words\">Ideal para uma est\u00e9tica descontra\u00edda e descolada<\/li>\n<\/ul>\n<div id=\"attachment_4320\" style=\"width: 610px\" class=\"wp-caption aligncenter\"><img loading=\"lazy\" decoding=\"async\" aria-describedby=\"caption-attachment-4320\" class=\"size-full wp-image-4320\" src=\"https:\/\/lydenim.com\/wp-content\/uploads\/2025\/03\/straight-jeans-e1742442336990.jpg\" alt=\"jeans reto\" width=\"600\" height=\"942\" \/><p id=\"caption-attachment-4320\" class=\"wp-caption-text\">jeans reto<\/p><\/div>\n<h2>A diferen\u00e7a do tecido jeans<\/h2>\n<p class=\"break-words\">Imaginando, <em>\u201cDo que \u00e9 feito o tecido jeans?\u201d<\/em> O jeans \u00e9 tradicionalmente <a href=\"https:\/\/lydenim.com\/pt\/padroes-de-tecelagem\/\">tecido<\/a> Feito de algod\u00e3o em padr\u00e3o sarja, o que lhe confere aquela ic\u00f4nica textura diagonal. Cal\u00e7as jeans skinny costumam incorporar fibras el\u00e1sticas (como elastano ou poli\u00e9ster) para um ajuste confort\u00e1vel. Cal\u00e7as jeans retas, por outro lado, tendem a ser feitas de algod\u00e3o puro ou misturas mais pesadas, oferecendo uma sensa\u00e7\u00e3o estruturada.<\/p>\n<h2>Como estilizar jeans skinny<\/h2>\n<p class=\"break-words\">Cal\u00e7as jeans skinny s\u00e3o um sonho de estilo devido \u00e0 sua versatilidade. Aqui est\u00e3o algumas ideias:<\/p>\n<ul class=\"marker:text-secondary\">\n<li class=\"break-words\"><strong>Passeio casual:<\/strong> Combine com uma camiseta estampada solta e t\u00eanis.<\/li>\n<li class=\"break-words\"><strong>Borda noturna:<\/strong> Adicione botas de cano curto, uma jaqueta de couro e acess\u00f3rios ousados.<\/li>\n<li class=\"break-words\"><strong>Pronto para escrit\u00f3rio:<\/strong> Use uma blusa elegante e finalize com saltos.<\/li>\n<\/ul>\n<div id=\"attachment_4321\" style=\"width: 610px\" class=\"wp-caption aligncenter\"><img loading=\"lazy\" decoding=\"async\" aria-describedby=\"caption-attachment-4321\" class=\"wp-image-4321\" src=\"https:\/\/lydenim.com\/wp-content\/uploads\/2025\/03\/Skinny-Jeans-outfits.jpg\" alt=\"Looks com jeans skinny\" width=\"600\" height=\"600\" srcset=\"https:\/\/lydenim.com\/wp-content\/uploads\/2025\/03\/Skinny-Jeans-outfits.jpg 1000w, https:\/\/lydenim.com\/wp-content\/uploads\/2025\/03\/Skinny-Jeans-outfits-300x300.jpg 300w, https:\/\/lydenim.com\/wp-content\/uploads\/2025\/03\/Skinny-Jeans-outfits-150x150.jpg 150w, https:\/\/lydenim.com\/wp-content\/uploads\/2025\/03\/Skinny-Jeans-outfits-768x768.jpg 768w, https:\/\/lydenim.com\/wp-content\/uploads\/2025\/03\/Skinny-Jeans-outfits-12x12.jpg 12w, https:\/\/lydenim.com\/wp-content\/uploads\/2025\/03\/Skinny-Jeans-outfits-600x600.jpg 600w\" sizes=\"auto, (max-width: 600px) 100vw, 600px\" \/><p id=\"caption-attachment-4321\" class=\"wp-caption-text\">Looks com jeans skinny<\/p><\/div>\n<h2>Como estilizar jeans reto<\/h2>\n<p class=\"break-words\">Cal\u00e7as jeans retas trazem um charme retr\u00f4 que \u00e9 f\u00e1cil de usar de forma mais formal ou mais casual:<\/p>\n<ul class=\"marker:text-secondary\">\n<li class=\"break-words\"><strong>Fim de semana relaxado:<\/strong> Combine com um su\u00e9ter aconchegante e mocassins.<\/li>\n<li class=\"break-words\"><strong>Minimalista moderno:<\/strong> Use com uma blusa de gola alta ajustada e botas grossas.<\/li>\n<li class=\"break-words\"><strong>Jeans com jeans:<\/strong> Combine com uma jaqueta jeans para um visual ousado e coeso.<\/li>\n<\/ul>\n<div id=\"attachment_4322\" style=\"width: 610px\" class=\"wp-caption aligncenter\"><img loading=\"lazy\" decoding=\"async\" aria-describedby=\"caption-attachment-4322\" class=\"wp-image-4322\" src=\"https:\/\/lydenim.com\/wp-content\/uploads\/2025\/03\/Straight-Jeans-outifit.jpg\" alt=\"Conjunto jeans reto\" width=\"600\" height=\"600\" srcset=\"https:\/\/lydenim.com\/wp-content\/uploads\/2025\/03\/Straight-Jeans-outifit.jpg 1000w, https:\/\/lydenim.com\/wp-content\/uploads\/2025\/03\/Straight-Jeans-outifit-300x300.jpg 300w, https:\/\/lydenim.com\/wp-content\/uploads\/2025\/03\/Straight-Jeans-outifit-150x150.jpg 150w, https:\/\/lydenim.com\/wp-content\/uploads\/2025\/03\/Straight-Jeans-outifit-768x768.jpg 768w, https:\/\/lydenim.com\/wp-content\/uploads\/2025\/03\/Straight-Jeans-outifit-12x12.jpg 12w, https:\/\/lydenim.com\/wp-content\/uploads\/2025\/03\/Straight-Jeans-outifit-600x600.jpg 600w\" sizes=\"auto, (max-width: 600px) 100vw, 600px\" \/><p id=\"caption-attachment-4322\" class=\"wp-caption-text\">Conjunto jeans reto<\/p><\/div>\n<h2>Qual estilo vence?<\/h2>\n<ul class=\"marker:text-secondary\">\n<li class=\"break-words\"><strong>Escolha jeans skinny se:<\/strong> Voc\u00ea adora uma silhueta ajustada que real\u00e7a seu corpo e combina bem com tudo, desde blusas grandes at\u00e9 casacos feitos sob medida.<\/li>\n<li class=\"break-words\"><strong>Escolha jeans reto se:<\/strong> Voc\u00ea prefere conforto, um visual cl\u00e1ssico e uma base vers\u00e1til para looks casuais ou de inspira\u00e7\u00e3o vintage.<\/li>\n<\/ul>\n<p class=\"break-words\">Ainda n\u00e3o tem certeza? Experimente os dois estilos para encontrar o seu!<\/p>\n<h2 dir=\"auto\">Servi\u00e7os de personaliza\u00e7\u00e3o da LYDENIM<\/h2>\n<p dir=\"auto\">\ud83c\udfa8 Quero <strong>tecidos jeans personalizados<\/strong> ou\u00a0 <strong>exclusivo<\/strong> <strong>pe\u00e7a jeans personalizada<\/strong>? A LYDENIM \u00e9 especializada em solu\u00e7\u00f5es personalizadas para atender \u00e0s suas necessidades de design e produ\u00e7\u00e3o.<\/p>\n<p dir=\"auto\">\ud83d\udecd\ufe0f <strong>Explore e inspire-se<\/strong>: Navegue por nossas sele\u00e7\u00f5es de tecidos e descubra ideias de design em <a href=\"https:\/\/lydenim.com\/pt\/\" target=\"_blank\" rel=\"noopener noreferrer nofollow\">LYDenim<\/a>.<\/p>\n<p dir=\"auto\">\ud83c\udf10 <strong>Roupas el\u00e1sticas<\/strong>: Confira nossas ofertas em <a href=\"http:\/\/liangyuantextile.m.en.alibaba.com\" target=\"_blank\" rel=\"noopener noreferrer nofollow\">MeuAlibaba<\/a>. \ud83d\udce9 <strong>Contate-nos<\/strong>: Entre em contato em <a href=\"mailto:malone@lydenim.com\" target=\"_blank\" rel=\"noopener noreferrer nofollow\">malone@lydenim.com<\/a>.<\/p>\n<p dir=\"auto\">Crie sua obra-prima de jeans com LYDENIM - seu parceiro de confian\u00e7a para <strong>tecido el\u00e1stico<\/strong> e <strong>solu\u00e7\u00f5es personalizadas de jeans<\/strong>.<\/p>","protected":false},"excerpt":{"rendered":"<p>Tempo estimado de leitura: ~3 minutos Introdu\u00e7\u00e3o O jeans \u00e9 um item essencial do guarda-roupa h\u00e1 d\u00e9cadas, evoluindo de roupas de trabalho robustas para<\/p>","protected":false},"author":1,"featured_media":4323,"comment_status":"open","ping_status":"open","sticky":false,"template":"","format":"standard","meta":{"two_page_speed":[],"footnotes":""},"categories":[66],"tags":[],"class_list":["post-4198","post","type-post","status-publish","format-standard","has-post-thumbnail","hentry","category-denim-knowledge"],"aioseo_notices":[],"_links":{"self":[{"href":"https:\/\/lydenim.com\/pt\/wp-json\/wp\/v2\/posts\/4198","targetHints":{"allow":["GET"]}}],"collection":[{"href":"https:\/\/lydenim.com\/pt\/wp-json\/wp\/v2\/posts"}],"about":[{"href":"https:\/\/lydenim.com\/pt\/wp-json\/wp\/v2\/types\/post"}],"author":[{"embeddable":true,"href":"https:\/\/lydenim.com\/pt\/wp-json\/wp\/v2\/users\/1"}],"replies":[{"embeddable":true,"href":"https:\/\/lydenim.com\/pt\/wp-json\/wp\/v2\/comments?post=4198"}],"version-history":[{"count":5,"href":"https:\/\/lydenim.com\/pt\/wp-json\/wp\/v2\/posts\/4198\/revisions"}],"predecessor-version":[{"id":6197,"href":"https:\/\/lydenim.com\/pt\/wp-json\/wp\/v2\/posts\/4198\/revisions\/6197"}],"wp:featuredmedia":[{"embeddable":true,"href":"https:\/\/lydenim.com\/pt\/wp-json\/wp\/v2\/media\/4323"}],"wp:attachment":[{"href":"https:\/\/lydenim.com\/pt\/wp-json\/wp\/v2\/media?parent=4198"}],"wp:term":[{"taxonomy":"category","embeddable":true,"href":"https:\/\/lydenim.com\/pt\/wp-json\/wp\/v2\/categories?post=4198"},{"taxonomy":"post_tag","embeddable":true,"href":"https:\/\/lydenim.com\/pt\/wp-json\/wp\/v2\/tags?post=4198"}],"curies":[{"name":"wp","href":"https:\/\/api.w.org\/{rel}","templated":true}]}}