{"id":4326,"date":"2025-03-23T12:45:55","date_gmt":"2025-03-23T04:45:55","guid":{"rendered":"https:\/\/lydenim.com\/?p=4326"},"modified":"2025-08-23T16:11:19","modified_gmt":"2025-08-23T08:11:19","slug":"denim-knowledge","status":"publish","type":"post","link":"https:\/\/lydenim.com\/pt\/conhecimento-de-jeans\/","title":{"rendered":"De A a Z: Um guia completo para o conhecimento do jeans"},"content":{"rendered":"<h2 data-pm-slice=\"1 1 []\">Tempo estimado de leitura: ~10 minutos<\/h2>\n<h2 style=\"text-align: left;\" data-pm-slice=\"1 1 []\">Introdu\u00e7\u00e3o<\/h2>\n<p data-start=\"258\" data-end=\"454\">O jeans n\u00e3o \u00e9 apenas um tecido \u2013 \u00e9 uma hist\u00f3ria tecida atrav\u00e9s de gera\u00e7\u00f5es, costurada com artesanato e tingida com cultura. Vamos embarcar em uma jornada de A a Z para explorar o fascinante mundo do jeans.<\/p>\n<h3 data-start=\"461\" data-end=\"483\">\ud83c\udd70\ufe0f A \u2013 Arqueados<\/h3>\n<p data-start=\"484\" data-end=\"706\"><strong data-start=\"484\" data-end=\"499\">Defini\u00e7\u00e3o:<\/strong><br \/>\nAs costuras arqueadas s\u00e3o os padr\u00f5es caracter\u00edsticos dos bolsos traseiros das cal\u00e7as jeans, comumente chamados de assinaturas de bolso traseiro. Esses designs destacam a identidade da marca e aprimoram a est\u00e9tica do jeans.<\/p>\n<div id=\"attachment_4329\" style=\"width: 610px\" class=\"wp-caption aligncenter\"><img loading=\"lazy\" decoding=\"async\" aria-describedby=\"caption-attachment-4329\" class=\"wp-image-4329\" src=\"https:\/\/lydenim.com\/wp-content\/uploads\/2025\/03\/Arcuates.jpg\" alt=\"Arqueados\" width=\"600\" height=\"587\" srcset=\"https:\/\/lydenim.com\/wp-content\/uploads\/2025\/03\/Arcuates.jpg 640w, https:\/\/lydenim.com\/wp-content\/uploads\/2025\/03\/Arcuates-300x293.jpg 300w, https:\/\/lydenim.com\/wp-content\/uploads\/2025\/03\/Arcuates-12x12.jpg 12w, https:\/\/lydenim.com\/wp-content\/uploads\/2025\/03\/Arcuates-600x587.jpg 600w, https:\/\/lydenim.com\/wp-content\/uploads\/2025\/03\/Arcuates-150x147.jpg 150w\" sizes=\"auto, (max-width: 600px) 100vw, 600px\" \/><p id=\"caption-attachment-4329\" class=\"wp-caption-text\">Arqueados<\/p><\/div>\n<h3 data-start=\"870\" data-end=\"891\">\ud83c\udd71\ufe0f B \u2013 Bartack<\/h3>\n<p data-start=\"892\" data-end=\"1091\"><strong data-start=\"892\" data-end=\"907\">Defini\u00e7\u00e3o:<\/strong><\/p>\n<p>Bartack \u00e9 uma s\u00e9rie de pontos pr\u00f3ximos que refor\u00e7am \u00e1reas de alta tens\u00e3o do jeans, como cantos de bolsos e passadores de cinto. Este m\u00e9todo evita rasgos e aumenta a durabilidade.<\/p>\n<div id=\"attachment_4330\" style=\"width: 610px\" class=\"wp-caption aligncenter\"><img loading=\"lazy\" decoding=\"async\" aria-describedby=\"caption-attachment-4330\" class=\"size-full wp-image-4330\" src=\"https:\/\/lydenim.com\/wp-content\/uploads\/2025\/03\/Bartack.jpg\" alt=\"Bartack\" width=\"600\" height=\"375\" srcset=\"https:\/\/lydenim.com\/wp-content\/uploads\/2025\/03\/Bartack.jpg 600w, https:\/\/lydenim.com\/wp-content\/uploads\/2025\/03\/Bartack-300x188.jpg 300w, https:\/\/lydenim.com\/wp-content\/uploads\/2025\/03\/Bartack-18x12.jpg 18w, https:\/\/lydenim.com\/wp-content\/uploads\/2025\/03\/Bartack-150x94.jpg 150w\" sizes=\"auto, (max-width: 600px) 100vw, 600px\" \/><p id=\"caption-attachment-4330\" class=\"wp-caption-text\">Bartack<\/p><\/div>\n<h3 data-start=\"1240\" data-end=\"1266\">\ud83c\udd72\ufe0f C \u2013 Ponto Corrente<\/h3>\n<p data-start=\"1267\" data-end=\"1444\"><strong data-start=\"1267\" data-end=\"1282\">Defini\u00e7\u00e3o:<\/strong><br data-start=\"1282\" data-end=\"1285\" \/>O ponto corrente utiliza um fio cont\u00ednuo enrolado sobre si mesmo, criando uma costura flex\u00edvel e dur\u00e1vel. \u00c9 frequentemente usado em bainhas e \u00e1reas onde \u00e9 necess\u00e1rio esticar.<\/p>\n<div id=\"attachment_4331\" style=\"width: 610px\" class=\"wp-caption aligncenter\"><img loading=\"lazy\" decoding=\"async\" aria-describedby=\"caption-attachment-4331\" class=\"wp-image-4331\" src=\"https:\/\/lydenim.com\/wp-content\/uploads\/2025\/03\/Chain-Stitch.jpg\" alt=\"Ponto Corrente\" width=\"600\" height=\"901\" srcset=\"https:\/\/lydenim.com\/wp-content\/uploads\/2025\/03\/Chain-Stitch.jpg 736w, https:\/\/lydenim.com\/wp-content\/uploads\/2025\/03\/Chain-Stitch-200x300.jpg 200w, https:\/\/lydenim.com\/wp-content\/uploads\/2025\/03\/Chain-Stitch-682x1024.jpg 682w, https:\/\/lydenim.com\/wp-content\/uploads\/2025\/03\/Chain-Stitch-8x12.jpg 8w, https:\/\/lydenim.com\/wp-content\/uploads\/2025\/03\/Chain-Stitch-600x901.jpg 600w, https:\/\/lydenim.com\/wp-content\/uploads\/2025\/03\/Chain-Stitch-150x225.jpg 150w\" sizes=\"auto, (max-width: 600px) 100vw, 600px\" \/><p id=\"caption-attachment-4331\" class=\"wp-caption-text\">Ponto Corrente<\/p><\/div>\n<h3 data-start=\"1607\" data-end=\"1649\">\ud83c\udd73\ufe0f D \u2013 Jeans, <a href=\"https:\/\/en.wikipedia.org\/wiki\/Dyeing\">Tingimento<\/a> &amp; <a href=\"https:\/\/en.wikipedia.org\/wiki\/Denim\">Jeans<\/a> Peso<\/h3>\n<ul data-start=\"1650\" data-end=\"1967\">\n<li data-start=\"1650\" data-end=\"1752\"><strong data-start=\"1652\" data-end=\"1662\">Jeans:<\/strong> Um tecido de sarja, normalmente feito de algod\u00e3o, conhecido por sua durabilidade e conforto.<\/li>\n<li data-start=\"1753\" data-end=\"1855\"><strong data-start=\"1755\" data-end=\"1766\">Tingimento:<\/strong> O processo de adicionar cor, especialmente com corante \u00edndigo, para criar jeans azuis cl\u00e1ssicos.<\/li>\n<li data-start=\"1856\" data-end=\"1967\"><strong data-start=\"1858\" data-end=\"1875\">Peso do jeans:<\/strong> Medida em on\u00e7as por metro quadrado, variando de leve (8 oz) a pesado (16 oz).<\/li>\n<\/ul>\n<div id=\"attachment_2483\" style=\"width: 610px\" class=\"wp-caption aligncenter\"><img loading=\"lazy\" decoding=\"async\" aria-describedby=\"caption-attachment-2483\" class=\"wp-image-2483\" src=\"https:\/\/lydenim.com\/wp-content\/uploads\/2024\/12\/\u5e8f\u5217-Sequence-01.00_04_07_12.Still016-scaled.jpg\" alt=\"Tingimento\" width=\"600\" height=\"338\" srcset=\"https:\/\/lydenim.com\/wp-content\/uploads\/2024\/12\/\u5e8f\u5217-Sequence-01.00_04_07_12.Still016-scaled.jpg 2560w, https:\/\/lydenim.com\/wp-content\/uploads\/2024\/12\/\u5e8f\u5217-Sequence-01.00_04_07_12.Still016-scaled-150x84.jpg 150w, https:\/\/lydenim.com\/wp-content\/uploads\/2024\/12\/\u5e8f\u5217-Sequence-01.00_04_07_12.Still016-scaled-600x338.jpg 600w, https:\/\/lydenim.com\/wp-content\/uploads\/2024\/12\/\u5e8f\u5217-Sequence-01.00_04_07_12.Still016-300x169.jpg 300w, https:\/\/lydenim.com\/wp-content\/uploads\/2024\/12\/\u5e8f\u5217-Sequence-01.00_04_07_12.Still016-1024x576.jpg 1024w, https:\/\/lydenim.com\/wp-content\/uploads\/2024\/12\/\u5e8f\u5217-Sequence-01.00_04_07_12.Still016-768x432.jpg 768w, https:\/\/lydenim.com\/wp-content\/uploads\/2024\/12\/\u5e8f\u5217-Sequence-01.00_04_07_12.Still016-1536x864.jpg 1536w, https:\/\/lydenim.com\/wp-content\/uploads\/2024\/12\/\u5e8f\u5217-Sequence-01.00_04_07_12.Still016-2048x1152.jpg 2048w, https:\/\/lydenim.com\/wp-content\/uploads\/2024\/12\/\u5e8f\u5217-Sequence-01.00_04_07_12.Still016-18x10.jpg 18w\" sizes=\"auto, (max-width: 600px) 100vw, 600px\" \/><p id=\"caption-attachment-2483\" class=\"wp-caption-text\">Tingimento<\/p><\/div>\n<h3 data-start=\"2107\" data-end=\"2151\">\ud83c\udd74\ufe0f E \u2013 Detalhes de Borda e Apelo Duradouro<\/h3>\n<p data-start=\"2152\" data-end=\"2354\"><strong data-start=\"2152\" data-end=\"2167\">Defini\u00e7\u00e3o:<\/strong><br data-start=\"2167\" data-end=\"2170\" \/>Os detalhes nas bordas, especialmente no denim com orla, demonstram o artesanato por tr\u00e1s do denim premium. O denim com orla \u00e9 tecido em teares de lan\u00e7adeira e \u00e9 reconhecido por suas bordas limpas e com acabamento pr\u00f3prio.<\/p>\n<div id=\"attachment_4332\" style=\"width: 610px\" class=\"wp-caption aligncenter\"><img loading=\"lazy\" decoding=\"async\" aria-describedby=\"caption-attachment-4332\" class=\"wp-image-4332\" src=\"https:\/\/lydenim.com\/wp-content\/uploads\/2025\/03\/Edge-Details.jpeg\" alt=\"Detalhes da Borda\" width=\"600\" height=\"600\" srcset=\"https:\/\/lydenim.com\/wp-content\/uploads\/2025\/03\/Edge-Details.jpeg 800w, https:\/\/lydenim.com\/wp-content\/uploads\/2025\/03\/Edge-Details-300x300.jpeg 300w, https:\/\/lydenim.com\/wp-content\/uploads\/2025\/03\/Edge-Details-150x150.jpeg 150w, https:\/\/lydenim.com\/wp-content\/uploads\/2025\/03\/Edge-Details-768x768.jpeg 768w, https:\/\/lydenim.com\/wp-content\/uploads\/2025\/03\/Edge-Details-12x12.jpeg 12w, https:\/\/lydenim.com\/wp-content\/uploads\/2025\/03\/Edge-Details-600x600.jpeg 600w\" sizes=\"auto, (max-width: 600px) 100vw, 600px\" \/><p id=\"caption-attachment-4332\" class=\"wp-caption-text\">Detalhes da Borda<\/p><\/div>\n<h3 data-start=\"2498\" data-end=\"2527\">\ud83c\udd75\ufe0f F \u2013 Desbotamento e Moda<\/h3>\n<p data-start=\"2528\" data-end=\"2734\"><strong data-start=\"2528\" data-end=\"2543\">Defini\u00e7\u00e3o:<\/strong><br data-start=\"2543\" data-end=\"2546\" \/>O desbotamento ocorre naturalmente com o uso do jeans, criando padr\u00f5es \u00fanicos que refletem o estilo de vida de quem o usa. Desbotamentos, como bigodes e favos de mel, adicionam personalidade e s\u00e3o muito procurados.<\/p>\n<h3 data-start=\"2872\" data-end=\"2898\">\ud83c\udd76\ufe0f G \u2013 Gr\u00e3o e Areia<\/h3>\n<p data-start=\"2899\" data-end=\"3046\"><strong data-start=\"2899\" data-end=\"2914\">Defini\u00e7\u00e3o:<\/strong><br data-start=\"2914\" data-end=\"2917\" \/>Gr\u00e3o refere-se \u00e0 textura da trama do jeans, enquanto granula\u00e7\u00e3o reflete a durabilidade e a robustez associadas ao jeans de alta qualidade.<\/p>\n<div id=\"attachment_4334\" style=\"width: 610px\" class=\"wp-caption aligncenter\"><img loading=\"lazy\" decoding=\"async\" aria-describedby=\"caption-attachment-4334\" class=\"wp-image-4334\" src=\"https:\/\/lydenim.com\/wp-content\/uploads\/2025\/03\/Grain.jpg\" alt=\"Gr\u00e3o\" width=\"600\" height=\"600\" srcset=\"https:\/\/lydenim.com\/wp-content\/uploads\/2025\/03\/Grain.jpg 1500w, https:\/\/lydenim.com\/wp-content\/uploads\/2025\/03\/Grain-300x300.jpg 300w, https:\/\/lydenim.com\/wp-content\/uploads\/2025\/03\/Grain-1024x1024.jpg 1024w, https:\/\/lydenim.com\/wp-content\/uploads\/2025\/03\/Grain-150x150.jpg 150w, https:\/\/lydenim.com\/wp-content\/uploads\/2025\/03\/Grain-768x768.jpg 768w, https:\/\/lydenim.com\/wp-content\/uploads\/2025\/03\/Grain-12x12.jpg 12w, https:\/\/lydenim.com\/wp-content\/uploads\/2025\/03\/Grain-600x600.jpg 600w\" sizes=\"auto, (max-width: 600px) 100vw, 600px\" \/><p id=\"caption-attachment-4334\" class=\"wp-caption-text\">Gr\u00e3o<\/p><\/div>\n<h3 data-start=\"3189\" data-end=\"3226\">\ud83c\udd77\ufe0f H \u2013 Patrim\u00f4nio e Artesanato<\/h3>\n<p data-start=\"3227\" data-end=\"3432\"><strong data-start=\"3227\" data-end=\"3242\">Defini\u00e7\u00e3o:<\/strong><\/p>\n<p>O Heritage Denim celebra as t\u00e9cnicas tradicionais utilizadas na produ\u00e7\u00e3o de jeans. Costuras artesanais, acabamentos \u00fanicos e m\u00e9todos de tingimento tradicionais contribuem para seu apelo atemporal.<\/p>\n<h3 data-start=\"3569\" data-end=\"3589\">\ud83c\udd78\ufe0f Eu \u2013 <a href=\"https:\/\/en.wikipedia.org\/wiki\/Indigo\">\u00cdndigo<\/a><\/h3>\n<p data-start=\"3590\" data-end=\"3742\"><strong data-start=\"3590\" data-end=\"3605\">Defini\u00e7\u00e3o:<\/strong><br data-start=\"3605\" data-end=\"3608\" \/>O tingimento \u00edndigo confere ao jeans sua ic\u00f4nica cor azul. Esse tingimento permite um desbotamento gradual, o que real\u00e7a a singularidade de cada par de jeans.<\/p>\n<div id=\"attachment_4335\" style=\"width: 490px\" class=\"wp-caption aligncenter\"><img loading=\"lazy\" decoding=\"async\" aria-describedby=\"caption-attachment-4335\" class=\"size-full wp-image-4335\" src=\"https:\/\/lydenim.com\/wp-content\/uploads\/2025\/03\/Indigo.png\" alt=\"\u00cdndigo\" width=\"480\" height=\"480\" srcset=\"https:\/\/lydenim.com\/wp-content\/uploads\/2025\/03\/Indigo.png 480w, https:\/\/lydenim.com\/wp-content\/uploads\/2025\/03\/Indigo-300x300.png 300w, https:\/\/lydenim.com\/wp-content\/uploads\/2025\/03\/Indigo-150x150.png 150w, https:\/\/lydenim.com\/wp-content\/uploads\/2025\/03\/Indigo-12x12.png 12w\" sizes=\"auto, (max-width: 480px) 100vw, 480px\" \/><p id=\"caption-attachment-4335\" class=\"wp-caption-text\">\u00cdndigo<\/p><\/div>\n<h3 data-start=\"3895\" data-end=\"3935\">\ud83c\udd79\ufe0f J \u2013 Cal\u00e7a Jeans<\/h3>\n<p data-start=\"3936\" data-end=\"4115\"><strong data-start=\"3936\" data-end=\"3951\">Defini\u00e7\u00e3o:<\/strong><\/p>\n<p>O jeans japon\u00eas \u00e9 conhecido por sua qualidade superior e aten\u00e7\u00e3o aos detalhes, com teares tradicionais de lan\u00e7adeira usados para criar jeans com orla que s\u00e3o valorizados no mundo todo.<\/p>\n<div id=\"attachment_4336\" style=\"width: 610px\" class=\"wp-caption aligncenter\"><img loading=\"lazy\" decoding=\"async\" aria-describedby=\"caption-attachment-4336\" class=\"wp-image-4336\" src=\"https:\/\/lydenim.com\/wp-content\/uploads\/2025\/03\/Jeans.jpg\" alt=\"Jeans\" width=\"600\" height=\"801\" srcset=\"https:\/\/lydenim.com\/wp-content\/uploads\/2025\/03\/Jeans.jpg 735w, https:\/\/lydenim.com\/wp-content\/uploads\/2025\/03\/Jeans-225x300.jpg 225w, https:\/\/lydenim.com\/wp-content\/uploads\/2025\/03\/Jeans-9x12.jpg 9w, https:\/\/lydenim.com\/wp-content\/uploads\/2025\/03\/Jeans-600x801.jpg 600w, https:\/\/lydenim.com\/wp-content\/uploads\/2025\/03\/Jeans-150x200.jpg 150w\" sizes=\"auto, (max-width: 600px) 100vw, 600px\" \/><p id=\"caption-attachment-4336\" class=\"wp-caption-text\">Jeans<\/p><\/div>\n<h3 data-start=\"4269\" data-end=\"4310\">\ud83c\udd7a\ufe0f K \u2013 Conhecimento e Detalhes em Tric\u00f4<\/h3>\n<p data-start=\"4311\" data-end=\"4492\"><strong data-start=\"4311\" data-end=\"4326\">Defini\u00e7\u00e3o:<\/strong><br data-start=\"4326\" data-end=\"4329\" \/>Entender o jeans envolve aprender sobre a sele\u00e7\u00e3o de fios, t\u00e9cnicas de costura e o processo de tingimento. Detalhes em malha, como o jeans com elastano, oferecem maior conforto.<\/p>\n<h3 data-start=\"4624\" data-end=\"4653\">\ud83c\udd7b\ufe0f L \u2013 Tear e Orla<\/h3>\n<p data-start=\"4654\" data-end=\"4820\"><strong data-start=\"4654\" data-end=\"4669\">Defini\u00e7\u00e3o:<\/strong><br data-start=\"4669\" data-end=\"4672\" \/>Os teares s\u00e3o essenciais na produ\u00e7\u00e3o do tecido jeans. O jeans com orla, produzido em teares de lan\u00e7adeira, \u00e9 conhecido por suas bordas bem tecidas que evitam o desfiamento.<\/p>\n<div id=\"attachment_2494\" style=\"width: 610px\" class=\"wp-caption aligncenter\"><img loading=\"lazy\" decoding=\"async\" aria-describedby=\"caption-attachment-2494\" class=\"wp-image-2494\" src=\"https:\/\/lydenim.com\/wp-content\/uploads\/2024\/12\/\u5e8f\u5217-Sequence-01.00_05_06_10.Still027-scaled.jpg\" alt=\"Tear\" width=\"600\" height=\"338\" srcset=\"https:\/\/lydenim.com\/wp-content\/uploads\/2024\/12\/\u5e8f\u5217-Sequence-01.00_05_06_10.Still027-scaled.jpg 2560w, https:\/\/lydenim.com\/wp-content\/uploads\/2024\/12\/\u5e8f\u5217-Sequence-01.00_05_06_10.Still027-scaled-150x84.jpg 150w, https:\/\/lydenim.com\/wp-content\/uploads\/2024\/12\/\u5e8f\u5217-Sequence-01.00_05_06_10.Still027-scaled-600x338.jpg 600w, https:\/\/lydenim.com\/wp-content\/uploads\/2024\/12\/\u5e8f\u5217-Sequence-01.00_05_06_10.Still027-300x169.jpg 300w, https:\/\/lydenim.com\/wp-content\/uploads\/2024\/12\/\u5e8f\u5217-Sequence-01.00_05_06_10.Still027-1024x576.jpg 1024w, https:\/\/lydenim.com\/wp-content\/uploads\/2024\/12\/\u5e8f\u5217-Sequence-01.00_05_06_10.Still027-768x432.jpg 768w, https:\/\/lydenim.com\/wp-content\/uploads\/2024\/12\/\u5e8f\u5217-Sequence-01.00_05_06_10.Still027-1536x864.jpg 1536w, https:\/\/lydenim.com\/wp-content\/uploads\/2024\/12\/\u5e8f\u5217-Sequence-01.00_05_06_10.Still027-2048x1152.jpg 2048w, https:\/\/lydenim.com\/wp-content\/uploads\/2024\/12\/\u5e8f\u5217-Sequence-01.00_05_06_10.Still027-18x10.jpg 18w\" sizes=\"auto, (max-width: 600px) 100vw, 600px\" \/><p id=\"caption-attachment-2494\" class=\"wp-caption-text\">Tear<\/p><\/div>\n<h3 data-start=\"4958\" data-end=\"5006\">\ud83c\udd7c\ufe0f M \u2013 Manuten\u00e7\u00e3o e Manufatura Moderna<\/h3>\n<p data-start=\"5007\" data-end=\"5219\"><strong data-start=\"5007\" data-end=\"5022\">Defini\u00e7\u00e3o:<\/strong><br data-start=\"5022\" data-end=\"5025\" \/>O cuidado adequado com o jeans, como evitar lavagens frequentes, preserva a textura e a cor do produto. T\u00e9cnicas modernas de fabrica\u00e7\u00e3o garantem qualidade uniforme, respeitando o artesanato tradicional.<\/p>\n<h3 data-start=\"5343\" data-end=\"5371\">\ud83c\udd7d\ufe0f N \u2013 Fibras Naturais<\/h3>\n<p data-start=\"5372\" data-end=\"5544\"><strong data-start=\"5372\" data-end=\"5387\">Defini\u00e7\u00e3o:<\/strong><br data-start=\"5387\" data-end=\"5390\" \/>O jeans \u00e9 feito principalmente de fibras naturais de algod\u00e3o, oferecendo respirabilidade, conforto e durabilidade. O algod\u00e3o org\u00e2nico e sustent\u00e1vel est\u00e1 ganhando popularidade.<\/p>\n<div id=\"attachment_2739\" style=\"width: 610px\" class=\"wp-caption aligncenter\"><img loading=\"lazy\" decoding=\"async\" aria-describedby=\"caption-attachment-2739\" class=\"wp-image-2739\" src=\"https:\/\/lydenim.com\/wp-content\/uploads\/2025\/01\/MJ\u4e4b\u5929\u7a7a\u4e0e\u68c9\u82b1\u8309\u8389\u7279\u5199_1_AI\u8bbe\u8ba1\u5730\u9f20_\u6765\u81ea\u5c0f\u7ea2\u4e66\u7f51\u9875\u7248.jpg\" alt=\"Fibras Naturais\" width=\"600\" height=\"900\" srcset=\"https:\/\/lydenim.com\/wp-content\/uploads\/2025\/01\/MJ\u4e4b\u5929\u7a7a\u4e0e\u68c9\u82b1\u8309\u8389\u7279\u5199_1_AI\u8bbe\u8ba1\u5730\u9f20_\u6765\u81ea\u5c0f\u7ea2\u4e66\u7f51\u9875\u7248.jpg 896w, https:\/\/lydenim.com\/wp-content\/uploads\/2025\/01\/MJ\u4e4b\u5929\u7a7a\u4e0e\u68c9\u82b1\u8309\u8389\u7279\u5199_1_AI\u8bbe\u8ba1\u5730\u9f20_\u6765\u81ea\u5c0f\u7ea2\u4e66\u7f51\u9875\u7248-150x225.jpg 150w, https:\/\/lydenim.com\/wp-content\/uploads\/2025\/01\/MJ\u4e4b\u5929\u7a7a\u4e0e\u68c9\u82b1\u8309\u8389\u7279\u5199_1_AI\u8bbe\u8ba1\u5730\u9f20_\u6765\u81ea\u5c0f\u7ea2\u4e66\u7f51\u9875\u7248-600x900.jpg 600w, https:\/\/lydenim.com\/wp-content\/uploads\/2025\/01\/MJ\u4e4b\u5929\u7a7a\u4e0e\u68c9\u82b1\u8309\u8389\u7279\u5199_1_AI\u8bbe\u8ba1\u5730\u9f20_\u6765\u81ea\u5c0f\u7ea2\u4e66\u7f51\u9875\u7248-200x300.jpg 200w, https:\/\/lydenim.com\/wp-content\/uploads\/2025\/01\/MJ\u4e4b\u5929\u7a7a\u4e0e\u68c9\u82b1\u8309\u8389\u7279\u5199_1_AI\u8bbe\u8ba1\u5730\u9f20_\u6765\u81ea\u5c0f\u7ea2\u4e66\u7f51\u9875\u7248-683x1024.jpg 683w, https:\/\/lydenim.com\/wp-content\/uploads\/2025\/01\/MJ\u4e4b\u5929\u7a7a\u4e0e\u68c9\u82b1\u8309\u8389\u7279\u5199_1_AI\u8bbe\u8ba1\u5730\u9f20_\u6765\u81ea\u5c0f\u7ea2\u4e66\u7f51\u9875\u7248-768x1152.jpg 768w, https:\/\/lydenim.com\/wp-content\/uploads\/2025\/01\/MJ\u4e4b\u5929\u7a7a\u4e0e\u68c9\u82b1\u8309\u8389\u7279\u5199_1_AI\u8bbe\u8ba1\u5730\u9f20_\u6765\u81ea\u5c0f\u7ea2\u4e66\u7f51\u9875\u7248-8x12.jpg 8w\" sizes=\"auto, (max-width: 600px) 100vw, 600px\" \/><p id=\"caption-attachment-2739\" class=\"wp-caption-text\">Fibras Naturais<\/p><\/div>\n<h3 data-start=\"5665\" data-end=\"5697\">\ud83c\udd7e\ufe0f O \u2013 Origem e Evolu\u00e7\u00e3o<\/h3>\n<p data-start=\"5698\" data-end=\"5896\"><strong data-start=\"5698\" data-end=\"5713\">Defini\u00e7\u00e3o:<\/strong><br data-start=\"5713\" data-end=\"5716\" \/>O jeans surgiu no s\u00e9culo XIX como uma pe\u00e7a de trabalho dur\u00e1vel e evoluiu para uma pe\u00e7a essencial da moda global. A transforma\u00e7\u00e3o de funcional em elegante fez do jeans um \u00edcone cultural.<\/p>\n<h3 data-start=\"6066\" data-end=\"6098\">\ud83c\udd7f\ufe0f P \u2013 Bolsos e Padr\u00f5es<\/h3>\n<p data-start=\"6099\" data-end=\"6284\"><strong data-start=\"6099\" data-end=\"6114\">Defini\u00e7\u00e3o:<\/strong><br data-start=\"6114\" data-end=\"6117\" \/>Bolsos, desde designs cl\u00e1ssicos de cinco bolsos at\u00e9 estampas inovadoras, adicionam utilidade e estilo aos jeans. Costuras arqueadas nos bolsos traseiros continuam sendo uma assinatura de muitas marcas.<\/p>\n<h3 data-start=\"6428\" data-end=\"6449\">\ud83c\udd80\ufe0f Q \u2013 Qualidade<\/h3>\n<p data-start=\"6450\" data-end=\"6638\"><strong data-start=\"6450\" data-end=\"6465\">Defini\u00e7\u00e3o:<\/strong><br data-start=\"6465\" data-end=\"6468\" \/>Jeans de qualidade \u00e9 definido pela costura precisa, tingimento consistente e durabilidade do tecido. Jeans de alta qualidade mant\u00eam seu formato e desbotam graciosamente com o tempo.<\/p>\n<h3 data-start=\"6772\" data-end=\"6804\">\ud83c\udd81\ufe0f R \u2013 Rebites e Denim Cru<\/h3>\n<ul data-start=\"6805\" data-end=\"6980\">\n<li data-start=\"6805\" data-end=\"6883\"><strong data-start=\"6807\" data-end=\"6818\">Rebites:<\/strong> Os fixadores de metal refor\u00e7am os pontos de tens\u00e3o, aumentando a durabilidade.<\/li>\n<li data-start=\"6884\" data-end=\"6980\"><strong data-start=\"6886\" data-end=\"6900\">Denim cru:<\/strong> Denim n\u00e3o tratado que desenvolve uma apar\u00eancia personalizada ao longo do tempo com desbotamento natural.<\/li>\n<\/ul>\n<div id=\"attachment_4337\" style=\"width: 610px\" class=\"wp-caption aligncenter\"><img loading=\"lazy\" decoding=\"async\" aria-describedby=\"caption-attachment-4337\" class=\"wp-image-4337\" src=\"https:\/\/lydenim.com\/wp-content\/uploads\/2025\/03\/Rivets-.jpg\" alt=\"Rebites\" width=\"600\" height=\"600\" srcset=\"https:\/\/lydenim.com\/wp-content\/uploads\/2025\/03\/Rivets-.jpg 1280w, https:\/\/lydenim.com\/wp-content\/uploads\/2025\/03\/Rivets--300x300.jpg 300w, https:\/\/lydenim.com\/wp-content\/uploads\/2025\/03\/Rivets--1024x1024.jpg 1024w, https:\/\/lydenim.com\/wp-content\/uploads\/2025\/03\/Rivets--150x150.jpg 150w, https:\/\/lydenim.com\/wp-content\/uploads\/2025\/03\/Rivets--768x768.jpg 768w, https:\/\/lydenim.com\/wp-content\/uploads\/2025\/03\/Rivets--12x12.jpg 12w, https:\/\/lydenim.com\/wp-content\/uploads\/2025\/03\/Rivets--600x600.jpg 600w\" sizes=\"auto, (max-width: 600px) 100vw, 600px\" \/><p id=\"caption-attachment-4337\" class=\"wp-caption-text\">Rebites<\/p><\/div>\n<h3 data-start=\"7110\" data-end=\"7155\">\ud83c\udd82\ufe0f S \u2013 Sanforiza\u00e7\u00e3o, Selvedge e Slubs<\/h3>\n<ul data-start=\"7156\" data-end=\"7358\">\n<li data-start=\"7156\" data-end=\"7231\"><strong data-start=\"7158\" data-end=\"7176\">Sanforiza\u00e7\u00e3o:<\/strong> Um processo de pr\u00e9-encolhimento que minimiza o encolhimento futuro.<\/li>\n<li data-start=\"7232\" data-end=\"7298\"><strong data-start=\"7234\" data-end=\"7247\">Ourela:<\/strong> Tecido em teares de lan\u00e7adeira com bordas autoacabadas.<\/li>\n<li data-start=\"7299\" data-end=\"7358\"><strong data-start=\"7301\" data-end=\"7311\">Slubs:<\/strong> Varia\u00e7\u00f5es na espessura do fio que adicionam textura.<\/li>\n<\/ul>\n<div id=\"attachment_4338\" style=\"width: 610px\" class=\"wp-caption aligncenter\"><img loading=\"lazy\" decoding=\"async\" aria-describedby=\"caption-attachment-4338\" class=\"wp-image-4338\" src=\"https:\/\/lydenim.com\/wp-content\/uploads\/2025\/03\/slub.jpg\" alt=\"vagabundo\" width=\"600\" height=\"401\" srcset=\"https:\/\/lydenim.com\/wp-content\/uploads\/2025\/03\/slub.jpg 1045w, https:\/\/lydenim.com\/wp-content\/uploads\/2025\/03\/slub-300x201.jpg 300w, https:\/\/lydenim.com\/wp-content\/uploads\/2025\/03\/slub-1024x685.jpg 1024w, https:\/\/lydenim.com\/wp-content\/uploads\/2025\/03\/slub-768x514.jpg 768w, https:\/\/lydenim.com\/wp-content\/uploads\/2025\/03\/slub-18x12.jpg 18w, https:\/\/lydenim.com\/wp-content\/uploads\/2025\/03\/slub-600x401.jpg 600w, https:\/\/lydenim.com\/wp-content\/uploads\/2025\/03\/slub-150x100.jpg 150w\" sizes=\"auto, (max-width: 600px) 100vw, 600px\" \/><p id=\"caption-attachment-4338\" class=\"wp-caption-text\">vagabundo<\/p><\/div>\n<h3 data-start=\"7502\" data-end=\"7542\">\ud83c\udd83\ufe0f T \u2013 Detalhes de Alfaiataria e Fios<\/h3>\n<p data-start=\"7543\" data-end=\"7701\"><strong data-start=\"7543\" data-end=\"7558\">Defini\u00e7\u00e3o:<\/strong><br data-start=\"7558\" data-end=\"7561\" \/>A alfaiataria inclui a sele\u00e7\u00e3o de tipos de linha, padr\u00f5es de pontos e cortes apropriados para criar um ajuste perfeito, combinando conforto com durabilidade.<\/p>\n<div id=\"attachment_4339\" style=\"width: 610px\" class=\"wp-caption aligncenter\"><img loading=\"lazy\" decoding=\"async\" aria-describedby=\"caption-attachment-4339\" class=\"wp-image-4339\" src=\"https:\/\/lydenim.com\/wp-content\/uploads\/2025\/03\/Tailoring.jpg\" alt=\"Alfaiataria\" width=\"600\" height=\"415\" srcset=\"https:\/\/lydenim.com\/wp-content\/uploads\/2025\/03\/Tailoring.jpg 1200w, https:\/\/lydenim.com\/wp-content\/uploads\/2025\/03\/Tailoring-300x208.jpg 300w, https:\/\/lydenim.com\/wp-content\/uploads\/2025\/03\/Tailoring-1024x708.jpg 1024w, https:\/\/lydenim.com\/wp-content\/uploads\/2025\/03\/Tailoring-768x531.jpg 768w, https:\/\/lydenim.com\/wp-content\/uploads\/2025\/03\/Tailoring-18x12.jpg 18w, https:\/\/lydenim.com\/wp-content\/uploads\/2025\/03\/Tailoring-600x415.jpg 600w, https:\/\/lydenim.com\/wp-content\/uploads\/2025\/03\/Tailoring-150x104.jpg 150w\" sizes=\"auto, (max-width: 600px) 100vw, 600px\" \/><p id=\"caption-attachment-4339\" class=\"wp-caption-text\">Alfaiataria<\/p><\/div>\n<h3 data-start=\"7843\" data-end=\"7872\">\ud83c\udd84\ufe0f U \u2013 Influ\u00eancia Urbana<\/h3>\n<p data-start=\"7873\" data-end=\"8009\"><strong data-start=\"7873\" data-end=\"7888\">Defini\u00e7\u00e3o:<\/strong><br data-start=\"7888\" data-end=\"7891\" \/>O jeans se tornou sin\u00f4nimo de cultura urbana, misturando funcionalidade com um toque rebelde que repercute globalmente.<\/p>\n<h3 data-start=\"8149\" data-end=\"8176\">\ud83c\udd85\ufe0f V \u2013 Vibra\u00e7\u00f5es Vintage<\/h3>\n<p data-start=\"8177\" data-end=\"8356\"><strong data-start=\"8177\" data-end=\"8192\">Defini\u00e7\u00e3o:<\/strong><br data-start=\"8192\" data-end=\"8195\" \/>O jeans vintage exala nostalgia, com texturas desbotadas e cortes cl\u00e1ssicos que nunca saem de moda. Esses designs atemporais continuam a inspirar a moda contempor\u00e2nea.<\/p>\n<h3 data-start=\"8494\" data-end=\"8529\">\ud83c\udd86\ufe0f W \u2013 Urdume, Trama e Bigodes<\/h3>\n<ul data-start=\"8530\" data-end=\"8682\">\n<li data-start=\"8530\" data-end=\"8600\"><strong data-start=\"8532\" data-end=\"8550\">Urdume e Trama:<\/strong> Fios que formam a base do tecido jeans.<\/li>\n<li data-start=\"8601\" data-end=\"8682\"><strong data-start=\"8603\" data-end=\"8616\">Bigodes:<\/strong> Vincos desbotados ao redor das coxas que se desenvolvem naturalmente com o uso.\n<p><div id=\"attachment_4341\" style=\"width: 360px\" class=\"wp-caption aligncenter\"><img loading=\"lazy\" decoding=\"async\" aria-describedby=\"caption-attachment-4341\" class=\"size-full wp-image-4341\" src=\"https:\/\/lydenim.com\/wp-content\/uploads\/2025\/03\/Warp-and-Weft.jpg\" alt=\"Urdidura e Trama\" width=\"350\" height=\"388\" srcset=\"https:\/\/lydenim.com\/wp-content\/uploads\/2025\/03\/Warp-and-Weft.jpg 350w, https:\/\/lydenim.com\/wp-content\/uploads\/2025\/03\/Warp-and-Weft-271x300.jpg 271w, https:\/\/lydenim.com\/wp-content\/uploads\/2025\/03\/Warp-and-Weft-11x12.jpg 11w, https:\/\/lydenim.com\/wp-content\/uploads\/2025\/03\/Warp-and-Weft-150x166.jpg 150w\" sizes=\"auto, (max-width: 350px) 100vw, 350px\" \/><p id=\"caption-attachment-4341\" class=\"wp-caption-text\">Urdidura e Trama<\/p><\/div><\/li>\n<\/ul>\n<h3 data-start=\"8809\" data-end=\"8840\">\ud83c\udd87\ufe0f X \u2013 Fator X do Denim<\/h3>\n<p data-start=\"8841\" data-end=\"8993\"><strong data-start=\"8841\" data-end=\"8856\">Defini\u00e7\u00e3o:<\/strong><br data-start=\"8856\" data-end=\"8859\" \/>O &quot;Fator X&quot; do jeans reside no equil\u00edbrio entre design, conforto e tradi\u00e7\u00e3o. \u00c9 esse equil\u00edbrio que torna o jeans um item essencial atemporal.<\/p>\n<h3 data-start=\"9139\" data-end=\"9167\">\ud83c\udd88\ufe0f Y \u2013 <a href=\"https:\/\/en.wikipedia.org\/wiki\/Yarn\">Fio<\/a> Sele\u00e7\u00e3o<\/h3>\n<p data-start=\"9168\" data-end=\"9328\"><strong data-start=\"9168\" data-end=\"9183\">Defini\u00e7\u00e3o:<\/strong><br data-start=\"9183\" data-end=\"9186\" \/>O tipo de fio utilizado afeta a textura e a durabilidade do jeans. Fios de algod\u00e3o de alta qualidade garantem absor\u00e7\u00e3o uniforme da tinta e textura suave do tecido.<\/p>\n<div id=\"attachment_4342\" style=\"width: 554px\" class=\"wp-caption aligncenter\"><img loading=\"lazy\" decoding=\"async\" aria-describedby=\"caption-attachment-4342\" class=\"size-full wp-image-4342\" src=\"https:\/\/lydenim.com\/wp-content\/uploads\/2025\/03\/Yarn-.webp\" alt=\"Fio\" width=\"544\" height=\"711\" srcset=\"https:\/\/lydenim.com\/wp-content\/uploads\/2025\/03\/Yarn-.webp 544w, https:\/\/lydenim.com\/wp-content\/uploads\/2025\/03\/Yarn--230x300.webp 230w, https:\/\/lydenim.com\/wp-content\/uploads\/2025\/03\/Yarn--9x12.webp 9w, https:\/\/lydenim.com\/wp-content\/uploads\/2025\/03\/Yarn--150x196.webp 150w\" sizes=\"auto, (max-width: 544px) 100vw, 544px\" \/><p id=\"caption-attachment-4342\" class=\"wp-caption-text\">Fio<\/p><\/div>\n<h3 data-start=\"9453\" data-end=\"9488\">\ud83c\udd89\ufe0f Z \u2013 Cultura Zelosa do Denim<\/h3>\n<p data-start=\"9489\" data-end=\"9651\"><strong data-start=\"9489\" data-end=\"9504\">Defini\u00e7\u00e3o:<\/strong><br data-start=\"9504\" data-end=\"9507\" \/>A paix\u00e3o dos entusiastas do jeans, conhecidos como denimheads, alimenta a inova\u00e7\u00e3o constante na produ\u00e7\u00e3o de jeans, impulsionando novas t\u00e9cnicas e tend\u00eancias.<\/p>\n<h2 dir=\"auto\">Servi\u00e7os de personaliza\u00e7\u00e3o da LYDENIM<\/h2>\n<p dir=\"auto\">\ud83c\udfa8 Quero <strong>tecidos jeans personalizados<\/strong> ou\u00a0 <strong>exclusivo<\/strong> <strong>pe\u00e7a jeans personalizada<\/strong>? A LYDENIM \u00e9 especializada em solu\u00e7\u00f5es personalizadas para atender \u00e0s suas necessidades de design e produ\u00e7\u00e3o.<\/p>\n<p dir=\"auto\">\ud83d\udecd\ufe0f <strong>Explore e inspire-se<\/strong>: Navegue por nossas sele\u00e7\u00f5es de tecidos e descubra ideias de design em <a href=\"https:\/\/lydenim.com\/pt\/\" target=\"_blank\" rel=\"noopener noreferrer nofollow\">LYDenim<\/a>.<\/p>\n<p dir=\"auto\">\ud83c\udf10 <strong>Roupas el\u00e1sticas<\/strong>: Confira nossas ofertas em <a href=\"http:\/\/liangyuantextile.m.en.alibaba.com\" target=\"_blank\" rel=\"noopener noreferrer nofollow\">MeuAlibaba<\/a>. \ud83d\udce9 <strong>Contate-nos<\/strong>: Entre em contato em <a href=\"mailto:malone@lydenim.com\" target=\"_blank\" rel=\"noopener noreferrer nofollow\">malone@lydenim.com<\/a>.<\/p>\n<p dir=\"auto\">Crie sua obra-prima de jeans com LYDENIM - seu parceiro de confian\u00e7a para <strong>tecido el\u00e1stico<\/strong> e <strong>solu\u00e7\u00f5es personalizadas de jeans<\/strong>.<\/p>","protected":false},"excerpt":{"rendered":"<p>Tempo estimado de leitura: ~10 minutos Introdu\u00e7\u00e3o O jeans n\u00e3o \u00e9 apenas um tecido \u2013 \u00e9 uma hist\u00f3ria tecida por gera\u00e7\u00f5es, costurada<\/p>","protected":false},"author":1,"featured_media":4343,"comment_status":"open","ping_status":"open","sticky":false,"template":"","format":"standard","meta":{"two_page_speed":[],"footnotes":""},"categories":[66],"tags":[],"class_list":["post-4326","post","type-post","status-publish","format-standard","has-post-thumbnail","hentry","category-denim-knowledge"],"aioseo_notices":[],"_links":{"self":[{"href":"https:\/\/lydenim.com\/pt\/wp-json\/wp\/v2\/posts\/4326","targetHints":{"allow":["GET"]}}],"collection":[{"href":"https:\/\/lydenim.com\/pt\/wp-json\/wp\/v2\/posts"}],"about":[{"href":"https:\/\/lydenim.com\/pt\/wp-json\/wp\/v2\/types\/post"}],"author":[{"embeddable":true,"href":"https:\/\/lydenim.com\/pt\/wp-json\/wp\/v2\/users\/1"}],"replies":[{"embeddable":true,"href":"https:\/\/lydenim.com\/pt\/wp-json\/wp\/v2\/comments?post=4326"}],"version-history":[{"count":6,"href":"https:\/\/lydenim.com\/pt\/wp-json\/wp\/v2\/posts\/4326\/revisions"}],"predecessor-version":[{"id":6221,"href":"https:\/\/lydenim.com\/pt\/wp-json\/wp\/v2\/posts\/4326\/revisions\/6221"}],"wp:featuredmedia":[{"embeddable":true,"href":"https:\/\/lydenim.com\/pt\/wp-json\/wp\/v2\/media\/4343"}],"wp:attachment":[{"href":"https:\/\/lydenim.com\/pt\/wp-json\/wp\/v2\/media?parent=4326"}],"wp:term":[{"taxonomy":"category","embeddable":true,"href":"https:\/\/lydenim.com\/pt\/wp-json\/wp\/v2\/categories?post=4326"},{"taxonomy":"post_tag","embeddable":true,"href":"https:\/\/lydenim.com\/pt\/wp-json\/wp\/v2\/tags?post=4326"}],"curies":[{"name":"wp","href":"https:\/\/api.w.org\/{rel}","templated":true}]}}