{"id":4357,"date":"2025-03-27T13:38:50","date_gmt":"2025-03-27T05:38:50","guid":{"rendered":"https:\/\/lydenim.com\/?p=4357"},"modified":"2025-08-24T12:11:09","modified_gmt":"2025-08-24T04:11:09","slug":"cotton-and-its-role-in-denim-fabric","status":"publish","type":"post","link":"https:\/\/lydenim.com\/pt\/algodao-e-seu-papel-no-tecido-denim\/","title":{"rendered":"Algod\u00e3o e seu papel no tecido jeans"},"content":{"rendered":"<h2 data-pm-slice=\"1 1 []\">Tempo estimado de leitura: ~3 minutos<\/h2>\n<h2 style=\"text-align: left;\" data-pm-slice=\"1 1 []\">Introdu\u00e7\u00e3o<\/h2>\n<p class=\"break-words\">Quando voc\u00ea pensa em jeans, o que lhe vem \u00e0 mente? Jeans robustos, jaquetas estilosas ou talvez aquele tom azul atemporal? No cora\u00e7\u00e3o do jeans est\u00e1 o algod\u00e3o \u2014 uma fibra natural e vers\u00e1til que define seu conforto, durabilidade e apelo. Neste post, vamos nos aprofundar nas propriedades f\u00edsicas do algod\u00e3o, por que ele \u00e9 a escolha ideal para o tecido jeans e como ele molda o jeans que voc\u00ea ama. Se voc\u00ea est\u00e1 procurando &quot;do que \u00e9 feito o tecido jeans&quot; ou curioso sobre &quot;tecido jeans por metro&quot;, n\u00f3s temos o que voc\u00ea precisa.<\/p>\n<h2>Propriedades f\u00edsicas do algod\u00e3o: o que o torna especial?<\/h2>\n<p class=\"break-words\">As caracter\u00edsticas \u00fanicas do algod\u00e3o o tornam a espinha dorsal da produ\u00e7\u00e3o de jeans. Vamos analisar suas principais propriedades f\u00edsicas:<\/p>\n<ol class=\"marker:text-secondary\">\n<li class=\"break-words\"><strong>Comprimento do grampo<\/strong><br \/>\nO comprimento das fibras de algod\u00e3o, ou comprimento da fibra, \u00e9 o fator mais cr\u00edtico. Para o denim, <em>Algod\u00e3o de terras altas<\/em>\u2014 uma variedade de fibra curta com cerca de 2,5 cm de comprimento \u2014 \u00e9 amplamente utilizada. \u00c9 econ\u00f4mica e combina bem com a contagem de fios grossos t\u00edpica da tecelagem de jeans. No entanto, o jeans premium pode apresentar <em>grampo extra longo (ELS)<\/em> algod\u00f5es como o eg\u00edpcio Giza ou o indiano Suvin, oferecendo um acabamento mais suave e resistente.<\/li>\n<li class=\"break-words\"><strong>Finura e Maturidade<\/strong><br \/>\nMedidos em micronaire (permeabilidade ao ar do algod\u00e3o comprimido), a finura e a maturidade determinam a qualidade da fibra. Fibras mais finas e maduras produzem fios mais lisos e com menos desperd\u00edcio, enquanto o algod\u00e3o com menor micronaire pode resultar em fios &quot;neppy&quot; \u2014 aquelas pequenas imperfei\u00e7\u00f5es que voc\u00ea pode notar em tecidos mais baratos.<\/li>\n<li class=\"break-words\"><strong>For\u00e7a<\/strong><br \/>\nA resist\u00eancia \u00e0 tra\u00e7\u00e3o mede quanta carga uma fibra pode suportar antes de se romper. Fibras de algod\u00e3o mais fortes resultam em jeans mais dur\u00e1veis, perfeitos para suportar o desgaste di\u00e1rio.<\/li>\n<li class=\"break-words\"><strong>Cor<\/strong><br \/>\nEmbora o jeans seja normalmente tingido de azul, a cor natural do algod\u00e3o pode influenciar tecidos sem tingimento. Ela varia de acordo com o lote e as condi\u00e7\u00f5es de cultivo, adicionando uma sutil singularidade a cada pe\u00e7a.<\/li>\n<\/ol>\n<p class=\"break-words\"><img loading=\"lazy\" decoding=\"async\" class=\"aligncenter wp-image-2739\" src=\"https:\/\/lydenim.com\/wp-content\/uploads\/2025\/01\/MJ\u4e4b\u5929\u7a7a\u4e0e\u68c9\u82b1\u8309\u8389\u7279\u5199_1_AI\u8bbe\u8ba1\u5730\u9f20_\u6765\u81ea\u5c0f\u7ea2\u4e66\u7f51\u9875\u7248.jpg\" alt=\"\" width=\"600\" height=\"900\" srcset=\"https:\/\/lydenim.com\/wp-content\/uploads\/2025\/01\/MJ\u4e4b\u5929\u7a7a\u4e0e\u68c9\u82b1\u8309\u8389\u7279\u5199_1_AI\u8bbe\u8ba1\u5730\u9f20_\u6765\u81ea\u5c0f\u7ea2\u4e66\u7f51\u9875\u7248.jpg 896w, https:\/\/lydenim.com\/wp-content\/uploads\/2025\/01\/MJ\u4e4b\u5929\u7a7a\u4e0e\u68c9\u82b1\u8309\u8389\u7279\u5199_1_AI\u8bbe\u8ba1\u5730\u9f20_\u6765\u81ea\u5c0f\u7ea2\u4e66\u7f51\u9875\u7248-150x225.jpg 150w, https:\/\/lydenim.com\/wp-content\/uploads\/2025\/01\/MJ\u4e4b\u5929\u7a7a\u4e0e\u68c9\u82b1\u8309\u8389\u7279\u5199_1_AI\u8bbe\u8ba1\u5730\u9f20_\u6765\u81ea\u5c0f\u7ea2\u4e66\u7f51\u9875\u7248-600x900.jpg 600w, https:\/\/lydenim.com\/wp-content\/uploads\/2025\/01\/MJ\u4e4b\u5929\u7a7a\u4e0e\u68c9\u82b1\u8309\u8389\u7279\u5199_1_AI\u8bbe\u8ba1\u5730\u9f20_\u6765\u81ea\u5c0f\u7ea2\u4e66\u7f51\u9875\u7248-200x300.jpg 200w, https:\/\/lydenim.com\/wp-content\/uploads\/2025\/01\/MJ\u4e4b\u5929\u7a7a\u4e0e\u68c9\u82b1\u8309\u8389\u7279\u5199_1_AI\u8bbe\u8ba1\u5730\u9f20_\u6765\u81ea\u5c0f\u7ea2\u4e66\u7f51\u9875\u7248-683x1024.jpg 683w, https:\/\/lydenim.com\/wp-content\/uploads\/2025\/01\/MJ\u4e4b\u5929\u7a7a\u4e0e\u68c9\u82b1\u8309\u8389\u7279\u5199_1_AI\u8bbe\u8ba1\u5730\u9f20_\u6765\u81ea\u5c0f\u7ea2\u4e66\u7f51\u9875\u7248-768x1152.jpg 768w, https:\/\/lydenim.com\/wp-content\/uploads\/2025\/01\/MJ\u4e4b\u5929\u7a7a\u4e0e\u68c9\u82b1\u8309\u8389\u7279\u5199_1_AI\u8bbe\u8ba1\u5730\u9f20_\u6765\u81ea\u5c0f\u7ea2\u4e66\u7f51\u9875\u7248-8x12.jpg 8w\" sizes=\"auto, (max-width: 600px) 100vw, 600px\" \/><\/p>\n<h2>Por que o algod\u00e3o domina a produ\u00e7\u00e3o de jeans<\/h2>\n<p class=\"break-words\">Ent\u00e3o, por que o algod\u00e3o \u00e9 a estrela do jeans? Seus benef\u00edcios s\u00e3o dif\u00edceis de superar:<\/p>\n<ul class=\"marker:text-secondary\">\n<li class=\"break-words\"><strong>Conforto e respirabilidade<\/strong>: As fibras naturais do algod\u00e3o permitem que o ar circule, tornando o jeans confort\u00e1vel para uso o dia todo.<\/li>\n<li class=\"break-words\"><strong>Durabilidade<\/strong>: A resist\u00eancia do algod\u00e3o garante que o jeans suporte o uso intenso \u2014 ideal para jeans e jaquetas.<\/li>\n<li class=\"break-words\"><strong>Versatilidade<\/strong>: O algod\u00e3o se entrela\u00e7a perfeitamente com o ic\u00f4nico padr\u00e3o de sarja do jeans, criando aquela textura e visual caracter\u00edsticos.<\/li>\n<li class=\"break-words\"><strong>Apelo Est\u00e9tico<\/strong>:Quando tingido (especialmente \u00edndigo), o algod\u00e3o assume tons ricos e desbotados que d\u00e3o ao jeans seu charme vintage.<\/li>\n<\/ul>\n<h2>Como o algod\u00e3o se transforma em jeans: uma r\u00e1pida olhada<\/h2>\n<p class=\"break-words\">J\u00e1 se perguntou &quot;como \u00e9 feito o tecido jeans&quot;? Come\u00e7a com o algod\u00e3o colhido nos campos \u2014 mecanicamente ou manualmente, dependendo da regi\u00e3o. As fibras s\u00e3o limpas, cardadas e fiadas em fios grossos. Esse fio \u00e9 ent\u00e3o tecido em um padr\u00e3o de sarja, normalmente com fios de urdume tingidos (azul) e fios de trama n\u00e3o tingidos (brancos), criando o visual cl\u00e1ssico do jeans. O resultado? Um tecido resistente e estiloso, vendido como &quot;tecido jeans por metro&quot;, para tudo, de jeans a estofados.<\/p>\n<p class=\"break-words\"><img loading=\"lazy\" decoding=\"async\" class=\"aligncenter wp-image-2498\" src=\"https:\/\/lydenim.com\/wp-content\/uploads\/2024\/12\/\u5e8f\u5217-Sequence-01.00_05_27_10.Still031-scaled.jpg\" alt=\"\" width=\"600\" height=\"338\" srcset=\"https:\/\/lydenim.com\/wp-content\/uploads\/2024\/12\/\u5e8f\u5217-Sequence-01.00_05_27_10.Still031-scaled.jpg 2560w, https:\/\/lydenim.com\/wp-content\/uploads\/2024\/12\/\u5e8f\u5217-Sequence-01.00_05_27_10.Still031-scaled-150x84.jpg 150w, https:\/\/lydenim.com\/wp-content\/uploads\/2024\/12\/\u5e8f\u5217-Sequence-01.00_05_27_10.Still031-scaled-600x338.jpg 600w, https:\/\/lydenim.com\/wp-content\/uploads\/2024\/12\/\u5e8f\u5217-Sequence-01.00_05_27_10.Still031-300x169.jpg 300w, https:\/\/lydenim.com\/wp-content\/uploads\/2024\/12\/\u5e8f\u5217-Sequence-01.00_05_27_10.Still031-1024x576.jpg 1024w, https:\/\/lydenim.com\/wp-content\/uploads\/2024\/12\/\u5e8f\u5217-Sequence-01.00_05_27_10.Still031-768x432.jpg 768w, https:\/\/lydenim.com\/wp-content\/uploads\/2024\/12\/\u5e8f\u5217-Sequence-01.00_05_27_10.Still031-1536x864.jpg 1536w, https:\/\/lydenim.com\/wp-content\/uploads\/2024\/12\/\u5e8f\u5217-Sequence-01.00_05_27_10.Still031-2048x1152.jpg 2048w, https:\/\/lydenim.com\/wp-content\/uploads\/2024\/12\/\u5e8f\u5217-Sequence-01.00_05_27_10.Still031-18x10.jpg 18w\" sizes=\"auto, (max-width: 600px) 100vw, 600px\" \/><\/p>\n<h2>Qualidade do algod\u00e3o: al\u00e9m do b\u00e1sico<\/h2>\n<p class=\"break-words\">Nem todo algod\u00e3o \u00e9 igual. A qualidade depende do comprimento da fibra, finura, resist\u00eancia e condi\u00e7\u00f5es de cultivo. Por exemplo, enquanto o algod\u00e3o ELS do Zimb\u00e1bue \u00e9 colhido \u00e0 m\u00e3o e valorizado, o algod\u00e3o Upland dos EUA domina o denim devido \u00e0 sua acessibilidade e disponibilidade. Fatores sazonais, como precipita\u00e7\u00e3o ou qualidade do solo, tamb\u00e9m desempenham um papel, desmistificando mitos de que a localiza\u00e7\u00e3o por si s\u00f3 determina a qualidade.<\/p>\n<h2>Por que isso \u00e9 importante para voc\u00ea<\/h2>\n<p class=\"break-words\">Seja voc\u00ea um entusiasta do jeans ou um artes\u00e3o em busca do tecido perfeito, entender o papel do algod\u00e3o no jeans ajuda voc\u00ea a escolher com sabedoria. De jeans robustos a jaquetas leves, as propriedades do algod\u00e3o moldam o produto final.<\/p>\n<h2 dir=\"auto\">Servi\u00e7os de personaliza\u00e7\u00e3o da LYDENIM<\/h2>\n<p dir=\"auto\">\ud83c\udfa8 Quero <strong>tecidos jeans personalizados<\/strong> ou\u00a0 <strong>exclusivo<\/strong> <strong>pe\u00e7a jeans personalizada<\/strong>? A LYDENIM \u00e9 especializada em solu\u00e7\u00f5es personalizadas para atender \u00e0s suas necessidades de design e produ\u00e7\u00e3o.<\/p>\n<p dir=\"auto\">\ud83d\udecd\ufe0f <strong>Explore e inspire-se<\/strong>: Navegue por nossas sele\u00e7\u00f5es de tecidos e descubra ideias de design em <a href=\"https:\/\/lydenim.com\/pt\/\" target=\"_blank\" rel=\"noopener noreferrer nofollow\">LYDenim<\/a>.<\/p>\n<p dir=\"auto\">\ud83c\udf10 <strong>Roupas el\u00e1sticas<\/strong>: Confira nossas ofertas em <a href=\"http:\/\/liangyuantextile.m.en.alibaba.com\" target=\"_blank\" rel=\"noopener noreferrer nofollow\">MeuAlibaba<\/a>. \ud83d\udce9 <strong>Contate-nos<\/strong>: Entre em contato em <a href=\"mailto:malone@lydenim.com\" target=\"_blank\" rel=\"noopener noreferrer nofollow\">malone@lydenim.com<\/a>.<\/p>\n<p dir=\"auto\">Crie sua obra-prima de jeans com LYDENIM - seu parceiro de confian\u00e7a para <strong>tecido el\u00e1stico<\/strong> e <strong>solu\u00e7\u00f5es personalizadas de jeans<\/strong>.<\/p>\n<p class=\"break-words\">","protected":false},"excerpt":{"rendered":"<p>Tempo estimado de leitura: ~3 minutos Introdu\u00e7\u00e3o Quando voc\u00ea pensa em jeans, o que lhe vem \u00e0 mente? Jeans robustos, jaquetas estilosas ou<\/p>","protected":false},"author":1,"featured_media":4401,"comment_status":"open","ping_status":"open","sticky":false,"template":"","format":"standard","meta":{"two_page_speed":[],"footnotes":""},"categories":[66],"tags":[],"class_list":["post-4357","post","type-post","status-publish","format-standard","has-post-thumbnail","hentry","category-denim-knowledge"],"aioseo_notices":[],"_links":{"self":[{"href":"https:\/\/lydenim.com\/pt\/wp-json\/wp\/v2\/posts\/4357","targetHints":{"allow":["GET"]}}],"collection":[{"href":"https:\/\/lydenim.com\/pt\/wp-json\/wp\/v2\/posts"}],"about":[{"href":"https:\/\/lydenim.com\/pt\/wp-json\/wp\/v2\/types\/post"}],"author":[{"embeddable":true,"href":"https:\/\/lydenim.com\/pt\/wp-json\/wp\/v2\/users\/1"}],"replies":[{"embeddable":true,"href":"https:\/\/lydenim.com\/pt\/wp-json\/wp\/v2\/comments?post=4357"}],"version-history":[{"count":5,"href":"https:\/\/lydenim.com\/pt\/wp-json\/wp\/v2\/posts\/4357\/revisions"}],"predecessor-version":[{"id":6235,"href":"https:\/\/lydenim.com\/pt\/wp-json\/wp\/v2\/posts\/4357\/revisions\/6235"}],"wp:featuredmedia":[{"embeddable":true,"href":"https:\/\/lydenim.com\/pt\/wp-json\/wp\/v2\/media\/4401"}],"wp:attachment":[{"href":"https:\/\/lydenim.com\/pt\/wp-json\/wp\/v2\/media?parent=4357"}],"wp:term":[{"taxonomy":"category","embeddable":true,"href":"https:\/\/lydenim.com\/pt\/wp-json\/wp\/v2\/categories?post=4357"},{"taxonomy":"post_tag","embeddable":true,"href":"https:\/\/lydenim.com\/pt\/wp-json\/wp\/v2\/tags?post=4357"}],"curies":[{"name":"wp","href":"https:\/\/api.w.org\/{rel}","templated":true}]}}