{"id":4411,"date":"2025-04-02T19:06:38","date_gmt":"2025-04-02T11:06:38","guid":{"rendered":"https:\/\/lydenim.com\/?p=4411"},"modified":"2025-08-24T12:19:15","modified_gmt":"2025-08-24T04:19:15","slug":"denim-dyeing","status":"publish","type":"post","link":"https:\/\/lydenim.com\/pt\/tingimento-de-jeans\/","title":{"rendered":"A arte do tingimento de jeans: do fio ao tecido"},"content":{"rendered":"<h2 data-pm-slice=\"1 1 []\">Tempo estimado de leitura: ~5 minutos<\/h2>\n<h2>Introdu\u00e7\u00e3o ao Tecido Denim<\/h2>\n<p class=\"break-words\">O jeans \u00e9 mais do que um tecido resistente \u2014 \u00e9 um \u00edcone cultural conhecido por sua tonalidade azul caracter\u00edstica e textura robusta. Mas voc\u00ea j\u00e1 se perguntou: <em>o que \u00e9 tecido jeans<\/em> E como ele consegue esse visual diferenciado? O segredo est\u00e1 no processo de tingimento, uma jornada fascinante que transforma o fio cru no tecido jeans que conhecemos e amamos. Neste post, vamos nos aprofundar em como o jeans \u00e9 tingido, explorar as t\u00e9cnicas por tr\u00e1s de sua cria\u00e7\u00e3o e responder a algumas das perguntas mais pesquisadas sobre esse material atemporal.<\/p>\n<h2>Do que \u00e9 feito o tecido jeans?<\/h2>\n<p class=\"break-words\">O jeans \u00e9 normalmente feito de algod\u00e3o, embora varia\u00e7\u00f5es modernas possam incluir misturas como jeans el\u00e1stico com elastano. Sua apar\u00eancia \u00fanica adv\u00e9m da forma como \u00e9 tecido e tingido. Ao contr\u00e1rio da maioria dos tecidos, em que todos os fios s\u00e3o tingidos uniformemente, o jeans apresenta fios de urdume tingidos (os fios verticais) e fios de trama n\u00e3o tingidos ou branqueados (os fios horizontais). Isso cria a cl\u00e1ssica frente azul e verso branco que define o jeans.<\/p>\n<div id=\"attachment_4429\" style=\"width: 610px\" class=\"wp-caption aligncenter\"><img loading=\"lazy\" decoding=\"async\" aria-describedby=\"caption-attachment-4429\" class=\"wp-image-4429\" src=\"https:\/\/lydenim.com\/wp-content\/uploads\/2025\/03\/IMG_6205.jpg\" alt=\"Detalhe de jeans com orla\" width=\"600\" height=\"600\" srcset=\"https:\/\/lydenim.com\/wp-content\/uploads\/2025\/03\/IMG_6205.jpg 2196w, https:\/\/lydenim.com\/wp-content\/uploads\/2025\/03\/IMG_6205-300x300.jpg 300w, https:\/\/lydenim.com\/wp-content\/uploads\/2025\/03\/IMG_6205-1024x1024.jpg 1024w, https:\/\/lydenim.com\/wp-content\/uploads\/2025\/03\/IMG_6205-150x150.jpg 150w, https:\/\/lydenim.com\/wp-content\/uploads\/2025\/03\/IMG_6205-768x768.jpg 768w, https:\/\/lydenim.com\/wp-content\/uploads\/2025\/03\/IMG_6205-1536x1536.jpg 1536w, https:\/\/lydenim.com\/wp-content\/uploads\/2025\/03\/IMG_6205-2048x2048.jpg 2048w, https:\/\/lydenim.com\/wp-content\/uploads\/2025\/03\/IMG_6205-12x12.jpg 12w, https:\/\/lydenim.com\/wp-content\/uploads\/2025\/03\/IMG_6205-600x600.jpg 600w\" sizes=\"auto, (max-width: 600px) 100vw, 600px\" \/><p id=\"caption-attachment-4429\" class=\"wp-caption-text\">Detalhe de jeans com orla<\/p><\/div>\n<h2>Como o tecido jeans \u00e9 tingido?<\/h2>\n<p class=\"break-words\">O processo de tingimento \u00e9 onde o jeans realmente ganha vida. Veja como funciona:<\/p>\n<ol class=\"marker:text-secondary\">\n<li class=\"break-words\">\n<p class=\"break-words\"><strong>O papel do corante \u00edndigo<\/strong><br \/>\nO corante mais comum para jeans \u00e9 o \u00edndigo, um corante natural ou sint\u00e9tico que confere ao jeans seu ic\u00f4nico tom azul. Historicamente extra\u00eddo de plantas, o \u00edndigo agora \u00e9 frequentemente produzido sinteticamente para obter consist\u00eancia e escala.<\/p>\n<\/li>\n<li class=\"break-words\">\n<p class=\"break-words\"><strong>Tingindo o Fio<\/strong><br \/>\nO tingimento envolve a imers\u00e3o do fio em um l\u00edquido contendo \u00edndigo. No caso do denim, apenas os fios da urdidura s\u00e3o tingidos. Esses fios s\u00e3o agrupados em cordas ou espalhados como folhas e passados por v\u00e1rios banhos de tingimento. Esse processo garante que a tinta penetre profundamente, enquanto os fios da trama permanecem sem tingimento, preservando o efeito bicolor do denim.<\/p>\n<\/li>\n<li class=\"break-words\">\n<p class=\"break-words\"><strong>T\u00e9cnicas de Tingimento Industrial<\/strong><\/p>\n<ul class=\"marker:text-secondary\">\n<li class=\"break-words\"><em>Tingimento de corda<\/em>: Os fios s\u00e3o torcidos em cordas e mergulhados em banhos de \u00edndigo v\u00e1rias vezes, criando uma cor rica e uniforme. Este m\u00e9todo \u00e9 valorizado pela produ\u00e7\u00e3o de tecido denim com orla de alta qualidade.<\/li>\n<li class=\"break-words\"><em>Tingimento Slasher<\/em>:Os fios s\u00e3o esticados e passados por banhos de tingimento em um processo cont\u00ednuo, ideal para a produ\u00e7\u00e3o em massa de tecido jeans por metro.<\/li>\n<\/ul>\n<p class=\"break-words\">Ambos os m\u00e9todos fazem parte do que chamamos de \u201cfaixas de tingimento cont\u00ednuas\u201d, uma evolu\u00e7\u00e3o mecanizada das t\u00e9cnicas tradicionais de tingimento manual.<\/p>\n<\/li>\n<\/ol>\n<div id=\"attachment_4445\" style=\"width: 610px\" class=\"wp-caption aligncenter\"><img loading=\"lazy\" decoding=\"async\" aria-describedby=\"caption-attachment-4445\" class=\"wp-image-4445\" src=\"https:\/\/lydenim.com\/wp-content\/uploads\/2025\/03\/Slasher-Dyeing-and-Rope-Dyeing.jpg\" alt=\"Tingimento Slasher e Tingimento de Corda\" width=\"600\" height=\"600\" srcset=\"https:\/\/lydenim.com\/wp-content\/uploads\/2025\/03\/Slasher-Dyeing-and-Rope-Dyeing.jpg 1000w, https:\/\/lydenim.com\/wp-content\/uploads\/2025\/03\/Slasher-Dyeing-and-Rope-Dyeing-300x300.jpg 300w, https:\/\/lydenim.com\/wp-content\/uploads\/2025\/03\/Slasher-Dyeing-and-Rope-Dyeing-150x150.jpg 150w, https:\/\/lydenim.com\/wp-content\/uploads\/2025\/03\/Slasher-Dyeing-and-Rope-Dyeing-768x768.jpg 768w, https:\/\/lydenim.com\/wp-content\/uploads\/2025\/03\/Slasher-Dyeing-and-Rope-Dyeing-12x12.jpg 12w, https:\/\/lydenim.com\/wp-content\/uploads\/2025\/03\/Slasher-Dyeing-and-Rope-Dyeing-600x600.jpg 600w\" sizes=\"auto, (max-width: 600px) 100vw, 600px\" \/><p id=\"caption-attachment-4445\" class=\"wp-caption-text\">Tingimento Slasher e Tingimento de Corda<\/p><\/div>\n<h2>Por que o jeans \u00e9 azul na frente e branco atr\u00e1s?<\/h2>\n<p class=\"break-words\">A resposta est\u00e1 no processo de tingimento seletivo. Ao tingir apenas os fios da urdidura e deixar os fios da trama naturais ou branqueados, o denim alcan\u00e7a seu contraste caracter\u00edstico. Quando voc\u00ea olha para um par de jeans, o exterior azul reflete a urdidura tingida, enquanto o interior branco revela a trama sem tingimento \u2014 uma marca registrada do aut\u00eantico tecido denim.<\/p>\n<h2>Do tingimento ao seu guarda-roupa<\/h2>\n<p class=\"break-words\">Uma vez tingidos, os fios s\u00e3o tecidos em tecido jeans, geralmente vendido como <em>tecido jeans por metro<\/em> para a confec\u00e7\u00e3o de jeans, jaquetas ou at\u00e9 mesmo estofados. O processo de tingimento n\u00e3o afeta apenas a cor, mas tamb\u00e9m a textura e a durabilidade, tornando o jeans uma op\u00e7\u00e3o vers\u00e1til para tudo, desde roupas casuais at\u00e9 decora\u00e7\u00e3o de casa.<\/p>\n<div id=\"attachment_2566\" style=\"width: 610px\" class=\"wp-caption aligncenter\"><img loading=\"lazy\" decoding=\"async\" aria-describedby=\"caption-attachment-2566\" class=\"wp-image-2566\" src=\"https:\/\/lydenim.com\/wp-content\/uploads\/2024\/12\/\u5b58\u8d27-scaled.jpg\" alt=\"Armaz\u00e9m de jeans\" width=\"600\" height=\"338\" srcset=\"https:\/\/lydenim.com\/wp-content\/uploads\/2024\/12\/\u5b58\u8d27-scaled.jpg 2560w, https:\/\/lydenim.com\/wp-content\/uploads\/2024\/12\/\u5b58\u8d27-scaled-150x84.jpg 150w, https:\/\/lydenim.com\/wp-content\/uploads\/2024\/12\/\u5b58\u8d27-scaled-600x338.jpg 600w, https:\/\/lydenim.com\/wp-content\/uploads\/2024\/12\/\u5b58\u8d27-300x169.jpg 300w, https:\/\/lydenim.com\/wp-content\/uploads\/2024\/12\/\u5b58\u8d27-1024x576.jpg 1024w, https:\/\/lydenim.com\/wp-content\/uploads\/2024\/12\/\u5b58\u8d27-768x432.jpg 768w, https:\/\/lydenim.com\/wp-content\/uploads\/2024\/12\/\u5b58\u8d27-1536x864.jpg 1536w, https:\/\/lydenim.com\/wp-content\/uploads\/2024\/12\/\u5b58\u8d27-2048x1152.jpg 2048w, https:\/\/lydenim.com\/wp-content\/uploads\/2024\/12\/\u5b58\u8d27-18x10.jpg 18w\" sizes=\"auto, (max-width: 600px) 100vw, 600px\" \/><p id=\"caption-attachment-2566\" class=\"wp-caption-text\">Armaz\u00e9m de jeans<\/p><\/div>\n<h2>Curiosidade: A evolu\u00e7\u00e3o do tingimento<\/h2>\n<p class=\"break-words\">Enquanto o jeans atual \u00e9 tingido com m\u00e1quinas avan\u00e7adas, os m\u00e9todos tradicionais dependiam do tingimento manual com \u00edndigo natural. Esse processo trabalhoso conectava os artes\u00e3os \u00e0s ra\u00edzes do tecido, um legado que perdura em linhas de jeans premium, como o tecido jeans com orla japonesa.<\/p>\n<h2>Conclus\u00e3o<\/h2>\n<p class=\"break-words\">A arte de tingir jeans \u00e9 uma mistura de tradi\u00e7\u00e3o e tecnologia, transformando simples fios de algod\u00e3o em um tecido funcional e moderno. Se voc\u00ea tem curiosidade sobre <em>como \u00e9 feito o tecido jeans<\/em> ou querendo comprar <em>tecido jeans por metro<\/em> para seu pr\u00f3ximo projeto, entender esse processo aprofunda sua aprecia\u00e7\u00e3o por esse material cotidiano.<\/p>\n<h2 dir=\"auto\">Servi\u00e7os de personaliza\u00e7\u00e3o da LYDENIM<\/h2>\n<p dir=\"auto\">\ud83c\udfa8 Quero <strong>tecidos jeans personalizados<\/strong> ou\u00a0 <strong>exclusivo<\/strong> <strong>pe\u00e7a jeans personalizada<\/strong>? A LYDENIM \u00e9 especializada em solu\u00e7\u00f5es personalizadas para atender \u00e0s suas necessidades de design e produ\u00e7\u00e3o.<\/p>\n<p dir=\"auto\">\ud83d\udecd\ufe0f <strong>Explore e inspire-se<\/strong>: Navegue por nossas sele\u00e7\u00f5es de tecidos e descubra ideias de design em <a href=\"https:\/\/lydenim.com\/pt\/\" target=\"_blank\" rel=\"noopener noreferrer nofollow\">LYDenim<\/a>.<\/p>\n<p dir=\"auto\">\ud83c\udf10 <strong>Roupas el\u00e1sticas<\/strong>: Confira nossas ofertas em <a href=\"http:\/\/liangyuantextile.m.en.alibaba.com\" target=\"_blank\" rel=\"noopener noreferrer nofollow\">MeuAlibaba<\/a>. \ud83d\udce9 <strong>Contate-nos<\/strong>: Entre em contato em <a href=\"mailto:malone@lydenim.com\" target=\"_blank\" rel=\"noopener noreferrer nofollow\">malone@lydenim.com<\/a>.<\/p>\n<p dir=\"auto\">Crie sua obra-prima de jeans com LYDENIM - seu parceiro de confian\u00e7a para <strong>tecido el\u00e1stico<\/strong> e <strong>solu\u00e7\u00f5es personalizadas de jeans<\/strong>.<\/p>","protected":false},"excerpt":{"rendered":"<p>Tempo estimado de leitura: ~5 minutos Introdu\u00e7\u00e3o ao tecido jeans O jeans \u00e9 mais do que apenas um tecido resistente \u2014 \u00e9 um \u00edcone cultural<\/p>","protected":false},"author":1,"featured_media":4446,"comment_status":"open","ping_status":"open","sticky":false,"template":"","format":"standard","meta":{"two_page_speed":[],"footnotes":""},"categories":[66],"tags":[],"class_list":["post-4411","post","type-post","status-publish","format-standard","has-post-thumbnail","hentry","category-denim-knowledge"],"aioseo_notices":[],"_links":{"self":[{"href":"https:\/\/lydenim.com\/pt\/wp-json\/wp\/v2\/posts\/4411","targetHints":{"allow":["GET"]}}],"collection":[{"href":"https:\/\/lydenim.com\/pt\/wp-json\/wp\/v2\/posts"}],"about":[{"href":"https:\/\/lydenim.com\/pt\/wp-json\/wp\/v2\/types\/post"}],"author":[{"embeddable":true,"href":"https:\/\/lydenim.com\/pt\/wp-json\/wp\/v2\/users\/1"}],"replies":[{"embeddable":true,"href":"https:\/\/lydenim.com\/pt\/wp-json\/wp\/v2\/comments?post=4411"}],"version-history":[{"count":4,"href":"https:\/\/lydenim.com\/pt\/wp-json\/wp\/v2\/posts\/4411\/revisions"}],"predecessor-version":[{"id":6247,"href":"https:\/\/lydenim.com\/pt\/wp-json\/wp\/v2\/posts\/4411\/revisions\/6247"}],"wp:featuredmedia":[{"embeddable":true,"href":"https:\/\/lydenim.com\/pt\/wp-json\/wp\/v2\/media\/4446"}],"wp:attachment":[{"href":"https:\/\/lydenim.com\/pt\/wp-json\/wp\/v2\/media?parent=4411"}],"wp:term":[{"taxonomy":"category","embeddable":true,"href":"https:\/\/lydenim.com\/pt\/wp-json\/wp\/v2\/categories?post=4411"},{"taxonomy":"post_tag","embeddable":true,"href":"https:\/\/lydenim.com\/pt\/wp-json\/wp\/v2\/tags?post=4411"}],"curies":[{"name":"wp","href":"https:\/\/api.w.org\/{rel}","templated":true}]}}