{"id":4426,"date":"2025-04-01T11:43:02","date_gmt":"2025-04-01T03:43:02","guid":{"rendered":"https:\/\/lydenim.com\/?p=4426"},"modified":"2025-08-24T12:18:10","modified_gmt":"2025-08-24T04:18:10","slug":"lydenim","status":"publish","type":"post","link":"https:\/\/lydenim.com\/pt\/lydenim\/","title":{"rendered":"Por que escolher Lydenim para suas necessidades de jeans"},"content":{"rendered":"<h2 data-pm-slice=\"1 1 []\">Tempo estimado de leitura: ~3 minutos<\/h2>\n<h2 style=\"text-align: left;\" data-pm-slice=\"1 1 []\">Introdu\u00e7\u00e3o<\/h2>\n<p class=\"break-words\">Para todas as suas necessidades de jeans, incluindo tecidos premium, pe\u00e7as sob medida e necessidades de fabrica\u00e7\u00e3o, a Lydenim.com surge como a melhor op\u00e7\u00e3o. A Lydenim combina expertise em produ\u00e7\u00e3o de jeans com design inovador e foco no cliente para oferecer vantagens \u00fanicas que atendem \u00e0s necessidades individuais e empresariais. Este post de blog demonstrar\u00e1 como a Lydenim representa o seu destino ideal para produtos jeans, desde jaquetas jeans personalizadas at\u00e9 tecidos jeans de grande porte, e nossas vantagens de f\u00e1brica que nos distinguem na competitiva ind\u00fastria da moda e t\u00eaxtil.<\/p>\n<h2>1. Experi\u00eancia incompar\u00e1vel em tecidos jeans<\/h2>\n<p class=\"break-words\">O jeans representa mais do que apenas tecido, pois incorpora todo um estilo de vida. A equipe da Lydenim oferece diversas cole\u00e7\u00f5es de jeans, incluindo jeans com elastano, jeans com orla e jeans leve, que atendem a diversas necessidades dos clientes. Nossa cole\u00e7\u00e3o inclui amplas op\u00e7\u00f5es de jeans para designers que precisam de cortes em jardas e fornecedores de jeans no atacado. A empresa utiliza m\u00e9todos de produ\u00e7\u00e3o rigorosos na aquisi\u00e7\u00e3o e fabrica\u00e7\u00e3o de seus tecidos.<\/p>\n<div id=\"attachment_2566\" style=\"width: 610px\" class=\"wp-caption aligncenter\"><img loading=\"lazy\" decoding=\"async\" aria-describedby=\"caption-attachment-2566\" class=\"wp-image-2566\" src=\"https:\/\/lydenim.com\/wp-content\/uploads\/2024\/12\/\u5b58\u8d27-scaled.jpg\" alt=\"Armaz\u00e9m da f\u00e1brica\" width=\"600\" height=\"338\" srcset=\"https:\/\/lydenim.com\/wp-content\/uploads\/2024\/12\/\u5b58\u8d27-scaled.jpg 2560w, https:\/\/lydenim.com\/wp-content\/uploads\/2024\/12\/\u5b58\u8d27-scaled-150x84.jpg 150w, https:\/\/lydenim.com\/wp-content\/uploads\/2024\/12\/\u5b58\u8d27-scaled-600x338.jpg 600w, https:\/\/lydenim.com\/wp-content\/uploads\/2024\/12\/\u5b58\u8d27-300x169.jpg 300w, https:\/\/lydenim.com\/wp-content\/uploads\/2024\/12\/\u5b58\u8d27-1024x576.jpg 1024w, https:\/\/lydenim.com\/wp-content\/uploads\/2024\/12\/\u5b58\u8d27-768x432.jpg 768w, https:\/\/lydenim.com\/wp-content\/uploads\/2024\/12\/\u5b58\u8d27-1536x864.jpg 1536w, https:\/\/lydenim.com\/wp-content\/uploads\/2024\/12\/\u5b58\u8d27-2048x1152.jpg 2048w, https:\/\/lydenim.com\/wp-content\/uploads\/2024\/12\/\u5b58\u8d27-18x10.jpg 18w\" sizes=\"auto, (max-width: 600px) 100vw, 600px\" \/><p id=\"caption-attachment-2566\" class=\"wp-caption-text\">Armaz\u00e9m da f\u00e1brica<\/p><\/div>\n<h2>2. Roupas personalizadas que refletem seu estilo<\/h2>\n<p class=\"break-words\">O princ\u00edpio fundamental da moda moderna gira em torno da personaliza\u00e7\u00e3o, e a Lydenim oferece servi\u00e7os excepcionais de customiza\u00e7\u00e3o de roupas. A empresa oferece produtos jeans personalizados, incluindo jaquetas e saias, para ajudar voc\u00ea a concretizar sua vis\u00e3o de moda. Voc\u00ea pode aprender sobre como estilizar uma jaqueta jeans, bem como op\u00e7\u00f5es de moda para saias jeans, por meio de nossos recursos. Nossa equipe de design cria suas pe\u00e7as e, ao mesmo tempo, oferece sugest\u00f5es criativas para ajud\u00e1-lo a utiliz\u00e1-las com efici\u00eancia. A empresa implementa t\u00e9cnicas de acabamento personalizadas para seus produtos com base em pesquisas populares sobre jeans desgastado e textura de tecido amaciante.<\/p>\n<div id=\"attachment_4453\" style=\"width: 610px\" class=\"wp-caption aligncenter\"><img loading=\"lazy\" decoding=\"async\" aria-describedby=\"caption-attachment-4453\" class=\"wp-image-4453\" src=\"https:\/\/lydenim.com\/wp-content\/uploads\/2025\/03\/IMG_6082-scaled.jpg\" alt=\"Personaliza\u00e7\u00e3o do cliente, mais detalhes n\u00e3o podem ser mostrados devido a problemas de design.\" width=\"600\" height=\"600\" srcset=\"https:\/\/lydenim.com\/wp-content\/uploads\/2025\/03\/IMG_6082-scaled.jpg 2560w, https:\/\/lydenim.com\/wp-content\/uploads\/2025\/03\/IMG_6082-300x300.jpg 300w, https:\/\/lydenim.com\/wp-content\/uploads\/2025\/03\/IMG_6082-1024x1024.jpg 1024w, https:\/\/lydenim.com\/wp-content\/uploads\/2025\/03\/IMG_6082-150x150.jpg 150w, https:\/\/lydenim.com\/wp-content\/uploads\/2025\/03\/IMG_6082-768x768.jpg 768w, https:\/\/lydenim.com\/wp-content\/uploads\/2025\/03\/IMG_6082-1536x1536.jpg 1536w, https:\/\/lydenim.com\/wp-content\/uploads\/2025\/03\/IMG_6082-2048x2048.jpg 2048w, https:\/\/lydenim.com\/wp-content\/uploads\/2025\/03\/IMG_6082-12x12.jpg 12w, https:\/\/lydenim.com\/wp-content\/uploads\/2025\/03\/IMG_6082-600x600.jpg 600w\" sizes=\"auto, (max-width: 600px) 100vw, 600px\" \/><p id=\"caption-attachment-4453\" class=\"wp-caption-text\">Personaliza\u00e7\u00e3o do cliente, mais detalhes n\u00e3o podem ser mostrados devido a problemas de design.<\/p><\/div>\n<h2>3. Vantagem direta da f\u00e1brica<\/h2>\n<p class=\"break-words\">A Lydenim opera como fornecedora direta da f\u00e1brica para eliminar custos com intermedi\u00e1rios, ao mesmo tempo em que oferece aos clientes pre\u00e7os acess\u00edveis no atacado de tecidos jeans e acesso ao produto final. O centro de fabrica\u00e7\u00e3o de alta tecnologia em nossas instala\u00e7\u00f5es produz excelentes produtos jeans, incluindo tecidos para jeans e estofados para decora\u00e7\u00e3o. A Lydenim oferece efici\u00eancia e benef\u00edcios de pre\u00e7o para pedidos de qualquer tamanho, desde pequenas produ\u00e7\u00f5es at\u00e9 grandes quantidades.<\/p>\n<h2>4. Design e Tend\u00eancias Inovadoras<\/h2>\n<p class=\"break-words\">O sucesso na produ\u00e7\u00e3o de jeans depende da ado\u00e7\u00e3o cont\u00ednua de novos m\u00e9todos inovadores. Os designers da Lydenim monitoram as tend\u00eancias da moda para criar designs inovadores. Nossos clientes podem encontrar os estilos mais recentes por meio de nossa cole\u00e7\u00e3o de designs modernos de jeans, incluindo tecidos estampados e coloridos. Nossos designs na Lydenim combinam elementos tradicionais do jeans com designs contempor\u00e2neos para criar vestidos jeans ousados ou jeans cl\u00e1ssicos.<\/p>\n<h2>5. Sustentabilidade e Compromisso com a Qualidade<\/h2>\n<p data-start=\"132\" data-end=\"583\">A Lydenim lidera a transforma\u00e7\u00e3o da ind\u00fastria de denim por meio de seus m\u00e9todos inovadores e sustent\u00e1veis de produ\u00e7\u00e3o na atual era com foco ambiental. Utilizamos denim de algod\u00e3o 100% como mat\u00e9ria-prima e integramos tecnologias de liocel e triacetato a fios ecologicamente corretos, explorando novos materiais sustent\u00e1veis. Nossos m\u00e9todos tradicionais de fabrica\u00e7\u00e3o se combinam com avan\u00e7os tecnol\u00f3gicos modernos para reduzir o desperd\u00edcio e, ao mesmo tempo, atender \u00e0 crescente demanda dos consumidores por moda sustent\u00e1vel e respons\u00e1vel.<\/p>\n<h2>Por que Lydenim?<\/h2>\n<ul class=\"marker:text-secondary\">\n<li class=\"break-words\"><strong>Variedade<\/strong>: De <strong>tecido jeans cru<\/strong> para <strong>tecido jeans japon\u00eas<\/strong>, temos tudo.<\/li>\n<li class=\"break-words\"><strong>Personaliza\u00e7\u00e3o<\/strong>: Solu\u00e7\u00f5es personalizadas para cada cliente.<\/li>\n<li class=\"break-words\"><strong>For\u00e7a de f\u00e1brica<\/strong>: Acesso direto \u00e0 excel\u00eancia em produ\u00e7\u00e3o.<\/li>\n<li class=\"break-words\"><strong>Cria\u00e7\u00e3o de tend\u00eancias<\/strong>: Designs que mant\u00eam voc\u00ea \u00e0 frente da curva.<\/li>\n<li class=\"break-words\"><strong>Sustentabilidade<\/strong>: Qualidade em que voc\u00ea pode confiar, com consci\u00eancia.<\/li>\n<\/ul>\n<p class=\"break-words\">Chegou a hora de aprimorar sua experi\u00eancia com jeans. Visite Lydenim.com para explorar os produtos ou entre em contato pelo e-mail Malone@lydenim.com para receber assist\u00eancia especializada. A Lydenim \u00e9 sua parceira de excel\u00eancia em jeans de confian\u00e7a, seja voc\u00ea um entusiasta da moda ou um empres\u00e1rio.<\/p>","protected":false},"excerpt":{"rendered":"<p>Tempo estimado de leitura: ~3 minutos Introdu\u00e7\u00e3o Para todas as suas necessidades de jeans, incluindo tecidos premium e roupas sob medida e necessidades de fabrica\u00e7\u00e3o<\/p>","protected":false},"author":1,"featured_media":4454,"comment_status":"open","ping_status":"open","sticky":false,"template":"","format":"standard","meta":{"two_page_speed":[],"footnotes":""},"categories":[67],"tags":[],"class_list":["post-4426","post","type-post","status-publish","format-standard","has-post-thumbnail","hentry","category-market"],"aioseo_notices":[],"_links":{"self":[{"href":"https:\/\/lydenim.com\/pt\/wp-json\/wp\/v2\/posts\/4426","targetHints":{"allow":["GET"]}}],"collection":[{"href":"https:\/\/lydenim.com\/pt\/wp-json\/wp\/v2\/posts"}],"about":[{"href":"https:\/\/lydenim.com\/pt\/wp-json\/wp\/v2\/types\/post"}],"author":[{"embeddable":true,"href":"https:\/\/lydenim.com\/pt\/wp-json\/wp\/v2\/users\/1"}],"replies":[{"embeddable":true,"href":"https:\/\/lydenim.com\/pt\/wp-json\/wp\/v2\/comments?post=4426"}],"version-history":[{"count":5,"href":"https:\/\/lydenim.com\/pt\/wp-json\/wp\/v2\/posts\/4426\/revisions"}],"predecessor-version":[{"id":6245,"href":"https:\/\/lydenim.com\/pt\/wp-json\/wp\/v2\/posts\/4426\/revisions\/6245"}],"wp:featuredmedia":[{"embeddable":true,"href":"https:\/\/lydenim.com\/pt\/wp-json\/wp\/v2\/media\/4454"}],"wp:attachment":[{"href":"https:\/\/lydenim.com\/pt\/wp-json\/wp\/v2\/media?parent=4426"}],"wp:term":[{"taxonomy":"category","embeddable":true,"href":"https:\/\/lydenim.com\/pt\/wp-json\/wp\/v2\/categories?post=4426"},{"taxonomy":"post_tag","embeddable":true,"href":"https:\/\/lydenim.com\/pt\/wp-json\/wp\/v2\/tags?post=4426"}],"curies":[{"name":"wp","href":"https:\/\/api.w.org\/{rel}","templated":true}]}}