{"id":4656,"date":"2025-04-12T14:17:19","date_gmt":"2025-04-12T06:17:19","guid":{"rendered":"https:\/\/lydenim.com\/?p=4656"},"modified":"2025-08-24T12:30:23","modified_gmt":"2025-08-24T04:30:23","slug":"flock-on-denim","status":"publish","type":"post","link":"https:\/\/lydenim.com\/pt\/rebanho-em-jeans\/","title":{"rendered":"Flock on Denim \u2013 Volume, Textura e Jogo de Luz"},"content":{"rendered":"<h3 data-pm-slice=\"1 1 []\">Tempo estimado de leitura: ~3 minutos<\/h3>\n<h3 class=\"\" data-start=\"326\" data-end=\"344\">Introdu\u00e7\u00e3o<\/h3>\n<p class=\"\" data-start=\"345\" data-end=\"880\">A flocagem surgiu como uma t\u00e9cnica de destaque no acabamento de jeans, transformando o tecido denim com uma textura aveludada e um efeito tridimensional cativante. Ao contr\u00e1rio da impress\u00e3o ou bordado tradicionais, a flocagem aplica fibras min\u00fasculas para criar uma superf\u00edcie suave e elevada que brinca com a luz de uma forma \u00fanica. Este m\u00e9todo inovador \u00e9 um favorito em cole\u00e7\u00f5es premium e streetwear, combinando o apelo robusto do jeans com o acabamento macio e semelhante \u00e0 camur\u00e7a do flock \u2014 perfeito para pe\u00e7as de destaque como saias jeans, vestidos jeans e jeans.<\/p>\n<div id=\"attachment_4657\" style=\"width: 610px\" class=\"wp-caption aligncenter\"><img loading=\"lazy\" decoding=\"async\" aria-describedby=\"caption-attachment-4657\" class=\"size-full wp-image-4657\" src=\"https:\/\/lydenim.com\/wp-content\/uploads\/2025\/04\/Flocked-denim-Jeans.jpg\" alt=\"Jeans flocado\" width=\"600\" height=\"900\" srcset=\"https:\/\/lydenim.com\/wp-content\/uploads\/2025\/04\/Flocked-denim-Jeans.jpg 600w, https:\/\/lydenim.com\/wp-content\/uploads\/2025\/04\/Flocked-denim-Jeans-200x300.jpg 200w, https:\/\/lydenim.com\/wp-content\/uploads\/2025\/04\/Flocked-denim-Jeans-8x12.jpg 8w, https:\/\/lydenim.com\/wp-content\/uploads\/2025\/04\/Flocked-denim-Jeans-150x225.jpg 150w\" sizes=\"auto, (max-width: 600px) 100vw, 600px\" \/><p id=\"caption-attachment-4657\" class=\"wp-caption-text\">Jeans flocado<\/p><\/div>\n<h3 class=\"\" data-start=\"1015\" data-end=\"1042\">Designs de jeans flocados<\/h3>\n<p class=\"\" data-start=\"1043\" data-end=\"1373\">Hoje, o tecido denim flocado \u00e9 celebrado por sua versatilidade, aparecendo em designs que variam de logotipos sutis a padr\u00f5es ousados e completos. Sejam motivos geom\u00e9tricos em uma jaqueta jeans, composi\u00e7\u00f5es abstratas em shorts jeans ou detalhes de inspira\u00e7\u00e3o vintage em uma saia longa jeans, a flocagem adiciona profundidade e personalidade a cada pe\u00e7a.<\/p>\n<div id=\"attachment_4658\" style=\"width: 610px\" class=\"wp-caption aligncenter\"><img loading=\"lazy\" decoding=\"async\" aria-describedby=\"caption-attachment-4658\" class=\"wp-image-4658\" src=\"https:\/\/lydenim.com\/wp-content\/uploads\/2025\/04\/various-denim-garments-with-flocking-details-in-different-styles.jpeg\" alt=\"v\u00e1rias pe\u00e7as jeans com detalhes flocados em diferentes estilos\" width=\"600\" height=\"799\" srcset=\"https:\/\/lydenim.com\/wp-content\/uploads\/2025\/04\/various-denim-garments-with-flocking-details-in-different-styles.jpeg 1280w, https:\/\/lydenim.com\/wp-content\/uploads\/2025\/04\/various-denim-garments-with-flocking-details-in-different-styles-225x300.jpeg 225w, https:\/\/lydenim.com\/wp-content\/uploads\/2025\/04\/various-denim-garments-with-flocking-details-in-different-styles-769x1024.jpeg 769w, https:\/\/lydenim.com\/wp-content\/uploads\/2025\/04\/various-denim-garments-with-flocking-details-in-different-styles-768x1023.jpeg 768w, https:\/\/lydenim.com\/wp-content\/uploads\/2025\/04\/various-denim-garments-with-flocking-details-in-different-styles-1153x1536.jpeg 1153w, https:\/\/lydenim.com\/wp-content\/uploads\/2025\/04\/various-denim-garments-with-flocking-details-in-different-styles-9x12.jpeg 9w, https:\/\/lydenim.com\/wp-content\/uploads\/2025\/04\/various-denim-garments-with-flocking-details-in-different-styles-600x799.jpeg 600w, https:\/\/lydenim.com\/wp-content\/uploads\/2025\/04\/various-denim-garments-with-flocking-details-in-different-styles-150x200.jpeg 150w\" sizes=\"auto, (max-width: 600px) 100vw, 600px\" \/><p id=\"caption-attachment-4658\" class=\"wp-caption-text\">v\u00e1rias pe\u00e7as jeans com detalhes flocados em diferentes estilos<\/p><\/div>\n<h3 class=\"\" data-start=\"1488\" data-end=\"1523\">Como o Flock \u00e9 aplicado ao Denim<\/h3>\n<p class=\"\" data-start=\"1524\" data-end=\"1614\">A flocagem pode ser adaptada a diferentes est\u00e1gios de produ\u00e7\u00e3o, dependendo do resultado desejado:<\/p>\n<h4 class=\"\" data-start=\"1616\" data-end=\"1652\">Flocagem em pe\u00e7as acabadas<\/h4>\n<p class=\"\" data-start=\"1653\" data-end=\"2088\">Para itens como jeans ou coletes jeans, o processo come\u00e7a ap\u00f3s a produ\u00e7\u00e3o padr\u00e3o. Um adesivo especializado \u00e9 impresso em \u00e1reas espec\u00edficas, seguido pela aplica\u00e7\u00e3o precisa de fibras flocadas. Ap\u00f3s o tratamento t\u00e9rmico, essas se\u00e7\u00f5es desenvolvem uma textura luxuosa e elevada que contrasta perfeitamente com a superf\u00edcie cl\u00e1ssica do jeans. Essa t\u00e9cnica se destaca ao adicionar logotipos, letras ou padr\u00f5es de destaque a pe\u00e7as como minissaias jeans.<\/p>\n<div id=\"attachment_4659\" style=\"width: 484px\" class=\"wp-caption aligncenter\"><img loading=\"lazy\" decoding=\"async\" aria-describedby=\"caption-attachment-4659\" class=\"size-full wp-image-4659\" src=\"https:\/\/lydenim.com\/wp-content\/uploads\/2025\/04\/Flock-on-Denim.jpg\" alt=\"Flock on Denim\" width=\"474\" height=\"711\" srcset=\"https:\/\/lydenim.com\/wp-content\/uploads\/2025\/04\/Flock-on-Denim.jpg 474w, https:\/\/lydenim.com\/wp-content\/uploads\/2025\/04\/Flock-on-Denim-200x300.jpg 200w, https:\/\/lydenim.com\/wp-content\/uploads\/2025\/04\/Flock-on-Denim-8x12.jpg 8w, https:\/\/lydenim.com\/wp-content\/uploads\/2025\/04\/Flock-on-Denim-150x225.jpg 150w\" sizes=\"auto, (max-width: 474px) 100vw, 474px\" \/><p id=\"caption-attachment-4659\" class=\"wp-caption-text\">Flock on Denim<\/p><\/div>\n<h4 class=\"\" data-start=\"2237\" data-end=\"2276\">Flocagem no tecido antes da costura<\/h4>\n<p class=\"\" data-start=\"2277\" data-end=\"2644\">Alternativamente, o floco \u00e9 aplicado ao tecido jeans antes do corte e da costura. Essa abordagem permite designs em larga escala ou a flocagem em toda a superf\u00edcie, ideal para pe\u00e7as como macac\u00f5es ou vestidos jeans. Ao ser lavado, o tecido flocado revela um efeito deslumbrante de luz e sombra, real\u00e7ando a profundidade da cor e proporcionando um visual din\u00e2mico e luxuoso que muda a cada movimento.<\/p>\n<h3 class=\"\" data-start=\"2765\" data-end=\"2796\">Denim flocado da Ly Denim<\/h3>\n<p class=\"\" data-start=\"2797\" data-end=\"3166\">Na Ly Denim, somos especialistas em criar flocagem visualmente marcante e duradoura. Nossa equipe oferece solu\u00e7\u00f5es personalizadas \u2014 desde detalhes sutis em uma saia jeans at\u00e9 tecidos denim flocados ousados e com superf\u00edcie completa para sua pr\u00f3xima cole\u00e7\u00e3o. Tamb\u00e9m oferecemos servi\u00e7os de personaliza\u00e7\u00e3o de tecidos e pe\u00e7as, garantindo o equil\u00edbrio perfeito entre textura, cor e acabamento para combinar com a sua vis\u00e3o.<\/p>\n<ol start=\"1\">\n<li><a href=\"https:\/\/lydenim.com\/pt\/produto\/tecido-denim-flocado-colorido\/\"><strong>Cl\u00e1ssico: Jeans flocado sem elasticidade<\/strong><\/a>\n<ul>\n<li>Um tecido de sarja n\u00e3o el\u00e1stico com base girat\u00f3ria siro supermacia suporta pilhas densas e coloridas, adequadas para jaquetas estruturadas e decora\u00e7\u00e3o de casa.<br \/>\n<img loading=\"lazy\" decoding=\"async\" class=\"aligncenter wp-image-4637\" src=\"https:\/\/lydenim.com\/wp-content\/uploads\/2025\/04\/IMG_6327.jpg\" alt=\"\" width=\"600\" height=\"600\" srcset=\"https:\/\/lydenim.com\/wp-content\/uploads\/2025\/04\/IMG_6327.jpg 2196w, https:\/\/lydenim.com\/wp-content\/uploads\/2025\/04\/IMG_6327-300x300.jpg 300w, https:\/\/lydenim.com\/wp-content\/uploads\/2025\/04\/IMG_6327-1024x1024.jpg 1024w, https:\/\/lydenim.com\/wp-content\/uploads\/2025\/04\/IMG_6327-150x150.jpg 150w, https:\/\/lydenim.com\/wp-content\/uploads\/2025\/04\/IMG_6327-768x768.jpg 768w, https:\/\/lydenim.com\/wp-content\/uploads\/2025\/04\/IMG_6327-1536x1536.jpg 1536w, https:\/\/lydenim.com\/wp-content\/uploads\/2025\/04\/IMG_6327-2048x2048.jpg 2048w, https:\/\/lydenim.com\/wp-content\/uploads\/2025\/04\/IMG_6327-12x12.jpg 12w, https:\/\/lydenim.com\/wp-content\/uploads\/2025\/04\/IMG_6327-600x600.jpg 600w\" sizes=\"auto, (max-width: 600px) 100vw, 600px\" \/><\/li>\n<\/ul>\n<\/li>\n<li><strong>Na moda: Jeans flocado com elastano<\/strong>\n<ul>\n<li>Misturado com elastano para elasticidade 30%. A variante com estampa de leopardo (HF80562) combina mobilidade com visuais ousados, o que a torna adequada para leggings ou jaquetas de motociclista.<\/li>\n<\/ul>\n<\/li>\n<li><a href=\"https:\/\/lydenim.com\/pt\/produto\/3642-jeans-slub-de-alta-elasticidade\/\"><strong>Personalizado: Denim flocado multiestilo<\/strong><\/a>\n<ul>\n<li>O processo de produ\u00e7\u00e3o inclui tingimento em gradiente e aplica\u00e7\u00e3o de motivos neon em tecidos el\u00e1sticos ou n\u00e3o el\u00e1sticos, o que atende aos requisitos de roupas de rua e de luxo.<\/li>\n<li>O processo de produ\u00e7\u00e3o permite que voc\u00ea personalize a elasticidade, juntamente com a cor do floco e o peso da base do denim para atingir os requisitos exatos da sua marca.<\/li>\n<\/ul>\n<\/li>\n<li>Alguns <strong>Denim flocado <\/strong>op\u00e7\u00f5es de padr\u00f5es\n<ul>\n<li>Tipo de barra vertical\n<p><div id=\"attachment_5888\" style=\"width: 610px\" class=\"wp-caption aligncenter\"><img loading=\"lazy\" decoding=\"async\" aria-describedby=\"caption-attachment-5888\" class=\"wp-image-5888\" src=\"https:\/\/lydenim.com\/wp-content\/uploads\/2025\/05\/IMG_7300-scaled.jpg\" alt=\"\" width=\"600\" height=\"199\" srcset=\"https:\/\/lydenim.com\/wp-content\/uploads\/2025\/05\/IMG_7300-scaled.jpg 2560w, https:\/\/lydenim.com\/wp-content\/uploads\/2025\/05\/IMG_7300-300x100.jpg 300w, https:\/\/lydenim.com\/wp-content\/uploads\/2025\/05\/IMG_7300-1024x340.jpg 1024w, https:\/\/lydenim.com\/wp-content\/uploads\/2025\/05\/IMG_7300-768x255.jpg 768w, https:\/\/lydenim.com\/wp-content\/uploads\/2025\/05\/IMG_7300-1536x510.jpg 1536w, https:\/\/lydenim.com\/wp-content\/uploads\/2025\/05\/IMG_7300-2048x681.jpg 2048w, https:\/\/lydenim.com\/wp-content\/uploads\/2025\/05\/IMG_7300-18x6.jpg 18w, https:\/\/lydenim.com\/wp-content\/uploads\/2025\/05\/IMG_7300-600x199.jpg 600w, https:\/\/lydenim.com\/wp-content\/uploads\/2025\/05\/IMG_7300-150x50.jpg 150w\" sizes=\"auto, (max-width: 600px) 100vw, 600px\" \/><p id=\"caption-attachment-5888\" class=\"wp-caption-text\">Tipo de barra vertical<\/p><\/div><\/li>\n<li>Tipo sarja\n<p><div id=\"attachment_5889\" style=\"width: 610px\" class=\"wp-caption aligncenter\"><img loading=\"lazy\" decoding=\"async\" aria-describedby=\"caption-attachment-5889\" class=\"wp-image-5889\" src=\"https:\/\/lydenim.com\/wp-content\/uploads\/2025\/05\/IMG_7301-scaled.jpg\" alt=\"\" width=\"600\" height=\"199\" srcset=\"https:\/\/lydenim.com\/wp-content\/uploads\/2025\/05\/IMG_7301-scaled.jpg 2560w, https:\/\/lydenim.com\/wp-content\/uploads\/2025\/05\/IMG_7301-300x100.jpg 300w, https:\/\/lydenim.com\/wp-content\/uploads\/2025\/05\/IMG_7301-1024x340.jpg 1024w, https:\/\/lydenim.com\/wp-content\/uploads\/2025\/05\/IMG_7301-768x255.jpg 768w, https:\/\/lydenim.com\/wp-content\/uploads\/2025\/05\/IMG_7301-1536x510.jpg 1536w, https:\/\/lydenim.com\/wp-content\/uploads\/2025\/05\/IMG_7301-2048x681.jpg 2048w, https:\/\/lydenim.com\/wp-content\/uploads\/2025\/05\/IMG_7301-18x6.jpg 18w, https:\/\/lydenim.com\/wp-content\/uploads\/2025\/05\/IMG_7301-600x199.jpg 600w, https:\/\/lydenim.com\/wp-content\/uploads\/2025\/05\/IMG_7301-150x50.jpg 150w\" sizes=\"auto, (max-width: 600px) 100vw, 600px\" \/><p id=\"caption-attachment-5889\" class=\"wp-caption-text\">Tipo sarja<\/p><\/div><\/li>\n<li>Tipo losango\n<p><div id=\"attachment_5887\" style=\"width: 610px\" class=\"wp-caption aligncenter\"><img loading=\"lazy\" decoding=\"async\" aria-describedby=\"caption-attachment-5887\" class=\"wp-image-5887\" src=\"https:\/\/lydenim.com\/wp-content\/uploads\/2025\/05\/IMG_7299-scaled.jpg\" alt=\"\" width=\"600\" height=\"199\" srcset=\"https:\/\/lydenim.com\/wp-content\/uploads\/2025\/05\/IMG_7299-scaled.jpg 2560w, https:\/\/lydenim.com\/wp-content\/uploads\/2025\/05\/IMG_7299-300x100.jpg 300w, https:\/\/lydenim.com\/wp-content\/uploads\/2025\/05\/IMG_7299-1024x340.jpg 1024w, https:\/\/lydenim.com\/wp-content\/uploads\/2025\/05\/IMG_7299-768x255.jpg 768w, https:\/\/lydenim.com\/wp-content\/uploads\/2025\/05\/IMG_7299-1536x510.jpg 1536w, https:\/\/lydenim.com\/wp-content\/uploads\/2025\/05\/IMG_7299-2048x681.jpg 2048w, https:\/\/lydenim.com\/wp-content\/uploads\/2025\/05\/IMG_7299-18x6.jpg 18w, https:\/\/lydenim.com\/wp-content\/uploads\/2025\/05\/IMG_7299-600x199.jpg 600w, https:\/\/lydenim.com\/wp-content\/uploads\/2025\/05\/IMG_7299-150x50.jpg 150w\" sizes=\"auto, (max-width: 600px) 100vw, 600px\" \/><p id=\"caption-attachment-5887\" class=\"wp-caption-text\">Tipo losango<\/p><\/div><\/li>\n<li>Outros tipos especiais e personaliz\u00e1veis\n<p><div id=\"attachment_5886\" style=\"width: 610px\" class=\"wp-caption aligncenter\"><img loading=\"lazy\" decoding=\"async\" aria-describedby=\"caption-attachment-5886\" class=\"size-full wp-image-5886\" src=\"https:\/\/lydenim.com\/wp-content\/uploads\/2025\/05\/b0bcb64b6ef9e901ee06e4d5ebeb96cb-e1752811228151.jpg\" alt=\"\" width=\"600\" height=\"983\" \/><p id=\"caption-attachment-5886\" class=\"wp-caption-text\">Outros tipos especiais e personaliz\u00e1veis<\/p><\/div><\/li>\n<\/ul>\n<\/li>\n<\/ol>\n<p>&nbsp;<\/p>\n<h3 class=\"\" data-start=\"3275\" data-end=\"3291\">Conclus\u00e3o<\/h3>\n<p data-start=\"108\" data-end=\"393\">O denim flocado traz uma nova dimens\u00e3o ao denim tradicional, combinando textura macia com um impacto visual ousado. Seja para criar streetwear de destaque, vestidos jeans elegantes ou detalhes chamativos em jeans e jaquetas, o denim flocado adiciona um acabamento luxuoso que diferencia sua cole\u00e7\u00e3o.<\/p>\n<p data-start=\"395\" data-end=\"637\">Na LY Denim, somos especializados em tecidos e pe\u00e7as denim flocados personaliz\u00e1veis, feitos sob medida para atender \u00e0s suas necessidades de design. De detalhes sutis a efeitos em toda a superf\u00edcie, nossa equipe de especialistas ajuda voc\u00ea a alcan\u00e7ar o equil\u00edbrio perfeito entre textura, cor e durabilidade.<\/p>\n<h3>Voc\u00ea est\u00e1 preparado para transformar seu design atrav\u00e9s do denim flocado?<\/h3>\n<p>Explore os efeitos de flocagem personaliz\u00e1veis da LY Denim por meio de sua sele\u00e7\u00e3o de produtos.<\/p>\n<ul>\n<li><strong>Solicite amostras gr\u00e1tis<\/strong>: Explore cores e texturas.<\/li>\n<li><strong>Contate-nos<\/strong>: E-mail\u00a0<a href=\"https:\/\/mailto:malone@lydenim.com\/pt\/\" target=\"_blank\" rel=\"noopener noreferrer\">malone@lydenim.com<\/a>\u00a0para solu\u00e7\u00f5es personalizadas.<\/li>\n<li><strong>Visita<\/strong>:\u00a0<a href=\"https:\/\/lydenim.com\/pt\/\" target=\"_blank\" rel=\"noopener noreferrer\">www.lydenim.com<\/a><\/li>\n<\/ul>","protected":false},"excerpt":{"rendered":"<p>Tempo estimado de leitura: ~3 minutos Introdu\u00e7\u00e3o A flocagem surgiu como uma t\u00e9cnica de destaque no acabamento do denim, transformando o tecido denim com<\/p>","protected":false},"author":1,"featured_media":4660,"comment_status":"open","ping_status":"open","sticky":false,"template":"","format":"standard","meta":{"two_page_speed":[],"footnotes":""},"categories":[67],"tags":[],"class_list":["post-4656","post","type-post","status-publish","format-standard","has-post-thumbnail","hentry","category-market"],"aioseo_notices":[],"_links":{"self":[{"href":"https:\/\/lydenim.com\/pt\/wp-json\/wp\/v2\/posts\/4656","targetHints":{"allow":["GET"]}}],"collection":[{"href":"https:\/\/lydenim.com\/pt\/wp-json\/wp\/v2\/posts"}],"about":[{"href":"https:\/\/lydenim.com\/pt\/wp-json\/wp\/v2\/types\/post"}],"author":[{"embeddable":true,"href":"https:\/\/lydenim.com\/pt\/wp-json\/wp\/v2\/users\/1"}],"replies":[{"embeddable":true,"href":"https:\/\/lydenim.com\/pt\/wp-json\/wp\/v2\/comments?post=4656"}],"version-history":[{"count":4,"href":"https:\/\/lydenim.com\/pt\/wp-json\/wp\/v2\/posts\/4656\/revisions"}],"predecessor-version":[{"id":6260,"href":"https:\/\/lydenim.com\/pt\/wp-json\/wp\/v2\/posts\/4656\/revisions\/6260"}],"wp:featuredmedia":[{"embeddable":true,"href":"https:\/\/lydenim.com\/pt\/wp-json\/wp\/v2\/media\/4660"}],"wp:attachment":[{"href":"https:\/\/lydenim.com\/pt\/wp-json\/wp\/v2\/media?parent=4656"}],"wp:term":[{"taxonomy":"category","embeddable":true,"href":"https:\/\/lydenim.com\/pt\/wp-json\/wp\/v2\/categories?post=4656"},{"taxonomy":"post_tag","embeddable":true,"href":"https:\/\/lydenim.com\/pt\/wp-json\/wp\/v2\/tags?post=4656"}],"curies":[{"name":"wp","href":"https:\/\/api.w.org\/{rel}","templated":true}]}}