{"id":4819,"date":"2025-04-25T10:30:51","date_gmt":"2025-04-25T02:30:51","guid":{"rendered":"https:\/\/lydenim.com\/?p=4819"},"modified":"2025-08-24T12:46:14","modified_gmt":"2025-08-24T04:46:14","slug":"soft-denim-vs-stiff-denim","status":"publish","type":"post","link":"https:\/\/lydenim.com\/pt\/jeans-macio-vs-jeans-rigido\/","title":{"rendered":"Jeans macio vs. r\u00edgido: qual \u00e9 o ideal para voc\u00ea?"},"content":{"rendered":"<h3 data-pm-slice=\"1 1 []\">Tempo estimado de leitura: ~5 minutos<\/h3>\n<h3 style=\"text-align: left;\" data-pm-slice=\"1 1 []\">Introdu\u00e7\u00e3o<\/h3>\n<p dir=\"ltr\">A escolha do tecido jeans para jeans ou projetos t\u00eaxteis determina tanto os n\u00edveis de conforto e durabilidade quanto fatores de estilo. Este guia analisa diferentes tipos de tecidos jeans, suas caracter\u00edsticas espec\u00edficas e como eles atendem \u00e0s diferentes necessidades dos usu\u00e1rios.<\/p>\n<h3 dir=\"ltr\">100% Algod\u00e3o Denim<\/h3>\n<p dir=\"ltr\">O tecido jeans de algod\u00e3o 100% mant\u00e9m sua rigidez gra\u00e7as \u00e0 sua estrutura densa, sem elementos el\u00e1sticos. O tecido proporciona excelente reten\u00e7\u00e3o de forma, mantendo sua estrutura intacta e prevenindo problemas de encolhimento, o que o torna adequado para jeans e jaquetas. O tecido mant\u00e9m a respirabilidade e oferece conforto em contato com a pele.<br \/>\n<strong>Desvantagem:<\/strong>A natureza r\u00edgida deste material cria restri\u00e7\u00f5es durante os movimentos do corpo, incluindo sentar ou agachar.<br \/>\n<img loading=\"lazy\" decoding=\"async\" class=\"aligncenter wp-image-4829\" src=\"https:\/\/lydenim.com\/wp-content\/uploads\/2025\/04\/100-Cotton-Denim.jpg\" alt=\"\" width=\"600\" height=\"703\" srcset=\"https:\/\/lydenim.com\/wp-content\/uploads\/2025\/04\/100-Cotton-Denim.jpg 1242w, https:\/\/lydenim.com\/wp-content\/uploads\/2025\/04\/100-Cotton-Denim-256x300.jpg 256w, https:\/\/lydenim.com\/wp-content\/uploads\/2025\/04\/100-Cotton-Denim-873x1024.jpg 873w, https:\/\/lydenim.com\/wp-content\/uploads\/2025\/04\/100-Cotton-Denim-768x900.jpg 768w, https:\/\/lydenim.com\/wp-content\/uploads\/2025\/04\/100-Cotton-Denim-10x12.jpg 10w, https:\/\/lydenim.com\/wp-content\/uploads\/2025\/04\/100-Cotton-Denim-600x703.jpg 600w, https:\/\/lydenim.com\/wp-content\/uploads\/2025\/04\/100-Cotton-Denim-150x176.jpg 150w\" sizes=\"auto, (max-width: 600px) 100vw, 600px\" \/><\/p>\n<h3 dir=\"ltr\">Denim de algod\u00e3o e elastano<\/h3>\n<p dir=\"ltr\">A combina\u00e7\u00e3o de algod\u00e3o com elastano resulta em um jeans que proporciona flexibilidade e maciez. O jeans el\u00e1stico se ajusta ao formato do seu corpo na cintura, quadris e coxas para proporcionar maior conforto.<br \/>\n<strong>Dica<\/strong>: Escolha tecidos jeans de algod\u00e3o e elastano com teor de elastano limitado a 3% para obter maior durabilidade contra enrugamento.<img loading=\"lazy\" decoding=\"async\" class=\"aligncenter wp-image-4821\" src=\"https:\/\/lydenim.com\/wp-content\/uploads\/2025\/04\/Cotton-Spandex-Denim.jpg\" alt=\"\" width=\"600\" height=\"700\" srcset=\"https:\/\/lydenim.com\/wp-content\/uploads\/2025\/04\/Cotton-Spandex-Denim.jpg 1242w, https:\/\/lydenim.com\/wp-content\/uploads\/2025\/04\/Cotton-Spandex-Denim-257x300.jpg 257w, https:\/\/lydenim.com\/wp-content\/uploads\/2025\/04\/Cotton-Spandex-Denim-877x1024.jpg 877w, https:\/\/lydenim.com\/wp-content\/uploads\/2025\/04\/Cotton-Spandex-Denim-768x897.jpg 768w, https:\/\/lydenim.com\/wp-content\/uploads\/2025\/04\/Cotton-Spandex-Denim-10x12.jpg 10w, https:\/\/lydenim.com\/wp-content\/uploads\/2025\/04\/Cotton-Spandex-Denim-600x700.jpg 600w, https:\/\/lydenim.com\/wp-content\/uploads\/2025\/04\/Cotton-Spandex-Denim-150x175.jpg 150w\" sizes=\"auto, (max-width: 600px) 100vw, 600px\" \/><\/p>\n<h3 dir=\"ltr\">Jeans de algod\u00e3o e poli\u00e9ster (poli\u00e9ster 25%, elastano 5%)<\/h3>\n<p dir=\"ltr\">O jeans de algod\u00e3o e poli\u00e9ster representa uma mistura de tecidos que proporciona elasticidade e durabilidade. Este tipo de tecido cont\u00e9m poli\u00e9ster 25% com elastano 5%, que oferece melhor resist\u00eancia \u00e0 forma\u00e7\u00e3o de bolhas do que o algod\u00e3o puro e mant\u00e9m a flexibilidade intacta.<br \/>\n<strong>Troca<\/strong>: O tecido apresenta respirabilidade e maciez reduzidas quando comparado ao jeans de algod\u00e3o 100%. <img loading=\"lazy\" decoding=\"async\" class=\"aligncenter wp-image-4822\" src=\"https:\/\/lydenim.com\/wp-content\/uploads\/2025\/04\/Cotton-Polyester-25-Polyester-5-Spandex.jpg\" alt=\"\" width=\"600\" height=\"695\" srcset=\"https:\/\/lydenim.com\/wp-content\/uploads\/2025\/04\/Cotton-Polyester-25-Polyester-5-Spandex.jpg 1242w, https:\/\/lydenim.com\/wp-content\/uploads\/2025\/04\/Cotton-Polyester-25-Polyester-5-Spandex-259x300.jpg 259w, https:\/\/lydenim.com\/wp-content\/uploads\/2025\/04\/Cotton-Polyester-25-Polyester-5-Spandex-884x1024.jpg 884w, https:\/\/lydenim.com\/wp-content\/uploads\/2025\/04\/Cotton-Polyester-25-Polyester-5-Spandex-768x890.jpg 768w, https:\/\/lydenim.com\/wp-content\/uploads\/2025\/04\/Cotton-Polyester-25-Polyester-5-Spandex-10x12.jpg 10w, https:\/\/lydenim.com\/wp-content\/uploads\/2025\/04\/Cotton-Polyester-25-Polyester-5-Spandex-600x695.jpg 600w, https:\/\/lydenim.com\/wp-content\/uploads\/2025\/04\/Cotton-Polyester-25-Polyester-5-Spandex-150x174.jpg 150w\" sizes=\"auto, (max-width: 600px) 100vw, 600px\" \/><\/p>\n<h3 dir=\"ltr\">Jeans de n\u00facleo duplo (menos de 10% poli\u00e9ster, 5% elastano)<\/h3>\n<p dir=\"ltr\">O jeans de alma dupla se destaca entre os tecidos contempor\u00e2neos por incorporar menos de 10% de poli\u00e9ster e cerca de 5% de elastano no fio de algod\u00e3o. O tecido proporciona excelente conforto \u00e0 pele, prolongando sua vida \u00fatil e prevenindo o enrugamento por meio da combina\u00e7\u00e3o das propriedades do algod\u00e3o com elasticidade e durabilidade.<br \/>\n<img loading=\"lazy\" decoding=\"async\" class=\"aligncenter wp-image-4824\" src=\"https:\/\/lydenim.com\/wp-content\/uploads\/2025\/04\/Double-Core-Denim-Less-than-10-Polyester-5-Spandex.jpg\" alt=\"\" width=\"600\" height=\"700\" srcset=\"https:\/\/lydenim.com\/wp-content\/uploads\/2025\/04\/Double-Core-Denim-Less-than-10-Polyester-5-Spandex.jpg 1242w, https:\/\/lydenim.com\/wp-content\/uploads\/2025\/04\/Double-Core-Denim-Less-than-10-Polyester-5-Spandex-257x300.jpg 257w, https:\/\/lydenim.com\/wp-content\/uploads\/2025\/04\/Double-Core-Denim-Less-than-10-Polyester-5-Spandex-878x1024.jpg 878w, https:\/\/lydenim.com\/wp-content\/uploads\/2025\/04\/Double-Core-Denim-Less-than-10-Polyester-5-Spandex-768x896.jpg 768w, https:\/\/lydenim.com\/wp-content\/uploads\/2025\/04\/Double-Core-Denim-Less-than-10-Polyester-5-Spandex-10x12.jpg 10w, https:\/\/lydenim.com\/wp-content\/uploads\/2025\/04\/Double-Core-Denim-Less-than-10-Polyester-5-Spandex-600x700.jpg 600w, https:\/\/lydenim.com\/wp-content\/uploads\/2025\/04\/Double-Core-Denim-Less-than-10-Polyester-5-Spandex-150x175.jpg 150w\" sizes=\"auto, (max-width: 600px) 100vw, 600px\" \/><\/p>\n<h3 dir=\"ltr\">Tencel ou Modal Denim<\/h3>\n<p dir=\"ltr\">A luxuosa combina\u00e7\u00e3o de tecidos Tencel e Modal proporciona maciez excepcional ao toque. Esses tecidos produzem texturas suaves e drapeadas com efeitos refrescantes naturais, sem reter a estrutura do algod\u00e3o. Combinam melhor com jeans casuais de pernas largas e vestidos fluidos.<br \/>\n<img loading=\"lazy\" decoding=\"async\" class=\"aligncenter wp-image-4827\" src=\"https:\/\/lydenim.com\/wp-content\/uploads\/2025\/04\/Tencel-or-Modal-Denim.jpg\" alt=\"\" width=\"600\" height=\"686\" srcset=\"https:\/\/lydenim.com\/wp-content\/uploads\/2025\/04\/Tencel-or-Modal-Denim.jpg 1242w, https:\/\/lydenim.com\/wp-content\/uploads\/2025\/04\/Tencel-or-Modal-Denim-262x300.jpg 262w, https:\/\/lydenim.com\/wp-content\/uploads\/2025\/04\/Tencel-or-Modal-Denim-896x1024.jpg 896w, https:\/\/lydenim.com\/wp-content\/uploads\/2025\/04\/Tencel-or-Modal-Denim-768x878.jpg 768w, https:\/\/lydenim.com\/wp-content\/uploads\/2025\/04\/Tencel-or-Modal-Denim-10x12.jpg 10w, https:\/\/lydenim.com\/wp-content\/uploads\/2025\/04\/Tencel-or-Modal-Denim-600x686.jpg 600w, https:\/\/lydenim.com\/wp-content\/uploads\/2025\/04\/Tencel-or-Modal-Denim-150x171.jpg 150w\" sizes=\"auto, (max-width: 600px) 100vw, 600px\" \/><\/p>\n<h3 dir=\"ltr\">Denim de acetato, seda ou l\u00e3<\/h3>\n<p dir=\"ltr\">O tecido jeans, feito de acetato e misturas de seda e l\u00e3, oferece maciez e brilho superiores, al\u00e9m de resist\u00eancia a vincos e conforto superior. Os materiais premium dessas op\u00e7\u00f5es de alta qualidade transformam o tecido jeans em pe\u00e7as sofisticadas, adequadas para cria\u00e7\u00f5es personalizadas.<br \/>\n<img loading=\"lazy\" decoding=\"async\" class=\"aligncenter wp-image-4820\" src=\"https:\/\/lydenim.com\/wp-content\/uploads\/2025\/04\/Acetate-Silk-or-Wool-Denim.jpg\" alt=\"\" width=\"600\" height=\"700\" srcset=\"https:\/\/lydenim.com\/wp-content\/uploads\/2025\/04\/Acetate-Silk-or-Wool-Denim.jpg 1242w, https:\/\/lydenim.com\/wp-content\/uploads\/2025\/04\/Acetate-Silk-or-Wool-Denim-257x300.jpg 257w, https:\/\/lydenim.com\/wp-content\/uploads\/2025\/04\/Acetate-Silk-or-Wool-Denim-878x1024.jpg 878w, https:\/\/lydenim.com\/wp-content\/uploads\/2025\/04\/Acetate-Silk-or-Wool-Denim-768x896.jpg 768w, https:\/\/lydenim.com\/wp-content\/uploads\/2025\/04\/Acetate-Silk-or-Wool-Denim-10x12.jpg 10w, https:\/\/lydenim.com\/wp-content\/uploads\/2025\/04\/Acetate-Silk-or-Wool-Denim-600x700.jpg 600w, https:\/\/lydenim.com\/wp-content\/uploads\/2025\/04\/Acetate-Silk-or-Wool-Denim-150x175.jpg 150w\" sizes=\"auto, (max-width: 600px) 100vw, 600px\" \/><\/p>\n<h3 dir=\"ltr\">Malha Denim<\/h3>\n<p dir=\"ltr\">O n\u00edvel de conforto do tecido jeans de malha supera todas as outras op\u00e7\u00f5es. O tecido jeans de malha oferece maciez excepcional, mas perde estrutura em compara\u00e7\u00e3o com o jeans tecido, portanto, cortes apertados devem ser evitados para evitar danos.<br \/>\n<img loading=\"lazy\" decoding=\"async\" class=\"aligncenter wp-image-4826\" src=\"https:\/\/lydenim.com\/wp-content\/uploads\/2025\/04\/Knit-Denim.jpg\" alt=\"\" width=\"600\" height=\"697\" srcset=\"https:\/\/lydenim.com\/wp-content\/uploads\/2025\/04\/Knit-Denim.jpg 1242w, https:\/\/lydenim.com\/wp-content\/uploads\/2025\/04\/Knit-Denim-258x300.jpg 258w, https:\/\/lydenim.com\/wp-content\/uploads\/2025\/04\/Knit-Denim-881x1024.jpg 881w, https:\/\/lydenim.com\/wp-content\/uploads\/2025\/04\/Knit-Denim-768x892.jpg 768w, https:\/\/lydenim.com\/wp-content\/uploads\/2025\/04\/Knit-Denim-10x12.jpg 10w, https:\/\/lydenim.com\/wp-content\/uploads\/2025\/04\/Knit-Denim-600x697.jpg 600w, https:\/\/lydenim.com\/wp-content\/uploads\/2025\/04\/Knit-Denim-150x174.jpg 150w\" sizes=\"auto, (max-width: 600px) 100vw, 600px\" \/><\/p>\n<h3 dir=\"ltr\">Alto teor sint\u00e9tico (acima de 50%)<\/h3>\n<p dir=\"ltr\">O uso de materiais jeans com mais de 50% de componentes sint\u00e9ticos n\u00e3o \u00e9 aconselh\u00e1vel. Cal\u00e7as jeans de qualidade sofrem com redu\u00e7\u00e3o de conforto e respirabilidade ao usar fibras qu\u00edmicas na camada de trama que fica em contato com a pele.<br \/>\n<img loading=\"lazy\" decoding=\"async\" class=\"aligncenter wp-image-4825\" src=\"https:\/\/lydenim.com\/wp-content\/uploads\/2025\/04\/High-Synthetic-x-Content-Over-50.jpg\" alt=\"\" width=\"600\" height=\"698\" srcset=\"https:\/\/lydenim.com\/wp-content\/uploads\/2025\/04\/High-Synthetic-x-Content-Over-50.jpg 1242w, https:\/\/lydenim.com\/wp-content\/uploads\/2025\/04\/High-Synthetic-x-Content-Over-50-258x300.jpg 258w, https:\/\/lydenim.com\/wp-content\/uploads\/2025\/04\/High-Synthetic-x-Content-Over-50-881x1024.jpg 881w, https:\/\/lydenim.com\/wp-content\/uploads\/2025\/04\/High-Synthetic-x-Content-Over-50-768x893.jpg 768w, https:\/\/lydenim.com\/wp-content\/uploads\/2025\/04\/High-Synthetic-x-Content-Over-50-10x12.jpg 10w, https:\/\/lydenim.com\/wp-content\/uploads\/2025\/04\/High-Synthetic-x-Content-Over-50-600x698.jpg 600w, https:\/\/lydenim.com\/wp-content\/uploads\/2025\/04\/High-Synthetic-x-Content-Over-50-150x174.jpg 150w\" sizes=\"auto, (max-width: 600px) 100vw, 600px\" \/><\/p>\n<h2 dir=\"ltr\">Conclus\u00e3o<\/h2>\n<p dir=\"ltr\">A escolha do tecido jeans ideal depende das suas necessidades, j\u00e1 que voc\u00ea pode priorizar durabilidade, conforto ou apelo est\u00e9tico. Escolha entre os tipos de tecido jeans dispon\u00edveis para escolher o tecido perfeito para as suas necessidades.<br \/>\n<img loading=\"lazy\" decoding=\"async\" class=\"aligncenter wp-image-4828\" src=\"https:\/\/lydenim.com\/wp-content\/uploads\/2025\/04\/Denim-Fabric-Guide.jpeg\" alt=\"\" width=\"600\" height=\"637\" srcset=\"https:\/\/lydenim.com\/wp-content\/uploads\/2025\/04\/Denim-Fabric-Guide.jpeg 1342w, https:\/\/lydenim.com\/wp-content\/uploads\/2025\/04\/Denim-Fabric-Guide-283x300.jpeg 283w, https:\/\/lydenim.com\/wp-content\/uploads\/2025\/04\/Denim-Fabric-Guide-965x1024.jpeg 965w, https:\/\/lydenim.com\/wp-content\/uploads\/2025\/04\/Denim-Fabric-Guide-768x815.jpeg 768w, https:\/\/lydenim.com\/wp-content\/uploads\/2025\/04\/Denim-Fabric-Guide-11x12.jpeg 11w, https:\/\/lydenim.com\/wp-content\/uploads\/2025\/04\/Denim-Fabric-Guide-600x637.jpeg 600w, https:\/\/lydenim.com\/wp-content\/uploads\/2025\/04\/Denim-Fabric-Guide-150x159.jpeg 150w\" sizes=\"auto, (max-width: 600px) 100vw, 600px\" \/><\/p>\n<h3 dir=\"auto\">Servi\u00e7os de personaliza\u00e7\u00e3o da LYDENIM<\/h3>\n<p dir=\"auto\">\ud83c\udfa8 Quero <strong>tecidos jeans personalizados<\/strong> ou\u00a0 <strong>exclusivo<\/strong> <strong>pe\u00e7a jeans personalizada<\/strong>? A LYDENIM \u00e9 especializada em solu\u00e7\u00f5es personalizadas para atender \u00e0s suas necessidades de design e produ\u00e7\u00e3o.<\/p>\n<p dir=\"auto\">\ud83d\udecd\ufe0f <strong>Explore e inspire-se<\/strong>: Navegue por nossas sele\u00e7\u00f5es de tecidos e descubra ideias de design em <a href=\"https:\/\/lydenim.com\/pt\/\" target=\"_blank\" rel=\"noopener noreferrer nofollow\">LYDenim<\/a>.<\/p>\n<p dir=\"auto\">\ud83c\udf10 <strong>Roupas el\u00e1sticas<\/strong>: Confira nossas ofertas em <a href=\"http:\/\/liangyuantextile.m.en.alibaba.com\" target=\"_blank\" rel=\"noopener noreferrer nofollow\">MeuAlibaba<\/a>. \ud83d\udce9 <strong>Contate-nos<\/strong>: Entre em contato em <a href=\"mailto:malone@lydenim.com\" target=\"_blank\" rel=\"noopener noreferrer nofollow\">malone@lydenim.com<\/a>.<\/p>\n<p dir=\"auto\">Crie sua obra-prima de jeans com LYDENIM - seu parceiro de confian\u00e7a para <strong>tecido el\u00e1stico<\/strong> e <strong>solu\u00e7\u00f5es personalizadas de jeans<\/strong>.<\/p>","protected":false},"excerpt":{"rendered":"<p>Tempo estimado de leitura: ~5 minutos Introdu\u00e7\u00e3o A escolha do tecido denim para jeans ou projetos de tecido determina os n\u00edveis de conforto<\/p>","protected":false},"author":1,"featured_media":4823,"comment_status":"open","ping_status":"open","sticky":false,"template":"","format":"standard","meta":{"two_page_speed":[],"footnotes":""},"categories":[66],"tags":[],"class_list":["post-4819","post","type-post","status-publish","format-standard","has-post-thumbnail","hentry","category-denim-knowledge"],"aioseo_notices":[],"_links":{"self":[{"href":"https:\/\/lydenim.com\/pt\/wp-json\/wp\/v2\/posts\/4819","targetHints":{"allow":["GET"]}}],"collection":[{"href":"https:\/\/lydenim.com\/pt\/wp-json\/wp\/v2\/posts"}],"about":[{"href":"https:\/\/lydenim.com\/pt\/wp-json\/wp\/v2\/types\/post"}],"author":[{"embeddable":true,"href":"https:\/\/lydenim.com\/pt\/wp-json\/wp\/v2\/users\/1"}],"replies":[{"embeddable":true,"href":"https:\/\/lydenim.com\/pt\/wp-json\/wp\/v2\/comments?post=4819"}],"version-history":[{"count":5,"href":"https:\/\/lydenim.com\/pt\/wp-json\/wp\/v2\/posts\/4819\/revisions"}],"predecessor-version":[{"id":6276,"href":"https:\/\/lydenim.com\/pt\/wp-json\/wp\/v2\/posts\/4819\/revisions\/6276"}],"wp:featuredmedia":[{"embeddable":true,"href":"https:\/\/lydenim.com\/pt\/wp-json\/wp\/v2\/media\/4823"}],"wp:attachment":[{"href":"https:\/\/lydenim.com\/pt\/wp-json\/wp\/v2\/media?parent=4819"}],"wp:term":[{"taxonomy":"category","embeddable":true,"href":"https:\/\/lydenim.com\/pt\/wp-json\/wp\/v2\/categories?post=4819"},{"taxonomy":"post_tag","embeddable":true,"href":"https:\/\/lydenim.com\/pt\/wp-json\/wp\/v2\/tags?post=4819"}],"curies":[{"name":"wp","href":"https:\/\/api.w.org\/{rel}","templated":true}]}}