{"id":4833,"date":"2025-04-24T11:55:44","date_gmt":"2025-04-24T03:55:44","guid":{"rendered":"https:\/\/lydenim.com\/?p=4833"},"modified":"2025-08-24T12:43:02","modified_gmt":"2025-08-24T04:43:02","slug":"denim-fabric-trends","status":"publish","type":"post","link":"https:\/\/lydenim.com\/pt\/tendencias-em-tecidos-jeans\/","title":{"rendered":"Tend\u00eancias em Tecidos Jeans"},"content":{"rendered":"<h3 data-pm-slice=\"1 1 []\">Tempo estimado de leitura: ~3 minutos<\/h3>\n<h3 style=\"text-align: left;\" data-pm-slice=\"1 1 []\">Introdu\u00e7\u00e3o<\/h3>\n<p dir=\"ltr\">O tecido jeans continua sendo uma escolha atemporal na moda. De texturas ousadas a acabamentos futuristas, essas t\u00e9cnicas de tecido jeans \u2014 baseadas em insights do setor \u2014 oferecem inspira\u00e7\u00e3o renovada aos designers. <a href=\"https:\/\/lydenim.com\/pt\/\">Lydenim.com.<\/a><\/p>\n<h3 dir=\"ltr\">1. <a href=\"https:\/\/www.google.com\/search?q=Three-Dimensional+Texture&amp;oq=Three-Dimensional+Texture&amp;aqs=chrome..69i57j46i3i143i308i362j0i3i66i143i308i362j46i3i143i308i362j0i3i66i143i308i362l3j69i59i450l2.296j0j15&amp;sourceid=chrome&amp;ie=UTF-8\">Textura tridimensional<\/a><\/h3>\n<p dir=\"ltr\">Adicione profundidade com dobras c\u00f4ncavas e convexas, criando uma textura de jeans t\u00e1til. Perfeita para vestidos, ternos e cal\u00e7as, essa tend\u00eancia combina um toque vanguardista com silhuetas cl\u00e1ssicas. Nosso jeans com elastano real\u00e7a esse efeito, oferecendo flexibilidade para designs deslumbrantes.<img loading=\"lazy\" decoding=\"async\" class=\"aligncenter wp-image-4840\" src=\"https:\/\/lydenim.com\/wp-content\/uploads\/2025\/04\/Three-Dimensional-Texture.jpg\" alt=\"\" width=\"600\" height=\"800\" srcset=\"https:\/\/lydenim.com\/wp-content\/uploads\/2025\/04\/Three-Dimensional-Texture.jpg 900w, https:\/\/lydenim.com\/wp-content\/uploads\/2025\/04\/Three-Dimensional-Texture-225x300.jpg 225w, https:\/\/lydenim.com\/wp-content\/uploads\/2025\/04\/Three-Dimensional-Texture-768x1024.jpg 768w, https:\/\/lydenim.com\/wp-content\/uploads\/2025\/04\/Three-Dimensional-Texture-9x12.jpg 9w, https:\/\/lydenim.com\/wp-content\/uploads\/2025\/04\/Three-Dimensional-Texture-600x800.jpg 600w, https:\/\/lydenim.com\/wp-content\/uploads\/2025\/04\/Three-Dimensional-Texture-150x200.jpg 150w\" sizes=\"auto, (max-width: 600px) 100vw, 600px\" \/><\/p>\n<h3 dir=\"ltr\">2. Angustiado e Desgastado<\/h3>\n<p dir=\"ltr\">Consiga um visual vintage e desgastado com jeans desgastado. Ideal para jaquetas, cal\u00e7as e conjuntos, essa t\u00e9cnica combina com diversas lavagens para evocar uma vibe punk-futurista. O jeans dur\u00e1vel da Lydenim.com garante qualidade duradoura.<img loading=\"lazy\" decoding=\"async\" class=\"aligncenter wp-image-4835\" src=\"https:\/\/lydenim.com\/wp-content\/uploads\/2025\/04\/Distressed-and-Frayed.jpg\" alt=\"\" width=\"600\" height=\"800\" srcset=\"https:\/\/lydenim.com\/wp-content\/uploads\/2025\/04\/Distressed-and-Frayed.jpg 900w, https:\/\/lydenim.com\/wp-content\/uploads\/2025\/04\/Distressed-and-Frayed-225x300.jpg 225w, https:\/\/lydenim.com\/wp-content\/uploads\/2025\/04\/Distressed-and-Frayed-768x1024.jpg 768w, https:\/\/lydenim.com\/wp-content\/uploads\/2025\/04\/Distressed-and-Frayed-9x12.jpg 9w, https:\/\/lydenim.com\/wp-content\/uploads\/2025\/04\/Distressed-and-Frayed-600x800.jpg 600w, https:\/\/lydenim.com\/wp-content\/uploads\/2025\/04\/Distressed-and-Frayed-150x200.jpg 150w\" sizes=\"auto, (max-width: 600px) 100vw, 600px\" \/><\/p>\n<h3 dir=\"ltr\">3. Tie-Dye Gradiente<\/h3>\n<p dir=\"ltr\">Feito de algod\u00e3o natural, este tecido jeans tie-dye com efeito desbotado confere um toque art\u00edstico a cal\u00e7as, jaquetas e camisas. Adequado para estilos urbanos e vanguardistas, nosso tecido jeans proporciona resultados vibrantes e duradouros.<img loading=\"lazy\" decoding=\"async\" class=\"aligncenter wp-image-4838\" src=\"https:\/\/lydenim.com\/wp-content\/uploads\/2025\/04\/Gradient-Tie-Dye.jpg\" alt=\"\" width=\"600\" height=\"800\" srcset=\"https:\/\/lydenim.com\/wp-content\/uploads\/2025\/04\/Gradient-Tie-Dye.jpg 900w, https:\/\/lydenim.com\/wp-content\/uploads\/2025\/04\/Gradient-Tie-Dye-225x300.jpg 225w, https:\/\/lydenim.com\/wp-content\/uploads\/2025\/04\/Gradient-Tie-Dye-768x1024.jpg 768w, https:\/\/lydenim.com\/wp-content\/uploads\/2025\/04\/Gradient-Tie-Dye-9x12.jpg 9w, https:\/\/lydenim.com\/wp-content\/uploads\/2025\/04\/Gradient-Tie-Dye-600x800.jpg 600w, https:\/\/lydenim.com\/wp-content\/uploads\/2025\/04\/Gradient-Tie-Dye-150x200.jpg 150w\" sizes=\"auto, (max-width: 600px) 100vw, 600px\" \/><\/p>\n<h3 dir=\"ltr\">4. Revestimento Met\u00e1lico<\/h3>\n<p dir=\"ltr\">Adote uma est\u00e9tica futurista com o tecido jeans met\u00e1lico. Este acabamento de inspira\u00e7\u00e3o tecnol\u00f3gica brilha em saias e jaquetas, perfeito para designs digitais. Explore nossos tecidos jeans revestidos para looks ousados.<img loading=\"lazy\" decoding=\"async\" class=\"aligncenter wp-image-4839\" src=\"https:\/\/lydenim.com\/wp-content\/uploads\/2025\/04\/Metallic-Coating.jpg\" alt=\"\" width=\"600\" height=\"800\" srcset=\"https:\/\/lydenim.com\/wp-content\/uploads\/2025\/04\/Metallic-Coating.jpg 900w, https:\/\/lydenim.com\/wp-content\/uploads\/2025\/04\/Metallic-Coating-225x300.jpg 225w, https:\/\/lydenim.com\/wp-content\/uploads\/2025\/04\/Metallic-Coating-768x1024.jpg 768w, https:\/\/lydenim.com\/wp-content\/uploads\/2025\/04\/Metallic-Coating-9x12.jpg 9w, https:\/\/lydenim.com\/wp-content\/uploads\/2025\/04\/Metallic-Coating-600x800.jpg 600w, https:\/\/lydenim.com\/wp-content\/uploads\/2025\/04\/Metallic-Coating-150x200.jpg 150w\" sizes=\"auto, (max-width: 600px) 100vw, 600px\" \/><\/p>\n<h3 dir=\"ltr\">5. <a href=\"https:\/\/lydenim.com\/pt\/?s=Jacquard&amp;post_type=product\">Jacquard<\/a> Tecer<\/h3>\n<p dir=\"ltr\">Padr\u00f5es complexos definem o tecido jeans jacquard, ideal para saias, cal\u00e7as e jaquetas inspiradas na Chanel.<img loading=\"lazy\" decoding=\"async\" class=\"aligncenter wp-image-4834\" src=\"https:\/\/lydenim.com\/wp-content\/uploads\/2025\/04\/Jacquard-Weave.jpg\" alt=\"\" width=\"600\" height=\"800\" srcset=\"https:\/\/lydenim.com\/wp-content\/uploads\/2025\/04\/Jacquard-Weave.jpg 900w, https:\/\/lydenim.com\/wp-content\/uploads\/2025\/04\/Jacquard-Weave-225x300.jpg 225w, https:\/\/lydenim.com\/wp-content\/uploads\/2025\/04\/Jacquard-Weave-768x1024.jpg 768w, https:\/\/lydenim.com\/wp-content\/uploads\/2025\/04\/Jacquard-Weave-9x12.jpg 9w, https:\/\/lydenim.com\/wp-content\/uploads\/2025\/04\/Jacquard-Weave-600x800.jpg 600w, https:\/\/lydenim.com\/wp-content\/uploads\/2025\/04\/Jacquard-Weave-150x200.jpg 150w\" sizes=\"auto, (max-width: 600px) 100vw, 600px\" \/><\/p>\n<h3 dir=\"ltr\">6. Aparar franjas<\/h3>\n<p dir=\"ltr\">Adicione detalhes l\u00fadicos com o tecido jeans com franjas. Este acabamento desgastado e franjado combina com cal\u00e7as e jaquetas, valorizando estilos urbanos e desconstru\u00eddos. Personalize com nossas op\u00e7\u00f5es sob medida.<img loading=\"lazy\" decoding=\"async\" class=\"aligncenter wp-image-4837\" src=\"https:\/\/lydenim.com\/wp-content\/uploads\/2025\/04\/Fringe-Trimming.jpg\" alt=\"\" width=\"600\" height=\"800\" srcset=\"https:\/\/lydenim.com\/wp-content\/uploads\/2025\/04\/Fringe-Trimming.jpg 900w, https:\/\/lydenim.com\/wp-content\/uploads\/2025\/04\/Fringe-Trimming-225x300.jpg 225w, https:\/\/lydenim.com\/wp-content\/uploads\/2025\/04\/Fringe-Trimming-768x1024.jpg 768w, https:\/\/lydenim.com\/wp-content\/uploads\/2025\/04\/Fringe-Trimming-9x12.jpg 9w, https:\/\/lydenim.com\/wp-content\/uploads\/2025\/04\/Fringe-Trimming-600x800.jpg 600w, https:\/\/lydenim.com\/wp-content\/uploads\/2025\/04\/Fringe-Trimming-150x200.jpg 150w\" sizes=\"auto, (max-width: 600px) 100vw, 600px\" \/><\/p>\n<h3 dir=\"auto\">Servi\u00e7os de personaliza\u00e7\u00e3o da LYDENIM<\/h3>\n<p dir=\"auto\">\ud83c\udfa8 Quero <strong>tecidos jeans personalizados<\/strong> ou\u00a0 <strong>exclusivo<\/strong> <strong>pe\u00e7a jeans personalizada<\/strong>? A LYDENIM \u00e9 especializada em solu\u00e7\u00f5es personalizadas para atender \u00e0s suas necessidades de design e produ\u00e7\u00e3o.<\/p>\n<p dir=\"auto\">\ud83d\udecd\ufe0f <strong>Explore e inspire-se<\/strong>: Navegue por nossas sele\u00e7\u00f5es de tecidos e descubra ideias de design em <a href=\"https:\/\/lydenim.com\/pt\/\" target=\"_blank\" rel=\"noopener noreferrer nofollow\">LYDenim<\/a>.<\/p>\n<p dir=\"auto\">\ud83c\udf10 <strong>Roupas el\u00e1sticas<\/strong>: Confira nossas ofertas em <a href=\"http:\/\/liangyuantextile.m.en.alibaba.com\" target=\"_blank\" rel=\"noopener noreferrer nofollow\">MeuAlibaba<\/a>. \ud83d\udce9 <strong>Contate-nos<\/strong>: Entre em contato em <a href=\"mailto:malone@lydenim.com\" target=\"_blank\" rel=\"noopener noreferrer nofollow\">malone@lydenim.com<\/a>.<\/p>\n<p dir=\"auto\">Crie sua obra-prima de jeans com LYDENIM - seu parceiro de confian\u00e7a para <strong>tecido el\u00e1stico<\/strong> e <strong>solu\u00e7\u00f5es personalizadas de jeans<\/strong>.<\/p>\n<p dir=\"ltr\">\n<img loading=\"lazy\" decoding=\"async\" class=\"aligncenter wp-image-4844\" src=\"https:\/\/lydenim.com\/wp-content\/uploads\/2025\/04\/IMG_5001.jpg\" alt=\"\" width=\"600\" height=\"800\" srcset=\"https:\/\/lydenim.com\/wp-content\/uploads\/2025\/04\/IMG_5001.jpg 900w, https:\/\/lydenim.com\/wp-content\/uploads\/2025\/04\/IMG_5001-225x300.jpg 225w, https:\/\/lydenim.com\/wp-content\/uploads\/2025\/04\/IMG_5001-768x1024.jpg 768w, https:\/\/lydenim.com\/wp-content\/uploads\/2025\/04\/IMG_5001-9x12.jpg 9w, https:\/\/lydenim.com\/wp-content\/uploads\/2025\/04\/IMG_5001-600x800.jpg 600w, https:\/\/lydenim.com\/wp-content\/uploads\/2025\/04\/IMG_5001-150x200.jpg 150w\" sizes=\"auto, (max-width: 600px) 100vw, 600px\" \/> <img loading=\"lazy\" decoding=\"async\" class=\"aligncenter wp-image-4843\" src=\"https:\/\/lydenim.com\/wp-content\/uploads\/2025\/04\/IMG_4999.jpg\" alt=\"\" width=\"600\" height=\"800\" srcset=\"https:\/\/lydenim.com\/wp-content\/uploads\/2025\/04\/IMG_4999.jpg 900w, https:\/\/lydenim.com\/wp-content\/uploads\/2025\/04\/IMG_4999-225x300.jpg 225w, https:\/\/lydenim.com\/wp-content\/uploads\/2025\/04\/IMG_4999-768x1024.jpg 768w, https:\/\/lydenim.com\/wp-content\/uploads\/2025\/04\/IMG_4999-9x12.jpg 9w, https:\/\/lydenim.com\/wp-content\/uploads\/2025\/04\/IMG_4999-600x800.jpg 600w, https:\/\/lydenim.com\/wp-content\/uploads\/2025\/04\/IMG_4999-150x200.jpg 150w\" sizes=\"auto, (max-width: 600px) 100vw, 600px\" \/> <img loading=\"lazy\" decoding=\"async\" class=\"aligncenter wp-image-4842\" src=\"https:\/\/lydenim.com\/wp-content\/uploads\/2025\/04\/IMG_4998.jpg\" alt=\"\" width=\"600\" height=\"800\" srcset=\"https:\/\/lydenim.com\/wp-content\/uploads\/2025\/04\/IMG_4998.jpg 900w, https:\/\/lydenim.com\/wp-content\/uploads\/2025\/04\/IMG_4998-225x300.jpg 225w, https:\/\/lydenim.com\/wp-content\/uploads\/2025\/04\/IMG_4998-768x1024.jpg 768w, https:\/\/lydenim.com\/wp-content\/uploads\/2025\/04\/IMG_4998-9x12.jpg 9w, https:\/\/lydenim.com\/wp-content\/uploads\/2025\/04\/IMG_4998-600x800.jpg 600w, https:\/\/lydenim.com\/wp-content\/uploads\/2025\/04\/IMG_4998-150x200.jpg 150w\" sizes=\"auto, (max-width: 600px) 100vw, 600px\" \/><\/p>","protected":false},"excerpt":{"rendered":"<p>Tempo estimado de leitura: ~3 minutos Introdu\u00e7\u00e3o O tecido jeans continua sendo uma escolha atemporal na moda. De texturas ousadas a acabamentos futuristas, estes<\/p>","protected":false},"author":1,"featured_media":4836,"comment_status":"open","ping_status":"open","sticky":false,"template":"","format":"standard","meta":{"two_page_speed":[],"footnotes":""},"categories":[67],"tags":[],"class_list":["post-4833","post","type-post","status-publish","format-standard","has-post-thumbnail","hentry","category-market"],"aioseo_notices":[],"_links":{"self":[{"href":"https:\/\/lydenim.com\/pt\/wp-json\/wp\/v2\/posts\/4833","targetHints":{"allow":["GET"]}}],"collection":[{"href":"https:\/\/lydenim.com\/pt\/wp-json\/wp\/v2\/posts"}],"about":[{"href":"https:\/\/lydenim.com\/pt\/wp-json\/wp\/v2\/types\/post"}],"author":[{"embeddable":true,"href":"https:\/\/lydenim.com\/pt\/wp-json\/wp\/v2\/users\/1"}],"replies":[{"embeddable":true,"href":"https:\/\/lydenim.com\/pt\/wp-json\/wp\/v2\/comments?post=4833"}],"version-history":[{"count":4,"href":"https:\/\/lydenim.com\/pt\/wp-json\/wp\/v2\/posts\/4833\/revisions"}],"predecessor-version":[{"id":6275,"href":"https:\/\/lydenim.com\/pt\/wp-json\/wp\/v2\/posts\/4833\/revisions\/6275"}],"wp:featuredmedia":[{"embeddable":true,"href":"https:\/\/lydenim.com\/pt\/wp-json\/wp\/v2\/media\/4836"}],"wp:attachment":[{"href":"https:\/\/lydenim.com\/pt\/wp-json\/wp\/v2\/media?parent=4833"}],"wp:term":[{"taxonomy":"category","embeddable":true,"href":"https:\/\/lydenim.com\/pt\/wp-json\/wp\/v2\/categories?post=4833"},{"taxonomy":"post_tag","embeddable":true,"href":"https:\/\/lydenim.com\/pt\/wp-json\/wp\/v2\/tags?post=4833"}],"curies":[{"name":"wp","href":"https:\/\/api.w.org\/{rel}","templated":true}]}}