{"id":5052,"date":"2025-05-10T15:44:27","date_gmt":"2025-05-10T07:44:27","guid":{"rendered":"https:\/\/lydenim.com\/?p=5052"},"modified":"2025-08-24T13:06:32","modified_gmt":"2025-08-24T05:06:32","slug":"high-quality-denim-fabric-for-jeans","status":"publish","type":"post","link":"https:\/\/lydenim.com\/pt\/tecido-denim-de-alta-qualidade-para-jeans\/","title":{"rendered":"Tecido jeans de alta qualidade para jeans"},"content":{"rendered":"<h2 data-pm-slice=\"1 1 []\">Tempo estimado de leitura: ~4 minutos<\/h2>\n<h2 style=\"text-align: left;\" data-pm-slice=\"1 1 []\">Introdu\u00e7\u00e3o<\/h2>\n<p>Quando se trata de criar jeans dur\u00e1veis e estilosos, a qualidade do tecido jeans \u00e9 um fator determinante. O jeans de alta qualidade garante que o jeans n\u00e3o apenas mantenha sua forma e resista ao uso repetido, mas tamb\u00e9m mantenha seu apelo est\u00e9tico ao longo do tempo. Dos cortes retos cl\u00e1ssicos aos modernos modelos skinny, a base de um \u00f3timo par de jeans come\u00e7a com o tecido certo. \u00c0 medida que a demanda do consumidor por jeans modernos e dur\u00e1veis cresce, selecionar um fornecedor de tecidos confi\u00e1vel se torna mais crucial do que nunca.<\/p>\n<p>&nbsp;<\/p>\n<p>A LY Denim se destaca como l\u00edder global na ind\u00fastria de denim, reconhecida por seu tecido denim inovador e de alta qualidade para jeans. Com d\u00e9cadas de experi\u00eancia, forte foco em pesquisa e desenvolvimento e profundo compromisso com a qualidade, a LY Denim oferece solu\u00e7\u00f5es de denim de ponta que atendem \u00e0s necessidades em constante evolu\u00e7\u00e3o de marcas e designers em todo o mundo. Seja para criar pe\u00e7as cl\u00e1ssicas de denim ou cole\u00e7\u00f5es baseadas em tend\u00eancias, a LY Denim oferece a base de tecido que seu jeans precisa para ter sucesso.<\/p>\n<h2><strong>Por que a qualidade do tecido jeans \u00e9 importante<\/strong><\/h2>\n<p><img loading=\"lazy\" decoding=\"async\" class=\"aligncenter wp-image-5053\" src=\"https:\/\/lydenim.com\/wp-content\/uploads\/2025\/05\/High-Quality-Denim-Fabric-for-Jeans-pic1.png\" alt=\"\" width=\"600\" height=\"361\" srcset=\"https:\/\/lydenim.com\/wp-content\/uploads\/2025\/05\/High-Quality-Denim-Fabric-for-Jeans-pic1.png 979w, https:\/\/lydenim.com\/wp-content\/uploads\/2025\/05\/High-Quality-Denim-Fabric-for-Jeans-pic1-300x180.png 300w, https:\/\/lydenim.com\/wp-content\/uploads\/2025\/05\/High-Quality-Denim-Fabric-for-Jeans-pic1-768x462.png 768w, https:\/\/lydenim.com\/wp-content\/uploads\/2025\/05\/High-Quality-Denim-Fabric-for-Jeans-pic1-18x12.png 18w, https:\/\/lydenim.com\/wp-content\/uploads\/2025\/05\/High-Quality-Denim-Fabric-for-Jeans-pic1-600x361.png 600w, https:\/\/lydenim.com\/wp-content\/uploads\/2025\/05\/High-Quality-Denim-Fabric-for-Jeans-pic1-150x90.png 150w\" sizes=\"auto, (max-width: 600px) 100vw, 600px\" \/><\/p>\n<p dir=\"auto\">A base de um par de jeans de alta qualidade reside no tecido utilizado. O jeans premium, como o selvedge ou o ring spun ultramacio, impacta significativamente a durabilidade, o conforto, a textura e o apelo est\u00e9tico do jeans. Mat\u00e9rias-primas de alta qualidade, incluindo algod\u00e3o de fibra longa, ring spun ultramacio ou fibras mistas de alta resist\u00eancia e liocel, previnem eficazmente a forma\u00e7\u00e3o de bolinhas, o desbotamento ou a distor\u00e7\u00e3o, garantindo que o jeans permane\u00e7a estruturado e elegante mesmo ap\u00f3s uso e lavagens repetidos. Os principais produtos da LY Denim \u2014 suas s\u00e9ries de jeans sem elasticidade, de jeans com orla e de jeans confort\u00e1vel com elasticidade m\u00e9dia \u2014 exemplificam o equil\u00edbrio perfeito entre resist\u00eancia e flexibilidade, tornando-os ideais para o uso di\u00e1rio, proporcionando uma experi\u00eancia de uso excepcional.<\/p>\n<h2 dir=\"ltr\" data-pm-slice=\"1 3 []\">O que roupas feitas com jeans de alta qualidade trazem para voc\u00ea?<\/h2>\n<p dir=\"ltr\">Roupas feitas de jeans de alta qualidade oferecem v\u00e1rios benef\u00edcios importantes:<\/p>\n<ul dir=\"ltr\">\n<li>\n<p dir=\"ltr\"><strong>Cores vibrantes e duradouras<\/strong><br \/>\nEm primeiro lugar, os tecidos jeans premium s\u00e3o feitos de algod\u00e3o de alta qualidade. Este algod\u00e3o de alta qualidade \u00e9 excelente na absor\u00e7\u00e3o de corantes, garantindo cores vibrantes que resistem ao desbotamento e mant\u00eam suas roupas com apar\u00eancia vibrante ao longo do tempo.<\/p>\n<\/li>\n<li>\n<p dir=\"ltr\"><strong>Maior durabilidade e resist\u00eancia ao desgaste<\/strong><br \/>\nAl\u00e9m disso, o uso de algod\u00e3o premium proporciona fibras mais longas. Essas fibras mais longas fortalecem a estrutura do jeans, tornando suas roupas ou jeans mais resistentes ao desgaste, prolongando significativamente sua vida \u00fatil.<\/p>\n<\/li>\n<li>\n<p dir=\"ltr\"><strong>Taxa de encolhimento est\u00e1vel para reten\u00e7\u00e3o de forma<\/strong><br \/>\nAl\u00e9m disso, o jeans de alta qualidade apresenta uma taxa de encolhimento mais est\u00e1vel. Isso garante que suas pe\u00e7as jeans mantenham seu formato e integridade, evitando deforma\u00e7\u00f5es ou danos mesmo ap\u00f3s v\u00e1rias lavagens.<img loading=\"lazy\" decoding=\"async\" class=\"aligncenter wp-image-5055\" src=\"https:\/\/lydenim.com\/wp-content\/uploads\/2025\/05\/Benefits-of-High-Quality-Denim-Clothing.jpg\" alt=\"\" width=\"600\" height=\"375\" srcset=\"https:\/\/lydenim.com\/wp-content\/uploads\/2025\/05\/Benefits-of-High-Quality-Denim-Clothing.jpg 1240w, https:\/\/lydenim.com\/wp-content\/uploads\/2025\/05\/Benefits-of-High-Quality-Denim-Clothing-300x187.jpg 300w, https:\/\/lydenim.com\/wp-content\/uploads\/2025\/05\/Benefits-of-High-Quality-Denim-Clothing-1024x639.jpg 1024w, https:\/\/lydenim.com\/wp-content\/uploads\/2025\/05\/Benefits-of-High-Quality-Denim-Clothing-768x479.jpg 768w, https:\/\/lydenim.com\/wp-content\/uploads\/2025\/05\/Benefits-of-High-Quality-Denim-Clothing-18x12.jpg 18w, https:\/\/lydenim.com\/wp-content\/uploads\/2025\/05\/Benefits-of-High-Quality-Denim-Clothing-600x375.jpg 600w, https:\/\/lydenim.com\/wp-content\/uploads\/2025\/05\/Benefits-of-High-Quality-Denim-Clothing-150x94.jpg 150w\" sizes=\"auto, (max-width: 600px) 100vw, 600px\" \/><\/p>\n<\/li>\n<\/ul>\n<h2 class=\"\" data-start=\"113\" data-end=\"168\"><strong data-start=\"116\" data-end=\"166\">Tecidos recomendados para jeans e vestu\u00e1rio personalizados<\/strong><\/h2>\n<p class=\"\" data-start=\"169\" data-end=\"237\"><strong data-start=\"169\" data-end=\"237\">Explore as linhas de tecidos especiais da LY Denim para cria\u00e7\u00f5es personalizadas<\/strong><\/p>\n<p class=\"\" data-start=\"239\" data-end=\"470\">A LY Denim oferece uma sele\u00e7\u00e3o criteriosa de tecidos denim avan\u00e7ados, projetados para jeans e vestu\u00e1rio de alta qualidade. Da ic\u00f4nica orla ao moderno denim flocado, cada s\u00e9rie de tecidos traz suas pr\u00f3prias vantagens e possibilidades de estilo.<\/p>\n<h3 class=\"\" data-start=\"477\" data-end=\"508\"><strong data-start=\"481\" data-end=\"506\"><a href=\"https:\/\/lydenim.com\/pt\/?s=Selvedge&amp;post_type=product\">Ourela<\/a> S\u00e9rie Denim<\/strong><\/h3>\n<p class=\"\" data-start=\"509\" data-end=\"554\"><strong data-start=\"509\" data-end=\"554\">Artesanato tradicional, apelo premium<\/strong><\/p>\n<div id=\"attachment_4513\" style=\"width: 610px\" class=\"wp-caption aligncenter\"><img loading=\"lazy\" decoding=\"async\" aria-describedby=\"caption-attachment-4513\" class=\"wp-image-4513\" src=\"https:\/\/lydenim.com\/wp-content\/uploads\/2025\/03\/IMG_6228.jpg\" alt=\"\" width=\"600\" height=\"600\" srcset=\"https:\/\/lydenim.com\/wp-content\/uploads\/2025\/03\/IMG_6228.jpg 2196w, https:\/\/lydenim.com\/wp-content\/uploads\/2025\/03\/IMG_6228-300x300.jpg 300w, https:\/\/lydenim.com\/wp-content\/uploads\/2025\/03\/IMG_6228-1024x1024.jpg 1024w, https:\/\/lydenim.com\/wp-content\/uploads\/2025\/03\/IMG_6228-150x150.jpg 150w, https:\/\/lydenim.com\/wp-content\/uploads\/2025\/03\/IMG_6228-768x768.jpg 768w, https:\/\/lydenim.com\/wp-content\/uploads\/2025\/03\/IMG_6228-1536x1536.jpg 1536w, https:\/\/lydenim.com\/wp-content\/uploads\/2025\/03\/IMG_6228-2048x2048.jpg 2048w, https:\/\/lydenim.com\/wp-content\/uploads\/2025\/03\/IMG_6228-12x12.jpg 12w, https:\/\/lydenim.com\/wp-content\/uploads\/2025\/03\/IMG_6228-600x600.jpg 600w\" sizes=\"auto, (max-width: 600px) 100vw, 600px\" \/><p id=\"caption-attachment-4513\" class=\"wp-caption-text\">Selvedge Denim<\/p><\/div>\n<p class=\"\" data-start=\"556\" data-end=\"770\">Tecido em teares de lan\u00e7adeira, este tecido apresenta bordas firmemente unidas que resistem ao desfiamento. Com um toque cru e aut\u00eantico, o denim com orla \u00e9 ideal para jeans de estilo tradicional, jaquetas jeans premium e pe\u00e7as de edi\u00e7\u00e3o limitada.<\/p>\n<h3 class=\"\" data-start=\"777\" data-end=\"812\"><strong data-start=\"781\" data-end=\"810\"><a href=\"https:\/\/lydenim.com\/pt\/product-category\/high-stretch-denim-fabric\/\">Jeans de alta elasticidade<\/a> S\u00e9rie<\/strong><\/h3>\n<p class=\"\" data-start=\"813\" data-end=\"848\"><strong data-start=\"813\" data-end=\"848\">Projetado para conforto e forma<\/strong><\/p>\n<p class=\"\" data-start=\"850\" data-end=\"1056\">Misturado com elastano ou elastano, este jeans oferece excelente elasticidade e reten\u00e7\u00e3o de forma. Ideal para jeans skinny, jeggings e roupas de estilo de vida ativo que exigem flexibilidade e um caimento elegante.<img loading=\"lazy\" decoding=\"async\" class=\"aligncenter wp-image-4223\" src=\"https:\/\/lydenim.com\/wp-content\/uploads\/2025\/03\/IMG_5798.jpg\" alt=\"\" width=\"600\" height=\"600\" srcset=\"https:\/\/lydenim.com\/wp-content\/uploads\/2025\/03\/IMG_5798.jpg 2196w, https:\/\/lydenim.com\/wp-content\/uploads\/2025\/03\/IMG_5798-300x300.jpg 300w, https:\/\/lydenim.com\/wp-content\/uploads\/2025\/03\/IMG_5798-1024x1024.jpg 1024w, https:\/\/lydenim.com\/wp-content\/uploads\/2025\/03\/IMG_5798-150x150.jpg 150w, https:\/\/lydenim.com\/wp-content\/uploads\/2025\/03\/IMG_5798-768x768.jpg 768w, https:\/\/lydenim.com\/wp-content\/uploads\/2025\/03\/IMG_5798-1536x1536.jpg 1536w, https:\/\/lydenim.com\/wp-content\/uploads\/2025\/03\/IMG_5798-2048x2048.jpg 2048w, https:\/\/lydenim.com\/wp-content\/uploads\/2025\/03\/IMG_5798-12x12.jpg 12w, https:\/\/lydenim.com\/wp-content\/uploads\/2025\/03\/IMG_5798-600x600.jpg 600w\" sizes=\"auto, (max-width: 600px) 100vw, 600px\" \/><\/p>\n<h3 class=\"\" data-start=\"1063\" data-end=\"1103\"><strong data-start=\"1067\" data-end=\"1101\"><a href=\"https:\/\/lydenim.com\/pt\/?s=7705&amp;post_type=product\">Denim estampado e escovado<\/a> S\u00e9rie<\/strong><\/h3>\n<p class=\"\" data-start=\"1104\" data-end=\"1141\"><strong data-start=\"1104\" data-end=\"1141\">Textura macia encontra impacto gr\u00e1fico<\/strong><\/p>\n<p class=\"\" data-start=\"1143\" data-end=\"1324\">Combinando estampas ousadas com um interior escovado aconchegante, esta s\u00e9rie adiciona aconchego e charme visual. Ideal para cal\u00e7as jeans criativas, jaquetas casuais e pe\u00e7as sazonais de outono\/inverno.<img loading=\"lazy\" decoding=\"async\" class=\"aligncenter wp-image-2902\" src=\"https:\/\/lydenim.com\/wp-content\/uploads\/2025\/01\/DSC08136-scaled.jpg\" alt=\"\" width=\"600\" height=\"600\" srcset=\"https:\/\/lydenim.com\/wp-content\/uploads\/2025\/01\/DSC08136-scaled.jpg 2560w, https:\/\/lydenim.com\/wp-content\/uploads\/2025\/01\/DSC08136-300x300.jpg 300w, https:\/\/lydenim.com\/wp-content\/uploads\/2025\/01\/DSC08136-150x150.jpg 150w, https:\/\/lydenim.com\/wp-content\/uploads\/2025\/01\/DSC08136-scaled-600x600.jpg 600w, https:\/\/lydenim.com\/wp-content\/uploads\/2025\/01\/DSC08136-1024x1024.jpg 1024w, https:\/\/lydenim.com\/wp-content\/uploads\/2025\/01\/DSC08136-768x768.jpg 768w, https:\/\/lydenim.com\/wp-content\/uploads\/2025\/01\/DSC08136-1536x1536.jpg 1536w, https:\/\/lydenim.com\/wp-content\/uploads\/2025\/01\/DSC08136-2048x2048.jpg 2048w, https:\/\/lydenim.com\/wp-content\/uploads\/2025\/01\/DSC08136-12x12.jpg 12w\" sizes=\"auto, (max-width: 600px) 100vw, 600px\" \/><\/p>\n<h3 class=\"\" data-start=\"1331\" data-end=\"1361\"><strong data-start=\"1335\" data-end=\"1359\"><a href=\"https:\/\/lydenim.com\/pt\/?s=Flocked&amp;post_type=product\">Denim flocado<\/a> S\u00e9rie<\/strong><\/h3>\n<p class=\"\" data-start=\"1362\" data-end=\"1401\"><strong data-start=\"1362\" data-end=\"1401\">Superf\u00edcie aveludada com toque urbano<\/strong><\/p>\n<p class=\"\" data-start=\"1403\" data-end=\"1577\">Com um acabamento flocado macio, este tecido confere profundidade e textura ao denim. Perfeito para jeans modernos, agasalhos chamativos e cole\u00e7\u00f5es de streetwear modernas.<img loading=\"lazy\" decoding=\"async\" class=\"aligncenter wp-image-4909\" src=\"https:\/\/lydenim.com\/wp-content\/uploads\/2025\/04\/IMG_6477.jpg\" alt=\"\" width=\"600\" height=\"600\" srcset=\"https:\/\/lydenim.com\/wp-content\/uploads\/2025\/04\/IMG_6477.jpg 2196w, https:\/\/lydenim.com\/wp-content\/uploads\/2025\/04\/IMG_6477-300x300.jpg 300w, https:\/\/lydenim.com\/wp-content\/uploads\/2025\/04\/IMG_6477-1024x1024.jpg 1024w, https:\/\/lydenim.com\/wp-content\/uploads\/2025\/04\/IMG_6477-150x150.jpg 150w, https:\/\/lydenim.com\/wp-content\/uploads\/2025\/04\/IMG_6477-768x768.jpg 768w, https:\/\/lydenim.com\/wp-content\/uploads\/2025\/04\/IMG_6477-1536x1536.jpg 1536w, https:\/\/lydenim.com\/wp-content\/uploads\/2025\/04\/IMG_6477-2048x2048.jpg 2048w, https:\/\/lydenim.com\/wp-content\/uploads\/2025\/04\/IMG_6477-12x12.jpg 12w, https:\/\/lydenim.com\/wp-content\/uploads\/2025\/04\/IMG_6477-600x600.jpg 600w\" sizes=\"auto, (max-width: 600px) 100vw, 600px\" \/><\/p>\n<h3 class=\"\" data-start=\"1584\" data-end=\"1613\"><strong data-start=\"1588\" data-end=\"1611\"><a href=\"https:\/\/lydenim.com\/pt\/?s=Bonded Denim&amp;post_type=product\">Jeans colado<\/a> S\u00e9rie<\/strong><\/h3>\n<p class=\"\" data-start=\"1614\" data-end=\"1664\"><strong data-start=\"1614\" data-end=\"1664\">Constru\u00e7\u00e3o de camada dupla para funcionalidade e estilo<\/strong><\/p>\n<p class=\"\" data-start=\"1666\" data-end=\"1875\">O jeans colado combina duas camadas \u2014 geralmente jeans com fleece, malha ou forro t\u00e9cnico \u2014 para maior aquecimento, estrutura e resist\u00eancia ao vento. \u00d3timo para jeans de inverno, jaquetas utilit\u00e1rias e pe\u00e7as de moda funcionais.<\/p>\n<h3 class=\"\" data-start=\"1787\" data-end=\"1818\"><strong data-start=\"1791\" data-end=\"1816\"><a href=\"https:\/\/lydenim.com\/pt\/?s=Jacquard&amp;post_type=product\">Jeans Jacquard<\/a> S\u00e9rie<\/strong><\/h3>\n<p class=\"\" data-start=\"1819\" data-end=\"1859\"><strong data-start=\"1819\" data-end=\"1859\">Padr\u00f5es complexos, estilo elevado<\/strong><\/p>\n<p class=\"\" data-start=\"1861\" data-end=\"2145\">Tecido em um <a href=\"https:\/\/www.britannica.com\/technology\/jacquard-loom\">tear jacquard<\/a>, este denim incorpora motivos complexos e em relevo diretamente na estrutura do tecido. Seus padr\u00f5es decorativos e superf\u00edcie texturizada o tornam perfeito para jeans de destaque, jaquetas chamativas e cole\u00e7\u00f5es de moda sofisticadas que exigem tanto arte quanto durabilidade.<img loading=\"lazy\" decoding=\"async\" class=\"aligncenter wp-image-3669\" src=\"https:\/\/lydenim.com\/wp-content\/uploads\/2025\/02\/9T3A2728-scaled.jpg\" alt=\"\" width=\"600\" height=\"600\" srcset=\"https:\/\/lydenim.com\/wp-content\/uploads\/2025\/02\/9T3A2728-scaled.jpg 2560w, https:\/\/lydenim.com\/wp-content\/uploads\/2025\/02\/9T3A2728-300x300.jpg 300w, https:\/\/lydenim.com\/wp-content\/uploads\/2025\/02\/9T3A2728-1024x1024.jpg 1024w, https:\/\/lydenim.com\/wp-content\/uploads\/2025\/02\/9T3A2728-150x150.jpg 150w, https:\/\/lydenim.com\/wp-content\/uploads\/2025\/02\/9T3A2728-768x768.jpg 768w, https:\/\/lydenim.com\/wp-content\/uploads\/2025\/02\/9T3A2728-1536x1536.jpg 1536w, https:\/\/lydenim.com\/wp-content\/uploads\/2025\/02\/9T3A2728-2048x2048.jpg 2048w, https:\/\/lydenim.com\/wp-content\/uploads\/2025\/02\/9T3A2728-12x12.jpg 12w, https:\/\/lydenim.com\/wp-content\/uploads\/2025\/02\/9T3A2728-600x600.jpg 600w\" sizes=\"auto, (max-width: 600px) 100vw, 600px\" \/><\/p>\n<h2 class=\"\" data-start=\"5\" data-end=\"40\"><strong data-start=\"8\" data-end=\"38\">Personaliza\u00e7\u00e3o e Inova\u00e7\u00e3o<\/strong><\/h2>\n<p class=\"\" data-start=\"78\" data-end=\"430\">Lideramos a inova\u00e7\u00e3o em denim, traduzindo as \u00faltimas tend\u00eancias das passarelas em tecidos de alta performance. Nossa equipe interna de P&amp;D desenvolve continuamente cole\u00e7\u00f5es sazonais que combinam texturas de ponta, processos ecologicamente corretos e designs inovadores, oferecendo \u00e0s marcas um roteiro claro para um denim contempor\u00e2neo que ressoe com consumidores que buscam estilo.<\/p>\n<p class=\"\" data-start=\"432\" data-end=\"877\">Al\u00e9m de tecidos que definem tend\u00eancias, oferecemos personaliza\u00e7\u00e3o completa em todas as etapas da produ\u00e7\u00e3o. Da sele\u00e7\u00e3o de fios base e par\u00e2metros de tecelagem a acabamentos especializados e log\u00edstica otimizada, adaptamos cada etapa \u00e0s suas necessidades. Sejam efeitos de superf\u00edcie personalizados, perfis el\u00e1sticos precisos ou correspond\u00eancia exata de cores, a flexibilidade e a precis\u00e3o t\u00e9cnica da nossa f\u00e1brica nos tornam o parceiro ideal para se destacar em um mercado competitivo.<\/p>\n<h2 class=\"\" data-start=\"5\" data-end=\"48\"><strong data-start=\"8\" data-end=\"46\">Garantia de Qualidade e Certifica\u00e7\u00f5es<\/strong><\/h2>\n<p class=\"\" data-start=\"49\" data-end=\"60\">Oferecemos uma sele\u00e7\u00e3o diversificada de materiais ecol\u00f3gicos e certificados pela ind\u00fastria para atender a todos os projetos. Se voc\u00ea precisa <a href=\"https:\/\/www.oeko-tex.com\/\">OEKO-TEX\u00ae<\/a>, <a href=\"https:\/\/www.textileexchange.org\/standards\/gr\/\">GRS (Padr\u00e3o Global de Reciclagem)<\/a>, <a href=\"https:\/\/www.bluesign.com\/\">Bluesign\u00ae<\/a>, ou outras credenciais de sustentabilidade, podemos obter e personalizar tecidos que atendam \u00e0s suas especifica\u00e7\u00f5es exatas.<\/p>\n<p class=\"\" data-start=\"372\" data-end=\"864\">Para garantir que suas necessidades sejam atendidas, implementamos inspe\u00e7\u00f5es rigorosas em todas as etapas da produ\u00e7\u00e3o. Da verifica\u00e7\u00e3o da mat\u00e9ria-prima recebida, passando pela tecelagem e acabamento at\u00e9 os testes do produto final, cada lote \u00e9 avaliado quanto a m\u00e9tricas de desempenho como solidez da cor, encolhimento, recupera\u00e7\u00e3o de elasticidade, resist\u00eancia \u00e0 tra\u00e7\u00e3o e toque. Esse detalhado processo de controle de qualidade garante que os tecidos que voc\u00ea recebe n\u00e3o apenas possuam as certifica\u00e7\u00f5es exigidas, mas tamb\u00e9m tenham um desempenho confi\u00e1vel nos produtos finais.<img loading=\"lazy\" decoding=\"async\" class=\"aligncenter wp-image-5049\" src=\"https:\/\/lydenim.com\/wp-content\/uploads\/2025\/05\/\u8ba4\u8bc1-scaled.jpg\" alt=\"Certificar\" width=\"600\" height=\"53\" srcset=\"https:\/\/lydenim.com\/wp-content\/uploads\/2025\/05\/\u8ba4\u8bc1-scaled.jpg 2560w, https:\/\/lydenim.com\/wp-content\/uploads\/2025\/05\/\u8ba4\u8bc1-300x27.jpg 300w, https:\/\/lydenim.com\/wp-content\/uploads\/2025\/05\/\u8ba4\u8bc1-1024x91.jpg 1024w, https:\/\/lydenim.com\/wp-content\/uploads\/2025\/05\/\u8ba4\u8bc1-768x68.jpg 768w, https:\/\/lydenim.com\/wp-content\/uploads\/2025\/05\/\u8ba4\u8bc1-1536x136.jpg 1536w, https:\/\/lydenim.com\/wp-content\/uploads\/2025\/05\/\u8ba4\u8bc1-2048x182.jpg 2048w, https:\/\/lydenim.com\/wp-content\/uploads\/2025\/05\/\u8ba4\u8bc1-18x2.jpg 18w, https:\/\/lydenim.com\/wp-content\/uploads\/2025\/05\/\u8ba4\u8bc1-600x53.jpg 600w, https:\/\/lydenim.com\/wp-content\/uploads\/2025\/05\/\u8ba4\u8bc1-150x13.jpg 150w\" sizes=\"auto, (max-width: 600px) 100vw, 600px\" \/><\/p>\n<h2><strong>Conclus\u00e3o<\/strong><\/h2>\n<p>Escolher um tecido jeans de alta qualidade para jeans \u00e9 essencial para criar pe\u00e7as que ofere\u00e7am longevidade e estilo. O jeans premium n\u00e3o s\u00f3 melhora o conforto e o caimento do jeans, como tamb\u00e9m garante que ele resista ao teste do tempo, tornando-se um investimento inteligente tanto para designers quanto para consumidores. Com o tecido certo, o jeans mant\u00e9m sua forma, resiste ao desbotamento e permanece como uma pe\u00e7a essencial no guarda-roupa por muitos anos.<\/p>\n<h2 dir=\"auto\">Servi\u00e7os de personaliza\u00e7\u00e3o da LYDENIM<\/h2>\n<p dir=\"auto\">\ud83c\udfa8 Quero <strong>tecidos jeans personalizados<\/strong> ou\u00a0 <strong>exclusivo<\/strong> <strong>pe\u00e7a jeans personalizada<\/strong>? A LYDENIM \u00e9 especializada em solu\u00e7\u00f5es personalizadas para atender \u00e0s suas necessidades de design e produ\u00e7\u00e3o.<\/p>\n<p dir=\"auto\">\ud83d\udecd\ufe0f <strong>Explore e inspire-se<\/strong>: Navegue por nossas sele\u00e7\u00f5es de tecidos e descubra ideias de design em <a href=\"https:\/\/lydenim.com\/pt\/\" target=\"_blank\" rel=\"noopener noreferrer nofollow\">LYDenim<\/a>.<\/p>\n<p dir=\"auto\">\ud83c\udf10 <strong>Roupas el\u00e1sticas<\/strong>: Confira nossas ofertas em <a href=\"http:\/\/liangyuantextile.m.en.alibaba.com\" target=\"_blank\" rel=\"noopener noreferrer nofollow\">MeuAlibaba<\/a>. \ud83d\udce9 <strong>Contate-nos<\/strong>: Entre em contato em <a href=\"mailto:malone@lydenim.com\" target=\"_blank\" rel=\"noopener noreferrer nofollow\">malone@lydenim.com<\/a>.<\/p>\n<p dir=\"auto\">Crie sua obra-prima de jeans com LYDENIM - seu parceiro de confian\u00e7a para <strong>tecido el\u00e1stico<\/strong> e <strong>solu\u00e7\u00f5es personalizadas de jeans<\/strong>.<\/p>","protected":false},"excerpt":{"rendered":"<p>Tempo estimado de leitura: ~4 minutos Introdu\u00e7\u00e3o Quando se trata de criar jeans dur\u00e1veis e elegantes, a qualidade<\/p>","protected":false},"author":1,"featured_media":5057,"comment_status":"open","ping_status":"open","sticky":false,"template":"","format":"standard","meta":{"two_page_speed":[],"footnotes":""},"categories":[67],"tags":[],"class_list":["post-5052","post","type-post","status-publish","format-standard","has-post-thumbnail","hentry","category-market"],"aioseo_notices":[],"_links":{"self":[{"href":"https:\/\/lydenim.com\/pt\/wp-json\/wp\/v2\/posts\/5052","targetHints":{"allow":["GET"]}}],"collection":[{"href":"https:\/\/lydenim.com\/pt\/wp-json\/wp\/v2\/posts"}],"about":[{"href":"https:\/\/lydenim.com\/pt\/wp-json\/wp\/v2\/types\/post"}],"author":[{"embeddable":true,"href":"https:\/\/lydenim.com\/pt\/wp-json\/wp\/v2\/users\/1"}],"replies":[{"embeddable":true,"href":"https:\/\/lydenim.com\/pt\/wp-json\/wp\/v2\/comments?post=5052"}],"version-history":[{"count":3,"href":"https:\/\/lydenim.com\/pt\/wp-json\/wp\/v2\/posts\/5052\/revisions"}],"predecessor-version":[{"id":6296,"href":"https:\/\/lydenim.com\/pt\/wp-json\/wp\/v2\/posts\/5052\/revisions\/6296"}],"wp:featuredmedia":[{"embeddable":true,"href":"https:\/\/lydenim.com\/pt\/wp-json\/wp\/v2\/media\/5057"}],"wp:attachment":[{"href":"https:\/\/lydenim.com\/pt\/wp-json\/wp\/v2\/media?parent=5052"}],"wp:term":[{"taxonomy":"category","embeddable":true,"href":"https:\/\/lydenim.com\/pt\/wp-json\/wp\/v2\/categories?post=5052"},{"taxonomy":"post_tag","embeddable":true,"href":"https:\/\/lydenim.com\/pt\/wp-json\/wp\/v2\/tags?post=5052"}],"curies":[{"name":"wp","href":"https:\/\/api.w.org\/{rel}","templated":true}]}}