{"id":5060,"date":"2025-05-12T11:29:02","date_gmt":"2025-05-12T03:29:02","guid":{"rendered":"https:\/\/lydenim.com\/?p=5060"},"modified":"2025-08-24T13:07:18","modified_gmt":"2025-08-24T05:07:18","slug":"denim-trends-for-summer-2025-which-ones-your-favorite","status":"publish","type":"post","link":"https:\/\/lydenim.com\/pt\/tendencias-de-jeans-para-o-verao-de-2025-quais-sao-as-suas-favoritas\/","title":{"rendered":"Tend\u00eancias de jeans para o ver\u00e3o de 2025 \u2013 qual \u00e9 a sua favorita?"},"content":{"rendered":"<h3 data-pm-slice=\"1 1 []\">Tempo estimado de leitura: ~6 minutos<\/h3>\n<h3 style=\"text-align: left;\" data-pm-slice=\"1 1 []\">Introdu\u00e7\u00e3o<\/h3>\n<p class=\"\" data-start=\"0\" data-end=\"444\">As tend\u00eancias jeans da primavera\/ver\u00e3o 2025 chegaram discretamente. Enquanto uma brisa suave de ver\u00e3o sopra pelas ruas, tudo o que voc\u00ea precisa \u00e9 de uma cal\u00e7a jeans de cintura alta e pernas largas \u2014 ou de um jeans sob medida, feito sob medida \u2014 para se destacar da multid\u00e3o sem esfor\u00e7o. Nesta temporada, dois estilos principais se unem: o charme retr\u00f4 e o design minimalista moderno. O resultado \u00e9 uma variedade de modelos que priorizam conforto e funcionalidade.<\/p>\n<p class=\"\" data-start=\"446\" data-end=\"615\">Os especialistas em moda s\u00e3o especialmente atra\u00eddos por jeans largos, retos e flare, estilos vers\u00e1teis que transitam perfeitamente do uso no escrit\u00f3rio para passeios casuais.<\/p>\n<p class=\"\" data-start=\"617\" data-end=\"754\">Neste artigo, vamos detalhar alguns dos estilos de jeans mais populares da temporada para ajudar voc\u00ea a se vestir com confian\u00e7a e tranquilidade na cidade.<\/p>\n<p data-start=\"617\" data-end=\"754\"><img loading=\"lazy\" decoding=\"async\" class=\"aligncenter wp-image-5061\" src=\"https:\/\/lydenim.com\/wp-content\/uploads\/2025\/05\/Denim-Trends-for-Summer-2025-pic2.webp\" alt=\"\" width=\"600\" height=\"899\" srcset=\"https:\/\/lydenim.com\/wp-content\/uploads\/2025\/05\/Denim-Trends-for-Summer-2025-pic2.webp 1080w, https:\/\/lydenim.com\/wp-content\/uploads\/2025\/05\/Denim-Trends-for-Summer-2025-pic2-200x300.webp 200w, https:\/\/lydenim.com\/wp-content\/uploads\/2025\/05\/Denim-Trends-for-Summer-2025-pic2-684x1024.webp 684w, https:\/\/lydenim.com\/wp-content\/uploads\/2025\/05\/Denim-Trends-for-Summer-2025-pic2-768x1151.webp 768w, https:\/\/lydenim.com\/wp-content\/uploads\/2025\/05\/Denim-Trends-for-Summer-2025-pic2-1025x1536.webp 1025w, https:\/\/lydenim.com\/wp-content\/uploads\/2025\/05\/Denim-Trends-for-Summer-2025-pic2-8x12.webp 8w, https:\/\/lydenim.com\/wp-content\/uploads\/2025\/05\/Denim-Trends-for-Summer-2025-pic2-600x899.webp 600w, https:\/\/lydenim.com\/wp-content\/uploads\/2025\/05\/Denim-Trends-for-Summer-2025-pic2-150x225.webp 150w\" sizes=\"auto, (max-width: 600px) 100vw, 600px\" \/><\/p>\n<p data-start=\"617\" data-end=\"754\">No entanto, se voc\u00ea busca um visual descontra\u00eddo, por\u00e9m elegante, com combina\u00e7\u00f5es descomplicadas de guarda-roupa, ter alguns pares de jeans de corte limpo e estruturado pode fazer toda a diferen\u00e7a. Esses itens essenciais em jeans elevam seu estilo e presen\u00e7a sem esfor\u00e7o excessivo, adicionando um toque de sofistica\u00e7\u00e3o e eleg\u00e2ncia, enquanto disfar\u00e7am com intelig\u00eancia quaisquer imperfei\u00e7\u00f5es no formato das suas pernas. Com a chegada do ver\u00e3o, os designers est\u00e3o combinando tecidos leves com jeans para lidar com os problemas comuns de calor e respirabilidade, garantindo que estilo e conforto andem de m\u00e3os dadas.<\/p>\n<p data-start=\"617\" data-end=\"754\"><img loading=\"lazy\" decoding=\"async\" class=\"aligncenter wp-image-5062\" src=\"https:\/\/lydenim.com\/wp-content\/uploads\/2025\/05\/Denim-Trends-for-Summer-2025.webp\" alt=\"\" width=\"600\" height=\"899\" srcset=\"https:\/\/lydenim.com\/wp-content\/uploads\/2025\/05\/Denim-Trends-for-Summer-2025.webp 1080w, https:\/\/lydenim.com\/wp-content\/uploads\/2025\/05\/Denim-Trends-for-Summer-2025-200x300.webp 200w, https:\/\/lydenim.com\/wp-content\/uploads\/2025\/05\/Denim-Trends-for-Summer-2025-684x1024.webp 684w, https:\/\/lydenim.com\/wp-content\/uploads\/2025\/05\/Denim-Trends-for-Summer-2025-768x1151.webp 768w, https:\/\/lydenim.com\/wp-content\/uploads\/2025\/05\/Denim-Trends-for-Summer-2025-1025x1536.webp 1025w, https:\/\/lydenim.com\/wp-content\/uploads\/2025\/05\/Denim-Trends-for-Summer-2025-8x12.webp 8w, https:\/\/lydenim.com\/wp-content\/uploads\/2025\/05\/Denim-Trends-for-Summer-2025-600x899.webp 600w, https:\/\/lydenim.com\/wp-content\/uploads\/2025\/05\/Denim-Trends-for-Summer-2025-150x225.webp 150w\" sizes=\"auto, (max-width: 600px) 100vw, 600px\" \/><\/p>\n<h3><strong>1. <a href=\"https:\/\/www.alibaba.com\/product-detail\/High-Quality-HIGH-STREET-Design-Denim_1601198443522.html?spm=a2700.details.you_may_like.9.48bb7ba8dBUFeK\">Cal\u00e7a Jeans de Perna Larga<\/a><\/strong><\/h3>\n<p>Embora as silhuetas de cal\u00e7as da moda frequentemente variem em popularidade, <em data-start=\"60\" data-end=\"76\">jeans de perna larga<\/em> j\u00e1 garantiram seu lugar como um dos favoritos. Com um corte &quot;solto, mas n\u00e3o largo&quot;, este estilo valoriza a silhueta, alongando as pernas e criando uma silhueta esguia e alta. Ao mesmo tempo, incorpora com facilidade tanto a est\u00e9tica neutra quanto a vibe retr\u00f4-casual, tornando-se uma escolha de destaque para o p\u00fablico antenado na moda.<img loading=\"lazy\" decoding=\"async\" class=\"aligncenter wp-image-5064\" src=\"https:\/\/lydenim.com\/wp-content\/uploads\/2025\/05\/Wide-leg-jeans.jpg\" alt=\"\" width=\"600\" height=\"421\" srcset=\"https:\/\/lydenim.com\/wp-content\/uploads\/2025\/05\/Wide-leg-jeans.jpg 1220w, https:\/\/lydenim.com\/wp-content\/uploads\/2025\/05\/Wide-leg-jeans-300x210.jpg 300w, https:\/\/lydenim.com\/wp-content\/uploads\/2025\/05\/Wide-leg-jeans-1024x718.jpg 1024w, https:\/\/lydenim.com\/wp-content\/uploads\/2025\/05\/Wide-leg-jeans-768x539.jpg 768w, https:\/\/lydenim.com\/wp-content\/uploads\/2025\/05\/Wide-leg-jeans-18x12.jpg 18w, https:\/\/lydenim.com\/wp-content\/uploads\/2025\/05\/Wide-leg-jeans-600x421.jpg 600w, https:\/\/lydenim.com\/wp-content\/uploads\/2025\/05\/Wide-leg-jeans-150x105.jpg 150w\" sizes=\"auto, (max-width: 600px) 100vw, 600px\" \/><\/p>\n<p>No cen\u00e1rio da moda atual, <em data-start=\"26\" data-end=\"55\">o estilo casual reina supremo<\/em>\u2014 e nada arrasa no visual como combinar jeans vers\u00e1teis e elegantes com t\u00eanis. Essa combina\u00e7\u00e3o descomplicada transmite fortes vibra\u00e7\u00f5es retr\u00f4 do &quot;estilo pai&quot; com uma atitude descontra\u00edda e descolada que esbanja confian\u00e7a e ousadia a cada passo.<img loading=\"lazy\" decoding=\"async\" class=\"aligncenter wp-image-5063\" src=\"https:\/\/lydenim.com\/wp-content\/uploads\/2025\/05\/Wide-leg-jeans-pic2.jpg\" alt=\"\" width=\"600\" height=\"833\" srcset=\"https:\/\/lydenim.com\/wp-content\/uploads\/2025\/05\/Wide-leg-jeans-pic2.jpg 684w, https:\/\/lydenim.com\/wp-content\/uploads\/2025\/05\/Wide-leg-jeans-pic2-216x300.jpg 216w, https:\/\/lydenim.com\/wp-content\/uploads\/2025\/05\/Wide-leg-jeans-pic2-9x12.jpg 9w, https:\/\/lydenim.com\/wp-content\/uploads\/2025\/05\/Wide-leg-jeans-pic2-600x833.jpg 600w, https:\/\/lydenim.com\/wp-content\/uploads\/2025\/05\/Wide-leg-jeans-pic2-150x208.jpg 150w\" sizes=\"auto, (max-width: 600px) 100vw, 600px\" \/><\/p>\n<p>Se voc\u00ea busca um visual fresco e jovial neste ver\u00e3o, a combina\u00e7\u00e3o de top cropped e cal\u00e7a jeans de perna larga \u00e9 a sua f\u00f3rmula ideal. Essa combina\u00e7\u00e3o n\u00e3o s\u00f3 suaviza a percep\u00e7\u00e3o da idade com sua est\u00e9tica despojada e elegante, como tamb\u00e9m cria uma silhueta elegante, &quot;curta na parte de cima e longa na parte de baixo&quot;. O resultado? Um visual descontra\u00eddo, por\u00e9m sedutor, que combina charme natural com energia ousada e confiante \u2014 um estilo irresist\u00edvel com um apelo marcante.<img loading=\"lazy\" decoding=\"async\" class=\"aligncenter wp-image-5065\" src=\"https:\/\/lydenim.com\/wp-content\/uploads\/2025\/05\/\u9614\u817f\u88e43.jpg\" alt=\"\" width=\"600\" height=\"436\" srcset=\"https:\/\/lydenim.com\/wp-content\/uploads\/2025\/05\/\u9614\u817f\u88e43.jpg 680w, https:\/\/lydenim.com\/wp-content\/uploads\/2025\/05\/\u9614\u817f\u88e43-300x218.jpg 300w, https:\/\/lydenim.com\/wp-content\/uploads\/2025\/05\/\u9614\u817f\u88e43-18x12.jpg 18w, https:\/\/lydenim.com\/wp-content\/uploads\/2025\/05\/\u9614\u817f\u88e43-600x436.jpg 600w, https:\/\/lydenim.com\/wp-content\/uploads\/2025\/05\/\u9614\u817f\u88e43-150x109.jpg 150w\" sizes=\"auto, (max-width: 600px) 100vw, 600px\" \/><\/p>\n<p>Combina\u00e7\u00e3o ousada e elegante <em data-start=\"25\" data-end=\"41\">jeans de perna larga<\/em> Com sand\u00e1lias de tiras ou chinelos despojados, voc\u00ea encontra o equil\u00edbrio perfeito entre descontra\u00e7\u00e3o e feminilidade refinada. Esta combina\u00e7\u00e3o chique e sem esfor\u00e7o exala tanto uma descontra\u00e7\u00e3o relaxada quanto um charme gracioso \u2014 uma maneira ideal de se manter estilosa e arejada durante todo o ver\u00e3o.<img loading=\"lazy\" decoding=\"async\" class=\"aligncenter wp-image-5066\" src=\"https:\/\/lydenim.com\/wp-content\/uploads\/2025\/05\/\u9614\u817f\u88e44.jpg\" alt=\"\" width=\"600\" height=\"428\" srcset=\"https:\/\/lydenim.com\/wp-content\/uploads\/2025\/05\/\u9614\u817f\u88e44.jpg 664w, https:\/\/lydenim.com\/wp-content\/uploads\/2025\/05\/\u9614\u817f\u88e44-300x214.jpg 300w, https:\/\/lydenim.com\/wp-content\/uploads\/2025\/05\/\u9614\u817f\u88e44-18x12.jpg 18w, https:\/\/lydenim.com\/wp-content\/uploads\/2025\/05\/\u9614\u817f\u88e44-600x428.jpg 600w, https:\/\/lydenim.com\/wp-content\/uploads\/2025\/05\/\u9614\u817f\u88e44-150x107.jpg 150w\" sizes=\"auto, (max-width: 600px) 100vw, 600px\" \/><\/p>\n<p>Mesmo quando combinadas com tops assim\u00e9tricos ou tecidos delicados de renda, as cal\u00e7as jeans de perna larga mant\u00eam sua estrutura e estilo caracter\u00edsticos, oferecendo o equil\u00edbrio perfeito para elementos mais suaves. Troque por um par de mocassins ou oxfords e seu look imediatamente chama a aten\u00e7\u00e3o, proporcionando um visual elegante e moderno que chama a aten\u00e7\u00e3o com um toque despojado.<img loading=\"lazy\" decoding=\"async\" class=\"aligncenter wp-image-5067\" src=\"https:\/\/lydenim.com\/wp-content\/uploads\/2025\/05\/\u9614\u817f\u88e45.jpg\" alt=\"\" width=\"600\" height=\"450\" srcset=\"https:\/\/lydenim.com\/wp-content\/uploads\/2025\/05\/\u9614\u817f\u88e45.jpg 662w, https:\/\/lydenim.com\/wp-content\/uploads\/2025\/05\/\u9614\u817f\u88e45-300x225.jpg 300w, https:\/\/lydenim.com\/wp-content\/uploads\/2025\/05\/\u9614\u817f\u88e45-16x12.jpg 16w, https:\/\/lydenim.com\/wp-content\/uploads\/2025\/05\/\u9614\u817f\u88e45-600x450.jpg 600w, https:\/\/lydenim.com\/wp-content\/uploads\/2025\/05\/\u9614\u817f\u88e45-150x112.jpg 150w\" sizes=\"auto, (max-width: 600px) 100vw, 600px\" \/><\/p>\n<p>Cal\u00e7as jeans de perna larga combinadas com uma blusa ou camisa leve criam uma das combina\u00e7\u00f5es de roupas mais comuns e pr\u00e1ticas: simples, respir\u00e1veis e com um estilo simples para uso di\u00e1rio.<img loading=\"lazy\" decoding=\"async\" class=\"aligncenter wp-image-5068\" src=\"https:\/\/lydenim.com\/wp-content\/uploads\/2025\/05\/\u9614\u817f\u88e46.jpg\" alt=\"\" width=\"600\" height=\"439\" srcset=\"https:\/\/lydenim.com\/wp-content\/uploads\/2025\/05\/\u9614\u817f\u88e46.jpg 640w, https:\/\/lydenim.com\/wp-content\/uploads\/2025\/05\/\u9614\u817f\u88e46-300x219.jpg 300w, https:\/\/lydenim.com\/wp-content\/uploads\/2025\/05\/\u9614\u817f\u88e46-16x12.jpg 16w, https:\/\/lydenim.com\/wp-content\/uploads\/2025\/05\/\u9614\u817f\u88e46-600x439.jpg 600w, https:\/\/lydenim.com\/wp-content\/uploads\/2025\/05\/\u9614\u817f\u88e46-150x110.jpg 150w\" sizes=\"auto, (max-width: 600px) 100vw, 600px\" \/><\/p>\n<h3><strong>2. <a href=\"https:\/\/www.alibaba.com\/product-detail\/2024-High-Quality-Custom-Ladies-Fashion_1601158826157.html?spm=a2700.shop_plser.41413.4.61db5a42chyBF9\">Cal\u00e7a Jeans com Punhos<\/a><\/strong><\/h3>\n<p>Como um item b\u00e1sico da moda entre os itens b\u00e1sicos do guarda-roupa, se voc\u00ea quer se destacar do mar de jeans comuns e ainda abra\u00e7ar sua versatilidade atemporal, <em data-start=\"154\" data-end=\"168\">jeans com punho<\/em> s\u00e3o a escolha certa. Com detalhes bem pensados na bainha, eles oferecem um toque refrescante que chama a aten\u00e7\u00e3o e est\u00e1 sempre na moda \u2014 igualmente charmosos ou ousados, dependendo do seu estilo. Um verdadeiro item essencial com charme infinito.<img loading=\"lazy\" decoding=\"async\" class=\"aligncenter wp-image-5069\" src=\"https:\/\/lydenim.com\/wp-content\/uploads\/2025\/05\/Cuffed-Hem-Jeans-1.jpg\" alt=\"\" width=\"600\" height=\"436\" srcset=\"https:\/\/lydenim.com\/wp-content\/uploads\/2025\/05\/Cuffed-Hem-Jeans-1.jpg 674w, https:\/\/lydenim.com\/wp-content\/uploads\/2025\/05\/Cuffed-Hem-Jeans-1-300x218.jpg 300w, https:\/\/lydenim.com\/wp-content\/uploads\/2025\/05\/Cuffed-Hem-Jeans-1-18x12.jpg 18w, https:\/\/lydenim.com\/wp-content\/uploads\/2025\/05\/Cuffed-Hem-Jeans-1-600x436.jpg 600w, https:\/\/lydenim.com\/wp-content\/uploads\/2025\/05\/Cuffed-Hem-Jeans-1-150x109.jpg 150w\" sizes=\"auto, (max-width: 600px) 100vw, 600px\" \/><\/p>\n<p>Cal\u00e7as jeans com bainha dobrada n\u00e3o s\u00f3 adicionam camadas visuais ao seu look, como tamb\u00e9m transformam sutilmente cal\u00e7as compridas em um corte 9\/10 chique, com corte reto at\u00e9 o tornozelo. Este pequeno truque de estilo tem um grande impacto: afina a silhueta e oferece versatilidade. Seja para o trabalho ou para um passeio, elas aumentam sua confian\u00e7a e charme sem esfor\u00e7o, provando que at\u00e9 mesmo looks para o dia a dia podem ser deslumbrantes sem comprometer o visual.<img loading=\"lazy\" decoding=\"async\" class=\"aligncenter wp-image-5070\" src=\"https:\/\/lydenim.com\/wp-content\/uploads\/2025\/05\/Cuffed-Hem-Jeans-2.jpg\" alt=\"\" width=\"600\" height=\"843\" srcset=\"https:\/\/lydenim.com\/wp-content\/uploads\/2025\/05\/Cuffed-Hem-Jeans-2.jpg 676w, https:\/\/lydenim.com\/wp-content\/uploads\/2025\/05\/Cuffed-Hem-Jeans-2-213x300.jpg 213w, https:\/\/lydenim.com\/wp-content\/uploads\/2025\/05\/Cuffed-Hem-Jeans-2-9x12.jpg 9w, https:\/\/lydenim.com\/wp-content\/uploads\/2025\/05\/Cuffed-Hem-Jeans-2-600x843.jpg 600w, https:\/\/lydenim.com\/wp-content\/uploads\/2025\/05\/Cuffed-Hem-Jeans-2-150x211.jpg 150w\" sizes=\"auto, (max-width: 600px) 100vw, 600px\" \/><\/p>\n<p>Principalmente na primavera e no ver\u00e3o, combinar jeans com barra dobrada e camiseta pode facilmente transformar um visual jovial e jovial em elegante e sofisticado. Embora ambas as pe\u00e7as sejam pe\u00e7as cl\u00e1ssicas do guarda-roupa, elas criam looks de street style bem diferentes, comprovando sua versatilidade e apelo atemporal.<img loading=\"lazy\" decoding=\"async\" class=\"aligncenter wp-image-5071\" src=\"https:\/\/lydenim.com\/wp-content\/uploads\/2025\/05\/Cuffed-Hem-Jeans-3.jpg\" alt=\"\" width=\"600\" height=\"432\" srcset=\"https:\/\/lydenim.com\/wp-content\/uploads\/2025\/05\/Cuffed-Hem-Jeans-3.jpg 678w, https:\/\/lydenim.com\/wp-content\/uploads\/2025\/05\/Cuffed-Hem-Jeans-3-300x216.jpg 300w, https:\/\/lydenim.com\/wp-content\/uploads\/2025\/05\/Cuffed-Hem-Jeans-3-18x12.jpg 18w, https:\/\/lydenim.com\/wp-content\/uploads\/2025\/05\/Cuffed-Hem-Jeans-3-600x432.jpg 600w, https:\/\/lydenim.com\/wp-content\/uploads\/2025\/05\/Cuffed-Hem-Jeans-3-150x108.jpg 150w\" sizes=\"auto, (max-width: 600px) 100vw, 600px\" \/><\/p>\n<h3><strong>3. <a href=\"https:\/\/liangyuantextile.m.en.alibaba.com\/productgrouplist-940152605-1\/Women_s_jeans.html?filter=all&amp;spm=a2700.shop_plser.41413.dbtmnavgo\">Cal\u00e7a Jeans Raw-Hem<\/a><\/strong><\/h3>\n<p>Essencial para o guarda-roupa o ano todo, o jeans pode parecer b\u00e1sico, mas seu poder de estilo \u00e9 tudo menos isso. Entre os estilos mais procurados para 2025, <em data-start=\"143\" data-end=\"171\">jeans com bainha crua ou \u201ccortado\u201d<\/em> est\u00e3o em evid\u00eancia. Com suas bordas desfiadas casualmente, estas cal\u00e7as jeans adicionam a dose certa de ousadia e individualidade, tornando-as uma pe\u00e7a de destaque em qualquer guarda-roupa moderno.<img loading=\"lazy\" decoding=\"async\" class=\"aligncenter wp-image-5075\" src=\"https:\/\/lydenim.com\/wp-content\/uploads\/2025\/05\/Raw-Hem-Jeans.jpg\" alt=\"\" width=\"600\" height=\"426\" srcset=\"https:\/\/lydenim.com\/wp-content\/uploads\/2025\/05\/Raw-Hem-Jeans.jpg 656w, https:\/\/lydenim.com\/wp-content\/uploads\/2025\/05\/Raw-Hem-Jeans-300x213.jpg 300w, https:\/\/lydenim.com\/wp-content\/uploads\/2025\/05\/Raw-Hem-Jeans-18x12.jpg 18w, https:\/\/lydenim.com\/wp-content\/uploads\/2025\/05\/Raw-Hem-Jeans-600x426.jpg 600w, https:\/\/lydenim.com\/wp-content\/uploads\/2025\/05\/Raw-Hem-Jeans-150x107.jpg 150w\" sizes=\"auto, (max-width: 600px) 100vw, 600px\" \/><\/p>\n<p class=\"\" data-start=\"80\" data-end=\"511\">Entre as tend\u00eancias de jeans mais comentadas de 2025, as cal\u00e7as jeans com bainha crua \u2014 frequentemente chamadas de jeans &quot;cut-off&quot; \u2014 est\u00e3o na lideran\u00e7a. Com suas bordas intencionalmente desfiadas e visual inacabado, elas trazem uma sensa\u00e7\u00e3o de frescor e individualidade sem esfor\u00e7o at\u00e9 mesmo aos looks mais simples. Seja com saltos para um mix de cortes altos e baixos ou com t\u00eanis para um visual mais despojado, as cal\u00e7as jeans com bainha crua encontram o equil\u00edbrio perfeito entre rebeldia e refinamento.<img loading=\"lazy\" decoding=\"async\" class=\"aligncenter wp-image-5072\" src=\"https:\/\/lydenim.com\/wp-content\/uploads\/2025\/05\/Raw-Hem-Jeans-2.jpg\" alt=\"\" width=\"600\" height=\"432\" srcset=\"https:\/\/lydenim.com\/wp-content\/uploads\/2025\/05\/Raw-Hem-Jeans-2.jpg 656w, https:\/\/lydenim.com\/wp-content\/uploads\/2025\/05\/Raw-Hem-Jeans-2-300x216.jpg 300w, https:\/\/lydenim.com\/wp-content\/uploads\/2025\/05\/Raw-Hem-Jeans-2-18x12.jpg 18w, https:\/\/lydenim.com\/wp-content\/uploads\/2025\/05\/Raw-Hem-Jeans-2-600x432.jpg 600w, https:\/\/lydenim.com\/wp-content\/uploads\/2025\/05\/Raw-Hem-Jeans-2-150x108.jpg 150w\" sizes=\"auto, (max-width: 600px) 100vw, 600px\" \/><\/p>\n<p data-start=\"80\" data-end=\"511\">Se voc\u00ea est\u00e1 procurando adicionar um toque l\u00fadico e vintage a uma roupa minimalista de garota descolada, combine <em data-start=\"101\" data-end=\"116\">jeans com bainha crua<\/em> Com uma camisola ou uma blusa elegante, a combina\u00e7\u00e3o fica perfeita instantaneamente. Esta combina\u00e7\u00e3o descomplicada mistura o charme retr\u00f4 com um toque moderno \u2014 perfeita para se destacar, mantendo o estilo chique e discreto.<img loading=\"lazy\" decoding=\"async\" class=\"aligncenter wp-image-5073\" src=\"https:\/\/lydenim.com\/wp-content\/uploads\/2025\/05\/Raw-Hem-Jeans-3.jpg\" alt=\"\" width=\"600\" height=\"857\" srcset=\"https:\/\/lydenim.com\/wp-content\/uploads\/2025\/05\/Raw-Hem-Jeans-3.jpg 648w, https:\/\/lydenim.com\/wp-content\/uploads\/2025\/05\/Raw-Hem-Jeans-3-210x300.jpg 210w, https:\/\/lydenim.com\/wp-content\/uploads\/2025\/05\/Raw-Hem-Jeans-3-8x12.jpg 8w, https:\/\/lydenim.com\/wp-content\/uploads\/2025\/05\/Raw-Hem-Jeans-3-600x857.jpg 600w, https:\/\/lydenim.com\/wp-content\/uploads\/2025\/05\/Raw-Hem-Jeans-3-150x214.jpg 150w\" sizes=\"auto, (max-width: 600px) 100vw, 600px\" \/><\/p>\n<p data-start=\"80\" data-end=\"511\">No auge do ver\u00e3o, combinar uma blusa tomara que caia com uma cal\u00e7a jeans de bainha crua cria o equil\u00edbrio perfeito entre feminilidade rom\u00e2ntica e sofistica\u00e7\u00e3o natural. <em data-start=\"167\" data-end=\"178\">f\u00e1cil-chique<\/em> a combina\u00e7\u00e3o mistura um charme suave com um visual descontra\u00eddo e elegante, ideal para dias quentes, quando voc\u00ea quer ter um visual elegante sem se esfor\u00e7ar muito.<img loading=\"lazy\" decoding=\"async\" class=\"aligncenter wp-image-5074\" src=\"https:\/\/lydenim.com\/wp-content\/uploads\/2025\/05\/Raw-Hem-Jeans-4.jpg\" alt=\"\" width=\"600\" height=\"418\" srcset=\"https:\/\/lydenim.com\/wp-content\/uploads\/2025\/05\/Raw-Hem-Jeans-4.jpg 646w, https:\/\/lydenim.com\/wp-content\/uploads\/2025\/05\/Raw-Hem-Jeans-4-300x209.jpg 300w, https:\/\/lydenim.com\/wp-content\/uploads\/2025\/05\/Raw-Hem-Jeans-4-18x12.jpg 18w, https:\/\/lydenim.com\/wp-content\/uploads\/2025\/05\/Raw-Hem-Jeans-4-600x418.jpg 600w, https:\/\/lydenim.com\/wp-content\/uploads\/2025\/05\/Raw-Hem-Jeans-4-150x104.jpg 150w\" sizes=\"auto, (max-width: 600px) 100vw, 600px\" \/><\/p>\n<h3><strong>4. <a href=\"https:\/\/www.alibaba.com\/product-detail\/European-American-New-Casual-High-Loose_1601408156648.html?spm=a2700.shop_plser.41413.19.30ed353bvqRqFi\">Cal\u00e7a Jeans de Perna Reta<\/a><\/strong><\/h3>\n<p>Quando se trata de jeans elegante e de alto estilo no mundo das tend\u00eancias, <em data-start=\"66\" data-end=\"86\">jeans de perna reta<\/em> s\u00e3o um cl\u00e1ssico ineg\u00e1vel. Com largura uniforme do quadril \u00e0 barra, eles fazem maravilhas para todos os formatos de pernas, criando uma silhueta suave e alongada que, de longe, parece elegante sem esfor\u00e7o. Oferecendo uma mistura perfeita de eleg\u00e2ncia, frescor e charme descontra\u00eddo, s\u00e3o f\u00e1ceis de combinar e combinam com praticamente qualquer pessoa. Quanto mais vintage, mais atemporal \u2014 apenas um \u00f3timo par \u00e9 suficiente para conquistar qualquer momento de street style.<img loading=\"lazy\" decoding=\"async\" class=\"aligncenter wp-image-5079\" src=\"https:\/\/lydenim.com\/wp-content\/uploads\/2025\/05\/Straight-Leg-Jeans.jpg\" alt=\"\" width=\"600\" height=\"423\" srcset=\"https:\/\/lydenim.com\/wp-content\/uploads\/2025\/05\/Straight-Leg-Jeans.jpg 650w, https:\/\/lydenim.com\/wp-content\/uploads\/2025\/05\/Straight-Leg-Jeans-300x211.jpg 300w, https:\/\/lydenim.com\/wp-content\/uploads\/2025\/05\/Straight-Leg-Jeans-18x12.jpg 18w, https:\/\/lydenim.com\/wp-content\/uploads\/2025\/05\/Straight-Leg-Jeans-600x423.jpg 600w, https:\/\/lydenim.com\/wp-content\/uploads\/2025\/05\/Straight-Leg-Jeans-150x106.jpg 150w\" sizes=\"auto, (max-width: 600px) 100vw, 600px\" \/><\/p>\n<p>Como um dos itens b\u00e1sicos do guarda-roupa, a camiseta se torna ainda mais poderosa quando combinada com jeans retos \u2014 transformando-se instantaneamente em uma ferramenta poderosa para exibir o estilo pessoal. Essa combina\u00e7\u00e3o cl\u00e1ssica proporciona um visual elegante e sofisticado sem esfor\u00e7o e, quando bem estilizada, cria a cobi\u00e7ada ilus\u00e3o de &quot;pernas para o dia a dia&quot; com uma silhueta elegante e alongada. O resultado? Um look moderno e inegavelmente descolado.<img loading=\"lazy\" decoding=\"async\" class=\"aligncenter wp-image-5076\" src=\"https:\/\/lydenim.com\/wp-content\/uploads\/2025\/05\/Straight-Leg-Jeans-2.jpg\" alt=\"\" width=\"600\" height=\"427\" srcset=\"https:\/\/lydenim.com\/wp-content\/uploads\/2025\/05\/Straight-Leg-Jeans-2.jpg 652w, https:\/\/lydenim.com\/wp-content\/uploads\/2025\/05\/Straight-Leg-Jeans-2-300x213.jpg 300w, https:\/\/lydenim.com\/wp-content\/uploads\/2025\/05\/Straight-Leg-Jeans-2-18x12.jpg 18w, https:\/\/lydenim.com\/wp-content\/uploads\/2025\/05\/Straight-Leg-Jeans-2-600x427.jpg 600w, https:\/\/lydenim.com\/wp-content\/uploads\/2025\/05\/Straight-Leg-Jeans-2-150x107.jpg 150w\" sizes=\"auto, (max-width: 600px) 100vw, 600px\" \/><\/p>\n<p>Se voc\u00ea est\u00e1 se vestindo para o ver\u00e3o com uma camisola como sua pe\u00e7a preferida, <em data-start=\"64\" data-end=\"84\">jeans de perna reta<\/em> Oferecem a silhueta minimalista e estruturada perfeita para equilibrar a suavidade e o charme do visual. O resultado \u00e9 tudo menos comum \u2014 rom\u00e2ntico, refinado e elegante sem esfor\u00e7o, tornando-o um look de destaque para os dias quentes.<img loading=\"lazy\" decoding=\"async\" class=\"aligncenter wp-image-5077\" src=\"https:\/\/lydenim.com\/wp-content\/uploads\/2025\/05\/Straight-Leg-Jeans-3.jpg\" alt=\"\" width=\"600\" height=\"852\" srcset=\"https:\/\/lydenim.com\/wp-content\/uploads\/2025\/05\/Straight-Leg-Jeans-3.jpg 648w, https:\/\/lydenim.com\/wp-content\/uploads\/2025\/05\/Straight-Leg-Jeans-3-211x300.jpg 211w, https:\/\/lydenim.com\/wp-content\/uploads\/2025\/05\/Straight-Leg-Jeans-3-8x12.jpg 8w, https:\/\/lydenim.com\/wp-content\/uploads\/2025\/05\/Straight-Leg-Jeans-3-600x852.jpg 600w, https:\/\/lydenim.com\/wp-content\/uploads\/2025\/05\/Straight-Leg-Jeans-3-150x213.jpg 150w\" sizes=\"auto, (max-width: 600px) 100vw, 600px\" \/><\/p>\n<p>Na d\u00favida sobre o que vestir para o trabalho ou para o dia a dia, a combina\u00e7\u00e3o ideal \u00e9 uma camisa social com bot\u00f5es e jeans reto. Seja uma camisa de linho leve com eleg\u00e2ncia discreta ou uma blusa de cetim com um toque de luxo, essa combina\u00e7\u00e3o valoriza todos os tipos de corpo, criando uma silhueta elegante e alongada que confere um visual elegante e elegante.<img loading=\"lazy\" decoding=\"async\" class=\"aligncenter wp-image-5078\" src=\"https:\/\/lydenim.com\/wp-content\/uploads\/2025\/05\/Straight-Leg-Jeans-4.jpg\" alt=\"\" width=\"600\" height=\"856\" srcset=\"https:\/\/lydenim.com\/wp-content\/uploads\/2025\/05\/Straight-Leg-Jeans-4.jpg 652w, https:\/\/lydenim.com\/wp-content\/uploads\/2025\/05\/Straight-Leg-Jeans-4-210x300.jpg 210w, https:\/\/lydenim.com\/wp-content\/uploads\/2025\/05\/Straight-Leg-Jeans-4-8x12.jpg 8w, https:\/\/lydenim.com\/wp-content\/uploads\/2025\/05\/Straight-Leg-Jeans-4-600x856.jpg 600w, https:\/\/lydenim.com\/wp-content\/uploads\/2025\/05\/Straight-Leg-Jeans-4-150x214.jpg 150w\" sizes=\"auto, (max-width: 600px) 100vw, 600px\" \/><\/p>\n<h3><strong>5. <a href=\"https:\/\/www.alibaba.com\/product-detail\/European-American-High-Waisted-Ripped-Jeans_1601426356638.html?spm=a2700.shop_plser.41413.4.31893efcONiKQF\">Cal\u00e7a jeans flare<\/a><\/strong><\/h3>\n<p>A onda de estilo vintage de inspira\u00e7\u00e3o francesa e eleg\u00e2ncia feminina que se espalha pelo meio do ver\u00e3o deve muito do seu charme a <em data-start=\"120\" data-end=\"134\">jeans boca de sino<\/em>Embora populares h\u00e1 anos, o mundo da moda continua infinitamente apaixonado por elas. Principalmente no ver\u00e3o, quando combinadas com uma blusa fofa ou uma blusa justa, as cal\u00e7as jeans flare exalam uma mistura irresist\u00edvel de charme e beleza \u2014 um visual que chama a aten\u00e7\u00e3o e nunca sai de moda.<img loading=\"lazy\" decoding=\"async\" class=\"aligncenter wp-image-5084\" src=\"https:\/\/lydenim.com\/wp-content\/uploads\/2025\/05\/Flared-Jeans.jpg\" alt=\"\" width=\"600\" height=\"1022\" srcset=\"https:\/\/lydenim.com\/wp-content\/uploads\/2025\/05\/Flared-Jeans.jpg 646w, https:\/\/lydenim.com\/wp-content\/uploads\/2025\/05\/Flared-Jeans-176x300.jpg 176w, https:\/\/lydenim.com\/wp-content\/uploads\/2025\/05\/Flared-Jeans-601x1024.jpg 601w, https:\/\/lydenim.com\/wp-content\/uploads\/2025\/05\/Flared-Jeans-7x12.jpg 7w, https:\/\/lydenim.com\/wp-content\/uploads\/2025\/05\/Flared-Jeans-600x1022.jpg 600w, https:\/\/lydenim.com\/wp-content\/uploads\/2025\/05\/Flared-Jeans-150x255.jpg 150w\" sizes=\"auto, (max-width: 600px) 100vw, 600px\" \/><\/p>\n<p>Ao contr\u00e1rio dos estilos sutis e largos que dominaram nos \u00faltimos anos, 2025 marca o retorno ousado de <em data-start=\"96\" data-end=\"133\">jeans largos estilo boca de sino inspirados nos anos 70<\/em>. Com flares dram\u00e1ticos e atitude vintage, essas cal\u00e7as marcantes canalizam toda a energia retr\u00f4, trazendo de volta o glamour, a liberdade e o estilo daquela era ic\u00f4nica com um toque moderno.<img loading=\"lazy\" decoding=\"async\" class=\"aligncenter wp-image-5080\" src=\"https:\/\/lydenim.com\/wp-content\/uploads\/2025\/05\/Flared-Jeans-2.jpg\" alt=\"\" width=\"600\" height=\"458\" srcset=\"https:\/\/lydenim.com\/wp-content\/uploads\/2025\/05\/Flared-Jeans-2.jpg 644w, https:\/\/lydenim.com\/wp-content\/uploads\/2025\/05\/Flared-Jeans-2-300x229.jpg 300w, https:\/\/lydenim.com\/wp-content\/uploads\/2025\/05\/Flared-Jeans-2-16x12.jpg 16w, https:\/\/lydenim.com\/wp-content\/uploads\/2025\/05\/Flared-Jeans-2-600x458.jpg 600w, https:\/\/lydenim.com\/wp-content\/uploads\/2025\/05\/Flared-Jeans-2-150x115.jpg 150w\" sizes=\"auto, (max-width: 600px) 100vw, 600px\" \/><\/p>\n<p>Esses <em data-start=\"6\" data-end=\"25\">jeans boca de sino<\/em> n\u00e3o s\u00f3 d\u00e3o vida ao estilo retr\u00f4 moderno, como tamb\u00e9m criam a ilus\u00e3o de pernas longas e esbeltas a cada passo. Seu corte dram\u00e1tico adiciona um charme din\u00e2mico e vintage, fazendo com que cada movimento pare\u00e7a uma refer\u00eancia ao passado glamoroso, sem deixar de ter um visual moderno e moderno.<img loading=\"lazy\" decoding=\"async\" class=\"aligncenter wp-image-5081\" src=\"https:\/\/lydenim.com\/wp-content\/uploads\/2025\/05\/Flared-Jeans-3.jpg\" alt=\"\" width=\"600\" height=\"450\" srcset=\"https:\/\/lydenim.com\/wp-content\/uploads\/2025\/05\/Flared-Jeans-3.jpg 650w, https:\/\/lydenim.com\/wp-content\/uploads\/2025\/05\/Flared-Jeans-3-300x225.jpg 300w, https:\/\/lydenim.com\/wp-content\/uploads\/2025\/05\/Flared-Jeans-3-16x12.jpg 16w, https:\/\/lydenim.com\/wp-content\/uploads\/2025\/05\/Flared-Jeans-3-600x450.jpg 600w, https:\/\/lydenim.com\/wp-content\/uploads\/2025\/05\/Flared-Jeans-3-150x113.jpg 150w\" sizes=\"auto, (max-width: 600px) 100vw, 600px\" \/><\/p>\n<p>O design exclusivo da bainha de <em data-start=\"25\" data-end=\"44\">jeans boca de sino<\/em>, em contraste com outros estilos de cal\u00e7as, cria uma silhueta marcante que lembra um passeio pelas ruas de Paris. Combinada com uma blusa de n\u00f3, esta combina\u00e7\u00e3o exala eleg\u00e2ncia e um toque de ousadia \u2014 combinando perfeitamente suavidade e for\u00e7a para um visual chique sem esfor\u00e7o e poderosamente feminino.<img loading=\"lazy\" decoding=\"async\" class=\"aligncenter wp-image-5082\" src=\"https:\/\/lydenim.com\/wp-content\/uploads\/2025\/05\/Flared-Jeans-4.jpg\" alt=\"\" width=\"600\" height=\"446\" srcset=\"https:\/\/lydenim.com\/wp-content\/uploads\/2025\/05\/Flared-Jeans-4.jpg 648w, https:\/\/lydenim.com\/wp-content\/uploads\/2025\/05\/Flared-Jeans-4-300x223.jpg 300w, https:\/\/lydenim.com\/wp-content\/uploads\/2025\/05\/Flared-Jeans-4-16x12.jpg 16w, https:\/\/lydenim.com\/wp-content\/uploads\/2025\/05\/Flared-Jeans-4-600x446.jpg 600w, https:\/\/lydenim.com\/wp-content\/uploads\/2025\/05\/Flared-Jeans-4-150x112.jpg 150w\" sizes=\"auto, (max-width: 600px) 100vw, 600px\" \/><\/p>\n<p>Emparelhamento <em data-start=\"8\" data-end=\"27\">jeans boca de sino<\/em> Usar com uma camiseta \u00e9 algo completamente natural, combinando sem esfor\u00e7o uma vibe rica e art\u00edstica do campo com um toque de descontra\u00e7\u00e3o e descontra\u00e7\u00e3o. O resultado \u00e9 um look cheio de personalidade e estilo, perfeito para o dia a dia. Seja com sand\u00e1lias ou sapatilhas, essa combina\u00e7\u00e3o eleva seu charme do dia a dia e garante que voc\u00ea se destaque com uma sofistica\u00e7\u00e3o discreta.<img loading=\"lazy\" decoding=\"async\" class=\"aligncenter wp-image-5083\" src=\"https:\/\/lydenim.com\/wp-content\/uploads\/2025\/05\/Flared-Jeans-5.jpg\" alt=\"\" width=\"600\" height=\"865\" srcset=\"https:\/\/lydenim.com\/wp-content\/uploads\/2025\/05\/Flared-Jeans-5.jpg 634w, https:\/\/lydenim.com\/wp-content\/uploads\/2025\/05\/Flared-Jeans-5-208x300.jpg 208w, https:\/\/lydenim.com\/wp-content\/uploads\/2025\/05\/Flared-Jeans-5-8x12.jpg 8w, https:\/\/lydenim.com\/wp-content\/uploads\/2025\/05\/Flared-Jeans-5-600x865.jpg 600w, https:\/\/lydenim.com\/wp-content\/uploads\/2025\/05\/Flared-Jeans-5-150x216.jpg 150w\" sizes=\"auto, (max-width: 600px) 100vw, 600px\" \/><\/p>\n<p>Curtiu as tend\u00eancias de jeans mais quentes de 2025? Se voc\u00ea tem ideias de design exclusivas esperando para serem concretizadas, a equipe da Lydenim est\u00e1 aqui para ajudar! Visite\u00a0<a href=\"https:\/\/lydenim.com\/pt\/\" target=\"_blank\" rel=\"noopener noreferrer\">lydenim.com<\/a> ou <a href=\"https:\/\/liangyuantextile.m.en.alibaba.com\/productgrouplist-940152605-1\/Women_s_jeans.html?filter=all&amp;spm=a2700.shop_plser.41413.dbtmnavgo\">LYDENIM<\/a> envie-nos um e-mail para <a href=\"https:\/\/mailto:malone@lydenim.com\/pt\/\" target=\"_blank\" rel=\"noopener noreferrer\">malone@lydenim.com<\/a>\u00a0\u2013 vamos criar magia juntos!<\/p>\n<h3 dir=\"auto\">Servi\u00e7os de personaliza\u00e7\u00e3o da LYDENIM<\/h3>\n<p dir=\"auto\">\ud83c\udfa8 Quero <strong>tecidos jeans personalizados<\/strong> ou\u00a0 <strong>exclusivo<\/strong> <strong>pe\u00e7a jeans personalizada<\/strong>? A LYDENIM \u00e9 especializada em solu\u00e7\u00f5es personalizadas para atender \u00e0s suas necessidades de design e produ\u00e7\u00e3o.<\/p>\n<p dir=\"auto\">\ud83d\udecd\ufe0f <strong>Explore e inspire-se<\/strong>: Navegue por nossas sele\u00e7\u00f5es de tecidos e descubra ideias de design em <a href=\"https:\/\/lydenim.com\/pt\/\" target=\"_blank\" rel=\"noopener noreferrer nofollow\">LYDenim<\/a>.<\/p>\n<p dir=\"auto\">\ud83c\udf10 <strong>Roupas el\u00e1sticas<\/strong>: Confira nossas ofertas em <a href=\"http:\/\/liangyuantextile.m.en.alibaba.com\" target=\"_blank\" rel=\"noopener noreferrer nofollow\">MeuAlibaba<\/a>. \ud83d\udce9 <strong>Contate-nos<\/strong>: Entre em contato em <a href=\"mailto:malone@lydenim.com\" target=\"_blank\" rel=\"noopener noreferrer nofollow\">malone@lydenim.com<\/a>.<\/p>\n<p dir=\"auto\">Crie sua obra-prima de jeans com LYDENIM - seu parceiro de confian\u00e7a para <strong>tecido el\u00e1stico<\/strong> e <strong>solu\u00e7\u00f5es personalizadas de jeans<\/strong>.<\/p>","protected":false},"excerpt":{"rendered":"<p>Tempo estimado de leitura: ~6 minutos Introdu\u00e7\u00e3o As tend\u00eancias jeans da primavera\/ver\u00e3o 2025 chegaram discretamente. Enquanto uma suave brisa de ver\u00e3o sopra<\/p>","protected":false},"author":1,"featured_media":5086,"comment_status":"open","ping_status":"open","sticky":false,"template":"","format":"standard","meta":{"two_page_speed":[],"footnotes":""},"categories":[67],"tags":[],"class_list":["post-5060","post","type-post","status-publish","format-standard","has-post-thumbnail","hentry","category-market"],"aioseo_notices":[],"_links":{"self":[{"href":"https:\/\/lydenim.com\/pt\/wp-json\/wp\/v2\/posts\/5060","targetHints":{"allow":["GET"]}}],"collection":[{"href":"https:\/\/lydenim.com\/pt\/wp-json\/wp\/v2\/posts"}],"about":[{"href":"https:\/\/lydenim.com\/pt\/wp-json\/wp\/v2\/types\/post"}],"author":[{"embeddable":true,"href":"https:\/\/lydenim.com\/pt\/wp-json\/wp\/v2\/users\/1"}],"replies":[{"embeddable":true,"href":"https:\/\/lydenim.com\/pt\/wp-json\/wp\/v2\/comments?post=5060"}],"version-history":[{"count":4,"href":"https:\/\/lydenim.com\/pt\/wp-json\/wp\/v2\/posts\/5060\/revisions"}],"predecessor-version":[{"id":6298,"href":"https:\/\/lydenim.com\/pt\/wp-json\/wp\/v2\/posts\/5060\/revisions\/6298"}],"wp:featuredmedia":[{"embeddable":true,"href":"https:\/\/lydenim.com\/pt\/wp-json\/wp\/v2\/media\/5086"}],"wp:attachment":[{"href":"https:\/\/lydenim.com\/pt\/wp-json\/wp\/v2\/media?parent=5060"}],"wp:term":[{"taxonomy":"category","embeddable":true,"href":"https:\/\/lydenim.com\/pt\/wp-json\/wp\/v2\/categories?post=5060"},{"taxonomy":"post_tag","embeddable":true,"href":"https:\/\/lydenim.com\/pt\/wp-json\/wp\/v2\/tags?post=5060"}],"curies":[{"name":"wp","href":"https:\/\/api.w.org\/{rel}","templated":true}]}}