{"id":5089,"date":"2025-05-13T11:40:17","date_gmt":"2025-05-13T03:40:17","guid":{"rendered":"https:\/\/lydenim.com\/?p=5089"},"modified":"2025-08-24T13:07:55","modified_gmt":"2025-08-24T05:07:55","slug":"denim-highlights-from-fw2025-2026-runways","status":"publish","type":"post","link":"https:\/\/lydenim.com\/pt\/destaques-do-jeans-nas-passarelas-do-inverno-2025-2026\/","title":{"rendered":"Destaques do jeans nas passarelas do inverno 2025-2026"},"content":{"rendered":"<h3 data-pm-slice=\"1 1 []\">Tempo estimado de leitura: ~5 minutos<\/h3>\n<h3><strong>Simone Rocha<\/strong><\/h3>\n<p>Nesta temporada, a marca se inspirou em &quot;um conto de fadas sombrio de tartarugas, lebres e uma nostalgia inesquec\u00edvel&quot;, gerando uma onda de conjuntos impar\u00e1veis em preto-tinta. O jeans foi sobreposto a couro, metal e p\u00e9rolas, criando texturas ricas e contrastes l\u00fadicos.<\/p>\n<div id=\"attachment_5090\" style=\"width: 610px\" class=\"wp-caption aligncenter\"><img loading=\"lazy\" decoding=\"async\" aria-describedby=\"caption-attachment-5090\" class=\"wp-image-5090\" src=\"https:\/\/lydenim.com\/wp-content\/uploads\/2025\/05\/IMG_5561-scaled.jpg\" alt=\"Simone Rocha\" width=\"600\" height=\"799\" srcset=\"https:\/\/lydenim.com\/wp-content\/uploads\/2025\/05\/IMG_5561-scaled.jpg 1922w, https:\/\/lydenim.com\/wp-content\/uploads\/2025\/05\/IMG_5561-225x300.jpg 225w, https:\/\/lydenim.com\/wp-content\/uploads\/2025\/05\/IMG_5561-769x1024.jpg 769w, https:\/\/lydenim.com\/wp-content\/uploads\/2025\/05\/IMG_5561-768x1023.jpg 768w, https:\/\/lydenim.com\/wp-content\/uploads\/2025\/05\/IMG_5561-1153x1536.jpg 1153w, https:\/\/lydenim.com\/wp-content\/uploads\/2025\/05\/IMG_5561-1537x2048.jpg 1537w, https:\/\/lydenim.com\/wp-content\/uploads\/2025\/05\/IMG_5561-9x12.jpg 9w, https:\/\/lydenim.com\/wp-content\/uploads\/2025\/05\/IMG_5561-600x799.jpg 600w, https:\/\/lydenim.com\/wp-content\/uploads\/2025\/05\/IMG_5561-150x200.jpg 150w\" sizes=\"auto, (max-width: 600px) 100vw, 600px\" \/><p id=\"caption-attachment-5090\" class=\"wp-caption-text\">Simone Rocha<\/p><\/div>\n<h3><strong>Versace<\/strong><\/h3>\n<p>A cole\u00e7\u00e3o foi impulsionada pelos c\u00f3digos est\u00e9ticos caracter\u00edsticos da Versace \u2014 pense nos modelos de ombros \u00e0 mostra do desfile de alta-costura de 1997 e na precis\u00e3o dos figurinos de bal\u00e9, com corseteria e saias opulentas. Motivos ic\u00f4nicos apareciam por toda parte: costurados em espartilhos, bordados em bolsos no peito, tecidos em saias de cota de malha e combinados com saias de seda. O destaque? Cal\u00e7as jeans adornadas com bordados intrincados e suntuosos.<\/p>\n<div id=\"attachment_5091\" style=\"width: 610px\" class=\"wp-caption aligncenter\"><img loading=\"lazy\" decoding=\"async\" aria-describedby=\"caption-attachment-5091\" class=\"wp-image-5091\" src=\"https:\/\/lydenim.com\/wp-content\/uploads\/2025\/05\/IMG_5562-scaled.jpg\" alt=\"Versace\" width=\"600\" height=\"799\" srcset=\"https:\/\/lydenim.com\/wp-content\/uploads\/2025\/05\/IMG_5562-scaled.jpg 1922w, https:\/\/lydenim.com\/wp-content\/uploads\/2025\/05\/IMG_5562-225x300.jpg 225w, https:\/\/lydenim.com\/wp-content\/uploads\/2025\/05\/IMG_5562-769x1024.jpg 769w, https:\/\/lydenim.com\/wp-content\/uploads\/2025\/05\/IMG_5562-768x1023.jpg 768w, https:\/\/lydenim.com\/wp-content\/uploads\/2025\/05\/IMG_5562-1153x1536.jpg 1153w, https:\/\/lydenim.com\/wp-content\/uploads\/2025\/05\/IMG_5562-1537x2048.jpg 1537w, https:\/\/lydenim.com\/wp-content\/uploads\/2025\/05\/IMG_5562-9x12.jpg 9w, https:\/\/lydenim.com\/wp-content\/uploads\/2025\/05\/IMG_5562-600x799.jpg 600w, https:\/\/lydenim.com\/wp-content\/uploads\/2025\/05\/IMG_5562-150x200.jpg 150w\" sizes=\"auto, (max-width: 600px) 100vw, 600px\" \/><p id=\"caption-attachment-5091\" class=\"wp-caption-text\">Versace<\/p><\/div>\n<h3><strong>Louis Vuitton<\/strong><\/h3>\n<p>O desfile de inverno 2025-2026 da Louis Vuitton desenrolou-se com a precis\u00e3o r\u00edtmica de um trem chegando \u00e0 esta\u00e7\u00e3o \u2014 onde tempo, emo\u00e7\u00e3o e estilo convergiram em uma homenagem nost\u00e1lgica \u00e0 era de ouro das viagens. Nesta temporada, a marca teceu uma narrativa complexa que conecta passado e futuro, oferecendo uma medita\u00e7\u00e3o po\u00e9tica sobre movimento, mem\u00f3ria e modernidade. As pe\u00e7as em jeans apresentaram silhuetas elegantes, com tons cl\u00e1ssicos e terrosos.<\/p>\n<div id=\"attachment_5092\" style=\"width: 610px\" class=\"wp-caption aligncenter\"><img loading=\"lazy\" decoding=\"async\" aria-describedby=\"caption-attachment-5092\" class=\"wp-image-5092\" src=\"https:\/\/lydenim.com\/wp-content\/uploads\/2025\/05\/IMG_5563-scaled.jpg\" alt=\"Louis Vuitton\" width=\"600\" height=\"799\" srcset=\"https:\/\/lydenim.com\/wp-content\/uploads\/2025\/05\/IMG_5563-scaled.jpg 1922w, https:\/\/lydenim.com\/wp-content\/uploads\/2025\/05\/IMG_5563-225x300.jpg 225w, https:\/\/lydenim.com\/wp-content\/uploads\/2025\/05\/IMG_5563-769x1024.jpg 769w, https:\/\/lydenim.com\/wp-content\/uploads\/2025\/05\/IMG_5563-768x1023.jpg 768w, https:\/\/lydenim.com\/wp-content\/uploads\/2025\/05\/IMG_5563-1153x1536.jpg 1153w, https:\/\/lydenim.com\/wp-content\/uploads\/2025\/05\/IMG_5563-1537x2048.jpg 1537w, https:\/\/lydenim.com\/wp-content\/uploads\/2025\/05\/IMG_5563-9x12.jpg 9w, https:\/\/lydenim.com\/wp-content\/uploads\/2025\/05\/IMG_5563-600x799.jpg 600w, https:\/\/lydenim.com\/wp-content\/uploads\/2025\/05\/IMG_5563-150x200.jpg 150w\" sizes=\"auto, (max-width: 600px) 100vw, 600px\" \/><p id=\"caption-attachment-5092\" class=\"wp-caption-text\">Louis Vuitton<\/p><\/div>\n<h3><strong>Chanel<\/strong><\/h3>\n<p>A cole\u00e7\u00e3o reinventou os c\u00f3digos estil\u00edsticos da maison com um charme on\u00edrico, refletido em detalhes requintados que incitaram um di\u00e1logo entre tradi\u00e7\u00e3o e inova\u00e7\u00e3o. Um destaque especial? Tr\u00eas conjuntos de jeans com efeito degrad\u00ea, cada um combinando materiais diferentes, que rapidamente se tornaram um grande assunto.<\/p>\n<div id=\"attachment_5093\" style=\"width: 610px\" class=\"wp-caption aligncenter\"><img loading=\"lazy\" decoding=\"async\" aria-describedby=\"caption-attachment-5093\" class=\"wp-image-5093\" src=\"https:\/\/lydenim.com\/wp-content\/uploads\/2025\/05\/IMG_5564-scaled.jpg\" alt=\"Chanel\" width=\"600\" height=\"799\" srcset=\"https:\/\/lydenim.com\/wp-content\/uploads\/2025\/05\/IMG_5564-scaled.jpg 1922w, https:\/\/lydenim.com\/wp-content\/uploads\/2025\/05\/IMG_5564-225x300.jpg 225w, https:\/\/lydenim.com\/wp-content\/uploads\/2025\/05\/IMG_5564-769x1024.jpg 769w, https:\/\/lydenim.com\/wp-content\/uploads\/2025\/05\/IMG_5564-768x1023.jpg 768w, https:\/\/lydenim.com\/wp-content\/uploads\/2025\/05\/IMG_5564-1153x1536.jpg 1153w, https:\/\/lydenim.com\/wp-content\/uploads\/2025\/05\/IMG_5564-1537x2048.jpg 1537w, https:\/\/lydenim.com\/wp-content\/uploads\/2025\/05\/IMG_5564-9x12.jpg 9w, https:\/\/lydenim.com\/wp-content\/uploads\/2025\/05\/IMG_5564-600x799.jpg 600w, https:\/\/lydenim.com\/wp-content\/uploads\/2025\/05\/IMG_5564-150x200.jpg 150w\" sizes=\"auto, (max-width: 600px) 100vw, 600px\" \/><p id=\"caption-attachment-5093\" class=\"wp-caption-text\">Chanel<\/p><\/div>\n<h3 dir=\"auto\">Servi\u00e7os de personaliza\u00e7\u00e3o da LYDENIM<\/h3>\n<p dir=\"auto\">\ud83c\udfa8 Quero <strong>tecidos jeans personalizados<\/strong> ou\u00a0 <strong>exclusivo<\/strong> <strong>pe\u00e7a jeans personalizada<\/strong>? A LYDENIM \u00e9 especializada em solu\u00e7\u00f5es personalizadas para atender \u00e0s suas necessidades de design e produ\u00e7\u00e3o.<\/p>\n<p dir=\"auto\">\ud83d\udecd\ufe0f <strong>Explore e inspire-se<\/strong>: Navegue por nossas sele\u00e7\u00f5es de tecidos e descubra ideias de design em <a href=\"https:\/\/lydenim.com\/pt\/\" target=\"_blank\" rel=\"noopener noreferrer nofollow\">LYDenim<\/a>.<\/p>\n<p dir=\"auto\">\ud83c\udf10 <strong>Roupas el\u00e1sticas<\/strong>: Confira nossas ofertas em <a href=\"http:\/\/liangyuantextile.m.en.alibaba.com\" target=\"_blank\" rel=\"noopener noreferrer nofollow\">MeuAlibaba<\/a>. \ud83d\udce9 <strong>Contate-nos<\/strong>: Entre em contato em <a href=\"mailto:malone@lydenim.com\" target=\"_blank\" rel=\"noopener noreferrer nofollow\">malone@lydenim.com<\/a>.<\/p>\n<p dir=\"auto\">Crie sua obra-prima de jeans com LYDENIM - seu parceiro de confian\u00e7a para <strong>tecido el\u00e1stico<\/strong> e <strong>solu\u00e7\u00f5es personalizadas de jeans<\/strong>.<\/p>","protected":false},"excerpt":{"rendered":"<p>Tempo estimado de leitura: ~5 minutos Simone Rocha Nesta temporada, a marca se inspirou em \u201cum conto de fadas sombrio de tartarugas,<\/p>","protected":false},"author":1,"featured_media":5094,"comment_status":"open","ping_status":"open","sticky":false,"template":"","format":"standard","meta":{"two_page_speed":[],"footnotes":""},"categories":[64],"tags":[],"class_list":["post-5089","post","type-post","status-publish","format-standard","has-post-thumbnail","hentry","category-summer"],"aioseo_notices":[],"_links":{"self":[{"href":"https:\/\/lydenim.com\/pt\/wp-json\/wp\/v2\/posts\/5089","targetHints":{"allow":["GET"]}}],"collection":[{"href":"https:\/\/lydenim.com\/pt\/wp-json\/wp\/v2\/posts"}],"about":[{"href":"https:\/\/lydenim.com\/pt\/wp-json\/wp\/v2\/types\/post"}],"author":[{"embeddable":true,"href":"https:\/\/lydenim.com\/pt\/wp-json\/wp\/v2\/users\/1"}],"replies":[{"embeddable":true,"href":"https:\/\/lydenim.com\/pt\/wp-json\/wp\/v2\/comments?post=5089"}],"version-history":[{"count":3,"href":"https:\/\/lydenim.com\/pt\/wp-json\/wp\/v2\/posts\/5089\/revisions"}],"predecessor-version":[{"id":6300,"href":"https:\/\/lydenim.com\/pt\/wp-json\/wp\/v2\/posts\/5089\/revisions\/6300"}],"wp:featuredmedia":[{"embeddable":true,"href":"https:\/\/lydenim.com\/pt\/wp-json\/wp\/v2\/media\/5094"}],"wp:attachment":[{"href":"https:\/\/lydenim.com\/pt\/wp-json\/wp\/v2\/media?parent=5089"}],"wp:term":[{"taxonomy":"category","embeddable":true,"href":"https:\/\/lydenim.com\/pt\/wp-json\/wp\/v2\/categories?post=5089"},{"taxonomy":"post_tag","embeddable":true,"href":"https:\/\/lydenim.com\/pt\/wp-json\/wp\/v2\/tags?post=5089"}],"curies":[{"name":"wp","href":"https:\/\/api.w.org\/{rel}","templated":true}]}}