{"id":5108,"date":"2025-05-15T16:41:31","date_gmt":"2025-05-15T08:41:31","guid":{"rendered":"https:\/\/lydenim.com\/?p=5108"},"modified":"2025-08-24T13:09:32","modified_gmt":"2025-08-24T05:09:32","slug":"what-is-a-colored-jacquard-denim","status":"publish","type":"post","link":"https:\/\/lydenim.com\/pt\/o-que-e-um-jeans-jacquard-colorido\/","title":{"rendered":"O que \u00e9 um jeans jacquard colorido?"},"content":{"rendered":"<h2 class=\"\" data-start=\"2476\" data-end=\"2517\">Tempo estimado de leitura: \uff5e3 minutos<\/h2>\n<h2 class=\"\" data-start=\"2519\" data-end=\"2536\">Introdu\u00e7\u00e3o<\/h2>\n<p class=\"\" data-start=\"2537\" data-end=\"2951\">A ind\u00fastria t\u00eaxtil e da moda depende de tecidos para estabelecer padr\u00f5es e escolhas de estilo. Designers e consumidores agora se concentram no denim Jacquard colorido, que une m\u00e9todos de tecelagem cl\u00e1ssicos com esquemas de cores contempor\u00e2neos. Este artigo explora a defini\u00e7\u00e3o de denim Jacquard e as inova\u00e7\u00f5es em denim Jacquard colorido, bem como os produtos LY Denim e sua rela\u00e7\u00e3o com as tend\u00eancias da moda moderna.<\/p>\n<div id=\"attachment_3986\" style=\"width: 810px\" class=\"wp-caption aligncenter\"><img loading=\"lazy\" decoding=\"async\" aria-describedby=\"caption-attachment-3986\" class=\"wp-image-3986\" src=\"https:\/\/lydenim.com\/wp-content\/uploads\/2025\/03\/IMG_4210.jpg\" alt=\"Jacquard\" width=\"800\" height=\"375\" srcset=\"https:\/\/lydenim.com\/wp-content\/uploads\/2025\/03\/IMG_4210.jpg 1181w, https:\/\/lydenim.com\/wp-content\/uploads\/2025\/03\/IMG_4210-300x140.jpg 300w, https:\/\/lydenim.com\/wp-content\/uploads\/2025\/03\/IMG_4210-1024x479.jpg 1024w, https:\/\/lydenim.com\/wp-content\/uploads\/2025\/03\/IMG_4210-768x360.jpg 768w, https:\/\/lydenim.com\/wp-content\/uploads\/2025\/03\/IMG_4210-18x8.jpg 18w, https:\/\/lydenim.com\/wp-content\/uploads\/2025\/03\/IMG_4210-600x281.jpg 600w, https:\/\/lydenim.com\/wp-content\/uploads\/2025\/03\/IMG_4210-150x70.jpg 150w\" sizes=\"auto, (max-width: 800px) 100vw, 800px\" \/><p id=\"caption-attachment-3986\" class=\"wp-caption-text\">Jacquard<\/p><\/div>\n<h2 class=\"\" data-start=\"2958\" data-end=\"2993\">O que \u00e9 Jacquard Denim<\/h2>\n<ul data-start=\"2994\" data-end=\"4255\">\n<li class=\"\" data-start=\"2994\" data-end=\"3183\">\n<p class=\"\" data-start=\"2996\" data-end=\"3183\"><strong data-start=\"2996\" data-end=\"3007\">Origens<\/strong><br data-start=\"3007\" data-end=\"3010\" \/>Em 1804, o tecel\u00e3o franc\u00eas <a href=\"https:\/\/en.wikipedia.org\/wiki\/Jacquard_machine\">Jos\u00e9 Maria Jacquard<\/a> criou o sistema de tecelagem Jacquard. Sua tecnologia de tecelagem automatizada, por meio de m\u00e1quinas de cart\u00f5es perfurados, transformou a produ\u00e7\u00e3o de padr\u00f5es complexos.<\/p>\n<p><div id=\"attachment_5112\" style=\"width: 610px\" class=\"wp-caption aligncenter\"><img loading=\"lazy\" decoding=\"async\" aria-describedby=\"caption-attachment-5112\" class=\"wp-image-5112\" src=\"https:\/\/lydenim.com\/wp-content\/uploads\/2025\/05\/Joseph-Marie-Jacquard.jpg\" alt=\"Jos\u00e9 Maria Jacquard\" width=\"600\" height=\"905\" srcset=\"https:\/\/lydenim.com\/wp-content\/uploads\/2025\/05\/Joseph-Marie-Jacquard.jpg 500w, https:\/\/lydenim.com\/wp-content\/uploads\/2025\/05\/Joseph-Marie-Jacquard-199x300.jpg 199w, https:\/\/lydenim.com\/wp-content\/uploads\/2025\/05\/Joseph-Marie-Jacquard-8x12.jpg 8w, https:\/\/lydenim.com\/wp-content\/uploads\/2025\/05\/Joseph-Marie-Jacquard-150x226.jpg 150w\" sizes=\"auto, (max-width: 600px) 100vw, 600px\" \/><p id=\"caption-attachment-5112\" class=\"wp-caption-text\">Jos\u00e9 Maria Jacquard<\/p><\/div><\/li>\n<li class=\"\" data-start=\"3184\" data-end=\"3414\">\n<p class=\"\" data-start=\"3186\" data-end=\"3414\"><strong data-start=\"3186\" data-end=\"3207\">Defini\u00e7\u00e3o de Tecido<\/strong><br data-start=\"3207\" data-end=\"3210\" \/>A t\u00e9cnica de tear Jacquard produz tecidos jeans inovadores, permitindo que os designers criem designs complexos por meio do controle preciso do fio de urdume durante o processo de tecelagem.<\/p>\n<p><div id=\"attachment_5111\" style=\"width: 610px\" class=\"wp-caption aligncenter\"><img loading=\"lazy\" decoding=\"async\" aria-describedby=\"caption-attachment-5111\" class=\"wp-image-5111\" src=\"https:\/\/lydenim.com\/wp-content\/uploads\/2025\/05\/IMG_5648.jpg\" alt=\"M\u00e1quina Jacquard\" width=\"600\" height=\"327\" srcset=\"https:\/\/lydenim.com\/wp-content\/uploads\/2025\/05\/IMG_5648.jpg 1179w, https:\/\/lydenim.com\/wp-content\/uploads\/2025\/05\/IMG_5648-300x164.jpg 300w, https:\/\/lydenim.com\/wp-content\/uploads\/2025\/05\/IMG_5648-1024x558.jpg 1024w, https:\/\/lydenim.com\/wp-content\/uploads\/2025\/05\/IMG_5648-768x419.jpg 768w, https:\/\/lydenim.com\/wp-content\/uploads\/2025\/05\/IMG_5648-18x10.jpg 18w, https:\/\/lydenim.com\/wp-content\/uploads\/2025\/05\/IMG_5648-600x327.jpg 600w, https:\/\/lydenim.com\/wp-content\/uploads\/2025\/05\/IMG_5648-150x82.jpg 150w\" sizes=\"auto, (max-width: 600px) 100vw, 600px\" \/><p id=\"caption-attachment-5111\" class=\"wp-caption-text\">M\u00e1quina Jacquard<\/p><\/div><\/li>\n<li class=\"\" data-start=\"3415\" data-end=\"3636\">\n<p class=\"\" data-start=\"3417\" data-end=\"3636\"><strong data-start=\"3417\" data-end=\"3440\">Caracter\u00edsticas estruturais<\/strong><br data-start=\"3440\" data-end=\"3443\" \/>Um tear Jacquard opera de forma diferente do jeans sarja convencional, pois permite o controle de um \u00fanico fio de urdume, o que produz padr\u00f5es geom\u00e9tricos florais e abstratos decorativos.<\/p>\n<\/li>\n<li class=\"\" data-start=\"3637\" data-end=\"3802\">\n<p class=\"\" data-start=\"3639\" data-end=\"3802\"><strong data-start=\"3639\" data-end=\"3655\">Aplica\u00e7\u00f5es<\/strong><br data-start=\"3655\" data-end=\"3658\" \/>O tecido resultante tem uma qualidade de relevo, adequada para pe\u00e7as de moda de alta qualidade, bem como itens de decora\u00e7\u00e3o para casa, como almofadas e cortinas.<\/p>\n<p><div id=\"attachment_5109\" style=\"width: 610px\" class=\"wp-caption aligncenter\"><img loading=\"lazy\" decoding=\"async\" aria-describedby=\"caption-attachment-5109\" class=\"wp-image-5109\" src=\"https:\/\/lydenim.com\/wp-content\/uploads\/2025\/05\/IMG_5649.jpg\" alt=\"Moda jeans Jacquad\" width=\"600\" height=\"800\" srcset=\"https:\/\/lydenim.com\/wp-content\/uploads\/2025\/05\/IMG_5649.jpg 750w, https:\/\/lydenim.com\/wp-content\/uploads\/2025\/05\/IMG_5649-225x300.jpg 225w, https:\/\/lydenim.com\/wp-content\/uploads\/2025\/05\/IMG_5649-9x12.jpg 9w, https:\/\/lydenim.com\/wp-content\/uploads\/2025\/05\/IMG_5649-600x800.jpg 600w, https:\/\/lydenim.com\/wp-content\/uploads\/2025\/05\/IMG_5649-150x200.jpg 150w\" sizes=\"auto, (max-width: 600px) 100vw, 600px\" \/><p id=\"caption-attachment-5109\" class=\"wp-caption-text\">Moda jeans Jacquad<\/p><\/div><\/li>\n<li class=\"\" data-start=\"3803\" data-end=\"4255\">\n<p class=\"\" data-start=\"3805\" data-end=\"3821\"><strong data-start=\"3805\" data-end=\"3819\">Vantagens<\/strong><\/p>\n<ul data-start=\"3824\" data-end=\"4255\">\n<li class=\"\" data-start=\"3824\" data-end=\"3925\">\n<p class=\"\" data-start=\"3826\" data-end=\"3925\"><strong data-start=\"3826\" data-end=\"3855\">Forte apelo decorativo:<\/strong> Os padr\u00f5es s\u00e3o integrados ao tecido para visuais dur\u00e1veis e v\u00edvidos.<\/p>\n<\/li>\n<li class=\"\" data-start=\"3928\" data-end=\"4007\">\n<p class=\"\" data-start=\"3930\" data-end=\"4007\"><strong data-start=\"3930\" data-end=\"3951\">Sensa\u00e7\u00e3o \u00fanica na m\u00e3o:<\/strong> O processo de tecelagem produz uma superf\u00edcie ricamente texturizada.<\/p>\n<\/li>\n<li class=\"\" data-start=\"4010\" data-end=\"4115\">\n<p class=\"\" data-start=\"4012\" data-end=\"4115\"><strong data-start=\"4012\" data-end=\"4035\">Ampla aplicabilidade:<\/strong> Perfeito para roupas (jaquetas, cal\u00e7as) e decora\u00e7\u00e3o de casa (cortinas, estofados).<\/p>\n<\/li>\n<li class=\"\" data-start=\"4118\" data-end=\"4255\">\n<p class=\"\" data-start=\"4120\" data-end=\"4255\"><strong data-start=\"4120\" data-end=\"4147\">Misturas vers\u00e1teis de fibras:<\/strong> Pode ser feito de algod\u00e3o 100% ou misturas de algod\u00e3o com Lyocel e poli\u00e9ster para diversas possibilidades de padr\u00f5es.<\/p>\n<\/li>\n<\/ul>\n<\/li>\n<\/ul>\n<h2 class=\"\" data-start=\"4262\" data-end=\"4313\">Inova\u00e7\u00f5es em Jeans Jacquard Colorido<\/h2>\n<ul data-start=\"4314\" data-end=\"5132\">\n<li class=\"\" data-start=\"4314\" data-end=\"4486\">\n<p class=\"\" data-start=\"4316\" data-end=\"4486\"><a href=\"https:\/\/lydenim.com\/pt\/tingimento-de-corda\/\"><strong data-start=\"4316\" data-end=\"4337\">Cor e T\u00e9cnica<\/strong><\/a><br data-start=\"4337\" data-end=\"4340\" \/>O desenvolvimento do jeans Jacquard colorido ocorre por meio da tecelagem Jacquard com t\u00e9cnicas avan\u00e7adas de tingimento, que criam tecidos de diversas cores al\u00e9m do jeans azul tradicional.<\/p>\n<\/li>\n<li class=\"\" data-start=\"4487\" data-end=\"4827\">\n<p class=\"\" data-start=\"4489\" data-end=\"4507\"><strong data-start=\"4489\" data-end=\"4505\">Principais caracter\u00edsticas<\/strong><\/p>\n<ul data-start=\"4510\" data-end=\"4827\">\n<li class=\"\" data-start=\"4510\" data-end=\"4610\">\n<p class=\"\" data-start=\"4512\" data-end=\"4610\"><strong data-start=\"4512\" data-end=\"4538\">Diversas op\u00e7\u00f5es de cores:<\/strong> De tons past\u00e9is suaves a cores brilhantes e vibrantes, atendendo a diversas necessidades de design.<\/p>\n<\/li>\n<li class=\"\" data-start=\"4613\" data-end=\"4705\">\n<p class=\"\" data-start=\"4615\" data-end=\"4705\"><strong data-start=\"4615\" data-end=\"4638\">Flexibilidade de design:<\/strong> Fus\u00e3o perfeita de padr\u00f5es e cores para itens de moda exclusivos.<\/p>\n<\/li>\n<li class=\"\" data-start=\"4708\" data-end=\"4827\">\n<p class=\"\" data-start=\"4710\" data-end=\"4827\"><strong data-start=\"4710\" data-end=\"4731\">Processos modernos:<\/strong> Utiliza corantes ecol\u00f3gicos e fibras sustent\u00e1veis (por exemplo, Lyocel) para atender \u00e0s demandas atuais do mercado.<\/p>\n<\/li>\n<\/ul>\n<\/li>\n<li class=\"\" data-start=\"4828\" data-end=\"5132\">\n<p class=\"\" data-start=\"4830\" data-end=\"4850\"><strong data-start=\"4830\" data-end=\"4848\">M\u00e9todos de tingimento<\/strong><\/p>\n<ul data-start=\"4853\" data-end=\"5132\">\n<li class=\"\" data-start=\"4853\" data-end=\"4930\">\n<p class=\"\" data-start=\"4855\" data-end=\"4930\"><strong data-start=\"4855\" data-end=\"4872\">Tingimento de pe\u00e7as:<\/strong> Tingimento de todo o tecido ap\u00f3s a tecelagem para obter tons uniformes.<\/p>\n<\/li>\n<li class=\"\" data-start=\"4933\" data-end=\"5021\">\n<p class=\"\" data-start=\"4935\" data-end=\"5021\"><strong data-start=\"4935\" data-end=\"4951\">Tingimento de fios:<\/strong> Colorir os fios antes da tecelagem, possibilitando motivos multicoloridos complexos.<\/p>\n<\/li>\n<li class=\"\" data-start=\"5024\" data-end=\"5132\">\n<p class=\"\" data-start=\"5026\" data-end=\"5132\"><strong data-start=\"5026\" data-end=\"5044\">Ecoprocessos:<\/strong> Utilize corantes reativos para obter excelente solidez da cor e minimizar o impacto ambiental.<img loading=\"lazy\" decoding=\"async\" class=\"aligncenter wp-image-2482\" src=\"https:\/\/lydenim.com\/wp-content\/uploads\/2024\/12\/\u5e8f\u5217-Sequence-01.00_04_02_11.Still015-scaled.jpg\" alt=\"\" width=\"600\" height=\"338\" srcset=\"https:\/\/lydenim.com\/wp-content\/uploads\/2024\/12\/\u5e8f\u5217-Sequence-01.00_04_02_11.Still015-scaled.jpg 2560w, https:\/\/lydenim.com\/wp-content\/uploads\/2024\/12\/\u5e8f\u5217-Sequence-01.00_04_02_11.Still015-scaled-150x84.jpg 150w, https:\/\/lydenim.com\/wp-content\/uploads\/2024\/12\/\u5e8f\u5217-Sequence-01.00_04_02_11.Still015-scaled-600x338.jpg 600w, https:\/\/lydenim.com\/wp-content\/uploads\/2024\/12\/\u5e8f\u5217-Sequence-01.00_04_02_11.Still015-300x169.jpg 300w, https:\/\/lydenim.com\/wp-content\/uploads\/2024\/12\/\u5e8f\u5217-Sequence-01.00_04_02_11.Still015-1024x576.jpg 1024w, https:\/\/lydenim.com\/wp-content\/uploads\/2024\/12\/\u5e8f\u5217-Sequence-01.00_04_02_11.Still015-768x432.jpg 768w, https:\/\/lydenim.com\/wp-content\/uploads\/2024\/12\/\u5e8f\u5217-Sequence-01.00_04_02_11.Still015-1536x864.jpg 1536w, https:\/\/lydenim.com\/wp-content\/uploads\/2024\/12\/\u5e8f\u5217-Sequence-01.00_04_02_11.Still015-2048x1152.jpg 2048w, https:\/\/lydenim.com\/wp-content\/uploads\/2024\/12\/\u5e8f\u5217-Sequence-01.00_04_02_11.Still015-18x10.jpg 18w, https:\/\/lydenim.com\/wp-content\/uploads\/2024\/12\/\u5e8f\u5217-Sequence-01.00_04_02_11.Still015-scaled-1281x720.jpg 1281w\" sizes=\"auto, (max-width: 600px) 100vw, 600px\" \/><\/p>\n<\/li>\n<\/ul>\n<\/li>\n<\/ul>\n<h2 class=\"\" data-start=\"5139\" data-end=\"5187\">Produtos de jeans coloridos da LY Denim<\/h2>\n<p class=\"\" data-start=\"5188\" data-end=\"5329\">A LY Denim oferece tecidos jeans personaliz\u00e1veis de alta qualidade em uma mistura de algod\u00e3o 75%, Lyocel 22% e poli\u00e9ster 3%, com 180 cm de largura e pesando 10,8 oz.<\/p>\n<div class=\"_tableContainer_16hzy_1\">\n<div class=\"_tableWrapper_16hzy_14 group flex w-fit flex-col-reverse\" tabindex=\"-1\">\n<table class=\"w-fit min-w-(--thread-content-width)\" style=\"height: 132px;\" width=\"1048\" data-start=\"5331\" data-end=\"5903\">\n<thead data-start=\"5331\" data-end=\"5441\">\n<tr data-start=\"5331\" data-end=\"5441\">\n<th data-start=\"5331\" data-end=\"5359\" data-col-size=\"sm\">Produto<\/th>\n<th data-start=\"5359\" data-end=\"5368\" data-col-size=\"sm\">ITEM<\/th>\n<th data-start=\"5368\" data-end=\"5403\" data-col-size=\"sm\">Caracter\u00edsticas<\/th>\n<th data-start=\"5403\" data-end=\"5441\" data-col-size=\"sm\">Aplica\u00e7\u00f5es<\/th>\n<\/tr>\n<\/thead>\n<tbody data-start=\"5553\" data-end=\"5903\">\n<tr data-start=\"5553\" data-end=\"5665\">\n<td data-start=\"5553\" data-end=\"5581\" data-col-size=\"sm\">Denim colorido sem elasticidade<\/td>\n<td data-start=\"5581\" data-end=\"5590\" data-col-size=\"sm\">M9693<\/td>\n<td data-col-size=\"sm\" data-start=\"5590\" data-end=\"5627\">Sarja s\u00f3lida, 18 cores, sem elasticidade<\/td>\n<td data-col-size=\"sm\" data-start=\"5627\" data-end=\"5665\">Pe\u00e7as estruturadas, roupas cl\u00e1ssicas<\/td>\n<\/tr>\n<tr data-start=\"5666\" data-end=\"5788\">\n<td data-start=\"5666\" data-end=\"5694\" data-col-size=\"sm\">Jeans Jacquard Colorido<\/td>\n<td data-start=\"5694\" data-end=\"5703\" data-col-size=\"sm\">K9394<\/td>\n<td data-col-size=\"sm\" data-start=\"5703\" data-end=\"5746\">Padr\u00f5es Jacquard, 18 cores, sem elasticidade<\/td>\n<td data-col-size=\"sm\" data-start=\"5746\" data-end=\"5788\">Agasalhos decorativos, pe\u00e7as de destaque<\/td>\n<\/tr>\n<tr data-start=\"5789\" data-end=\"5903\">\n<td data-start=\"5789\" data-end=\"5817\" data-col-size=\"sm\">Jeans El\u00e1stico Colorido<\/td>\n<td data-start=\"5817\" data-end=\"5826\" data-col-size=\"sm\">M9692<\/td>\n<td data-start=\"5826\" data-end=\"5865\" data-col-size=\"sm\">Sarja s\u00f3lida, 18 cores, com elasticidade<\/td>\n<td data-col-size=\"sm\" data-start=\"5865\" data-end=\"5903\">Roupas justas, athleisure<\/td>\n<\/tr>\n<\/tbody>\n<\/table>\n<div class=\"sticky end-(--thread-content-margin) h-0 self-end select-none\">\n<div class=\"absolute end-0 flex items-end\"><\/div>\n<\/div>\n<\/div>\n<\/div>\n<ul data-start=\"5905\" data-end=\"6341\">\n<li class=\"\" data-start=\"5905\" data-end=\"6039\">\n<p class=\"\" data-start=\"5907\" data-end=\"6039\"><a href=\"https:\/\/lydenim.com\/pt\/produto\/jeans-sem-elasticidade-18-opcoes-de-cores-personalizacao-profissional\/\"><strong data-start=\"5907\" data-end=\"5935\">Denim colorido sem elasticidade<\/strong><\/a><br data-start=\"5935\" data-end=\"5938\" \/>Sarja cl\u00e1ssica sem elasticidade, ideal para pe\u00e7as que modelam o corpo, como jaquetas e cal\u00e7as retas.<img loading=\"lazy\" decoding=\"async\" class=\"aligncenter wp-image-3870\" src=\"https:\/\/lydenim.com\/wp-content\/uploads\/2025\/03\/IMG_5422-scaled.jpg\" alt=\"\" width=\"600\" height=\"600\" srcset=\"https:\/\/lydenim.com\/wp-content\/uploads\/2025\/03\/IMG_5422-scaled.jpg 2560w, https:\/\/lydenim.com\/wp-content\/uploads\/2025\/03\/IMG_5422-300x300.jpg 300w, https:\/\/lydenim.com\/wp-content\/uploads\/2025\/03\/IMG_5422-1024x1024.jpg 1024w, https:\/\/lydenim.com\/wp-content\/uploads\/2025\/03\/IMG_5422-150x150.jpg 150w, https:\/\/lydenim.com\/wp-content\/uploads\/2025\/03\/IMG_5422-768x768.jpg 768w, https:\/\/lydenim.com\/wp-content\/uploads\/2025\/03\/IMG_5422-1536x1536.jpg 1536w, https:\/\/lydenim.com\/wp-content\/uploads\/2025\/03\/IMG_5422-2048x2048.jpg 2048w, https:\/\/lydenim.com\/wp-content\/uploads\/2025\/03\/IMG_5422-12x12.jpg 12w, https:\/\/lydenim.com\/wp-content\/uploads\/2025\/03\/IMG_5422-600x600.jpg 600w\" sizes=\"auto, (max-width: 600px) 100vw, 600px\" \/><\/p>\n<\/li>\n<li class=\"\" data-start=\"6040\" data-end=\"6209\">\n<p class=\"\" data-start=\"6042\" data-end=\"6209\"><a href=\"https:\/\/lydenim.com\/pt\/produto\/18-jeans-jacquard-coloridos-sem-elasticidade\/\"><strong data-start=\"6042\" data-end=\"6068\">Jeans Jacquard Colorido<\/strong><\/a><br data-start=\"6068\" data-end=\"6071\" \/>Produto exclusivo que combina padr\u00f5es Jacquard com tons vivos, perfeito para pe\u00e7as chamativas, como jaquetas e saias decorativas.<img loading=\"lazy\" decoding=\"async\" class=\"aligncenter wp-image-4140\" src=\"https:\/\/lydenim.com\/wp-content\/uploads\/2025\/03\/IMG_5714.jpg\" alt=\"\" width=\"600\" height=\"600\" srcset=\"https:\/\/lydenim.com\/wp-content\/uploads\/2025\/03\/IMG_5714.jpg 2196w, https:\/\/lydenim.com\/wp-content\/uploads\/2025\/03\/IMG_5714-300x300.jpg 300w, https:\/\/lydenim.com\/wp-content\/uploads\/2025\/03\/IMG_5714-1024x1024.jpg 1024w, https:\/\/lydenim.com\/wp-content\/uploads\/2025\/03\/IMG_5714-150x150.jpg 150w, https:\/\/lydenim.com\/wp-content\/uploads\/2025\/03\/IMG_5714-768x768.jpg 768w, https:\/\/lydenim.com\/wp-content\/uploads\/2025\/03\/IMG_5714-1536x1536.jpg 1536w, https:\/\/lydenim.com\/wp-content\/uploads\/2025\/03\/IMG_5714-2048x2048.jpg 2048w, https:\/\/lydenim.com\/wp-content\/uploads\/2025\/03\/IMG_5714-12x12.jpg 12w, https:\/\/lydenim.com\/wp-content\/uploads\/2025\/03\/IMG_5714-600x600.jpg 600w\" sizes=\"auto, (max-width: 600px) 100vw, 600px\" \/><\/p>\n<\/li>\n<li class=\"\" data-start=\"6210\" data-end=\"6341\">\n<p class=\"\" data-start=\"6212\" data-end=\"6341\"><a href=\"https:\/\/lydenim.com\/pt\/produto\/\ud83c\udf08-jeans-elastico-colorido-18-opcoes-de-cores-personalizacao-profissional\/\"><strong data-start=\"6212\" data-end=\"6237\">Jeans El\u00e1stico Colorido<\/strong><\/a><br data-start=\"6237\" data-end=\"6240\" \/>Adiciona elasticidade \u00e0 paleta de 18 cores para maior conforto em jeans skinny e estilos esportivos.<img loading=\"lazy\" decoding=\"async\" class=\"aligncenter wp-image-3884 size-full\" src=\"https:\/\/lydenim.com\/wp-content\/uploads\/2025\/03\/IMG_5448-e1741413186325.jpg\" alt=\"\" width=\"600\" height=\"600\" \/><\/p>\n<\/li>\n<\/ul>\n<blockquote data-start=\"6343\" data-end=\"6441\">\n<p class=\"\" data-start=\"6345\" data-end=\"6441\"><strong data-start=\"6345\" data-end=\"6354\">Observa\u00e7\u00e3o:<\/strong> Todos os tecidos s\u00e3o personaliz\u00e1veis em largura e cor. Visite o site da LY Denim para mais detalhes.<\/p>\n<\/blockquote>\n<h2 class=\"\" data-start=\"6448\" data-end=\"6490\">Alinhando-se com as tend\u00eancias da moda<\/h2>\n<ul data-start=\"6491\" data-end=\"7166\">\n<li class=\"\" data-start=\"6491\" data-end=\"6615\">\n<p class=\"\" data-start=\"6493\" data-end=\"6615\"><strong data-start=\"6493\" data-end=\"6512\">Personaliza\u00e7\u00e3o<\/strong><br data-start=\"6512\" data-end=\"6515\" \/>Cores e padr\u00f5es ricos d\u00e3o suporte a designs personalizados para satisfazer o desejo dos consumidores por individualidade.<\/p>\n<\/li>\n<li class=\"\" data-start=\"6616\" data-end=\"6733\">\n<p class=\"\" data-start=\"6618\" data-end=\"6733\"><strong data-start=\"6618\" data-end=\"6636\">Sustentabilidade<\/strong><br data-start=\"6636\" data-end=\"6639\" \/>O Lyocel, juntamente com outras fibras ecol\u00f3gicas, ajuda a LY Denim a atender aos requisitos de moda sustent\u00e1vel.<\/p>\n<\/li>\n<li class=\"\" data-start=\"6734\" data-end=\"6854\">\n<p class=\"\" data-start=\"6736\" data-end=\"6854\"><strong data-start=\"6736\" data-end=\"6766\">Avan\u00e7os tecnol\u00f3gicos<\/strong><br data-start=\"6766\" data-end=\"6769\" \/>O uso de tecelagem de ponta juntamente com m\u00e9todos de tingimento resulta em tecido de qualidade superior e maior vida \u00fatil.<\/p>\n<\/li>\n<li class=\"\" data-start=\"6855\" data-end=\"6999\">\n<p class=\"\" data-start=\"6857\" data-end=\"6999\"><strong data-start=\"6857\" data-end=\"6875\">Perspectivas de mercado<\/strong><br data-start=\"6875\" data-end=\"6878\" \/>Consumidores de moda premium e decora\u00e7\u00e3o para casa preferem o jeans Jacquard colorido porque ele oferece decora\u00e7\u00e3o aliada a valor funcional.<\/p>\n<\/li>\n<li class=\"\" data-start=\"7000\" data-end=\"7166\">\n<p class=\"\" data-start=\"7002\" data-end=\"7166\"><strong data-start=\"7002\" data-end=\"7021\">LY Denim&#039;s Edge<\/strong><br data-start=\"7021\" data-end=\"7024\" \/>A empresa fornece aos designers materiais sustent\u00e1veis inovadores e servi\u00e7os personaliz\u00e1veis para que eles alcancem seus designs criativos e lideram as tend\u00eancias do mercado.<br \/>\n<img loading=\"lazy\" decoding=\"async\" class=\"aligncenter wp-image-2112\" src=\"https:\/\/lydenim.com\/wp-content\/uploads\/2024\/12\/group-people-working-out-business-plan-office_1303-15773.jpg\" alt=\"Sustent\u00e1vel e Inova\u00e7\u00e3o\" width=\"600\" height=\"400\" srcset=\"https:\/\/lydenim.com\/wp-content\/uploads\/2024\/12\/group-people-working-out-business-plan-office_1303-15773.jpg 1000w, https:\/\/lydenim.com\/wp-content\/uploads\/2024\/12\/group-people-working-out-business-plan-office_1303-15773-150x100.jpg 150w, https:\/\/lydenim.com\/wp-content\/uploads\/2024\/12\/group-people-working-out-business-plan-office_1303-15773-600x400.jpg 600w, https:\/\/lydenim.com\/wp-content\/uploads\/2024\/12\/group-people-working-out-business-plan-office_1303-15773-300x200.jpg 300w, https:\/\/lydenim.com\/wp-content\/uploads\/2024\/12\/group-people-working-out-business-plan-office_1303-15773-768x512.jpg 768w\" sizes=\"auto, (max-width: 600px) 100vw, 600px\" \/><\/p>\n<\/li>\n<\/ul>\n<h2 class=\"\" data-start=\"7173\" data-end=\"7188\">Conclus\u00e3o<\/h2>\n<p class=\"\" data-start=\"7189\" data-end=\"7831\">A combina\u00e7\u00e3o do artesanato tradicional com os avan\u00e7os contempor\u00e2neos do denim Jacquard colorido cria uma excelente inova\u00e7\u00e3o t\u00eaxtil que amplia as possibilidades do design de moda. Os designers podem escolher entre diversas op\u00e7\u00f5es de denim colorido na cole\u00e7\u00e3o da LY Denim para criar designs elegantes e diferenciados. <br data-start=\"7448\" data-end=\"7451\" \/>Quer come\u00e7ar a explorar o mundo colorido do jeans? Nossa cole\u00e7\u00e3o oferece uma ampla sele\u00e7\u00e3o de tecidos vibrantes para ajudar voc\u00ea a criar designs inovadores para o seu pr\u00f3ximo projeto. Solicite amostras de materiais pelo nosso site para explorar nossa gama de 18 cores e criar designs diferenciados. Voc\u00ea pode encontrar consultoria especializada e solu\u00e7\u00f5es personalizadas pelo e-mail Malone@lydenim.com ou pelo site www.lydenim.com para mais detalhes.<\/p>\n<h2 dir=\"auto\">Servi\u00e7os de personaliza\u00e7\u00e3o da LYDENIM<\/h2>\n<p dir=\"auto\">\ud83c\udfa8 Quero <strong>tecidos jeans personalizados<\/strong> ou\u00a0 <strong>exclusivo<\/strong> <strong>pe\u00e7a jeans personalizada<\/strong>? A LYDENIM \u00e9 especializada em solu\u00e7\u00f5es personalizadas para atender \u00e0s suas necessidades de design e produ\u00e7\u00e3o.<\/p>\n<p dir=\"auto\">\ud83d\udecd\ufe0f <strong>Explore e inspire-se<\/strong>: Navegue por nossas sele\u00e7\u00f5es de tecidos e descubra ideias de design em <a href=\"https:\/\/lydenim.com\/pt\/\" target=\"_blank\" rel=\"noopener noreferrer nofollow\">LYDenim<\/a>.<\/p>\n<p dir=\"auto\">\ud83c\udf10 <strong>Roupas el\u00e1sticas<\/strong>: Confira nossas ofertas em <a href=\"http:\/\/liangyuantextile.m.en.alibaba.com\" target=\"_blank\" rel=\"noopener noreferrer nofollow\">MeuAlibaba<\/a>. \ud83d\udce9 <strong>Contate-nos<\/strong>: Entre em contato em <a href=\"mailto:malone@lydenim.com\" target=\"_blank\" rel=\"noopener noreferrer nofollow\">malone@lydenim.com<\/a>.<\/p>\n<p dir=\"auto\">Crie sua obra-prima de jeans com LYDENIM - seu parceiro de confian\u00e7a para <strong>tecido el\u00e1stico<\/strong> e <strong>solu\u00e7\u00f5es personalizadas de jeans<\/strong>.<\/p>","protected":false},"excerpt":{"rendered":"<p>Tempo estimado de leitura: \uff5e3 minutos Introdu\u00e7\u00e3o A ind\u00fastria da moda e t\u00eaxtil depende de tecidos para estabelecer padr\u00f5es e estilo<\/p>","protected":false},"author":1,"featured_media":5113,"comment_status":"open","ping_status":"open","sticky":false,"template":"","format":"standard","meta":{"two_page_speed":[],"footnotes":""},"categories":[67],"tags":[],"class_list":["post-5108","post","type-post","status-publish","format-standard","has-post-thumbnail","hentry","category-market"],"aioseo_notices":[],"_links":{"self":[{"href":"https:\/\/lydenim.com\/pt\/wp-json\/wp\/v2\/posts\/5108","targetHints":{"allow":["GET"]}}],"collection":[{"href":"https:\/\/lydenim.com\/pt\/wp-json\/wp\/v2\/posts"}],"about":[{"href":"https:\/\/lydenim.com\/pt\/wp-json\/wp\/v2\/types\/post"}],"author":[{"embeddable":true,"href":"https:\/\/lydenim.com\/pt\/wp-json\/wp\/v2\/users\/1"}],"replies":[{"embeddable":true,"href":"https:\/\/lydenim.com\/pt\/wp-json\/wp\/v2\/comments?post=5108"}],"version-history":[{"count":4,"href":"https:\/\/lydenim.com\/pt\/wp-json\/wp\/v2\/posts\/5108\/revisions"}],"predecessor-version":[{"id":5199,"href":"https:\/\/lydenim.com\/pt\/wp-json\/wp\/v2\/posts\/5108\/revisions\/5199"}],"wp:featuredmedia":[{"embeddable":true,"href":"https:\/\/lydenim.com\/pt\/wp-json\/wp\/v2\/media\/5113"}],"wp:attachment":[{"href":"https:\/\/lydenim.com\/pt\/wp-json\/wp\/v2\/media?parent=5108"}],"wp:term":[{"taxonomy":"category","embeddable":true,"href":"https:\/\/lydenim.com\/pt\/wp-json\/wp\/v2\/categories?post=5108"},{"taxonomy":"post_tag","embeddable":true,"href":"https:\/\/lydenim.com\/pt\/wp-json\/wp\/v2\/tags?post=5108"}],"curies":[{"name":"wp","href":"https:\/\/api.w.org\/{rel}","templated":true}]}}