{"id":5135,"date":"2025-05-18T06:12:11","date_gmt":"2025-05-17T22:12:11","guid":{"rendered":"https:\/\/lydenim.com\/?p=5135"},"modified":"2025-08-24T13:13:00","modified_gmt":"2025-08-24T05:13:00","slug":"sustainable-fashion-with-organic-cotton-denim","status":"publish","type":"post","link":"https:\/\/lydenim.com\/pt\/moda-sustentavel-com-jeans-de-algodao-organico\/","title":{"rendered":"Moda sustent\u00e1vel com jeans de algod\u00e3o org\u00e2nico"},"content":{"rendered":"<h2 data-pm-slice=\"1 1 []\">Tempo estimado de leitura: ~3 minutos<\/h2>\n<h2 dir=\"ltr\">Introdu\u00e7\u00e3o<\/h2>\n<p dir=\"ltr\">A ind\u00fastria da moda est\u00e1 adotando uma mudan\u00e7a vital em dire\u00e7\u00e3o \u00e0 sustentabilidade, impulsionada pela crescente demanda por materiais ecol\u00f3gicos. Entre eles, o jeans de algod\u00e3o org\u00e2nico se destaca como um pilar da moda respons\u00e1vel. Produzido com o m\u00ednimo impacto ambiental, este tecido reflete o compromisso com a redu\u00e7\u00e3o da pegada ecol\u00f3gica da ind\u00fastria. Neste blog, exploraremos como o jeans de algod\u00e3o org\u00e2nico apoia a moda sustent\u00e1vel e por que ele \u00e9 uma escolha inteligente para marcas e consumidores.<\/p>\n<h2 dir=\"ltr\">O que \u00e9 jeans de algod\u00e3o org\u00e2nico?<\/h2>\n<p dir=\"ltr\">O denim de algod\u00e3o org\u00e2nico \u00e9 produzido a partir de algod\u00e3o cultivado sem pesticidas, herbicidas ou fertilizantes qu\u00edmicos sint\u00e9ticos. Essa abordagem sustent\u00e1vel minimiza a polui\u00e7\u00e3o do solo e da \u00e1gua, promovendo ecossistemas mais saud\u00e1veis. Seus benef\u00edcios ambientais incluem menor emiss\u00e3o de gases de efeito estufa, maior vitalidade do solo e economia significativa de \u00e1gua. Livre de res\u00edduos t\u00f3xicos, tamb\u00e9m \u00e9 mais suave para a pele \u2014 ideal para quem prioriza seguran\u00e7a e conforto. Como l\u00edder em produ\u00e7\u00e3o ecologicamente correta, o denim de algod\u00e3o org\u00e2nico inspira inova\u00e7\u00e3o e pr\u00e1ticas \u00e9ticas em todo o cen\u00e1rio da moda.<\/p>\n<p><img loading=\"lazy\" decoding=\"async\" class=\"aligncenter wp-image-2739\" src=\"https:\/\/lydenim.com\/wp-content\/uploads\/2025\/01\/MJ\u4e4b\u5929\u7a7a\u4e0e\u68c9\u82b1\u8309\u8389\u7279\u5199_1_AI\u8bbe\u8ba1\u5730\u9f20_\u6765\u81ea\u5c0f\u7ea2\u4e66\u7f51\u9875\u7248.jpg\" alt=\"\" width=\"600\" height=\"900\" srcset=\"https:\/\/lydenim.com\/wp-content\/uploads\/2025\/01\/MJ\u4e4b\u5929\u7a7a\u4e0e\u68c9\u82b1\u8309\u8389\u7279\u5199_1_AI\u8bbe\u8ba1\u5730\u9f20_\u6765\u81ea\u5c0f\u7ea2\u4e66\u7f51\u9875\u7248.jpg 896w, https:\/\/lydenim.com\/wp-content\/uploads\/2025\/01\/MJ\u4e4b\u5929\u7a7a\u4e0e\u68c9\u82b1\u8309\u8389\u7279\u5199_1_AI\u8bbe\u8ba1\u5730\u9f20_\u6765\u81ea\u5c0f\u7ea2\u4e66\u7f51\u9875\u7248-150x225.jpg 150w, https:\/\/lydenim.com\/wp-content\/uploads\/2025\/01\/MJ\u4e4b\u5929\u7a7a\u4e0e\u68c9\u82b1\u8309\u8389\u7279\u5199_1_AI\u8bbe\u8ba1\u5730\u9f20_\u6765\u81ea\u5c0f\u7ea2\u4e66\u7f51\u9875\u7248-600x900.jpg 600w, https:\/\/lydenim.com\/wp-content\/uploads\/2025\/01\/MJ\u4e4b\u5929\u7a7a\u4e0e\u68c9\u82b1\u8309\u8389\u7279\u5199_1_AI\u8bbe\u8ba1\u5730\u9f20_\u6765\u81ea\u5c0f\u7ea2\u4e66\u7f51\u9875\u7248-200x300.jpg 200w, https:\/\/lydenim.com\/wp-content\/uploads\/2025\/01\/MJ\u4e4b\u5929\u7a7a\u4e0e\u68c9\u82b1\u8309\u8389\u7279\u5199_1_AI\u8bbe\u8ba1\u5730\u9f20_\u6765\u81ea\u5c0f\u7ea2\u4e66\u7f51\u9875\u7248-683x1024.jpg 683w, https:\/\/lydenim.com\/wp-content\/uploads\/2025\/01\/MJ\u4e4b\u5929\u7a7a\u4e0e\u68c9\u82b1\u8309\u8389\u7279\u5199_1_AI\u8bbe\u8ba1\u5730\u9f20_\u6765\u81ea\u5c0f\u7ea2\u4e66\u7f51\u9875\u7248-768x1152.jpg 768w, https:\/\/lydenim.com\/wp-content\/uploads\/2025\/01\/MJ\u4e4b\u5929\u7a7a\u4e0e\u68c9\u82b1\u8309\u8389\u7279\u5199_1_AI\u8bbe\u8ba1\u5730\u9f20_\u6765\u81ea\u5c0f\u7ea2\u4e66\u7f51\u9875\u7248-8x12.jpg 8w\" sizes=\"auto, (max-width: 600px) 100vw, 600px\" \/><\/p>\n<h2 dir=\"ltr\">Certifica\u00e7\u00f5es e Pr\u00e1ticas Sustent\u00e1veis<\/h2>\n<p dir=\"ltr\">Certifica\u00e7\u00f5es como a OEKO-TEX\u00ae Standard 100 e a Global Recycle Standard (GRS) garantem que o denim de algod\u00e3o org\u00e2nico atenda a rigorosos padr\u00f5es de seguran\u00e7a e sustentabilidade. Essas normas confirmam a aus\u00eancia de subst\u00e2ncias nocivas e o uso de materiais reciclados. Pr\u00e1ticas sustent\u00e1veis em toda a ind\u00fastria \u2014 como t\u00e9cnicas de tingimento que economizam \u00e1gua, redu\u00e7\u00e3o de insumos qu\u00edmicos e fabrica\u00e7\u00e3o com efici\u00eancia energ\u00e9tica \u2014 ajudam a reduzir a pegada ambiental do denim. Juntos, esses esfor\u00e7os tornam realidade tecidos de alta qualidade e ecoconscientes.<img loading=\"lazy\" decoding=\"async\" class=\"wp-image-5049 aligncenter\" src=\"https:\/\/lydenim.com\/wp-content\/uploads\/2025\/05\/\u8ba4\u8bc1-scaled.jpg\" alt=\"Certificar\" width=\"600\" height=\"53\" srcset=\"https:\/\/lydenim.com\/wp-content\/uploads\/2025\/05\/\u8ba4\u8bc1-scaled.jpg 2560w, https:\/\/lydenim.com\/wp-content\/uploads\/2025\/05\/\u8ba4\u8bc1-300x27.jpg 300w, https:\/\/lydenim.com\/wp-content\/uploads\/2025\/05\/\u8ba4\u8bc1-1024x91.jpg 1024w, https:\/\/lydenim.com\/wp-content\/uploads\/2025\/05\/\u8ba4\u8bc1-768x68.jpg 768w, https:\/\/lydenim.com\/wp-content\/uploads\/2025\/05\/\u8ba4\u8bc1-1536x136.jpg 1536w, https:\/\/lydenim.com\/wp-content\/uploads\/2025\/05\/\u8ba4\u8bc1-2048x182.jpg 2048w, https:\/\/lydenim.com\/wp-content\/uploads\/2025\/05\/\u8ba4\u8bc1-18x2.jpg 18w, https:\/\/lydenim.com\/wp-content\/uploads\/2025\/05\/\u8ba4\u8bc1-600x53.jpg 600w, https:\/\/lydenim.com\/wp-content\/uploads\/2025\/05\/\u8ba4\u8bc1-150x13.jpg 150w\" sizes=\"auto, (max-width: 600px) 100vw, 600px\" \/><\/p>\n<h2 dir=\"ltr\">Tipos de tecidos jeans de algod\u00e3o org\u00e2nico<\/h2>\n<p dir=\"ltr\">O denim de algod\u00e3o org\u00e2nico oferece versatilidade para marcas de moda, fabricantes e atacadistas. Os tecidos de algod\u00e3o proporcionam respirabilidade e durabilidade, perfeitos para pe\u00e7as b\u00e1sicas atemporais como jeans e jaquetas. As op\u00e7\u00f5es com alta elasticidade oferecem flexibilidade sem abrir m\u00e3o da sustentabilidade, combinando com designs slim fit ou roupas esportivas. As variedades sem elasticidade atendem a looks estruturados e cl\u00e1ssicos, como cole\u00e7\u00f5es de denim vintage. Muitos fornecedores, incluindo l\u00edderes como a LY Denim, tamb\u00e9m oferecem personaliza\u00e7\u00e3o, permitindo t\u00e9cnicas exclusivas de tingimento e acabamento para combinar com vis\u00f5es criativas e, ao mesmo tempo, manter o respeito ao meio ambiente.<\/p>\n<h2 dir=\"ltr\">Benef\u00edcios de escolher jeans de algod\u00e3o org\u00e2nico<\/h2>\n<p dir=\"ltr\">Optar por jeans de algod\u00e3o org\u00e2nico traz confiabilidade e inova\u00e7\u00e3o. Controles de qualidade rigorosos garantem sustentabilidade, solidez da cor e durabilidade consistentes em todos os lotes. Os fabricantes est\u00e3o expandindo os limites com misturas, texturas e acabamentos inovadores que se alinham \u00e0s tend\u00eancias do mercado, sempre pensando no planeta. Al\u00e9m disso, o robusto suporte ao cliente, desde as consultorias de design at\u00e9 a entrega, ajuda as marcas a criar solu\u00e7\u00f5es personalizadas e ecologicamente corretas. \u00c9 uma vit\u00f3ria para o estilo, a subst\u00e2ncia e a sustentabilidade.<\/p>\n<div id=\"attachment_5137\" style=\"width: 610px\" class=\"wp-caption aligncenter\"><img loading=\"lazy\" decoding=\"async\" aria-describedby=\"caption-attachment-5137\" class=\"wp-image-5137\" src=\"https:\/\/lydenim.com\/wp-content\/uploads\/2025\/05\/ChatGPT_Image_May_16_2025_09_40_12_PM.png\" alt=\"Benef\u00edcios de escolher jeans de algod\u00e3o org\u00e2nico\" width=\"600\" height=\"900\" srcset=\"https:\/\/lydenim.com\/wp-content\/uploads\/2025\/05\/ChatGPT_Image_May_16_2025_09_40_12_PM.png 1024w, https:\/\/lydenim.com\/wp-content\/uploads\/2025\/05\/ChatGPT_Image_May_16_2025_09_40_12_PM-200x300.png 200w, https:\/\/lydenim.com\/wp-content\/uploads\/2025\/05\/ChatGPT_Image_May_16_2025_09_40_12_PM-683x1024.png 683w, https:\/\/lydenim.com\/wp-content\/uploads\/2025\/05\/ChatGPT_Image_May_16_2025_09_40_12_PM-768x1152.png 768w, https:\/\/lydenim.com\/wp-content\/uploads\/2025\/05\/ChatGPT_Image_May_16_2025_09_40_12_PM-8x12.png 8w, https:\/\/lydenim.com\/wp-content\/uploads\/2025\/05\/ChatGPT_Image_May_16_2025_09_40_12_PM-600x900.png 600w, https:\/\/lydenim.com\/wp-content\/uploads\/2025\/05\/ChatGPT_Image_May_16_2025_09_40_12_PM-150x225.png 150w\" sizes=\"auto, (max-width: 600px) 100vw, 600px\" \/><p id=\"caption-attachment-5137\" class=\"wp-caption-text\">Benef\u00edcios de escolher jeans de algod\u00e3o org\u00e2nico<\/p><\/div>\n<h2 dir=\"ltr\">Conclus\u00e3o<\/h2>\n<p dir=\"ltr\">O jeans de algod\u00e3o org\u00e2nico n\u00e3o \u00e9 apenas uma moda passageira \u2014 \u00e9 uma solu\u00e7\u00e3o sustent\u00e1vel que une estilo e responsabilidade. Seus benef\u00edcios, desde a redu\u00e7\u00e3o do uso de produtos qu\u00edmicos at\u00e9 a maior seguran\u00e7a do consumidor, o tornam uma escolha de destaque para marcas inovadoras. \u00c0 medida que a moda sustent\u00e1vel ganha for\u00e7a, materiais como este abrem caminho para uma ind\u00fastria mais sustent\u00e1vel. Pronto para fazer a diferen\u00e7a? Explore as op\u00e7\u00f5es de jeans de algod\u00e3o org\u00e2nico e junte-se ao movimento por um guarda-roupa mais limpo e \u00e9tico.<\/p>\n<h2 dir=\"auto\">Servi\u00e7os de personaliza\u00e7\u00e3o da LYDENIM<\/h2>\n<p dir=\"auto\">\ud83c\udfa8 Quero <strong>tecidos jeans personalizados<\/strong> ou\u00a0 <strong>exclusivo<\/strong> <strong>pe\u00e7a jeans personalizada<\/strong>? A LYDENIM \u00e9 especializada em solu\u00e7\u00f5es personalizadas para atender \u00e0s suas necessidades de design e produ\u00e7\u00e3o.<\/p>\n<p dir=\"auto\">\ud83d\udecd\ufe0f <strong>Explore e inspire-se<\/strong>: Navegue por nossas sele\u00e7\u00f5es de tecidos e descubra ideias de design em <a href=\"https:\/\/lydenim.com\/pt\/\" target=\"_blank\" rel=\"noopener noreferrer nofollow\">LYDenim<\/a>.<\/p>\n<p dir=\"auto\">\ud83c\udf10 <strong>Roupas el\u00e1sticas<\/strong>: Confira nossas ofertas em <a href=\"http:\/\/liangyuantextile.m.en.alibaba.com\" target=\"_blank\" rel=\"noopener noreferrer nofollow\">MeuAlibaba<\/a>. \ud83d\udce9 <strong>Contate-nos<\/strong>: Entre em contato em <a href=\"mailto:malone@lydenim.com\" target=\"_blank\" rel=\"noopener noreferrer nofollow\">malone@lydenim.com<\/a>.<\/p>\n<p dir=\"auto\">Crie sua obra-prima de jeans com LYDENIM - seu parceiro de confian\u00e7a para <strong>tecido el\u00e1stico<\/strong> e <strong>solu\u00e7\u00f5es personalizadas de jeans<\/strong>.<\/p>","protected":false},"excerpt":{"rendered":"<p>Tempo estimado de leitura: ~3 minutos Introdu\u00e7\u00e3o A ind\u00fastria da moda est\u00e1 a adotar uma mudan\u00e7a vital em dire\u00e7\u00e3o \u00e0 sustentabilidade, impulsionada por uma crescente<\/p>","protected":false},"author":1,"featured_media":5138,"comment_status":"open","ping_status":"open","sticky":false,"template":"","format":"standard","meta":{"two_page_speed":[],"footnotes":""},"categories":[66],"tags":[],"class_list":["post-5135","post","type-post","status-publish","format-standard","has-post-thumbnail","hentry","category-denim-knowledge"],"aioseo_notices":[],"_links":{"self":[{"href":"https:\/\/lydenim.com\/pt\/wp-json\/wp\/v2\/posts\/5135","targetHints":{"allow":["GET"]}}],"collection":[{"href":"https:\/\/lydenim.com\/pt\/wp-json\/wp\/v2\/posts"}],"about":[{"href":"https:\/\/lydenim.com\/pt\/wp-json\/wp\/v2\/types\/post"}],"author":[{"embeddable":true,"href":"https:\/\/lydenim.com\/pt\/wp-json\/wp\/v2\/users\/1"}],"replies":[{"embeddable":true,"href":"https:\/\/lydenim.com\/pt\/wp-json\/wp\/v2\/comments?post=5135"}],"version-history":[{"count":4,"href":"https:\/\/lydenim.com\/pt\/wp-json\/wp\/v2\/posts\/5135\/revisions"}],"predecessor-version":[{"id":6306,"href":"https:\/\/lydenim.com\/pt\/wp-json\/wp\/v2\/posts\/5135\/revisions\/6306"}],"wp:featuredmedia":[{"embeddable":true,"href":"https:\/\/lydenim.com\/pt\/wp-json\/wp\/v2\/media\/5138"}],"wp:attachment":[{"href":"https:\/\/lydenim.com\/pt\/wp-json\/wp\/v2\/media?parent=5135"}],"wp:term":[{"taxonomy":"category","embeddable":true,"href":"https:\/\/lydenim.com\/pt\/wp-json\/wp\/v2\/categories?post=5135"},{"taxonomy":"post_tag","embeddable":true,"href":"https:\/\/lydenim.com\/pt\/wp-json\/wp\/v2\/tags?post=5135"}],"curies":[{"name":"wp","href":"https:\/\/api.w.org\/{rel}","templated":true}]}}