{"id":5144,"date":"2025-05-19T16:03:38","date_gmt":"2025-05-19T08:03:38","guid":{"rendered":"https:\/\/lydenim.com\/?p=5144"},"modified":"2025-08-24T13:14:10","modified_gmt":"2025-08-24T05:14:10","slug":"what-is-stretch-denim-stretch-jeans","status":"publish","type":"post","link":"https:\/\/lydenim.com\/pt\/o-que-e-jeans-stretch\/","title":{"rendered":"O que \u00e9 jeans com elastano? Cal\u00e7a jeans com elastano?"},"content":{"rendered":"<h2 data-pm-slice=\"1 1 []\">Tempo estimado de leitura: ~5 minutos<\/h2>\n<h2 data-start=\"0\" data-end=\"430\"><strong data-start=\"0\" data-end=\"53\">O que \u00e9 jeans el\u00e1stico e de onde ele veio?<\/strong><\/h2>\n<p class=\"\" data-start=\"0\" data-end=\"430\">O denim tradicional \u00e9 tipicamente tecido com algod\u00e3o 100%. Gra\u00e7as \u00e0 sua trama de sarja robusta e \u00e0 impressionante resist\u00eancia \u00e0 abras\u00e3o, o denim cl\u00e1ssico tornou-se um item essencial no vestu\u00e1rio profissional global. \u00c0 medida que o gosto mudou de puramente &quot;utilit\u00e1rio&quot; para &quot;conforto e individualidade&quot;, os consumidores come\u00e7aram a procurar tecidos que preservassem o visual ic\u00f4nico do denim, mas que se ajustassem aos contornos do corpo. <strong data-start=\"412\" data-end=\"429\">jeans el\u00e1stico<\/strong>.<img loading=\"lazy\" decoding=\"async\" class=\"aligncenter wp-image-5146\" src=\"https:\/\/lydenim.com\/wp-content\/uploads\/2025\/05\/Polyurethane.svg.png\" alt=\"\" width=\"600\" height=\"264\" srcset=\"https:\/\/lydenim.com\/wp-content\/uploads\/2025\/05\/Polyurethane.svg.png 868w, https:\/\/lydenim.com\/wp-content\/uploads\/2025\/05\/Polyurethane.svg-300x132.png 300w, https:\/\/lydenim.com\/wp-content\/uploads\/2025\/05\/Polyurethane.svg-768x338.png 768w, https:\/\/lydenim.com\/wp-content\/uploads\/2025\/05\/Polyurethane.svg-18x8.png 18w, https:\/\/lydenim.com\/wp-content\/uploads\/2025\/05\/Polyurethane.svg-600x264.png 600w, https:\/\/lydenim.com\/wp-content\/uploads\/2025\/05\/Polyurethane.svg-150x66.png 150w\" sizes=\"auto, (max-width: 600px) 100vw, 600px\" \/><\/p>\n<p class=\"\" data-start=\"432\" data-end=\"891\">O que mudou o jogo foi a introdu\u00e7\u00e3o de <strong data-start=\"473\" data-end=\"495\"><a href=\"https:\/\/en.wikipedia.org\/wiki\/Spandex\">spandex<\/a> (elastano)<\/strong>. Essa fibra \u00e0 base de poliuretano, com apenas 5% de mistura, pode esticar at\u00e9 500% e voltar \u00e0 forma original. Um exemplo famoso \u00e9 a Levi&#039;s do final da d\u00e9cada de 1990. <a href=\"https:\/\/www.levi.com\/US\/en_US\/blog\/article\/levis-engineered-jeans\"><strong data-start=\"669\" data-end=\"689\">Jeans de engenharia<\/strong> <\/a>linha, que inseriu elastano na trama. O resultado: jeans que se flexionam naturalmente nos joelhos e quadris, mant\u00eam a silhueta impec\u00e1vel do jeans e eliminam a sensa\u00e7\u00e3o r\u00edgida e restritiva dos jeans tradicionais.<img loading=\"lazy\" decoding=\"async\" class=\"aligncenter wp-image-5145\" src=\"https:\/\/lydenim.com\/wp-content\/uploads\/2025\/05\/Engineered-Jeans.webp\" alt=\"\" width=\"600\" height=\"800\" srcset=\"https:\/\/lydenim.com\/wp-content\/uploads\/2025\/05\/Engineered-Jeans.webp 1200w, https:\/\/lydenim.com\/wp-content\/uploads\/2025\/05\/Engineered-Jeans-225x300.webp 225w, https:\/\/lydenim.com\/wp-content\/uploads\/2025\/05\/Engineered-Jeans-768x1024.webp 768w, https:\/\/lydenim.com\/wp-content\/uploads\/2025\/05\/Engineered-Jeans-1152x1536.webp 1152w, https:\/\/lydenim.com\/wp-content\/uploads\/2025\/05\/Engineered-Jeans-9x12.webp 9w, https:\/\/lydenim.com\/wp-content\/uploads\/2025\/05\/Engineered-Jeans-600x800.webp 600w, https:\/\/lydenim.com\/wp-content\/uploads\/2025\/05\/Engineered-Jeans-150x200.webp 150w\" sizes=\"auto, (max-width: 600px) 100vw, 600px\" \/><\/p>\n<h2 data-start=\"898\" data-end=\"951\">A ci\u00eancia por tr\u00e1s do alongamento: como funciona o spandex<\/h2>\n<p class=\"\" data-start=\"953\" data-end=\"1023\">O denim el\u00e1stico deve sua elasticidade \u00e0s inova\u00e7\u00f5es na <a href=\"https:\/\/en.wikipedia.org\/wiki\/Warp_and_weft\"><strong data-start=\"1009\" data-end=\"1022\">fio de trama<\/strong><\/a>:<\/p>\n<div class=\"_tableContainer_16hzy_1\">\n<div class=\"_tableWrapper_16hzy_14 group flex w-fit flex-col-reverse\" tabindex=\"-1\">\n<table class=\"w-fit min-w-(--thread-content-width)\" style=\"height: 167px;\" width=\"1358\" data-start=\"1025\" data-end=\"1546\">\n<thead data-start=\"1025\" data-end=\"1068\">\n<tr data-start=\"1025\" data-end=\"1068\">\n<th data-start=\"1025\" data-end=\"1041\" data-col-size=\"sm\">T\u00e9cnica Chave<\/th>\n<th data-start=\"1041\" data-end=\"1068\" data-col-size=\"lg\">Como ele proporciona alongamento<\/th>\n<\/tr>\n<\/thead>\n<tbody data-start=\"1113\" data-end=\"1546\">\n<tr data-start=\"1113\" data-end=\"1247\">\n<td data-start=\"1113\" data-end=\"1134\" data-col-size=\"sm\"><strong data-start=\"1115\" data-end=\"1133\">Fio fiado em n\u00facleo<\/strong><\/td>\n<td data-col-size=\"lg\" data-start=\"1134\" data-end=\"1247\">Um filamento de elastano forma o n\u00facleo, revestido de algod\u00e3o. O resultado \u00e9 &quot;el\u00e1stico no centro e jeans na superf\u00edcie&quot;.<\/td>\n<\/tr>\n<tr data-start=\"1248\" data-end=\"1408\">\n<td data-start=\"1248\" data-end=\"1277\" data-col-size=\"sm\"><strong data-start=\"1250\" data-end=\"1276\">Propor\u00e7\u00e3o de mistura controlada<\/strong><\/td>\n<td data-col-size=\"lg\" data-start=\"1277\" data-end=\"1408\">O teor de elastano geralmente \u00e9 de 2 a 5 %. Isso \u00e9 suficiente para proporcionar elasticidade sem deixar o tecido folgado ou propenso a quebrar.<\/td>\n<\/tr>\n<tr data-start=\"1409\" data-end=\"1546\">\n<td data-start=\"1409\" data-end=\"1430\" data-col-size=\"sm\"><strong data-start=\"1411\" data-end=\"1429\">P\u00f3s-acabamento<\/strong><\/td>\n<td data-col-size=\"lg\" data-start=\"1430\" data-end=\"1546\">O pr\u00e9-encolhimento e a configura\u00e7\u00e3o em alta temperatura mant\u00eam a resili\u00eancia do elastano e reduzem a distor\u00e7\u00e3o ap\u00f3s a lavagem.<\/td>\n<\/tr>\n<\/tbody>\n<\/table>\n<p><img loading=\"lazy\" decoding=\"async\" class=\"aligncenter wp-image-5147\" src=\"https:\/\/lydenim.com\/wp-content\/uploads\/2025\/05\/spandex-e1747639507735.jpg\" alt=\"\" width=\"300\" height=\"183\" srcset=\"https:\/\/lydenim.com\/wp-content\/uploads\/2025\/05\/spandex-e1747639507735.jpg 313w, https:\/\/lydenim.com\/wp-content\/uploads\/2025\/05\/spandex-e1747639507735-300x183.jpg 300w, https:\/\/lydenim.com\/wp-content\/uploads\/2025\/05\/spandex-e1747639507735-18x12.jpg 18w, https:\/\/lydenim.com\/wp-content\/uploads\/2025\/05\/spandex-e1747639507735-150x92.jpg 150w\" sizes=\"auto, (max-width: 300px) 100vw, 300px\" \/><\/p>\n<div class=\"sticky end-(--thread-content-margin) h-0 self-end select-none\">\n<div class=\"absolute end-0 flex items-end\"><\/div>\n<\/div>\n<\/div>\n<\/div>\n<h2 data-start=\"1553\" data-end=\"1595\">Al\u00e9m da flexibilidade: vantagens do spandex<\/h2>\n<p class=\"\" data-start=\"1597\" data-end=\"1935\">O spandex n\u00e3o \u00e9 apenas el\u00e1stico, \u00e9 <strong data-start=\"1630\" data-end=\"1669\">mais resistente \u00e0 abras\u00e3o do que a borracha<\/strong>, resiste \u00e0 \u00e1gua sanit\u00e1ria e \u00e0 transpira\u00e7\u00e3o, sendo ideal para pe\u00e7as de uso di\u00e1rio intenso. A combina\u00e7\u00e3o de elastano com algod\u00e3o reciclado ou outras fibras ecol\u00f3gicas tamb\u00e9m est\u00e1 impulsionando o crescimento <strong data-start=\"1859\" data-end=\"1888\">jeans el\u00e1stico sustent\u00e1vel<\/strong>, um favorito em r\u00e1pido crescimento na moda consciente.<\/p>\n<h2 data-start=\"0\" data-end=\"33\"><a href=\"https:\/\/lydenim.com\/pt\/product-category\/high-stretch-denim-fabric\/\">Jeans Stretch<\/a> no <strong data-start=\"21\" data-end=\"33\">LY Denim<\/strong><\/h2>\n<p class=\"\" data-start=\"35\" data-end=\"298\">No mundo do jeans, &quot;elasticidade&quot; nunca \u00e9 apenas uma quest\u00e3o de n\u00fameros. Encontrar o equil\u00edbrio perfeito entre elasticidade e toque aut\u00eantico \u00e9 uma forma de arte \u2014 uma arte que nossa equipe de P&amp;D busca com a paci\u00eancia de um escultor, refinando incansavelmente as misturas de fios at\u00e9 que cheguem ao resultado perfeito.<\/p>\n<p class=\"\" data-start=\"300\" data-end=\"582\"><strong data-start=\"300\" data-end=\"324\">\u2022 S\u00e9rie Low-Stretch<\/strong><br data-start=\"324\" data-end=\"327\" \/>Inspirados pela obsess\u00e3o dos puristas vintage com jeans cru, mantemos o spandex abaixo <strong data-start=\"404\" data-end=\"411\">3 %<\/strong>. O tecido abre com uma leve elasticidade e ent\u00e3o retorna para um caimento n\u00edtido e estruturado, mantendo aquele cobi\u00e7ado car\u00e1ter &quot;cru&quot; mesmo ap\u00f3s o desgaste da vida cotidiana.<\/p>\n<div id=\"attachment_4507\" style=\"width: 610px\" class=\"wp-caption aligncenter\"><img loading=\"lazy\" decoding=\"async\" aria-describedby=\"caption-attachment-4507\" class=\"wp-image-4507\" src=\"https:\/\/lydenim.com\/wp-content\/uploads\/2025\/03\/IMG_6219.jpg\" alt=\"\" width=\"600\" height=\"600\" srcset=\"https:\/\/lydenim.com\/wp-content\/uploads\/2025\/03\/IMG_6219.jpg 2196w, https:\/\/lydenim.com\/wp-content\/uploads\/2025\/03\/IMG_6219-300x300.jpg 300w, https:\/\/lydenim.com\/wp-content\/uploads\/2025\/03\/IMG_6219-1024x1024.jpg 1024w, https:\/\/lydenim.com\/wp-content\/uploads\/2025\/03\/IMG_6219-150x150.jpg 150w, https:\/\/lydenim.com\/wp-content\/uploads\/2025\/03\/IMG_6219-768x768.jpg 768w, https:\/\/lydenim.com\/wp-content\/uploads\/2025\/03\/IMG_6219-1536x1536.jpg 1536w, https:\/\/lydenim.com\/wp-content\/uploads\/2025\/03\/IMG_6219-2048x2048.jpg 2048w, https:\/\/lydenim.com\/wp-content\/uploads\/2025\/03\/IMG_6219-12x12.jpg 12w, https:\/\/lydenim.com\/wp-content\/uploads\/2025\/03\/IMG_6219-600x600.jpg 600w\" sizes=\"auto, (max-width: 600px) 100vw, 600px\" \/><p id=\"caption-attachment-4507\" class=\"wp-caption-text\">Orla de baixa elasticidade<\/p><\/div>\n<p class=\"\" data-start=\"584\" data-end=\"929\"><strong data-start=\"584\" data-end=\"611\">\u2022 S\u00e9rie de alongamento m\u00e9dio<\/strong><br data-start=\"611\" data-end=\"614\" \/>Um verdadeiro \u201cmelhor dos dois mundos\u201d. Os designers reclamaram que os jeans skinny eram muito restritivos ou perdiam a forma muito rapidamente, ent\u00e3o introduzimos um <strong data-start=\"757\" data-end=\"780\">fio fiado com n\u00facleo duplo<\/strong>. O elastano atua como uma estrutura invis\u00edvel dentro do algod\u00e3o, proporcionando f\u00e1cil elasticidade lateral e, ao mesmo tempo, adicionando suporte vertical sutil para evitar flacidez.<img loading=\"lazy\" decoding=\"async\" class=\"aligncenter wp-image-4231\" src=\"https:\/\/lydenim.com\/wp-content\/uploads\/2025\/03\/IMG_5819.jpg\" alt=\"\" width=\"600\" height=\"600\" srcset=\"https:\/\/lydenim.com\/wp-content\/uploads\/2025\/03\/IMG_5819.jpg 2196w, https:\/\/lydenim.com\/wp-content\/uploads\/2025\/03\/IMG_5819-300x300.jpg 300w, https:\/\/lydenim.com\/wp-content\/uploads\/2025\/03\/IMG_5819-1024x1024.jpg 1024w, https:\/\/lydenim.com\/wp-content\/uploads\/2025\/03\/IMG_5819-150x150.jpg 150w, https:\/\/lydenim.com\/wp-content\/uploads\/2025\/03\/IMG_5819-768x768.jpg 768w, https:\/\/lydenim.com\/wp-content\/uploads\/2025\/03\/IMG_5819-1536x1536.jpg 1536w, https:\/\/lydenim.com\/wp-content\/uploads\/2025\/03\/IMG_5819-2048x2048.jpg 2048w, https:\/\/lydenim.com\/wp-content\/uploads\/2025\/03\/IMG_5819-12x12.jpg 12w, https:\/\/lydenim.com\/wp-content\/uploads\/2025\/03\/IMG_5819-600x600.jpg 600w\" sizes=\"auto, (max-width: 600px) 100vw, 600px\" \/><\/p>\n<p class=\"\" data-start=\"931\" data-end=\"1269\"><strong data-start=\"931\" data-end=\"956\">\u2022 S\u00e9rie High-Stretch<\/strong><br data-start=\"956\" data-end=\"959\" \/>Para consumidores que se movimentam \u2014 realmente se movimentam \u2014, aumentamos a propor\u00e7\u00e3o de elastano em uma trama precisamente projetada. O resultado \u00e9 um jeans que flexiona dramaticamente sem sacrificar sua alma robusta, resistindo a investidas profundas, deslocamentos de bicicleta e pausas espont\u00e2neas para dan\u00e7ar sem rasgar ou perder aquela inconfund\u00edvel atitude jeans.<img loading=\"lazy\" decoding=\"async\" class=\"aligncenter wp-image-4117\" src=\"https:\/\/lydenim.com\/wp-content\/uploads\/2025\/03\/IMG_5636.jpg\" alt=\"\" width=\"600\" height=\"600\" srcset=\"https:\/\/lydenim.com\/wp-content\/uploads\/2025\/03\/IMG_5636.jpg 2196w, https:\/\/lydenim.com\/wp-content\/uploads\/2025\/03\/IMG_5636-300x300.jpg 300w, https:\/\/lydenim.com\/wp-content\/uploads\/2025\/03\/IMG_5636-1024x1024.jpg 1024w, https:\/\/lydenim.com\/wp-content\/uploads\/2025\/03\/IMG_5636-150x150.jpg 150w, https:\/\/lydenim.com\/wp-content\/uploads\/2025\/03\/IMG_5636-768x768.jpg 768w, https:\/\/lydenim.com\/wp-content\/uploads\/2025\/03\/IMG_5636-1536x1536.jpg 1536w, https:\/\/lydenim.com\/wp-content\/uploads\/2025\/03\/IMG_5636-2048x2048.jpg 2048w, https:\/\/lydenim.com\/wp-content\/uploads\/2025\/03\/IMG_5636-12x12.jpg 12w, https:\/\/lydenim.com\/wp-content\/uploads\/2025\/03\/IMG_5636-600x600.jpg 600w\" sizes=\"auto, (max-width: 600px) 100vw, 600px\" \/><\/p>\n<p class=\"\" data-start=\"1271\" data-end=\"1351\">Com o LY Denim, cada n\u00edvel de elasticidade ainda parece e parece autenticamente jeans.<\/p>\n<h2 dir=\"auto\"><a href=\"http:\/\/liangyuantextile.m.en.alibaba.com\"><strong>Jeans el\u00e1stico personalizado e vestu\u00e1rio<\/strong><\/a><\/h2>\n<p class=\"\" data-start=\"42\" data-end=\"180\">Na LY Denim, fazemos parcerias com designers e marcas do mundo todo para expandir os limites do jeans el\u00e1stico, oferecendo tr\u00eas linhas personalizadas exclusivas:<\/p>\n<ul data-start=\"182\" data-end=\"889\">\n<li class=\"\" data-start=\"182\" data-end=\"385\">\n<p class=\"\" data-start=\"184\" data-end=\"385\"><strong data-start=\"184\" data-end=\"216\">Viajante urbano \u2013 trecho m\u00e9dio<\/strong><br data-start=\"216\" data-end=\"219\" \/>Silhueta bootcut com flexibilidade extra nos joelhos. De passeios r\u00e1pidos de bicicleta e idas r\u00e1pidas ao metr\u00f4 a um relaxamento noturno, um par mant\u00e9m voc\u00ea confort\u00e1vel e elegante o dia todo.<\/p>\n<p><div id=\"attachment_4621\" style=\"width: 610px\" class=\"wp-caption aligncenter\"><img loading=\"lazy\" decoding=\"async\" aria-describedby=\"caption-attachment-4621\" class=\"wp-image-4621\" src=\"https:\/\/lydenim.com\/wp-content\/uploads\/2025\/04\/IMG_4825.jpg\" alt=\"Cal\u00e7a jeans\" width=\"600\" height=\"859\" srcset=\"https:\/\/lydenim.com\/wp-content\/uploads\/2025\/04\/IMG_4825.jpg 930w, https:\/\/lydenim.com\/wp-content\/uploads\/2025\/04\/IMG_4825-209x300.jpg 209w, https:\/\/lydenim.com\/wp-content\/uploads\/2025\/04\/IMG_4825-715x1024.jpg 715w, https:\/\/lydenim.com\/wp-content\/uploads\/2025\/04\/IMG_4825-768x1100.jpg 768w, https:\/\/lydenim.com\/wp-content\/uploads\/2025\/04\/IMG_4825-8x12.jpg 8w, https:\/\/lydenim.com\/wp-content\/uploads\/2025\/04\/IMG_4825-600x859.jpg 600w, https:\/\/lydenim.com\/wp-content\/uploads\/2025\/04\/IMG_4825-150x215.jpg 150w\" sizes=\"auto, (max-width: 600px) 100vw, 600px\" \/><p id=\"caption-attachment-4621\" class=\"wp-caption-text\">Cal\u00e7a jeans<\/p><\/div><\/li>\n<li class=\"\" data-start=\"387\" data-end=\"642\">\n<p class=\"\" data-start=\"389\" data-end=\"642\"><strong data-start=\"389\" data-end=\"435\">Eco-Active \u2013 Sustent\u00e1vel de M\u00e9dio\/Alto El\u00e1stico<\/strong><br data-start=\"435\" data-end=\"438\" \/>Shorts multiuso feitos de elastano reciclado e algod\u00e3o reaproveitado. Seja fazendo agachamentos profundos na academia ou desfilando pelas ruas de skate, eles se movem livremente e s\u00e3o ecologicamente corretos.<img loading=\"lazy\" decoding=\"async\" class=\"aligncenter wp-image-5148\" src=\"https:\/\/lydenim.com\/wp-content\/uploads\/2025\/05\/Sports-denim-shorts.webp\" alt=\"\" width=\"600\" height=\"801\" srcset=\"https:\/\/lydenim.com\/wp-content\/uploads\/2025\/05\/Sports-denim-shorts.webp 730w, https:\/\/lydenim.com\/wp-content\/uploads\/2025\/05\/Sports-denim-shorts-225x300.webp 225w, https:\/\/lydenim.com\/wp-content\/uploads\/2025\/05\/Sports-denim-shorts-9x12.webp 9w, https:\/\/lydenim.com\/wp-content\/uploads\/2025\/05\/Sports-denim-shorts-600x801.webp 600w, https:\/\/lydenim.com\/wp-content\/uploads\/2025\/05\/Sports-denim-shorts-150x200.webp 150w\" sizes=\"auto, (max-width: 600px) 100vw, 600px\" \/><\/p>\n<\/li>\n<li class=\"\" data-start=\"644\" data-end=\"889\">\n<p class=\"\" data-start=\"646\" data-end=\"889\"><strong data-start=\"646\" data-end=\"688\">Edi\u00e7\u00f5es de Luxo \u2013 Alta Costura El\u00e1stica<\/strong><br data-start=\"688\" data-end=\"691\" \/>Jeans el\u00e1stico de espessura fina se une a motivos florais cortados a laser para um jogo de luz e sombra. Macio como seda, mas fiel \u00e0 ess\u00eancia do jeans, ele adiciona detalhes de cair o queixo a looks de alta costura e roupas de palco.<img loading=\"lazy\" decoding=\"async\" class=\"aligncenter wp-image-5003\" src=\"https:\/\/lydenim.com\/wp-content\/uploads\/2025\/05\/DM_20250505014945_010-e1746515441618.jpg\" alt=\"BALENCIAGA \/ PRIMAVERA 2025 PR\u00c9-VESTIR\" width=\"600\" height=\"760\" srcset=\"https:\/\/lydenim.com\/wp-content\/uploads\/2025\/05\/DM_20250505014945_010-e1746515441618.jpg 1280w, https:\/\/lydenim.com\/wp-content\/uploads\/2025\/05\/DM_20250505014945_010-e1746515441618-237x300.jpg 237w, https:\/\/lydenim.com\/wp-content\/uploads\/2025\/05\/DM_20250505014945_010-e1746515441618-808x1024.jpg 808w, https:\/\/lydenim.com\/wp-content\/uploads\/2025\/05\/DM_20250505014945_010-e1746515441618-768x973.jpg 768w, https:\/\/lydenim.com\/wp-content\/uploads\/2025\/05\/DM_20250505014945_010-e1746515441618-1212x1536.jpg 1212w, https:\/\/lydenim.com\/wp-content\/uploads\/2025\/05\/DM_20250505014945_010-e1746515441618-9x12.jpg 9w, https:\/\/lydenim.com\/wp-content\/uploads\/2025\/05\/DM_20250505014945_010-e1746515441618-600x760.jpg 600w, https:\/\/lydenim.com\/wp-content\/uploads\/2025\/05\/DM_20250505014945_010-e1746515441618-150x190.jpg 150w\" sizes=\"auto, (max-width: 600px) 100vw, 600px\" \/><\/p>\n<\/li>\n<\/ul>\n<p class=\"\" data-start=\"891\" data-end=\"1023\">Essas cole\u00e7\u00f5es comprovam que <strong data-start=\"920\" data-end=\"1022\">O jeans el\u00e1stico \u00e9 mais do que um tecido: \u00e9 uma mistura de desempenho pr\u00e1tico e criatividade sem limites<\/strong>.<\/p>\n<h2 data-start=\"0\" data-end=\"14\">Conclus\u00e3o<\/h2>\n<p class=\"\" data-start=\"16\" data-end=\"553\">\u00c0 medida que os tempos mudam, a tecnologia dos tecidos tamb\u00e9m muda. Diferentes n\u00edveis de elasticidade permitem que cada consumidor sinta o &quot;calor da inova\u00e7\u00e3o&quot;: o elastano responde ao calor do corpo para um conforto que se adapta a cada momento. Ao ajustar com precis\u00e3o o conte\u00fado de elastano, conseguimos a elasticidade ideal, enquanto <strong data-start=\"284\" data-end=\"298\">misturas ecol\u00f3gicas<\/strong>\u2014 elastano tingido sem \u00e1gua combinado com poli\u00e9steres de origem biol\u00f3gica \u2014 reduz a pegada de carbono sem sacrificar a qualidade. E com ferramentas de design digital, marcas e pessoas agora podem encomendar tecidos personalizados de acordo com suas especifica\u00e7\u00f5es exatas de elasticidade, peso e sustentabilidade.<\/p>\n<h2 dir=\"auto\">Servi\u00e7os de personaliza\u00e7\u00e3o da LYDENIM<\/h2>\n<p dir=\"auto\">\ud83c\udfa8 Quero <strong>tecidos jeans personalizados<\/strong> ou\u00a0 <strong>exclusivo<\/strong> <strong>pe\u00e7a jeans personalizada<\/strong>? A LYDENIM \u00e9 especializada em solu\u00e7\u00f5es personalizadas para atender \u00e0s suas necessidades de design e produ\u00e7\u00e3o.<\/p>\n<p dir=\"auto\">\ud83d\udecd\ufe0f <strong>Explore e inspire-se<\/strong>: Navegue por nossas sele\u00e7\u00f5es de tecidos e descubra ideias de design em <a href=\"https:\/\/lydenim.com\/pt\/\" target=\"_blank\" rel=\"noopener noreferrer nofollow\">LYDenim<\/a>.<\/p>\n<p dir=\"auto\">\ud83c\udf10 <strong>Roupas el\u00e1sticas<\/strong>: Confira nossas ofertas em <a href=\"http:\/\/liangyuantextile.m.en.alibaba.com\" target=\"_blank\" rel=\"noopener noreferrer nofollow\">MeuAlibaba<\/a>. \ud83d\udce9 <strong>Contate-nos<\/strong>: Entre em contato em <a href=\"mailto:malone@lydenim.com\" target=\"_blank\" rel=\"noopener noreferrer nofollow\">malone@lydenim.com<\/a>.<\/p>\n<p dir=\"auto\">Crie sua obra-prima de jeans com LYDENIM - seu parceiro de confian\u00e7a para <strong>tecido el\u00e1stico<\/strong> e <strong>solu\u00e7\u00f5es personalizadas de jeans<\/strong>.<\/p>","protected":false},"excerpt":{"rendered":"<p>Tempo estimado de leitura: ~5 minutos O que \u00e9 jeans el\u00e1stico e de onde ele surgiu? O jeans tradicional \u00e9 normalmente tecido<\/p>","protected":false},"author":1,"featured_media":5149,"comment_status":"open","ping_status":"open","sticky":false,"template":"","format":"standard","meta":{"two_page_speed":[],"footnotes":""},"categories":[67],"tags":[],"class_list":["post-5144","post","type-post","status-publish","format-standard","has-post-thumbnail","hentry","category-market"],"aioseo_notices":[],"_links":{"self":[{"href":"https:\/\/lydenim.com\/pt\/wp-json\/wp\/v2\/posts\/5144","targetHints":{"allow":["GET"]}}],"collection":[{"href":"https:\/\/lydenim.com\/pt\/wp-json\/wp\/v2\/posts"}],"about":[{"href":"https:\/\/lydenim.com\/pt\/wp-json\/wp\/v2\/types\/post"}],"author":[{"embeddable":true,"href":"https:\/\/lydenim.com\/pt\/wp-json\/wp\/v2\/users\/1"}],"replies":[{"embeddable":true,"href":"https:\/\/lydenim.com\/pt\/wp-json\/wp\/v2\/comments?post=5144"}],"version-history":[{"count":2,"href":"https:\/\/lydenim.com\/pt\/wp-json\/wp\/v2\/posts\/5144\/revisions"}],"predecessor-version":[{"id":6307,"href":"https:\/\/lydenim.com\/pt\/wp-json\/wp\/v2\/posts\/5144\/revisions\/6307"}],"wp:featuredmedia":[{"embeddable":true,"href":"https:\/\/lydenim.com\/pt\/wp-json\/wp\/v2\/media\/5149"}],"wp:attachment":[{"href":"https:\/\/lydenim.com\/pt\/wp-json\/wp\/v2\/media?parent=5144"}],"wp:term":[{"taxonomy":"category","embeddable":true,"href":"https:\/\/lydenim.com\/pt\/wp-json\/wp\/v2\/categories?post=5144"},{"taxonomy":"post_tag","embeddable":true,"href":"https:\/\/lydenim.com\/pt\/wp-json\/wp\/v2\/tags?post=5144"}],"curies":[{"name":"wp","href":"https:\/\/api.w.org\/{rel}","templated":true}]}}