{"id":5162,"date":"2025-05-22T11:16:33","date_gmt":"2025-05-22T03:16:33","guid":{"rendered":"https:\/\/lydenim.com\/?p=5162"},"modified":"2025-08-24T13:18:34","modified_gmt":"2025-08-24T05:18:34","slug":"between-warp-and-weft-decoding-the-fabric-worlds-coordinates","status":"publish","type":"post","link":"https:\/\/lydenim.com\/pt\/entre-a-urdidura-e-a-trama-decodificando-as-coordenadas-do-mundo-dos-tecidos\/","title":{"rendered":"Entre a Urdidura e a Trama \u2013 Decodificando as Coordenadas do Mundo dos Tecidos"},"content":{"rendered":"<h3 data-pm-slice=\"1 1 []\">Tempo estimado de leitura: ~3 minutos<\/h3>\n<h3><strong>Urdume e Trama \u2013 A Latitude e Longitude do Tecido<\/strong><\/h3>\n<p class=\"ds-markdown-paragraph\">Imagine o tecido como um globo:\u00a0<strong>fios de urdume<\/strong>\u00a0s\u00e3o as linhas longitudinais verticais, que sustentam a estrutura como uma espinha dorsal, enquanto\u00a0<strong>fios de trama<\/strong>\u00a0tecem horizontalmente como rios em latitude. Essa dan\u00e7a de fios entrela\u00e7ados remonta a 6000 a.C. em Catalh\u00f6y\u00fck, na Turquia, onde urdumes de linho cruzavam tramas de l\u00e3 para criar o primeiro tecido xadrez. Ao passar os dedos sobre a sarja diagonal do jeans, voc\u00ea sente os fios de urdume dominando as tramas em uma propor\u00e7\u00e3o de 3:1 \u2014 cada crista \u00e9 um sussurro da antiga linguagem do tear.<img loading=\"lazy\" decoding=\"async\" class=\"aligncenter wp-image-5167\" src=\"https:\/\/lydenim.com\/wp-content\/uploads\/2025\/05\/Firefly_A_conceptual_illustration_showing_fabric_as_a_globe-_warp_yarns_as_vertical_longitude_178624.jpg\" alt=\"\" width=\"600\" height=\"467\" srcset=\"https:\/\/lydenim.com\/wp-content\/uploads\/2025\/05\/Firefly_A_conceptual_illustration_showing_fabric_as_a_globe-_warp_yarns_as_vertical_longitude_178624.jpg 2304w, https:\/\/lydenim.com\/wp-content\/uploads\/2025\/05\/Firefly_A_conceptual_illustration_showing_fabric_as_a_globe-_warp_yarns_as_vertical_longitude_178624-300x233.jpg 300w, https:\/\/lydenim.com\/wp-content\/uploads\/2025\/05\/Firefly_A_conceptual_illustration_showing_fabric_as_a_globe-_warp_yarns_as_vertical_longitude_178624-1024x796.jpg 1024w, https:\/\/lydenim.com\/wp-content\/uploads\/2025\/05\/Firefly_A_conceptual_illustration_showing_fabric_as_a_globe-_warp_yarns_as_vertical_longitude_178624-768x597.jpg 768w, https:\/\/lydenim.com\/wp-content\/uploads\/2025\/05\/Firefly_A_conceptual_illustration_showing_fabric_as_a_globe-_warp_yarns_as_vertical_longitude_178624-1536x1195.jpg 1536w, https:\/\/lydenim.com\/wp-content\/uploads\/2025\/05\/Firefly_A_conceptual_illustration_showing_fabric_as_a_globe-_warp_yarns_as_vertical_longitude_178624-2048x1593.jpg 2048w, https:\/\/lydenim.com\/wp-content\/uploads\/2025\/05\/Firefly_A_conceptual_illustration_showing_fabric_as_a_globe-_warp_yarns_as_vertical_longitude_178624-15x12.jpg 15w, https:\/\/lydenim.com\/wp-content\/uploads\/2025\/05\/Firefly_A_conceptual_illustration_showing_fabric_as_a_globe-_warp_yarns_as_vertical_longitude_178624-600x467.jpg 600w, https:\/\/lydenim.com\/wp-content\/uploads\/2025\/05\/Firefly_A_conceptual_illustration_showing_fabric_as_a_globe-_warp_yarns_as_vertical_longitude_178624-150x117.jpg 150w\" sizes=\"auto, (max-width: 600px) 100vw, 600px\" \/><\/p>\n<h3><strong>A dupla an\u00f4nima dos t\u00eaxteis<\/strong><\/h3>\n<p class=\"ds-markdown-paragraph\">A urdidura e a trama funcionam como o baixo e os vocais em uma banda:<\/p>\n<ul>\n<li>\n<p class=\"ds-markdown-paragraph\"><strong>Warp: O Apoiador Silencioso<\/strong>:Presos firmemente presos no tear, \u00e9 por isso que seus jeans n\u00e3o cedem quando puxados verticalmente.<\/p>\n<\/li>\n<li>\n<p class=\"ds-markdown-paragraph\"><strong>Trama: O Artista da Textura<\/strong>: Um veterano trabalhador t\u00eaxtil disse uma vez: \u201cAdicione elastano 2% \u00e0 trama e o jeans deixa de ser uma capa de salsicha e se torna confort\u00e1vel como uma cal\u00e7a de moletom.\u201d<\/p>\n<\/li>\n<\/ul>\n<p class=\"ds-markdown-paragraph\">Os padr\u00f5es de trama tamb\u00e9m s\u00e3o importantes: trama simples para camisas impec\u00e1veis, sarja para o charme do jeans diagonal.<\/p>\n<h3 class=\"\" data-start=\"1752\" data-end=\"1819\">Al\u00e9m do algod\u00e3o puro \u2013 O jogo da mistura de urdume e trama<\/h3>\n<p class=\"\" data-start=\"1821\" data-end=\"1913\">Os designers de tecidos modernos s\u00e3o como mixologistas, misturando f\u00f3rmulas de urdume e trama com perfei\u00e7\u00e3o.<\/p>\n<p class=\"\" data-start=\"1915\" data-end=\"2257\">Antigamente, tecido significava algod\u00e3o 100%. Simples. Hoje? Nem tanto. Combinando diferentes fibras no urdume e na trama, podemos criar tecidos com desempenho avan\u00e7ado. Imagine um urdume feito de poli\u00e9ster resistente para maior durabilidade, enquanto a trama \u00e9 de algod\u00e3o macio para maior conforto. Ou adicione fibras el\u00e1sticas \u00e0 trama para criar jeans que se ajustam perfeitamente, mas que se movem livremente.<\/p>\n<p class=\"\" data-start=\"2259\" data-end=\"2404\">Essas misturas n\u00e3o s\u00e3o apenas pr\u00e1ticas, elas t\u00eam um prop\u00f3sito. O objetivo \u00e9 criar tecidos que sejam mais confort\u00e1veis, durem mais e combinem com o nosso estilo de vida moderno.<\/p>\n<p class=\"\" data-start=\"2406\" data-end=\"2466\">Cada combina\u00e7\u00e3o de fibras \u00e9 como criar uma receita exclusiva.<\/p>\n<h3 class=\"\" data-start=\"2473\" data-end=\"2526\">A transforma\u00e7\u00e3o do tecido sob a magia da trama e da urdidura<\/h3>\n<p class=\"\" data-start=\"2528\" data-end=\"2593\">Alterar o equil\u00edbrio entre urdume e trama \u00e9 como editar o DNA do tecido:<\/p>\n<ul data-start=\"2595\" data-end=\"2961\">\n<li class=\"\" data-start=\"2595\" data-end=\"2742\">\n<p class=\"\" data-start=\"2597\" data-end=\"2742\">Fios mais grossos criam tecidos quentes e pesados (como para jaquetas de inverno), enquanto fios mais finos produzem tecidos leves e respir\u00e1veis (ideais para vestidos de ver\u00e3o).<\/p>\n<\/li>\n<li class=\"\" data-start=\"2743\" data-end=\"2861\">\n<p class=\"\" data-start=\"2745\" data-end=\"2861\">Adicione elastano \u00e0 trama \u2014 ou at\u00e9 mesmo \u00e0 urdidura \u2014 e o tecido se torna flex\u00edvel e perfeito para roupas esportivas ou jeans skinny.<\/p>\n<\/li>\n<li class=\"\" data-start=\"2862\" data-end=\"2961\">\n<p class=\"\" data-start=\"2864\" data-end=\"2961\">Tingir a urdidura e a trama com cores diferentes resulta em tecidos com matizes \u00fanicos e multidimensionais.<\/p>\n<\/li>\n<\/ul>\n<p class=\"\" data-start=\"2963\" data-end=\"3080\">Na LY Denim, adoramos desafiar esses limites. Para n\u00f3s, o tecido n\u00e3o \u00e9 apenas um produto \u2014 \u00e9 uma tela para a sua criatividade.<\/p>\n<h3 class=\"\" data-start=\"3087\" data-end=\"3159\">Quando a urdidura encontra o futuro \u2013 uma nova era de tecelagem personalizada<\/h3>\n<p class=\"\" data-start=\"3161\" data-end=\"3239\">As roupas personalizadas de hoje v\u00e3o al\u00e9m das medidas \u2014 elas v\u00e3o at\u00e9 o n\u00edvel do fio:<\/p>\n<ul data-start=\"3241\" data-end=\"3687\">\n<li class=\"\" data-start=\"3241\" data-end=\"3451\">\n<p class=\"\" data-start=\"3243\" data-end=\"3451\"><strong data-start=\"3243\" data-end=\"3267\">Tecidos inteligentes de fic\u00e7\u00e3o cient\u00edfica<\/strong>: Fios de urdume com fibras sens\u00edveis ao calor e fios de trama contendo fios condutores \u2014 imagine uma jaqueta que muda de cor conforme a temperatura do seu corpo e carrega seu telefone.<\/p>\n<\/li>\n<li class=\"\" data-start=\"3452\" data-end=\"3687\">\n<p class=\"\" data-start=\"3454\" data-end=\"3687\"><strong data-start=\"3454\" data-end=\"3479\">T\u00eaxteis contadores de hist\u00f3rias<\/strong>: Urdume feito de garrafas pl\u00e1sticas recicladas entrela\u00e7adas com trama feita de redes de pesca reaproveitadas. Cada par de jeans carrega uma hist\u00f3ria de sustentabilidade oce\u00e2nica \u2014 como a camisa do Real Madrid feita de pl\u00e1stico marinho.<img loading=\"lazy\" decoding=\"async\" class=\"aligncenter wp-image-5166\" src=\"https:\/\/lydenim.com\/wp-content\/uploads\/2025\/05\/Environmentally-friendly-team-uniform.jpg\" alt=\"\" width=\"600\" height=\"341\" srcset=\"https:\/\/lydenim.com\/wp-content\/uploads\/2025\/05\/Environmentally-friendly-team-uniform.jpg 700w, https:\/\/lydenim.com\/wp-content\/uploads\/2025\/05\/Environmentally-friendly-team-uniform-300x171.jpg 300w, https:\/\/lydenim.com\/wp-content\/uploads\/2025\/05\/Environmentally-friendly-team-uniform-18x10.jpg 18w, https:\/\/lydenim.com\/wp-content\/uploads\/2025\/05\/Environmentally-friendly-team-uniform-600x341.jpg 600w, https:\/\/lydenim.com\/wp-content\/uploads\/2025\/05\/Environmentally-friendly-team-uniform-150x85.jpg 150w\" sizes=\"auto, (max-width: 600px) 100vw, 600px\" \/><\/p>\n<\/li>\n<\/ul>\n<h2 dir=\"auto\">Servi\u00e7os de personaliza\u00e7\u00e3o da LYDENIM<\/h2>\n<p dir=\"auto\">\ud83c\udfa8 Quero <strong>tecidos jeans personalizados<\/strong> ou\u00a0 <strong>exclusivo<\/strong> <strong>pe\u00e7a jeans personalizada<\/strong>? A LYDENIM \u00e9 especializada em solu\u00e7\u00f5es personalizadas para atender \u00e0s suas necessidades de design e produ\u00e7\u00e3o.<\/p>\n<p dir=\"auto\">\ud83d\udecd\ufe0f <strong>Explore e inspire-se<\/strong>: Navegue por nossas sele\u00e7\u00f5es de tecidos e descubra ideias de design em <a href=\"https:\/\/lydenim.com\/pt\/\" target=\"_blank\" rel=\"noopener noreferrer nofollow\">LYDenim<\/a>.<\/p>\n<p dir=\"auto\">\ud83c\udf10 <strong>Roupas el\u00e1sticas<\/strong>: Confira nossas ofertas em <a href=\"http:\/\/liangyuantextile.m.en.alibaba.com\" target=\"_blank\" rel=\"noopener noreferrer nofollow\">MeuAlibaba<\/a>. \ud83d\udce9 <strong>Contate-nos<\/strong>: Entre em contato em <a href=\"mailto:malone@lydenim.com\" target=\"_blank\" rel=\"noopener noreferrer nofollow\">malone@lydenim.com<\/a>.<\/p>\n<p dir=\"auto\">Crie sua obra-prima de jeans com LYDENIM - seu parceiro de confian\u00e7a para <strong>tecido el\u00e1stico<\/strong> e <strong>solu\u00e7\u00f5es personalizadas de jeans<\/strong>.<\/p>\n<p>&nbsp;<\/p>","protected":false},"excerpt":{"rendered":"<p>Tempo estimado de leitura: ~3 minutos Urdidura e Trama \u2013 A Latitude e Longitude do Tecido Imagine o tecido como um globo: urdidura<\/p>","protected":false},"author":1,"featured_media":5169,"comment_status":"open","ping_status":"open","sticky":false,"template":"","format":"standard","meta":{"two_page_speed":[],"footnotes":""},"categories":[66],"tags":[],"class_list":["post-5162","post","type-post","status-publish","format-standard","has-post-thumbnail","hentry","category-denim-knowledge"],"aioseo_notices":[],"_links":{"self":[{"href":"https:\/\/lydenim.com\/pt\/wp-json\/wp\/v2\/posts\/5162","targetHints":{"allow":["GET"]}}],"collection":[{"href":"https:\/\/lydenim.com\/pt\/wp-json\/wp\/v2\/posts"}],"about":[{"href":"https:\/\/lydenim.com\/pt\/wp-json\/wp\/v2\/types\/post"}],"author":[{"embeddable":true,"href":"https:\/\/lydenim.com\/pt\/wp-json\/wp\/v2\/users\/1"}],"replies":[{"embeddable":true,"href":"https:\/\/lydenim.com\/pt\/wp-json\/wp\/v2\/comments?post=5162"}],"version-history":[{"count":4,"href":"https:\/\/lydenim.com\/pt\/wp-json\/wp\/v2\/posts\/5162\/revisions"}],"predecessor-version":[{"id":6312,"href":"https:\/\/lydenim.com\/pt\/wp-json\/wp\/v2\/posts\/5162\/revisions\/6312"}],"wp:featuredmedia":[{"embeddable":true,"href":"https:\/\/lydenim.com\/pt\/wp-json\/wp\/v2\/media\/5169"}],"wp:attachment":[{"href":"https:\/\/lydenim.com\/pt\/wp-json\/wp\/v2\/media?parent=5162"}],"wp:term":[{"taxonomy":"category","embeddable":true,"href":"https:\/\/lydenim.com\/pt\/wp-json\/wp\/v2\/categories?post=5162"},{"taxonomy":"post_tag","embeddable":true,"href":"https:\/\/lydenim.com\/pt\/wp-json\/wp\/v2\/tags?post=5162"}],"curies":[{"name":"wp","href":"https:\/\/api.w.org\/{rel}","templated":true}]}}