{"id":5170,"date":"2025-05-23T00:05:23","date_gmt":"2025-05-22T16:05:23","guid":{"rendered":"https:\/\/lydenim.com\/?p=5170"},"modified":"2025-08-24T13:19:40","modified_gmt":"2025-08-24T05:19:40","slug":"from-sketch-to-garment","status":"publish","type":"post","link":"https:\/\/lydenim.com\/pt\/do-esboco-a-vestimenta\/","title":{"rendered":"Do esbo\u00e7o \u00e0 pe\u00e7a: como seu design de moda se torna realidade"},"content":{"rendered":"<h2 class=\"\" data-start=\"2476\" data-end=\"2517\">Tempo estimado de leitura: \uff5e4 minutos<\/h2>\n<h2 class=\"\" data-start=\"65\" data-end=\"141\"><strong data-start=\"68\" data-end=\"141\">1. A Semente do Design \u2013 Da Centelha Imaginativa ao Projeto Realista<\/strong><\/h2>\n<p class=\"\" data-start=\"143\" data-end=\"396\">Talvez voc\u00ea j\u00e1 tenha esbo\u00e7ado uma ideia em um guardanapo em um caf\u00e9, ou tenha visto a roupa exc\u00eantrica de algu\u00e9m na rua. Talvez voc\u00ea seja um designer profissional constantemente refinando seus rascunhos. N\u00e3o importa como comece, toda ideia criativa merece ser levada a s\u00e9rio.<\/p>\n<p class=\"\" data-start=\"398\" data-end=\"440\">Como disse a designer emergente Emma de Londres:<\/p>\n<blockquote data-start=\"441\" data-end=\"546\">\n<p class=\"\" data-start=\"443\" data-end=\"546\">&quot;Minha primeira cole\u00e7\u00e3o foi inspirada em grafites no metr\u00f4. Agora, ela est\u00e1 exposta em butiques de Mil\u00e3o.&quot;<\/p>\n<\/blockquote>\n<p class=\"\" data-start=\"548\" data-end=\"690\">Quer o seu design se incline para o streetwear selvagem ou para a eleg\u00e2ncia minimalista, o primeiro passo \u00e9 sempre respeitar esse desejo de <em data-start=\"671\" data-end=\"689\">criar algo<\/em>.<\/p>\n<div id=\"attachment_5172\" style=\"width: 610px\" class=\"wp-caption aligncenter\"><img loading=\"lazy\" decoding=\"async\" aria-describedby=\"caption-attachment-5172\" class=\"wp-image-5172\" src=\"https:\/\/lydenim.com\/wp-content\/uploads\/2025\/05\/1375001006098702079.png\" alt=\"\" width=\"600\" height=\"600\" srcset=\"https:\/\/lydenim.com\/wp-content\/uploads\/2025\/05\/1375001006098702079.png 1024w, https:\/\/lydenim.com\/wp-content\/uploads\/2025\/05\/1375001006098702079-300x300.png 300w, https:\/\/lydenim.com\/wp-content\/uploads\/2025\/05\/1375001006098702079-150x150.png 150w, https:\/\/lydenim.com\/wp-content\/uploads\/2025\/05\/1375001006098702079-768x768.png 768w, https:\/\/lydenim.com\/wp-content\/uploads\/2025\/05\/1375001006098702079-12x12.png 12w, https:\/\/lydenim.com\/wp-content\/uploads\/2025\/05\/1375001006098702079-600x600.png 600w\" sizes=\"auto, (max-width: 600px) 100vw, 600px\" \/><p id=\"caption-attachment-5172\" class=\"wp-caption-text\">Da centelha imaginativa ao projeto realista<\/p><\/div>\n<h2 class=\"\" data-start=\"697\" data-end=\"750\"><strong data-start=\"700\" data-end=\"750\">2. Escolha sua \u201cbase\u201d \u2013 tecido e acabamentos<\/strong><\/h2>\n<h3 class=\"\" data-start=\"752\" data-end=\"798\"><strong data-start=\"756\" data-end=\"798\">Tecido: a base de todo design<\/strong><\/h3>\n<p class=\"\" data-start=\"800\" data-end=\"910\">Assim como a funda\u00e7\u00e3o de uma casa, a qualidade do tecido determina o qu\u00e3o s\u00f3lida e bem ajustada uma pe\u00e7a ser\u00e1.<\/p>\n<ul data-start=\"912\" data-end=\"1449\">\n<li class=\"\" data-start=\"912\" data-end=\"1095\">\n<p class=\"\" data-start=\"914\" data-end=\"975\"><strong data-start=\"914\" data-end=\"927\">Grossura<\/strong>: Pesos diferentes criam texturas diferentes.<\/p>\n<ul data-start=\"978\" data-end=\"1095\">\n<li class=\"\" data-start=\"978\" data-end=\"1044\">\n<p class=\"\" data-start=\"980\" data-end=\"1044\">O jeans de 6 a 10 oz funciona bem para camisas leves ou roupas de ver\u00e3o.<\/p>\n<\/li>\n<li class=\"\" data-start=\"1047\" data-end=\"1095\">\n<p class=\"\" data-start=\"1049\" data-end=\"1095\">12\u201316 oz \u00e9 \u00f3timo para jeans ou jaquetas resistentes.<\/p>\n<\/li>\n<\/ul>\n<\/li>\n<li class=\"\" data-start=\"1097\" data-end=\"1255\">\n<p class=\"\" data-start=\"1099\" data-end=\"1111\"><strong data-start=\"1099\" data-end=\"1108\">Cor<\/strong>:<\/p>\n<ul data-start=\"1114\" data-end=\"1255\">\n<li class=\"\" data-start=\"1114\" data-end=\"1156\">\n<p class=\"\" data-start=\"1116\" data-end=\"1156\">O \u00edndigo cl\u00e1ssico \u00e9 vers\u00e1til para jeans.<\/p>\n<\/li>\n<li class=\"\" data-start=\"1159\" data-end=\"1255\">\n<p class=\"\" data-start=\"1161\" data-end=\"1255\">Algod\u00e3o, listras, malhas e padr\u00f5es coloridos ajudam a expressar individualidade e se adequam ao seu conceito.<\/p>\n<\/li>\n<\/ul>\n<\/li>\n<li class=\"\" data-start=\"1257\" data-end=\"1449\">\n<p class=\"\" data-start=\"1259\" data-end=\"1276\"><strong data-start=\"1259\" data-end=\"1273\">Elasticidade<\/strong>:<\/p>\n<ul data-start=\"1279\" data-end=\"1449\">\n<li class=\"\" data-start=\"1279\" data-end=\"1375\">\n<p class=\"\" data-start=\"1281\" data-end=\"1375\">Quer conforto? Escolha jeans com elastano ou tecidos flex\u00edveis de algod\u00e3o, listrado ou malha.<\/p>\n<\/li>\n<li class=\"\" data-start=\"1378\" data-end=\"1449\">\n<p class=\"\" data-start=\"1380\" data-end=\"1449\">Prefere estrutura? Opte por jeans que n\u00e3o estique para manter o formato intacto.<img loading=\"lazy\" decoding=\"async\" class=\"aligncenter wp-image-5173\" src=\"https:\/\/lydenim.com\/wp-content\/uploads\/2025\/05\/1375004716227276591.png\" alt=\"\" width=\"600\" height=\"600\" srcset=\"https:\/\/lydenim.com\/wp-content\/uploads\/2025\/05\/1375004716227276591.png 1024w, https:\/\/lydenim.com\/wp-content\/uploads\/2025\/05\/1375004716227276591-300x300.png 300w, https:\/\/lydenim.com\/wp-content\/uploads\/2025\/05\/1375004716227276591-150x150.png 150w, https:\/\/lydenim.com\/wp-content\/uploads\/2025\/05\/1375004716227276591-768x768.png 768w, https:\/\/lydenim.com\/wp-content\/uploads\/2025\/05\/1375004716227276591-12x12.png 12w, https:\/\/lydenim.com\/wp-content\/uploads\/2025\/05\/1375004716227276591-600x600.png 600w\" sizes=\"auto, (max-width: 600px) 100vw, 600px\" \/><\/p>\n<\/li>\n<\/ul>\n<\/li>\n<\/ul>\n<h3 class=\"\" data-start=\"1643\" data-end=\"1684\"><strong data-start=\"1647\" data-end=\"1684\">Acabamentos \u2013 Pequenos detalhes, grande impacto<\/strong><\/h3>\n<ul data-start=\"1686\" data-end=\"2058\">\n<li class=\"\" data-start=\"1686\" data-end=\"1828\">\n<p class=\"\" data-start=\"1688\" data-end=\"1702\"><strong data-start=\"1688\" data-end=\"1699\">Z\u00edperes<\/strong>:<\/p>\n<ul data-start=\"1705\" data-end=\"1828\">\n<li class=\"\" data-start=\"1705\" data-end=\"1775\">\n<p class=\"\" data-start=\"1707\" data-end=\"1775\">Os z\u00edperes YKK s\u00e3o dur\u00e1veis e confi\u00e1veis, perfeitos para designs de qualidade.<\/p>\n<\/li>\n<li class=\"\" data-start=\"1778\" data-end=\"1828\">\n<p class=\"\" data-start=\"1780\" data-end=\"1828\">Voc\u00ea tamb\u00e9m pode ousar com z\u00edperes de design exclusivo.<\/p>\n<\/li>\n<\/ul>\n<\/li>\n<li class=\"\" data-start=\"1830\" data-end=\"1953\">\n<p class=\"\" data-start=\"1832\" data-end=\"1864\"><strong data-start=\"1832\" data-end=\"1861\">Patch de couro com logotipo personalizado<\/strong>:<\/p>\n<ul data-start=\"1867\" data-end=\"1953\">\n<li class=\"\" data-start=\"1867\" data-end=\"1953\">\n<p class=\"\" data-start=\"1869\" data-end=\"1953\">Adicione um patch de couro com seu logotipo para dar \u00e0 pe\u00e7a uma identidade pessoal ou de marca.<\/p>\n<\/li>\n<\/ul>\n<\/li>\n<li class=\"\" data-start=\"1955\" data-end=\"2058\">\n<p class=\"\" data-start=\"1957\" data-end=\"1982\"><strong data-start=\"1957\" data-end=\"1979\">Bot\u00f5es e Rebites<\/strong>:<\/p>\n<ul data-start=\"1985\" data-end=\"2058\">\n<li class=\"\" data-start=\"1985\" data-end=\"2058\">\n<p class=\"\" data-start=\"1987\" data-end=\"2058\">Bot\u00f5es exclusivos ou rebites met\u00e1licos podem elevar o visual da sua pe\u00e7a.<\/p>\n<\/li>\n<\/ul>\n<\/li>\n<\/ul>\n<p class=\"\" data-start=\"2060\" data-end=\"2111\">Ajudaremos voc\u00ea a personalizar todos esses detalhes especiais.<img loading=\"lazy\" decoding=\"async\" class=\"aligncenter wp-image-5177\" src=\"https:\/\/lydenim.com\/wp-content\/uploads\/2025\/05\/1375038682667253503.png\" alt=\"\" width=\"600\" height=\"600\" srcset=\"https:\/\/lydenim.com\/wp-content\/uploads\/2025\/05\/1375038682667253503.png 1024w, https:\/\/lydenim.com\/wp-content\/uploads\/2025\/05\/1375038682667253503-300x300.png 300w, https:\/\/lydenim.com\/wp-content\/uploads\/2025\/05\/1375038682667253503-150x150.png 150w, https:\/\/lydenim.com\/wp-content\/uploads\/2025\/05\/1375038682667253503-768x768.png 768w, https:\/\/lydenim.com\/wp-content\/uploads\/2025\/05\/1375038682667253503-12x12.png 12w, https:\/\/lydenim.com\/wp-content\/uploads\/2025\/05\/1375038682667253503-600x600.png 600w\" sizes=\"auto, (max-width: 600px) 100vw, 600px\" \/><\/p>\n<h2 class=\"\" data-start=\"2118\" data-end=\"2190\"><strong data-start=\"2121\" data-end=\"2190\">3. Da Confirma\u00e7\u00e3o \u00e0 Conclus\u00e3o \u2013 Construindo sua \u201cArquitetura\u201d<\/strong><\/h2>\n<h3 class=\"\" data-start=\"2192\" data-end=\"2218\"><strong data-start=\"2196\" data-end=\"2218\">Desenvolvimento de amostra<\/strong><\/h3>\n<p class=\"\" data-start=\"2220\" data-end=\"2435\">Depois de confirmar o design com nosso criador de amostras, primeiro criamos um prot\u00f3tipo.<br data-start=\"2299\" data-end=\"2302\" \/>Este \u00e9 seu <em data-start=\"2315\" data-end=\"2343\">primeira realiza\u00e7\u00e3o f\u00edsica<\/em> do design. Voc\u00ea pode experiment\u00e1-lo ou ajust\u00e1-lo \u2014 talvez encurtar as mangas ou mover o bolso.<\/p>\n<p class=\"\" data-start=\"2437\" data-end=\"2488\">Esta etapa garante que tudo esteja no caminho certo.<\/p>\n<h2 class=\"\" data-start=\"2495\" data-end=\"2520\"><strong data-start=\"2498\" data-end=\"2520\">Corte preciso<\/strong><\/h2>\n<p class=\"\" data-start=\"2522\" data-end=\"2668\">Depois que a amostra \u00e9 aprovada, come\u00e7amos a cortar o tecido.<br data-start=\"2579\" data-end=\"2582\" \/><strong data-start=\"2582\" data-end=\"2603\">A precis\u00e3o \u00e9 importante<\/strong>\u2014cada pe\u00e7a deve estar perfeitamente moldada e pronta para o pr\u00f3ximo passo.<\/p>\n<p class=\"\" data-start=\"2670\" data-end=\"2691\">N\u00f3s levamos isso a s\u00e9rio.<\/p>\n<h2 class=\"\" data-start=\"2698\" data-end=\"2725\"><strong data-start=\"2701\" data-end=\"2725\">Costura e Montagem<\/strong><\/h2>\n<p class=\"\" data-start=\"2727\" data-end=\"2864\">Agora fica emocionante.<br data-start=\"2748\" data-end=\"2751\" \/>Nossa equipe costura cuidadosamente cada linha e costura com habilidade e dedica\u00e7\u00e3o \u2014 \u00e9 aqui que o tecido realmente se transforma em roupa.<\/p>\n<h2 class=\"\" data-start=\"2871\" data-end=\"2908\"><strong data-start=\"2874\" data-end=\"2908\">Passadoria e Acabamentos Especiais<\/strong><\/h2>\n<p class=\"\" data-start=\"2910\" data-end=\"3092\">Passar a pe\u00e7a confere a ela estrutura e estilo limpos.<br data-start=\"2966\" data-end=\"2969\" \/>Quer mais? Podemos aplicar acabamentos personalizados, como lavagem vintage ou costura contrastante.<br data-start=\"3051\" data-end=\"3054\" \/>Basta nos avisar e faremos isso acontecer.<\/p>\n<h2 class=\"\" data-start=\"3099\" data-end=\"3133\"><strong data-start=\"3102\" data-end=\"3133\">Acabamentos e toques pessoais<\/strong><\/h2>\n<p class=\"\" data-start=\"3135\" data-end=\"3302\">Agora seu design ganha personalidade final.<br data-start=\"3178\" data-end=\"3181\" \/>Colocamos z\u00edperes YKK, costuramos seu logotipo em couro e adicionamos bot\u00f5es ou rebites \u2014 esses detalhes fazem sua pe\u00e7a se destacar.<\/p>\n<h2 class=\"\" data-start=\"3309\" data-end=\"3339\"><strong data-start=\"3312\" data-end=\"3339\">Ajuste e montagem<\/strong><\/h2>\n<p class=\"\" data-start=\"3341\" data-end=\"3463\">Experimente e veja como \u00e9!<br data-start=\"3368\" data-end=\"3371\" \/>Se algo parecer errado (cintura muito apertada ou bainha muito longa), n\u00f3s o ajustaremos at\u00e9 que fique perfeito.<\/p>\n<h2 class=\"\" data-start=\"3470\" data-end=\"3494\"><strong data-start=\"3473\" data-end=\"3494\">Entrega final<\/strong><\/h2>\n<p class=\"\" data-start=\"3496\" data-end=\"3670\">Feito!<br data-start=\"3501\" data-end=\"3504\" \/>Sua cria\u00e7\u00e3o personalizada ser\u00e1 cuidadosamente embalada e entregue a voc\u00ea. Nesta era de autoexpress\u00e3o, a moda personalizada ajuda voc\u00ea a se destacar.<strong data-start=\"3636\" data-end=\"3670\">sua ideia agora se tornou realidade.<\/strong><\/p>\n<div id=\"attachment_5178\" style=\"width: 610px\" class=\"wp-caption aligncenter\"><img loading=\"lazy\" decoding=\"async\" aria-describedby=\"caption-attachment-5178\" class=\"wp-image-5178\" src=\"https:\/\/lydenim.com\/wp-content\/uploads\/2025\/05\/WechatIMG1888.jpeg\" alt=\"\" width=\"600\" height=\"682\" srcset=\"https:\/\/lydenim.com\/wp-content\/uploads\/2025\/05\/WechatIMG1888.jpeg 920w, https:\/\/lydenim.com\/wp-content\/uploads\/2025\/05\/WechatIMG1888-264x300.jpeg 264w, https:\/\/lydenim.com\/wp-content\/uploads\/2025\/05\/WechatIMG1888-901x1024.jpeg 901w, https:\/\/lydenim.com\/wp-content\/uploads\/2025\/05\/WechatIMG1888-768x873.jpeg 768w, https:\/\/lydenim.com\/wp-content\/uploads\/2025\/05\/WechatIMG1888-11x12.jpeg 11w, https:\/\/lydenim.com\/wp-content\/uploads\/2025\/05\/WechatIMG1888-600x682.jpeg 600w, https:\/\/lydenim.com\/wp-content\/uploads\/2025\/05\/WechatIMG1888-150x171.jpeg 150w\" sizes=\"auto, (max-width: 600px) 100vw, 600px\" \/><p id=\"caption-attachment-5178\" class=\"wp-caption-text\">Construindo sua \u201cArquitetura\u201d<\/p><\/div>\n<h2 class=\"\" data-start=\"3677\" data-end=\"3694\"><strong data-start=\"3680\" data-end=\"3694\">4. Conclus\u00e3o<\/strong><\/h2>\n<p class=\"\" data-start=\"3696\" data-end=\"4094\">Com a evolu\u00e7\u00e3o das tend\u00eancias da moda moderna, todos desejam ter roupas \u00fanicas e personalizadas. Seja para selecionar o tecido perfeito ou criar roupas personalizadas, n\u00f3s temos a solu\u00e7\u00e3o.<\/p>\n<h2 dir=\"auto\">Servi\u00e7os de personaliza\u00e7\u00e3o da LYDENIM<\/h2>\n<p dir=\"auto\">\ud83c\udfa8 Quero <strong>tecidos jeans personalizados<\/strong> ou\u00a0 <strong>exclusivo<\/strong> <strong>pe\u00e7a jeans personalizada<\/strong>? A LYDENIM \u00e9 especializada em solu\u00e7\u00f5es personalizadas para atender \u00e0s suas necessidades de design e produ\u00e7\u00e3o.<\/p>\n<p dir=\"auto\">\ud83d\udecd\ufe0f <strong>Explore e inspire-se<\/strong>: Navegue por nossas sele\u00e7\u00f5es de tecidos e descubra ideias de design em <a href=\"https:\/\/lydenim.com\/pt\/\" target=\"_blank\" rel=\"noopener noreferrer nofollow\">LYDenim<\/a>.<\/p>\n<p dir=\"auto\">\ud83c\udf10 <strong>Roupas el\u00e1sticas<\/strong>: Confira nossas ofertas em <a href=\"http:\/\/liangyuantextile.m.en.alibaba.com\" target=\"_blank\" rel=\"noopener noreferrer nofollow\">MeuAlibaba<\/a>. \ud83d\udce9 <strong>Contate-nos<\/strong>: Entre em contato em <a href=\"mailto:malone@lydenim.com\" target=\"_blank\" rel=\"noopener noreferrer nofollow\">malone@lydenim.com<\/a>.<\/p>\n<p dir=\"auto\">Crie sua obra-prima de jeans com LYDENIM - seu parceiro de confian\u00e7a para <strong>tecido el\u00e1stico<\/strong> e <strong>solu\u00e7\u00f5es personalizadas de jeans<\/strong>.<\/p>\n<p class=\"\" data-start=\"4316\" data-end=\"4358\">","protected":false},"excerpt":{"rendered":"<p>Tempo estimado de leitura: \uff5e4 minutos 1. A semente do design \u2013 da centelha imaginativa ao projeto realista Talvez voc\u00ea j\u00e1 tenha<\/p>","protected":false},"author":1,"featured_media":5183,"comment_status":"open","ping_status":"open","sticky":false,"template":"","format":"standard","meta":{"two_page_speed":[],"footnotes":""},"categories":[76],"tags":[],"class_list":["post-5170","post","type-post","status-publish","format-standard","has-post-thumbnail","hentry","category-garment"],"aioseo_notices":[],"_links":{"self":[{"href":"https:\/\/lydenim.com\/pt\/wp-json\/wp\/v2\/posts\/5170","targetHints":{"allow":["GET"]}}],"collection":[{"href":"https:\/\/lydenim.com\/pt\/wp-json\/wp\/v2\/posts"}],"about":[{"href":"https:\/\/lydenim.com\/pt\/wp-json\/wp\/v2\/types\/post"}],"author":[{"embeddable":true,"href":"https:\/\/lydenim.com\/pt\/wp-json\/wp\/v2\/users\/1"}],"replies":[{"embeddable":true,"href":"https:\/\/lydenim.com\/pt\/wp-json\/wp\/v2\/comments?post=5170"}],"version-history":[{"count":5,"href":"https:\/\/lydenim.com\/pt\/wp-json\/wp\/v2\/posts\/5170\/revisions"}],"predecessor-version":[{"id":6314,"href":"https:\/\/lydenim.com\/pt\/wp-json\/wp\/v2\/posts\/5170\/revisions\/6314"}],"wp:featuredmedia":[{"embeddable":true,"href":"https:\/\/lydenim.com\/pt\/wp-json\/wp\/v2\/media\/5183"}],"wp:attachment":[{"href":"https:\/\/lydenim.com\/pt\/wp-json\/wp\/v2\/media?parent=5170"}],"wp:term":[{"taxonomy":"category","embeddable":true,"href":"https:\/\/lydenim.com\/pt\/wp-json\/wp\/v2\/categories?post=5170"},{"taxonomy":"post_tag","embeddable":true,"href":"https:\/\/lydenim.com\/pt\/wp-json\/wp\/v2\/tags?post=5170"}],"curies":[{"name":"wp","href":"https:\/\/api.w.org\/{rel}","templated":true}]}}