{"id":5230,"date":"2025-05-27T12:45:54","date_gmt":"2025-05-27T04:45:54","guid":{"rendered":"https:\/\/lydenim.com\/?p=5230"},"modified":"2025-08-24T13:22:16","modified_gmt":"2025-08-24T05:22:16","slug":"sources-of-fashion-garment-design-inspiration","status":"publish","type":"post","link":"https:\/\/lydenim.com\/pt\/fontes-de-inspiracao-para-design-de-roupas-de-moda\/","title":{"rendered":"Fontes de inspira\u00e7\u00e3o para design de vestu\u00e1rio de moda"},"content":{"rendered":"<h3>Tempo estimado de leitura: ~4 minutos<\/h3>\n<h3 data-start=\"1241\" data-end=\"1298\">De onde vem a inspira\u00e7\u00e3o para o design de moda?<\/h3>\n<p data-start=\"1300\" data-end=\"1639\">Quais s\u00e3o as origens fundamentais da inspira\u00e7\u00e3o no design de moda? O mundo do design de moda se inspira em cada pequeno elemento que os designers usam em seu trabalho. Voc\u00ea precisa de um m\u00e9todo para identificar inspira\u00e7\u00f5es do dia a dia que possam se transformar em elementos reais de design. Comece com uma sess\u00e3o de brainstorming. Um tema amplo requer uma an\u00e1lise de diferentes \u00e2ngulos para descobrir fontes de criatividade que impulsionem a produtividade do design.<\/p>\n<h3 data-start=\"1646\" data-end=\"1709\">Cinco fontes principais de inspira\u00e7\u00e3o e extra\u00e7\u00e3o de elementos<\/h3>\n<h4 data-start=\"1711\" data-end=\"1741\">1. Natureza e Meio Ambiente<\/h4>\n<p data-start=\"1742\" data-end=\"2001\">O mundo natural oferece aos designers a mais abundante fonte de inspira\u00e7\u00e3o criativa. As formas das plantas, as nervuras das folhas, as estruturas das flores, os padr\u00f5es dos animais e as texturas geol\u00f3gicas oferecem pistas visuais e significado simb\u00f3lico. As esta\u00e7\u00f5es do ano introduzem novas combina\u00e7\u00f5es de cores e materiais de tecido para os designers.<\/p>\n<div id=\"attachment_5235\" style=\"width: 610px\" class=\"wp-caption aligncenter\"><img loading=\"lazy\" decoding=\"async\" aria-describedby=\"caption-attachment-5235\" class=\"wp-image-5235\" src=\"https:\/\/lydenim.com\/wp-content\/uploads\/2025\/05\/IMG_5992-scaled.jpg\" alt=\"Inspira\u00e7\u00e3o em Natureza e Meio Ambiente\" width=\"600\" height=\"199\" srcset=\"https:\/\/lydenim.com\/wp-content\/uploads\/2025\/05\/IMG_5992-scaled.jpg 2560w, https:\/\/lydenim.com\/wp-content\/uploads\/2025\/05\/IMG_5992-300x100.jpg 300w, https:\/\/lydenim.com\/wp-content\/uploads\/2025\/05\/IMG_5992-1024x340.jpg 1024w, https:\/\/lydenim.com\/wp-content\/uploads\/2025\/05\/IMG_5992-768x255.jpg 768w, https:\/\/lydenim.com\/wp-content\/uploads\/2025\/05\/IMG_5992-1536x510.jpg 1536w, https:\/\/lydenim.com\/wp-content\/uploads\/2025\/05\/IMG_5992-2048x681.jpg 2048w, https:\/\/lydenim.com\/wp-content\/uploads\/2025\/05\/IMG_5992-18x6.jpg 18w, https:\/\/lydenim.com\/wp-content\/uploads\/2025\/05\/IMG_5992-600x199.jpg 600w, https:\/\/lydenim.com\/wp-content\/uploads\/2025\/05\/IMG_5992-150x50.jpg 150w\" sizes=\"auto, (max-width: 600px) 100vw, 600px\" \/><p id=\"caption-attachment-5235\" class=\"wp-caption-text\">Inspira\u00e7\u00e3o em Natureza e Meio Ambiente<\/p><\/div>\n<h4 data-start=\"2003\" data-end=\"2030\">2. Hist\u00f3ria e Cultura<\/h4>\n<p data-start=\"2031\" data-end=\"2292\">Elementos do design de moda barroca, como mangas bufantes e volumes arquitet\u00f4nicos, servem como inspira\u00e7\u00f5es fundamentais para o desenvolvimento da silhueta moderna. Designers de moda podem transformar s\u00edmbolos culturais, artefatos hist\u00f3ricos e pr\u00e1ticas tradicionais de alfaiataria em designs de roupas modernos.<\/p>\n<div id=\"attachment_5236\" style=\"width: 610px\" class=\"wp-caption aligncenter\"><img loading=\"lazy\" decoding=\"async\" aria-describedby=\"caption-attachment-5236\" class=\"wp-image-5236\" src=\"https:\/\/lydenim.com\/wp-content\/uploads\/2025\/05\/IMG_5993-scaled.jpg\" alt=\"Hist\u00f3ria e Cultura Inspira\u00e7\u00e3o\" width=\"600\" height=\"199\" srcset=\"https:\/\/lydenim.com\/wp-content\/uploads\/2025\/05\/IMG_5993-scaled.jpg 2560w, https:\/\/lydenim.com\/wp-content\/uploads\/2025\/05\/IMG_5993-300x100.jpg 300w, https:\/\/lydenim.com\/wp-content\/uploads\/2025\/05\/IMG_5993-1024x340.jpg 1024w, https:\/\/lydenim.com\/wp-content\/uploads\/2025\/05\/IMG_5993-768x255.jpg 768w, https:\/\/lydenim.com\/wp-content\/uploads\/2025\/05\/IMG_5993-1536x510.jpg 1536w, https:\/\/lydenim.com\/wp-content\/uploads\/2025\/05\/IMG_5993-2048x681.jpg 2048w, https:\/\/lydenim.com\/wp-content\/uploads\/2025\/05\/IMG_5993-18x6.jpg 18w, https:\/\/lydenim.com\/wp-content\/uploads\/2025\/05\/IMG_5993-600x199.jpg 600w, https:\/\/lydenim.com\/wp-content\/uploads\/2025\/05\/IMG_5993-150x50.jpg 150w\" sizes=\"auto, (max-width: 600px) 100vw, 600px\" \/><p id=\"caption-attachment-5236\" class=\"wp-caption-text\">Hist\u00f3ria e Cultura Inspira\u00e7\u00e3o<\/p><\/div>\n<h4 data-start=\"2294\" data-end=\"2330\">3. Tend\u00eancias e Tecnologia Modernas<\/h4>\n<p data-start=\"2331\" data-end=\"2560\">Novas perspectivas surgem das semanas de moda, juntamente com o futurismo, a impress\u00e3o 3D, a arte digital e apresenta\u00e7\u00f5es de m\u00fasica e teatro. Designers de moda usam est\u00e9tica de fic\u00e7\u00e3o cient\u00edfica, visuais cyberpunk e elementos da arte perform\u00e1tica para criar roupas conceituais e experimentais.<\/p>\n<div id=\"attachment_5237\" style=\"width: 610px\" class=\"wp-caption aligncenter\"><img loading=\"lazy\" decoding=\"async\" aria-describedby=\"caption-attachment-5237\" class=\"wp-image-5237\" src=\"https:\/\/lydenim.com\/wp-content\/uploads\/2025\/05\/IMG_5994-scaled.jpg\" alt=\"Tend\u00eancias modernas e inspira\u00e7\u00e3o tecnol\u00f3gica\" width=\"600\" height=\"199\" srcset=\"https:\/\/lydenim.com\/wp-content\/uploads\/2025\/05\/IMG_5994-scaled.jpg 2560w, https:\/\/lydenim.com\/wp-content\/uploads\/2025\/05\/IMG_5994-300x100.jpg 300w, https:\/\/lydenim.com\/wp-content\/uploads\/2025\/05\/IMG_5994-1024x340.jpg 1024w, https:\/\/lydenim.com\/wp-content\/uploads\/2025\/05\/IMG_5994-768x255.jpg 768w, https:\/\/lydenim.com\/wp-content\/uploads\/2025\/05\/IMG_5994-1536x510.jpg 1536w, https:\/\/lydenim.com\/wp-content\/uploads\/2025\/05\/IMG_5994-2048x681.jpg 2048w, https:\/\/lydenim.com\/wp-content\/uploads\/2025\/05\/IMG_5994-18x6.jpg 18w, https:\/\/lydenim.com\/wp-content\/uploads\/2025\/05\/IMG_5994-600x199.jpg 600w, https:\/\/lydenim.com\/wp-content\/uploads\/2025\/05\/IMG_5994-150x50.jpg 150w\" sizes=\"auto, (max-width: 600px) 100vw, 600px\" \/><p id=\"caption-attachment-5237\" class=\"wp-caption-text\">Tend\u00eancias modernas e inspira\u00e7\u00e3o tecnol\u00f3gica<\/p><\/div>\n<h4 data-start=\"2562\" data-end=\"2594\">4. Materiais e T\u00e9cnicas<\/h4>\n<p data-start=\"2595\" data-end=\"2856\">Existem conceitos dentro dos materiais que funcionam como ferramentas para designers. Diferentes t\u00e9cnicas de modifica\u00e7\u00e3o de tecidos, como o denim distressing e o branqueamento, o tie-dyeing, a grava\u00e7\u00e3o a laser e os recortes, ajudam os designers a criar estilos visuais inovadores. Reinterpreta\u00e7\u00f5es modernas de tecidos tradicionais criam novas oportunidades para o desenvolvimento criativo da moda.<\/p>\n<div id=\"attachment_5238\" style=\"width: 610px\" class=\"wp-caption aligncenter\"><img loading=\"lazy\" decoding=\"async\" aria-describedby=\"caption-attachment-5238\" class=\"wp-image-5238\" src=\"https:\/\/lydenim.com\/wp-content\/uploads\/2025\/05\/IMG_5995-scaled.jpg\" alt=\"Materiais e T\u00e9cnicas Inspira\u00e7\u00e3o\" width=\"600\" height=\"199\" srcset=\"https:\/\/lydenim.com\/wp-content\/uploads\/2025\/05\/IMG_5995-scaled.jpg 2560w, https:\/\/lydenim.com\/wp-content\/uploads\/2025\/05\/IMG_5995-300x100.jpg 300w, https:\/\/lydenim.com\/wp-content\/uploads\/2025\/05\/IMG_5995-1024x340.jpg 1024w, https:\/\/lydenim.com\/wp-content\/uploads\/2025\/05\/IMG_5995-768x255.jpg 768w, https:\/\/lydenim.com\/wp-content\/uploads\/2025\/05\/IMG_5995-1536x510.jpg 1536w, https:\/\/lydenim.com\/wp-content\/uploads\/2025\/05\/IMG_5995-2048x681.jpg 2048w, https:\/\/lydenim.com\/wp-content\/uploads\/2025\/05\/IMG_5995-18x6.jpg 18w, https:\/\/lydenim.com\/wp-content\/uploads\/2025\/05\/IMG_5995-600x199.jpg 600w, https:\/\/lydenim.com\/wp-content\/uploads\/2025\/05\/IMG_5995-150x50.jpg 150w\" sizes=\"auto, (max-width: 600px) 100vw, 600px\" \/><p id=\"caption-attachment-5238\" class=\"wp-caption-text\">Materiais e T\u00e9cnicas Inspira\u00e7\u00e3o<\/p><\/div>\n<h4 data-start=\"2858\" data-end=\"2896\">5. Emo\u00e7\u00e3o e Colagem Conceitual<\/h4>\n<p data-start=\"2897\" data-end=\"3094\">O processo de extra\u00e7\u00e3o de silhuetas, cores e elementos essenciais do design se torna poss\u00edvel por meio da cria\u00e7\u00e3o de colagens de imagens e amostras de tecido, al\u00e9m de esbo\u00e7os estruturais. Por meio desse m\u00e9todo, designers podem contar hist\u00f3rias emocionantes ao criar roupas.<\/p>\n<h3 data-start=\"3101\" data-end=\"3167\">Da grava\u00e7\u00e3o \u00e0 realiza\u00e7\u00e3o: transformando ideias em designs<\/h3>\n<p data-start=\"3169\" data-end=\"3439\">Do Registro \u00e0 Realiza\u00e7\u00e3o: Transformando Ideias em Designs Voc\u00ea deve transformar a inspira\u00e7\u00e3o coletada em elementos reconstru\u00eddos com base em temas. Voc\u00ea deve implementar materiais adequados, m\u00e9todos de produ\u00e7\u00e3o e componentes estruturais adequados para comunicar seu conceito. O processo de design iterativo revela a solu\u00e7\u00e3o ideal apenas por meio de abordagens experimentais.<\/p>\n<p data-start=\"3441\" data-end=\"3611\">A inspira\u00e7\u00e3o bruta se transforma em pe\u00e7as emocionais e visualmente deslumbrantes, de acordo com o designer <a href=\"https:\/\/www.google.com\/search?q=Robert+Wun%27s&amp;oq=Robert+Wun%27s&amp;aqs=chrome..69i57j0i13i355i512j0i13i512l8.695j0j15&amp;sourceid=chrome&amp;ie=UTF-8\">De Robert Wun<\/a> exemplos poderosos.<img loading=\"lazy\" decoding=\"async\" class=\"aligncenter wp-image-5232\" src=\"https:\/\/lydenim.com\/wp-content\/uploads\/2025\/05\/ed66b2b23d9d47c852550ef2c13af5ec.jpg\" alt=\"\" width=\"600\" height=\"748\" srcset=\"https:\/\/lydenim.com\/wp-content\/uploads\/2025\/05\/ed66b2b23d9d47c852550ef2c13af5ec.jpg 711w, https:\/\/lydenim.com\/wp-content\/uploads\/2025\/05\/ed66b2b23d9d47c852550ef2c13af5ec-241x300.jpg 241w, https:\/\/lydenim.com\/wp-content\/uploads\/2025\/05\/ed66b2b23d9d47c852550ef2c13af5ec-10x12.jpg 10w, https:\/\/lydenim.com\/wp-content\/uploads\/2025\/05\/ed66b2b23d9d47c852550ef2c13af5ec-600x748.jpg 600w, https:\/\/lydenim.com\/wp-content\/uploads\/2025\/05\/ed66b2b23d9d47c852550ef2c13af5ec-150x187.jpg 150w\" sizes=\"auto, (max-width: 600px) 100vw, 600px\" \/> <img loading=\"lazy\" decoding=\"async\" class=\"aligncenter wp-image-5231\" src=\"https:\/\/lydenim.com\/wp-content\/uploads\/2025\/05\/ea16e609b2eea9bb75ddf7c90becb75a.jpg\" alt=\"\" width=\"600\" height=\"800\" srcset=\"https:\/\/lydenim.com\/wp-content\/uploads\/2025\/05\/ea16e609b2eea9bb75ddf7c90becb75a.jpg 1266w, https:\/\/lydenim.com\/wp-content\/uploads\/2025\/05\/ea16e609b2eea9bb75ddf7c90becb75a-225x300.jpg 225w, https:\/\/lydenim.com\/wp-content\/uploads\/2025\/05\/ea16e609b2eea9bb75ddf7c90becb75a-768x1024.jpg 768w, https:\/\/lydenim.com\/wp-content\/uploads\/2025\/05\/ea16e609b2eea9bb75ddf7c90becb75a-1152x1536.jpg 1152w, https:\/\/lydenim.com\/wp-content\/uploads\/2025\/05\/ea16e609b2eea9bb75ddf7c90becb75a-9x12.jpg 9w, https:\/\/lydenim.com\/wp-content\/uploads\/2025\/05\/ea16e609b2eea9bb75ddf7c90becb75a-600x800.jpg 600w, https:\/\/lydenim.com\/wp-content\/uploads\/2025\/05\/ea16e609b2eea9bb75ddf7c90becb75a-150x200.jpg 150w\" sizes=\"auto, (max-width: 600px) 100vw, 600px\" \/> <img loading=\"lazy\" decoding=\"async\" class=\"aligncenter wp-image-5233\" src=\"https:\/\/lydenim.com\/wp-content\/uploads\/2025\/05\/ee64f2edfa0dc3b2b75226aa4bd2a7d3.jpg\" alt=\"\" width=\"600\" height=\"800\" srcset=\"https:\/\/lydenim.com\/wp-content\/uploads\/2025\/05\/ee64f2edfa0dc3b2b75226aa4bd2a7d3.jpg 1440w, https:\/\/lydenim.com\/wp-content\/uploads\/2025\/05\/ee64f2edfa0dc3b2b75226aa4bd2a7d3-225x300.jpg 225w, https:\/\/lydenim.com\/wp-content\/uploads\/2025\/05\/ee64f2edfa0dc3b2b75226aa4bd2a7d3-768x1024.jpg 768w, https:\/\/lydenim.com\/wp-content\/uploads\/2025\/05\/ee64f2edfa0dc3b2b75226aa4bd2a7d3-1152x1536.jpg 1152w, https:\/\/lydenim.com\/wp-content\/uploads\/2025\/05\/ee64f2edfa0dc3b2b75226aa4bd2a7d3-9x12.jpg 9w, https:\/\/lydenim.com\/wp-content\/uploads\/2025\/05\/ee64f2edfa0dc3b2b75226aa4bd2a7d3-600x800.jpg 600w, https:\/\/lydenim.com\/wp-content\/uploads\/2025\/05\/ee64f2edfa0dc3b2b75226aa4bd2a7d3-150x200.jpg 150w\" sizes=\"auto, (max-width: 600px) 100vw, 600px\" \/> <img loading=\"lazy\" decoding=\"async\" class=\"aligncenter wp-image-5234\" src=\"https:\/\/lydenim.com\/wp-content\/uploads\/2025\/05\/fcd1112deeaeb38f639862b4fe30385a.jpg\" alt=\"\" width=\"600\" height=\"800\" srcset=\"https:\/\/lydenim.com\/wp-content\/uploads\/2025\/05\/fcd1112deeaeb38f639862b4fe30385a.jpg 1281w, https:\/\/lydenim.com\/wp-content\/uploads\/2025\/05\/fcd1112deeaeb38f639862b4fe30385a-225x300.jpg 225w, https:\/\/lydenim.com\/wp-content\/uploads\/2025\/05\/fcd1112deeaeb38f639862b4fe30385a-768x1024.jpg 768w, https:\/\/lydenim.com\/wp-content\/uploads\/2025\/05\/fcd1112deeaeb38f639862b4fe30385a-1152x1536.jpg 1152w, https:\/\/lydenim.com\/wp-content\/uploads\/2025\/05\/fcd1112deeaeb38f639862b4fe30385a-9x12.jpg 9w, https:\/\/lydenim.com\/wp-content\/uploads\/2025\/05\/fcd1112deeaeb38f639862b4fe30385a-600x800.jpg 600w, https:\/\/lydenim.com\/wp-content\/uploads\/2025\/05\/fcd1112deeaeb38f639862b4fe30385a-150x200.jpg 150w\" sizes=\"auto, (max-width: 600px) 100vw, 600px\" \/><\/p>\n<h3 data-start=\"3618\" data-end=\"3673\">Conclus\u00e3o: Crie seu pr\u00f3prio arquivo de inspira\u00e7\u00e3o<\/h3>\n<p data-start=\"3675\" data-end=\"3904\">N\u00e3o espere pela inspira\u00e7\u00e3o \u2014 busque-a. Sua cole\u00e7\u00e3o de inspira\u00e7\u00e3o requer itens como fotografias, pe\u00e7as de tecido, cole\u00e7\u00f5es de cores e diagramas de design. Os resultados podem surpreend\u00ea-lo(a) quando voc\u00ea organiza e combina diferentes elementos com frequ\u00eancia.<\/p>\n<p data-start=\"3906\" data-end=\"4227\">Cada pessoa tem a capacidade de servir como sua pr\u00f3pria fonte criativa. Para orienta\u00e7\u00e3o ou consultas sobre design de moda, envie um e-mail para <strong>malone@lydenim.com <\/strong>ou visite nosso site em www.<a href=\"https:\/\/lydenim.com\/pt\/\">lydenim.com<\/a>. Visite nosso site ou confira nosso <a href=\"http:\/\/liangyuantextile.m.en.alibaba.com\">P\u00e1gina do Alibaba<\/a> para descobrir tecidos e recursos interessantes para criar sua pr\u00f3xima pe\u00e7a de moda.<\/p>\n<h3>Servi\u00e7os de personaliza\u00e7\u00e3o da LYDENIM<\/h3>\n<p>\ud83c\udfa8 Procurando por tecido jeans el\u00e1stico personalizado ou roupas el\u00e1sticas?<br \/>\nA LYDENIM \u00e9 especializada em solu\u00e7\u00f5es personalizadas para atender \u00e0s suas necessidades de design e produ\u00e7\u00e3o.<\/p>\n<p>\ud83d\udecd\ufe0f Explore e inspire-se:<br \/>\nNavegue por nossas sele\u00e7\u00f5es de tecidos e descubra ideias de design diretamente em <a href=\"https:\/\/lydenim.com\/pt\/\">LYDENIM<\/a><\/p>\n<p>\ud83c\udf10 Roupas el\u00e1sticas: <a href=\"http:\/\/liangyuantextile.m.en.alibaba.com\">Myalibaba<\/a><br \/>\n\ud83d\udce9 Contate-nos:<a href=\"mailto:malone@lydenim.com\">malone@lydenim.com<\/a><\/p>\n<p>Crie sua obra-prima em jeans com a LYDENIM \u2014 sua parceira de confian\u00e7a para tecidos el\u00e1sticos e solu\u00e7\u00f5es personalizadas em jeans.<\/p>","protected":false},"excerpt":{"rendered":"<p>Tempo estimado de leitura: ~4 minutos De onde vem a inspira\u00e7\u00e3o para o design de moda? Quais s\u00e3o as origens fundamentais do design de moda?<\/p>","protected":false},"author":1,"featured_media":5772,"comment_status":"open","ping_status":"open","sticky":false,"template":"","format":"standard","meta":{"two_page_speed":[],"footnotes":""},"categories":[76],"tags":[],"class_list":["post-5230","post","type-post","status-publish","format-standard","has-post-thumbnail","hentry","category-garment"],"aioseo_notices":[],"_links":{"self":[{"href":"https:\/\/lydenim.com\/pt\/wp-json\/wp\/v2\/posts\/5230","targetHints":{"allow":["GET"]}}],"collection":[{"href":"https:\/\/lydenim.com\/pt\/wp-json\/wp\/v2\/posts"}],"about":[{"href":"https:\/\/lydenim.com\/pt\/wp-json\/wp\/v2\/types\/post"}],"author":[{"embeddable":true,"href":"https:\/\/lydenim.com\/pt\/wp-json\/wp\/v2\/users\/1"}],"replies":[{"embeddable":true,"href":"https:\/\/lydenim.com\/pt\/wp-json\/wp\/v2\/comments?post=5230"}],"version-history":[{"count":4,"href":"https:\/\/lydenim.com\/pt\/wp-json\/wp\/v2\/posts\/5230\/revisions"}],"predecessor-version":[{"id":6320,"href":"https:\/\/lydenim.com\/pt\/wp-json\/wp\/v2\/posts\/5230\/revisions\/6320"}],"wp:featuredmedia":[{"embeddable":true,"href":"https:\/\/lydenim.com\/pt\/wp-json\/wp\/v2\/media\/5772"}],"wp:attachment":[{"href":"https:\/\/lydenim.com\/pt\/wp-json\/wp\/v2\/media?parent=5230"}],"wp:term":[{"taxonomy":"category","embeddable":true,"href":"https:\/\/lydenim.com\/pt\/wp-json\/wp\/v2\/categories?post=5230"},{"taxonomy":"post_tag","embeddable":true,"href":"https:\/\/lydenim.com\/pt\/wp-json\/wp\/v2\/tags?post=5230"}],"curies":[{"name":"wp","href":"https:\/\/api.w.org\/{rel}","templated":true}]}}