{"id":5259,"date":"2025-05-28T00:44:18","date_gmt":"2025-05-27T16:44:18","guid":{"rendered":"https:\/\/lydenim.com\/?p=5259"},"modified":"2025-08-24T13:22:51","modified_gmt":"2025-08-24T05:22:51","slug":"customizing-your-own-louis-vuitton-denim-bag","status":"publish","type":"post","link":"https:\/\/lydenim.com\/pt\/personalizando-sua-propria-bolsa-jeans-louis-vuitton\/","title":{"rendered":"Personalizando sua pr\u00f3pria bolsa jeans Louis Vuitton"},"content":{"rendered":"<h3>Tempo estimado de leitura: ~3 minutos<\/h3>\n<h3 data-start=\"124\" data-end=\"173\">Um vislumbre do prest\u00edgio global da LV<\/h3>\n<p data-start=\"174\" data-end=\"578\">Como uma das marcas de luxo mais respeitadas do mundo, a Louis Vuitton (LV) foi fundada em 1854. A empresa mant\u00e9m sua posi\u00e7\u00e3o como marca l\u00edder em moda de luxo por meio de seu artesanato impec\u00e1vel e padr\u00f5es Monogram exclusivos, que influenciam as tend\u00eancias da moda em todo o mundo. Cada item, desde artigos cl\u00e1ssicos de couro at\u00e9 cole\u00e7\u00f5es sazonais de jeans, incorpora design excepcional e padr\u00f5es de produ\u00e7\u00e3o inovadores. A LV representa mais do que uma marca, pois se posiciona como um indicador de estilo de vida e um marcador de status.<img loading=\"lazy\" decoding=\"async\" class=\"aligncenter wp-image-5261\" src=\"https:\/\/lydenim.com\/wp-content\/uploads\/2025\/05\/Lv-denim-bag-collection.jpg\" alt=\"\" width=\"600\" height=\"799\" srcset=\"https:\/\/lydenim.com\/wp-content\/uploads\/2025\/05\/Lv-denim-bag-collection.jpg 1292w, https:\/\/lydenim.com\/wp-content\/uploads\/2025\/05\/Lv-denim-bag-collection-225x300.jpg 225w, https:\/\/lydenim.com\/wp-content\/uploads\/2025\/05\/Lv-denim-bag-collection-769x1024.jpg 769w, https:\/\/lydenim.com\/wp-content\/uploads\/2025\/05\/Lv-denim-bag-collection-768x1022.jpg 768w, https:\/\/lydenim.com\/wp-content\/uploads\/2025\/05\/Lv-denim-bag-collection-1154x1536.jpg 1154w, https:\/\/lydenim.com\/wp-content\/uploads\/2025\/05\/Lv-denim-bag-collection-9x12.jpg 9w, https:\/\/lydenim.com\/wp-content\/uploads\/2025\/05\/Lv-denim-bag-collection-600x799.jpg 600w, https:\/\/lydenim.com\/wp-content\/uploads\/2025\/05\/Lv-denim-bag-collection-150x200.jpg 150w\" sizes=\"auto, (max-width: 600px) 100vw, 600px\" \/><\/p>\n<h3 data-start=\"580\" data-end=\"643\">Criando uma bolsa que reflita seu estilo pessoal<\/h3>\n<p data-start=\"644\" data-end=\"1007\">As bolsas jeans da LV unem elementos luxuosos premium com caracter\u00edsticas de conforto descontra\u00eddo. Quais etapas far\u00e3o com que sua bolsa se transforme em uma cria\u00e7\u00e3o \u00fanica? Comece com o jeans superior da LV e seus elementos de design distintos antes de personaliz\u00e1-la. Por meio da personaliza\u00e7\u00e3o, voc\u00ea pode transformar cl\u00e1ssicos de luxo em declara\u00e7\u00f5es de moda pessoais, escolhendo entre designs minimalistas simples e declara\u00e7\u00f5es art\u00edsticas ousadas.<\/p>\n<h3 data-start=\"1009\" data-end=\"1067\">T\u00e9cnicas de Personaliza\u00e7\u00e3o \u2014 Impress\u00e3o e Jacquard<\/h3>\n<p data-start=\"1068\" data-end=\"1122\">Duas t\u00e9cnicas populares para personalizar bolsas jeans s\u00e3o:<\/p>\n<ul data-start=\"1124\" data-end=\"1444\">\n<li data-start=\"1124\" data-end=\"1285\">\n<p data-start=\"1126\" data-end=\"1285\"><strong data-start=\"1126\" data-end=\"1138\">Impress\u00e3o<\/strong>: Voc\u00ea pode adicionar padr\u00f5es e ilustra\u00e7\u00f5es diferenciados ou textos significativos por meio de m\u00e9todos de impress\u00e3o. Voc\u00ea pode duplicar os designs do Monograma LV ou usar designs contempor\u00e2neos vibrantes para criar contraste visual.<\/p>\n<\/li>\n<li data-start=\"1286\" data-end=\"1444\">\n<p data-start=\"1288\" data-end=\"1444\"><strong data-start=\"1288\" data-end=\"1308\">Tecelagem Jacquard<\/strong>:O m\u00e9todo de tecelagem Jacquard integra padr\u00f5es diretamente no tecido, o que cria designs detalhados e duradouros que proporcionam uma est\u00e9tica luxuosa.<\/p>\n<\/li>\n<\/ul>\n<p data-start=\"1446\" data-end=\"1572\">Os toques finais que voc\u00ea pode adicionar \u00e0 sua bolsa incluem bordados com tachas de metal, bem como apliques e strass para expressar seu estilo individual.<img loading=\"lazy\" decoding=\"async\" class=\"aligncenter wp-image-5262\" src=\"https:\/\/lydenim.com\/wp-content\/uploads\/2025\/05\/lv-fabric.jpeg\" alt=\"\" width=\"600\" height=\"578\" srcset=\"https:\/\/lydenim.com\/wp-content\/uploads\/2025\/05\/lv-fabric.jpeg 876w, https:\/\/lydenim.com\/wp-content\/uploads\/2025\/05\/lv-fabric-300x289.jpeg 300w, https:\/\/lydenim.com\/wp-content\/uploads\/2025\/05\/lv-fabric-768x740.jpeg 768w, https:\/\/lydenim.com\/wp-content\/uploads\/2025\/05\/lv-fabric-12x12.jpeg 12w, https:\/\/lydenim.com\/wp-content\/uploads\/2025\/05\/lv-fabric-600x578.jpeg 600w, https:\/\/lydenim.com\/wp-content\/uploads\/2025\/05\/lv-fabric-150x145.jpeg 150w\" sizes=\"auto, (max-width: 600px) 100vw, 600px\" \/><\/p>\n<h3 data-start=\"1574\" data-end=\"1633\">Inspira\u00e7\u00f5es de materiais e estilos para bolsas personalizadas<\/h3>\n<p data-start=\"1634\" data-end=\"1694\">A sele\u00e7\u00e3o de materiais determina como a bolsa aparecer\u00e1 em termos de estilo:<\/p>\n<ul data-start=\"1696\" data-end=\"2019\">\n<li data-start=\"1696\" data-end=\"1812\">\n<p data-start=\"1698\" data-end=\"1812\"><strong data-start=\"1698\" data-end=\"1707\">Jeans<\/strong>: Ideal para looks casuais ou urbanos. Sua individualidade brilhar\u00e1 ao combinar este estilo com estampas ousadas ou bordados.<\/p>\n<\/li>\n<li data-start=\"1813\" data-end=\"1908\">\n<p data-start=\"1815\" data-end=\"1908\"><strong data-start=\"1815\" data-end=\"1826\">Couro<\/strong>: Atemporal e polido. T\u00e9cnicas de estampagem ou tingimento criam uma est\u00e9tica refinada e profissional para materiais de couro.<\/p>\n<\/li>\n<li data-start=\"1909\" data-end=\"2019\">\n<p data-start=\"1911\" data-end=\"2019\"><strong data-start=\"1911\" data-end=\"1921\">Tela<\/strong>: A leveza da tela a torna adequada para o uso di\u00e1rio. Ela combina bem com diferentes elementos, como patches e grafites, al\u00e9m de designs mais descontra\u00eddos.<\/p>\n<\/li>\n<\/ul>\n<p data-start=\"2021\" data-end=\"2123\">Voc\u00ea pode criar bolsas vers\u00e1teis que atendem tanto \u00e0s fun\u00e7\u00f5es diurnas quanto noturnas, al\u00e9m de necessidades de trabalho e viagem por meio de combina\u00e7\u00f5es de materiais.<img loading=\"lazy\" decoding=\"async\" class=\"aligncenter wp-image-5260\" src=\"https:\/\/lydenim.com\/wp-content\/uploads\/2025\/05\/luxury-women-louis-vuitton-used-handbags.jpg\" alt=\"\" width=\"600\" height=\"600\" srcset=\"https:\/\/lydenim.com\/wp-content\/uploads\/2025\/05\/luxury-women-louis-vuitton-used-handbags.jpg 1000w, https:\/\/lydenim.com\/wp-content\/uploads\/2025\/05\/luxury-women-louis-vuitton-used-handbags-300x300.jpg 300w, https:\/\/lydenim.com\/wp-content\/uploads\/2025\/05\/luxury-women-louis-vuitton-used-handbags-150x150.jpg 150w, https:\/\/lydenim.com\/wp-content\/uploads\/2025\/05\/luxury-women-louis-vuitton-used-handbags-768x768.jpg 768w, https:\/\/lydenim.com\/wp-content\/uploads\/2025\/05\/luxury-women-louis-vuitton-used-handbags-12x12.jpg 12w, https:\/\/lydenim.com\/wp-content\/uploads\/2025\/05\/luxury-women-louis-vuitton-used-handbags-600x600.jpg 600w\" sizes=\"auto, (max-width: 600px) 100vw, 600px\" \/><\/p>\n<h3 data-start=\"2125\" data-end=\"2178\">Conclus\u00e3o \u2014 Onde a moda encontra a identidade<\/h3>\n<p data-start=\"2179\" data-end=\"2489\">A evolu\u00e7\u00e3o da moda exige personaliza\u00e7\u00e3o como aspecto essencial. Voc\u00ea pode criar uma pe\u00e7a de luxo \u00fanica com a personaliza\u00e7\u00e3o de bolsas jeans estilo LV, que combina sofistica\u00e7\u00e3o cl\u00e1ssica com elementos de design individualizados. Sua bolsa \u00fanica ser\u00e1 o ponto focal em um mundo dominado pela moda industrial, seja por meio de designs tradicionais ou cria\u00e7\u00f5es inovadoras e ousadas.<\/p>\n<h3 data-start=\"2496\" data-end=\"2537\">\ud83c\udfa8 Personalize sua bolsa \u00fanica<\/h3>\n<div class=\"mb-8 mt-5 h-[280px] max-h-[280px] min-h-[280px] w-full resize-none overflow-hidden overflow-y-auto whitespace-pre-line rounded-t-lg bg-white px-4 py-5 text-sm text-dark-navy focus:outline-none\">Quer criar um design de jeans inspirado na LV do zero? Visite <a href=\"https:\/\/lydenim.com\/pt\/\">www.lydenim.com<\/a> ou e-mail <strong>malone@lydenim.com<\/strong> para encontrar <a href=\"http:\/\/liangyuantextile.m.en.alibaba.com\">op\u00e7\u00f5es de personaliza\u00e7\u00e3o<\/a> e obtenha ajuda especializada.<\/div>","protected":false},"excerpt":{"rendered":"<p>Tempo estimado de leitura: ~3 minutos Um vislumbre do prest\u00edgio global da LV Como uma das marcas de luxo mais respeitadas do mundo<\/p>","protected":false},"author":1,"featured_media":5264,"comment_status":"open","ping_status":"open","sticky":false,"template":"","format":"standard","meta":{"two_page_speed":[],"footnotes":""},"categories":[67],"tags":[],"class_list":["post-5259","post","type-post","status-publish","format-standard","has-post-thumbnail","hentry","category-market"],"aioseo_notices":[],"_links":{"self":[{"href":"https:\/\/lydenim.com\/pt\/wp-json\/wp\/v2\/posts\/5259","targetHints":{"allow":["GET"]}}],"collection":[{"href":"https:\/\/lydenim.com\/pt\/wp-json\/wp\/v2\/posts"}],"about":[{"href":"https:\/\/lydenim.com\/pt\/wp-json\/wp\/v2\/types\/post"}],"author":[{"embeddable":true,"href":"https:\/\/lydenim.com\/pt\/wp-json\/wp\/v2\/users\/1"}],"replies":[{"embeddable":true,"href":"https:\/\/lydenim.com\/pt\/wp-json\/wp\/v2\/comments?post=5259"}],"version-history":[{"count":3,"href":"https:\/\/lydenim.com\/pt\/wp-json\/wp\/v2\/posts\/5259\/revisions"}],"predecessor-version":[{"id":6322,"href":"https:\/\/lydenim.com\/pt\/wp-json\/wp\/v2\/posts\/5259\/revisions\/6322"}],"wp:featuredmedia":[{"embeddable":true,"href":"https:\/\/lydenim.com\/pt\/wp-json\/wp\/v2\/media\/5264"}],"wp:attachment":[{"href":"https:\/\/lydenim.com\/pt\/wp-json\/wp\/v2\/media?parent=5259"}],"wp:term":[{"taxonomy":"category","embeddable":true,"href":"https:\/\/lydenim.com\/pt\/wp-json\/wp\/v2\/categories?post=5259"},{"taxonomy":"post_tag","embeddable":true,"href":"https:\/\/lydenim.com\/pt\/wp-json\/wp\/v2\/tags?post=5259"}],"curies":[{"name":"wp","href":"https:\/\/api.w.org\/{rel}","templated":true}]}}