{"id":5266,"date":"2025-05-29T11:28:01","date_gmt":"2025-05-29T03:28:01","guid":{"rendered":"https:\/\/lydenim.com\/?p=5266"},"modified":"2025-08-24T13:35:58","modified_gmt":"2025-08-24T05:35:58","slug":"what-is-denim-twill-a-comprehensive-analysis","status":"publish","type":"post","link":"https:\/\/lydenim.com\/pt\/o-que-e-sarja-jeans-uma-analise-abrangente\/","title":{"rendered":"O que \u00e9 Denim Twill? Uma An\u00e1lise Abrangente"},"content":{"rendered":"<h2>Tempo estimado de leitura: ~4 minutos<\/h2>\n<h2 dir=\"ltr\">Introdu\u00e7\u00e3o<\/h2>\n<p dir=\"ltr\">O tecido sarja, com seu padr\u00e3o de nervuras diagonais, \u00e9 um tecido que atende a m\u00faltiplas finalidades em vestu\u00e1rio e artigos de decora\u00e7\u00e3o. O tecido conhecido como sarja denim se destaca como um tecido de sarja espec\u00edfico que serve de base para a fabrica\u00e7\u00e3o de jeans. O artigo explora a sarja denim por meio de sua defini\u00e7\u00e3o, caracter\u00edsticas e diferen\u00e7as com a sarja de algod\u00e3o e suas aplica\u00e7\u00f5es, e responde a perguntas comuns usando fontes especializadas para obter informa\u00e7\u00f5es factuais.<\/p>\n<h2 dir=\"ltr\">Defini\u00e7\u00e3o e Caracter\u00edsticas do Tecido Sarja<\/h2>\n<p dir=\"ltr\">Entre as t\u00e9cnicas de tecelagem t\u00eaxtil, a sarja se destaca como um dos tr\u00eas principais m\u00e9todos, juntamente com o cetim e a trama simples. O tecido sarja obt\u00e9m seu padr\u00e3o de nervuras diagonais por meio da t\u00e9cnica de tecelagem, na qual os fios da trama se movem acima de v\u00e1rios fios do urdume antes de se moverem abaixo deles. O padr\u00e3o entrela\u00e7ado espec\u00edfico do tecido sarja produz uma linha diagonal distinta que serve como sua principal caracter\u00edstica de identifica\u00e7\u00e3o. O tecido sarja existe em diversas formas de fibras, que incluem fibras naturais de algod\u00e3o e fibras sint\u00e9ticas de poli\u00e9ster, resultando em diversas propriedades do tecido.<\/p>\n<p dir=\"ltr\">O tecido sarja possui tr\u00eas propriedades essenciais que incluem:<\/p>\n<ul class=\"tight\" dir=\"ltr\" data-tight=\"true\">\n<li>\n<p dir=\"ltr\"><strong>Respirabilidade e aquecimento equilibrados<\/strong>: O design do tecido de sarja permite o fluxo de ar atrav\u00e9s de sua estrutura, mantendo os n\u00edveis de calor para uso em diferentes condi\u00e7\u00f5es ambientais.<\/p>\n<\/li>\n<li>\n<p dir=\"ltr\"><strong>Baixa elasticidade<\/strong>:Os tecidos de sarja apresentam baixa elasticidade porque mant\u00eam suas dimens\u00f5es sem esticar.<\/p>\n<\/li>\n<li>\n<p dir=\"ltr\"><strong>Caimento superior<\/strong>:A maciez e a flexibilidade da sarja a tornam perfeita para criar pe\u00e7as que exigem silhuetas fluidas.<\/p>\n<\/li>\n<li>\n<p dir=\"ltr\"><strong>Aplica\u00e7\u00f5es vers\u00e1teis<\/strong>:O tecido sarja \u00e9 adequado para diversas aplica\u00e7\u00f5es de produtos devido \u00e0 sua natureza forte e design atraente, por isso aparece em jeans, cal\u00e7as casuais, camisas e roupas de cama.<\/p>\n<\/li>\n<\/ul>\n<div id=\"attachment_3982\" style=\"width: 610px\" class=\"wp-caption aligncenter\"><img loading=\"lazy\" decoding=\"async\" aria-describedby=\"caption-attachment-3982\" class=\"wp-image-3982\" src=\"https:\/\/lydenim.com\/wp-content\/uploads\/2025\/03\/IMG_4206.jpg\" alt=\"Tecido sarja\" width=\"600\" height=\"274\" srcset=\"https:\/\/lydenim.com\/wp-content\/uploads\/2025\/03\/IMG_4206.jpg 1186w, https:\/\/lydenim.com\/wp-content\/uploads\/2025\/03\/IMG_4206-300x137.jpg 300w, https:\/\/lydenim.com\/wp-content\/uploads\/2025\/03\/IMG_4206-1024x468.jpg 1024w, https:\/\/lydenim.com\/wp-content\/uploads\/2025\/03\/IMG_4206-768x351.jpg 768w, https:\/\/lydenim.com\/wp-content\/uploads\/2025\/03\/IMG_4206-18x8.jpg 18w, https:\/\/lydenim.com\/wp-content\/uploads\/2025\/03\/IMG_4206-600x274.jpg 600w, https:\/\/lydenim.com\/wp-content\/uploads\/2025\/03\/IMG_4206-150x69.jpg 150w\" sizes=\"auto, (max-width: 600px) 100vw, 600px\" \/><p id=\"caption-attachment-3982\" class=\"wp-caption-text\">Tecido sarja<\/p><\/div>\n<p dir=\"ltr\">As propriedades espec\u00edficas do tecido de sarja fazem dele o material preferido na fabrica\u00e7\u00e3o t\u00eaxtil para usos funcionais e decorativos.<\/p>\n<h2 dir=\"ltr\">Caracter\u00edsticas do Denim Twill<\/h2>\n<p dir=\"ltr\">A sarja jeans \u00e9 um tecido espec\u00edfico de sarja de algod\u00e3o que os fabricantes utilizam para criar produtos jeans, especialmente jeans. O padr\u00e3o de sarja 3x1 \u00e0 direita no tecido de sarja jeans faz com que cada fio da trama passe por tr\u00eas fios do urdume antes de passar por baixo de um, o que produz nervuras diagonais que progridem da direita para a esquerda. Os fios do urdume passam por tingimento \u00edndigo antes que os fios da trama permane\u00e7am brancos, criando a cor azul caracter\u00edstica do jeans. A t\u00e9cnica exclusiva de tingimento, aliada ao m\u00e9todo de tecelagem em sarja, produz caracter\u00edsticas visuais e funcionais distintas do tecido de sarja jeans.<\/p>\n<p dir=\"ltr\">As principais caracter\u00edsticas do sarja jeans incluem:<\/p>\n<ul class=\"tight\" dir=\"ltr\" data-tight=\"true\">\n<li>\n<p dir=\"ltr\"><strong>Textura \u00e1spera<\/strong>: A sarja jeans apresenta uma textura mais grossa em compara\u00e7\u00e3o \u00e0 sarja de algod\u00e3o comum, o que melhora seu toque e apar\u00eancia visual.<\/p>\n<\/li>\n<li>\n<p dir=\"ltr\"><strong>Peso mais pesado<\/strong>:O sarja jeans \u00e9 um material resistente que funciona bem em pe\u00e7as de vestu\u00e1rio dur\u00e1veis, projetadas para suportar uso intenso.<\/p>\n<\/li>\n<li>\n<p dir=\"ltr\"><strong>Durabilidade excepcional<\/strong>: A trama apertada e a alta contagem de fios da sarja jeans a tornam extremamente dur\u00e1vel contra abras\u00e3o e rasgos, o que a torna perfeita tanto para roupas de trabalho quanto para roupas casuais.<\/p>\n<\/li>\n<li>\n<p dir=\"ltr\"><strong>Tingimento \u00edndigo<\/strong>:O processo de tingimento \u00edndigo produz uma cor azul cl\u00e1ssica que desbota para criar padr\u00f5es de p\u00e1tina pessoais distintos que os f\u00e3s de jeans apreciam.<\/p>\n<\/li>\n<\/ul>\n<div id=\"attachment_5270\" style=\"width: 610px\" class=\"wp-caption aligncenter\"><img loading=\"lazy\" decoding=\"async\" aria-describedby=\"caption-attachment-5270\" class=\"wp-image-5270\" src=\"https:\/\/lydenim.com\/wp-content\/uploads\/2025\/05\/\u659c\u7eb9\u7ea2\u8fb9\u5e03\u725b\u4ed4\u88e4.jpeg\" alt=\"Jeans de sarja com orla\" width=\"600\" height=\"600\" srcset=\"https:\/\/lydenim.com\/wp-content\/uploads\/2025\/05\/\u659c\u7eb9\u7ea2\u8fb9\u5e03\u725b\u4ed4\u88e4.jpeg 1280w, https:\/\/lydenim.com\/wp-content\/uploads\/2025\/05\/\u659c\u7eb9\u7ea2\u8fb9\u5e03\u725b\u4ed4\u88e4-300x300.jpeg 300w, https:\/\/lydenim.com\/wp-content\/uploads\/2025\/05\/\u659c\u7eb9\u7ea2\u8fb9\u5e03\u725b\u4ed4\u88e4-1024x1024.jpeg 1024w, https:\/\/lydenim.com\/wp-content\/uploads\/2025\/05\/\u659c\u7eb9\u7ea2\u8fb9\u5e03\u725b\u4ed4\u88e4-150x150.jpeg 150w, https:\/\/lydenim.com\/wp-content\/uploads\/2025\/05\/\u659c\u7eb9\u7ea2\u8fb9\u5e03\u725b\u4ed4\u88e4-768x768.jpeg 768w, https:\/\/lydenim.com\/wp-content\/uploads\/2025\/05\/\u659c\u7eb9\u7ea2\u8fb9\u5e03\u725b\u4ed4\u88e4-12x12.jpeg 12w, https:\/\/lydenim.com\/wp-content\/uploads\/2025\/05\/\u659c\u7eb9\u7ea2\u8fb9\u5e03\u725b\u4ed4\u88e4-600x600.jpeg 600w\" sizes=\"auto, (max-width: 600px) 100vw, 600px\" \/><p id=\"caption-attachment-5270\" class=\"wp-caption-text\">Jeans de sarja com orla<\/p><\/div>\n<p dir=\"ltr\">A produ\u00e7\u00e3o de tecido sarja jeans requer v\u00e1rias etapas operacionais importantes.<\/p>\n<ol class=\"tight\" dir=\"ltr\" data-tight=\"true\">\n<li>\n<p dir=\"ltr\"><strong>Fia\u00e7\u00e3o e tecelagem de algod\u00e3o<\/strong>:O processo de fabrica\u00e7\u00e3o come\u00e7a com a fia\u00e7\u00e3o do algod\u00e3o em fio que \u00e9 enrolado em bobinas antes que o padr\u00e3o de sarja crie o tecido.<\/p>\n<\/li>\n<li>\n<p dir=\"ltr\"><strong>Mercerizando<\/strong>:As fibras de algod\u00e3o passam por tratamento com hidr\u00f3xido de s\u00f3dio durante o processo de merceriza\u00e7\u00e3o para ganhar resist\u00eancia e brilho aprimorado, ao mesmo tempo em que aumentam a capacidade de liga\u00e7\u00e3o dos corantes.<\/p>\n<\/li>\n<li>\n<p dir=\"ltr\"><strong>Pr\u00e9-encolhimento<\/strong>: O pr\u00e9-encolhimento do tecido serve para evitar o encolhimento relacionado \u00e0 lavagem, o que ajuda as pe\u00e7as a manterem suas dimens\u00f5es originais.<\/p>\n<p><div id=\"attachment_4507\" style=\"width: 610px\" class=\"wp-caption aligncenter\"><img loading=\"lazy\" decoding=\"async\" aria-describedby=\"caption-attachment-4507\" class=\"wp-image-4507\" src=\"https:\/\/lydenim.com\/wp-content\/uploads\/2025\/03\/IMG_6219.jpg\" alt=\"\" width=\"600\" height=\"600\" srcset=\"https:\/\/lydenim.com\/wp-content\/uploads\/2025\/03\/IMG_6219.jpg 2196w, https:\/\/lydenim.com\/wp-content\/uploads\/2025\/03\/IMG_6219-300x300.jpg 300w, https:\/\/lydenim.com\/wp-content\/uploads\/2025\/03\/IMG_6219-1024x1024.jpg 1024w, https:\/\/lydenim.com\/wp-content\/uploads\/2025\/03\/IMG_6219-150x150.jpg 150w, https:\/\/lydenim.com\/wp-content\/uploads\/2025\/03\/IMG_6219-768x768.jpg 768w, https:\/\/lydenim.com\/wp-content\/uploads\/2025\/03\/IMG_6219-1536x1536.jpg 1536w, https:\/\/lydenim.com\/wp-content\/uploads\/2025\/03\/IMG_6219-2048x2048.jpg 2048w, https:\/\/lydenim.com\/wp-content\/uploads\/2025\/03\/IMG_6219-12x12.jpg 12w, https:\/\/lydenim.com\/wp-content\/uploads\/2025\/03\/IMG_6219-600x600.jpg 600w\" sizes=\"auto, (max-width: 600px) 100vw, 600px\" \/><p id=\"caption-attachment-4507\" class=\"wp-caption-text\">Orla de baixa elasticidade<\/p><\/div><\/li>\n<\/ol>\n<p dir=\"ltr\">Os m\u00e9todos de fabrica\u00e7\u00e3o transformam a sarja jeans em um material fundamental para a produ\u00e7\u00e3o de pe\u00e7as jeans, proporcionando durabilidade e apar\u00eancia atraente com propriedades funcionais.<\/p>\n<h2 dir=\"ltr\">Compara\u00e7\u00e3o entre sarja jeans e sarja de algod\u00e3o comum<\/h2>\n<p dir=\"ltr\">Embora tanto a sarja jeans quanto a sarja de algod\u00e3o comum utilizem a t\u00e9cnica de tecelagem de sarja, elas diferem significativamente em composi\u00e7\u00e3o, apar\u00eancia, durabilidade, conforto e aplica\u00e7\u00e3o. A tabela a seguir fornece uma compara\u00e7\u00e3o detalhada:<\/p>\n<table style=\"height: 395px;\" width=\"1323\">\n<colgroup>\n<col \/>\n<col \/>\n<col \/><\/colgroup>\n<tbody>\n<tr class=\"border-border\">\n<th colspan=\"1\" rowspan=\"1\">\n<p dir=\"ltr\"><strong>Aspecto<\/strong><\/p>\n<\/th>\n<th colspan=\"1\" rowspan=\"1\">\n<p dir=\"ltr\"><strong>Sarja jeans<\/strong><\/p>\n<\/th>\n<th colspan=\"1\" rowspan=\"1\">\n<p dir=\"ltr\"><strong>Sarja de algod\u00e3o comum<\/strong><\/p>\n<\/th>\n<\/tr>\n<tr class=\"border-border\">\n<td colspan=\"1\" rowspan=\"1\">\n<p dir=\"ltr\"><strong>Composi\u00e7\u00e3o do tecido<\/strong><\/p>\n<\/td>\n<td colspan=\"1\" rowspan=\"1\">\n<p dir=\"ltr\">Algod\u00e3o tipicamente 100%, com urdume tingido em \u00edndigo e trama branca<\/p>\n<\/td>\n<td colspan=\"1\" rowspan=\"1\">\n<p dir=\"ltr\">Geralmente algod\u00e3o ou misturas de algod\u00e3o, n\u00e3o necessariamente tingidos com \u00edndigo<\/p>\n<\/td>\n<\/tr>\n<tr class=\"border-border\">\n<td colspan=\"1\" rowspan=\"1\">\n<p dir=\"ltr\"><strong>Apar\u00eancia<\/strong><\/p>\n<\/td>\n<td colspan=\"1\" rowspan=\"1\">\n<p dir=\"ltr\">Textura mais grossa, padr\u00e3o de sarja mais pesado e proeminente, cor azul cl\u00e1ssica<\/p>\n<\/td>\n<td colspan=\"1\" rowspan=\"1\">\n<p dir=\"ltr\">Acabamento mais suave, padr\u00e3o de sarja mais claro e menos pronunciado<\/p>\n<\/td>\n<\/tr>\n<tr class=\"border-border\">\n<td colspan=\"1\" rowspan=\"1\">\n<p dir=\"ltr\"><strong>Durabilidade e Resist\u00eancia<\/strong><\/p>\n<\/td>\n<td colspan=\"1\" rowspan=\"1\">\n<p dir=\"ltr\">Altamente dur\u00e1vel, adequado para desgaste pesado<\/p>\n<\/td>\n<td colspan=\"1\" rowspan=\"1\">\n<p dir=\"ltr\">Menos dur\u00e1vel, mais adequado para uso formal ou mais leve<\/p>\n<\/td>\n<\/tr>\n<tr class=\"border-border\">\n<td colspan=\"1\" rowspan=\"1\">\n<p dir=\"ltr\"><strong>Conforto<\/strong><\/p>\n<\/td>\n<td colspan=\"1\" rowspan=\"1\">\n<p dir=\"ltr\">Toque ligeiramente mais \u00e1spero, mas pode ser macio dependendo do tecido espec\u00edfico<\/p>\n<\/td>\n<td colspan=\"1\" rowspan=\"1\">\n<p dir=\"ltr\">Geralmente mais suave e macio ao toque<\/p>\n<\/td>\n<\/tr>\n<tr class=\"border-border\">\n<td colspan=\"1\" rowspan=\"1\">\n<p dir=\"ltr\"><strong>Aplica\u00e7\u00e3o pr\u00e1tica<\/strong><\/p>\n<\/td>\n<td colspan=\"1\" rowspan=\"1\">\n<p dir=\"ltr\">Jeans, jaquetas, roupas de trabalho, macac\u00f5es<\/p>\n<\/td>\n<td colspan=\"1\" rowspan=\"1\">\n<p dir=\"ltr\">Cal\u00e7as formais, camisas, cortinas, estofados<\/p>\n<\/td>\n<\/tr>\n<\/tbody>\n<\/table>\n<p dir=\"ltr\">Os designers criaram a sarja jeans para suportar o uso intenso, tornando-a perfeita tanto para uso casual di\u00e1rio quanto para uso profissional. A sarja de algod\u00e3o comum foca em proporcionar conforto com um visual elegante, o que a torna perfeita para roupas formais e para decora\u00e7\u00e3o de interiores.<\/p>\n<h2 dir=\"ltr\">Aplica\u00e7\u00f5es pr\u00e1ticas<\/h2>\n<p dir=\"ltr\">O principal uso da sarja jeans \u00e9 na produ\u00e7\u00e3o de jeans, pois sua durabilidade e caracter\u00edsticas \u00fanicas de envelhecimento ap\u00f3s a lavagem e o uso a tornam altamente valiosa. O material tem alta resist\u00eancia ao desgaste, o que o torna perfeito para a cria\u00e7\u00e3o de pe\u00e7as de vestu\u00e1rio de trabalho, como jaquetas e macac\u00f5es, al\u00e9m de roupas profissionais para trabalhadores ao ar livre e da constru\u00e7\u00e3o civil. O tecido apresenta excelente resist\u00eancia ao desgaste, enquanto seu processo exclusivo de envelhecimento atrai usu\u00e1rios no mercado de roupas casuais.<\/p>\n<div id=\"attachment_5272\" style=\"width: 610px\" class=\"wp-caption aligncenter\"><img loading=\"lazy\" decoding=\"async\" aria-describedby=\"caption-attachment-5272\" class=\"wp-image-5272\" src=\"https:\/\/lydenim.com\/wp-content\/uploads\/2025\/05\/twill-jeans.jpeg\" alt=\"jeans de sarja\" width=\"600\" height=\"864\" srcset=\"https:\/\/lydenim.com\/wp-content\/uploads\/2025\/05\/twill-jeans.jpeg 1258w, https:\/\/lydenim.com\/wp-content\/uploads\/2025\/05\/twill-jeans-208x300.jpeg 208w, https:\/\/lydenim.com\/wp-content\/uploads\/2025\/05\/twill-jeans-711x1024.jpeg 711w, https:\/\/lydenim.com\/wp-content\/uploads\/2025\/05\/twill-jeans-768x1106.jpeg 768w, https:\/\/lydenim.com\/wp-content\/uploads\/2025\/05\/twill-jeans-1067x1536.jpeg 1067w, https:\/\/lydenim.com\/wp-content\/uploads\/2025\/05\/twill-jeans-8x12.jpeg 8w, https:\/\/lydenim.com\/wp-content\/uploads\/2025\/05\/twill-jeans-600x864.jpeg 600w, https:\/\/lydenim.com\/wp-content\/uploads\/2025\/05\/twill-jeans-150x216.jpeg 150w\" sizes=\"auto, (max-width: 600px) 100vw, 600px\" \/><p id=\"caption-attachment-5272\" class=\"wp-caption-text\">jeans de sarja<\/p><\/div>\n<p dir=\"ltr\">O setor de vestu\u00e1rio formal utiliza sarja de algod\u00e3o comum porque ela proporciona uma textura suave e uma constru\u00e7\u00e3o leve, criando um acabamento polido para cal\u00e7as, jaquetas e camisas. O tecido \u00e9 popular na produ\u00e7\u00e3o de m\u00f3veis para casa, incluindo cortinas, estofados e toalhas de mesa, pois oferece durabilidade e caimento elegante. A ampla gama de aplica\u00e7\u00f5es da sarja de algod\u00e3o comum permite que ela atenda a diversos requisitos de design e necessidades operacionais.<\/p>\n<div id=\"attachment_5273\" style=\"width: 610px\" class=\"wp-caption aligncenter\"><img loading=\"lazy\" decoding=\"async\" aria-describedby=\"caption-attachment-5273\" class=\"wp-image-5273\" src=\"https:\/\/lydenim.com\/wp-content\/uploads\/2025\/05\/Twill-suit.jpeg\" alt=\"Terno de sarja\" width=\"600\" height=\"1679\" srcset=\"https:\/\/lydenim.com\/wp-content\/uploads\/2025\/05\/Twill-suit.jpeg 554w, https:\/\/lydenim.com\/wp-content\/uploads\/2025\/05\/Twill-suit-107x300.jpeg 107w, https:\/\/lydenim.com\/wp-content\/uploads\/2025\/05\/Twill-suit-366x1024.jpeg 366w, https:\/\/lydenim.com\/wp-content\/uploads\/2025\/05\/Twill-suit-549x1536.jpeg 549w, https:\/\/lydenim.com\/wp-content\/uploads\/2025\/05\/Twill-suit-4x12.jpeg 4w, https:\/\/lydenim.com\/wp-content\/uploads\/2025\/05\/Twill-suit-150x420.jpeg 150w\" sizes=\"auto, (max-width: 600px) 100vw, 600px\" \/><p id=\"caption-attachment-5273\" class=\"wp-caption-text\">Terno de sarja<\/p><\/div>\n<h2 dir=\"ltr\">Perguntas frequentes<\/h2>\n<ol dir=\"ltr\">\n<li>\n<p dir=\"ltr\"><strong>Sarja de algod\u00e3o \u00e9 a mesma coisa que jeans?<\/strong><br \/>\nA sarja de algod\u00e3o existe como um tecido separado do jeans, apesar de compartilhar caracter\u00edsticas do tecido de sarja. O jeans representa um tipo espec\u00edfico de tecido de sarja de algod\u00e3o que obt\u00e9m sua cor azul caracter\u00edstica do tingimento \u00edndigo para a produ\u00e7\u00e3o de jeans. A sarja de algod\u00e3o comum existe como um tecido vers\u00e1til, pois deriva de diferentes materiais e est\u00e1 dispon\u00edvel em diversas op\u00e7\u00f5es de cores.<\/p>\n<\/li>\n<li>\n<p dir=\"ltr\"><strong>Entre algod\u00e3o e sarja, qual material \u00e9 superior?<\/strong><br \/>\nA escolha entre algod\u00e3o e sarja depende do uso espec\u00edfico. O tecido se beneficia de sua textura macia e respirabilidade natural, o que o torna adequado para a confec\u00e7\u00e3o de roupas leves e casuais. O tecido de sarja, feito de algod\u00e3o, oferece maior durabilidade e estrutura, o que o torna adequado para roupas formais ou mais exigentes.<\/p>\n<\/li>\n<li>\n<p dir=\"ltr\"><strong>O que \u00e9 Twill Denim?<\/strong><br \/>\nA trama de sarja com nervuras diagonais de tecido de algod\u00e3o torna o denim de sarja adequado para criar jeans tradicionais, que se beneficiam tanto de sua durabilidade quanto de seu apelo visual diferenciado.<\/p>\n<\/li>\n<li>\n<p dir=\"ltr\"><strong>Qual \u00e9 a diferen\u00e7a entre uma jaqueta de sarja e uma jaqueta jeans?<\/strong><br \/>\nA principal diferen\u00e7a entre uma jaqueta de sarja e uma jaqueta jeans est\u00e1 nos materiais dos tecidos. O tipo de tecido de uma jaqueta de sarja pode ser algod\u00e3o ou materiais mistos, o que confere \u00e0 pe\u00e7a durabilidade e suporte estrutural. A jaqueta jeans \u00e9 feita exclusivamente de jeans, que representa um tipo espec\u00edfico de tecido de sarja de algod\u00e3o, pois oferece tanto sua famosa cor azul quanto suas propriedades robustas.<\/p>\n<\/li>\n<li>\n<p dir=\"ltr\"><strong>Existem diferentes tipos de tecidos de sarja jeans no mercado hoje em dia. <\/strong><br \/>\nO jeans sarja existe em diferentes tipos, incluindo:<\/p>\n<ul class=\"tight\" dir=\"ltr\" data-tight=\"true\">\n<li>\n<p dir=\"ltr\"><strong>Sarja Padr\u00e3o<\/strong>: Apresenta a cl\u00e1ssica trama diagonal.<\/p>\n<\/li>\n<li>\n<p dir=\"ltr\"><a href=\"https:\/\/lydenim.com\/pt\/analise-de-20-tipos-de-tecidos-denim\/\"><strong>Sarja quebrada<\/strong>:<\/a> A textura \u00fanica do Broken Twill surge do seu padr\u00e3o de design diagonal interrompido.<\/p>\n<p><div id=\"attachment_3985\" style=\"width: 610px\" class=\"wp-caption aligncenter\"><img loading=\"lazy\" decoding=\"async\" aria-describedby=\"caption-attachment-3985\" class=\"wp-image-3985\" src=\"https:\/\/lydenim.com\/wp-content\/uploads\/2025\/03\/IMG_4209.jpg\" alt=\"Sarja quebrada\" width=\"600\" height=\"241\" srcset=\"https:\/\/lydenim.com\/wp-content\/uploads\/2025\/03\/IMG_4209.jpg 1178w, https:\/\/lydenim.com\/wp-content\/uploads\/2025\/03\/IMG_4209-300x120.jpg 300w, https:\/\/lydenim.com\/wp-content\/uploads\/2025\/03\/IMG_4209-1024x411.jpg 1024w, https:\/\/lydenim.com\/wp-content\/uploads\/2025\/03\/IMG_4209-768x308.jpg 768w, https:\/\/lydenim.com\/wp-content\/uploads\/2025\/03\/IMG_4209-18x7.jpg 18w, https:\/\/lydenim.com\/wp-content\/uploads\/2025\/03\/IMG_4209-600x241.jpg 600w, https:\/\/lydenim.com\/wp-content\/uploads\/2025\/03\/IMG_4209-150x60.jpg 150w\" sizes=\"auto, (max-width: 600px) 100vw, 600px\" \/><p id=\"caption-attachment-3985\" class=\"wp-caption-text\">Sarja quebrada<\/p><\/div><\/li>\n<li>\n<p dir=\"ltr\"><a href=\"https:\/\/lydenim.com\/pt\/espinha-de-peixe\/\"><strong>Sarja espinha de peixe<\/strong><\/a>: O sarja espinha de peixe apresenta um padr\u00e3o distinto em forma de V em sua trama.<\/p>\n<p><div id=\"attachment_3984\" style=\"width: 610px\" class=\"wp-caption aligncenter\"><img loading=\"lazy\" decoding=\"async\" aria-describedby=\"caption-attachment-3984\" class=\"wp-image-3984\" src=\"https:\/\/lydenim.com\/wp-content\/uploads\/2025\/03\/IMG_4208.jpg\" alt=\"Espinha de peixe (derivado de sarja)\" width=\"600\" height=\"225\" srcset=\"https:\/\/lydenim.com\/wp-content\/uploads\/2025\/03\/IMG_4208.jpg 1165w, https:\/\/lydenim.com\/wp-content\/uploads\/2025\/03\/IMG_4208-300x112.jpg 300w, https:\/\/lydenim.com\/wp-content\/uploads\/2025\/03\/IMG_4208-1024x383.jpg 1024w, https:\/\/lydenim.com\/wp-content\/uploads\/2025\/03\/IMG_4208-768x287.jpg 768w, https:\/\/lydenim.com\/wp-content\/uploads\/2025\/03\/IMG_4208-18x7.jpg 18w, https:\/\/lydenim.com\/wp-content\/uploads\/2025\/03\/IMG_4208-600x225.jpg 600w, https:\/\/lydenim.com\/wp-content\/uploads\/2025\/03\/IMG_4208-150x56.jpg 150w\" sizes=\"auto, (max-width: 600px) 100vw, 600px\" \/><p id=\"caption-attachment-3984\" class=\"wp-caption-text\">Espinha de peixe (derivado de sarja)<\/p><\/div><\/li>\n<li>\n<p dir=\"ltr\"><strong>Jeans Stretch<\/strong>:A adi\u00e7\u00e3o de elastano ao tecido proporciona maior elasticidade.<\/p>\n<\/li>\n<\/ul>\n<\/li>\n<\/ol>\n<h2 dir=\"ltr\">Conclus\u00e3o<\/h2>\n<div class=\"mb-8 mt-5 h-[280px] max-h-[280px] min-h-[280px] w-full resize-none overflow-hidden overflow-y-auto whitespace-pre-line rounded-t-lg bg-white px-4 py-5 text-sm text-dark-navy focus:outline-none\">O mundo reconhece a sarja jeans como um tecido forte e ic\u00f4nico, pois atende tanto \u00e0s necessidades de uso casual quanto profissional, especialmente por meio do jeans. A combina\u00e7\u00e3o de trama diagonal e tingimento \u00edndigo, al\u00e9m de sua durabilidade excepcional, faz da sarja jeans um item essencial da moda mundial. A estrutura do tecido da sarja de algod\u00e3o comum permite seu uso em roupas formais e decora\u00e7\u00e3o de interiores, proporcionando textura leve e suave. Embora ambos os tecidos utilizem a tecelagem de sarja, eles atendem a prop\u00f3sitos diferentes devido \u00e0s suas caracter\u00edsticas \u00fanicas, que atendem a diversas necessidades em aplica\u00e7\u00f5es de moda e funcionais.<\/div>\n<div>\n<h2 dir=\"auto\">Servi\u00e7os de personaliza\u00e7\u00e3o da LYDENIM<\/h2>\n<p dir=\"auto\">\ud83c\udfa8 Como fabricante profissional de tecidos, se voc\u00ea precisar comprar tecidos, pode entrar em contato <a href=\"https:\/\/lydenim.com\/pt\/\">Lydenim<\/a> para ver se existe um tecido adequado<\/p>\n<p dir=\"auto\">\ud83d\udecd\ufe0f <strong>Explore e inspire-se<\/strong>: Navegue por nossas sele\u00e7\u00f5es de tecidos e descubra ideias de design em <a href=\"https:\/\/lydenim.com\/pt\/\" target=\"_blank\" rel=\"noopener noreferrer nofollow\">LYDenim<\/a>.<\/p>\n<p dir=\"auto\">\ud83c\udf10 <strong>Roupas el\u00e1sticas<\/strong>: Confira nossas ofertas em <a href=\"http:\/\/liangyuantextile.m.en.alibaba.com\" target=\"_blank\" rel=\"noopener noreferrer nofollow\">MeuAlibaba<\/a>. \ud83d\udce9 <strong>Contate-nos<\/strong>: Entre em contato em <a href=\"mailto:malone@lydenim.com\" target=\"_blank\" rel=\"noopener noreferrer nofollow\">malone@lydenim.com<\/a>.<\/p>\n<p dir=\"auto\">Crie sua obra-prima de jeans com LYDENIM - seu parceiro de confian\u00e7a para <strong>tecido el\u00e1stico<\/strong> e <strong>solu\u00e7\u00f5es personalizadas de jeans<\/strong>.<\/p>\n<\/div>","protected":false},"excerpt":{"rendered":"<p>Tempo estimado de leitura: ~4 minutos Introdu\u00e7\u00e3o O tecido sarja existe com seu padr\u00e3o de nervuras diagonais como um tecido que atende a m\u00faltiplas<\/p>","protected":false},"author":1,"featured_media":5275,"comment_status":"open","ping_status":"open","sticky":false,"template":"","format":"standard","meta":{"two_page_speed":[],"footnotes":""},"categories":[66],"tags":[],"class_list":["post-5266","post","type-post","status-publish","format-standard","has-post-thumbnail","hentry","category-denim-knowledge"],"aioseo_notices":[],"_links":{"self":[{"href":"https:\/\/lydenim.com\/pt\/wp-json\/wp\/v2\/posts\/5266","targetHints":{"allow":["GET"]}}],"collection":[{"href":"https:\/\/lydenim.com\/pt\/wp-json\/wp\/v2\/posts"}],"about":[{"href":"https:\/\/lydenim.com\/pt\/wp-json\/wp\/v2\/types\/post"}],"author":[{"embeddable":true,"href":"https:\/\/lydenim.com\/pt\/wp-json\/wp\/v2\/users\/1"}],"replies":[{"embeddable":true,"href":"https:\/\/lydenim.com\/pt\/wp-json\/wp\/v2\/comments?post=5266"}],"version-history":[{"count":9,"href":"https:\/\/lydenim.com\/pt\/wp-json\/wp\/v2\/posts\/5266\/revisions"}],"predecessor-version":[{"id":6356,"href":"https:\/\/lydenim.com\/pt\/wp-json\/wp\/v2\/posts\/5266\/revisions\/6356"}],"wp:featuredmedia":[{"embeddable":true,"href":"https:\/\/lydenim.com\/pt\/wp-json\/wp\/v2\/media\/5275"}],"wp:attachment":[{"href":"https:\/\/lydenim.com\/pt\/wp-json\/wp\/v2\/media?parent=5266"}],"wp:term":[{"taxonomy":"category","embeddable":true,"href":"https:\/\/lydenim.com\/pt\/wp-json\/wp\/v2\/categories?post=5266"},{"taxonomy":"post_tag","embeddable":true,"href":"https:\/\/lydenim.com\/pt\/wp-json\/wp\/v2\/tags?post=5266"}],"curies":[{"name":"wp","href":"https:\/\/api.w.org\/{rel}","templated":true}]}}