{"id":5290,"date":"2025-05-31T14:42:29","date_gmt":"2025-05-31T06:42:29","guid":{"rendered":"https:\/\/lydenim.com\/?p=5290"},"modified":"2025-08-24T13:25:32","modified_gmt":"2025-08-24T05:25:32","slug":"exploring-the-world-of-denim-cloth-fabric","status":"publish","type":"post","link":"https:\/\/lydenim.com\/pt\/explorando-o-mundo-do-tecido-jeans\/","title":{"rendered":"Explorando o mundo do tecido jeans"},"content":{"rendered":"<h2>Tempo estimado de leitura: ~5 minutos<\/h2>\n<h2>Introdu\u00e7\u00e3o<\/h2>\n<p>O tecido jeans evoluiu de suas ra\u00edzes pr\u00e1ticas em roupas de trabalho para sua posi\u00e7\u00e3o como um elemento de moda l\u00edder em todo o mundo. A ind\u00fastria da moda, assim como os consumidores, adora o tecido jeans desde que ele come\u00e7ou como roupa de trabalho no s\u00e9culo XIX, antes de evoluir para designs modernos. O artigo examina as caracter\u00edsticas e os tipos de tecido jeans, bem como as op\u00e7\u00f5es de personaliza\u00e7\u00e3o e considera\u00e7\u00f5es sobre o peso para a cria\u00e7\u00e3o de pe\u00e7as sob medida.<\/p>\n<h2>Vis\u00e3o geral do Denim<\/h2>\n<p>O jeans funciona como um tecido de sarja de algod\u00e3o dur\u00e1vel porque o m\u00e9todo de tecelagem com urdume produz padr\u00f5es de nervuras diagonais. Os fabricantes de jeans come\u00e7aram a tingir seus tecidos de \u00edndigo para obter a cl\u00e1ssica apar\u00eancia externa azul e interna branca, que agora \u00e9 produzida em diversas cores. Sua longa durabilidade, aliada aos seus efeitos de desbotamento, torna o jeans adequado para diversas pe\u00e7as de vestu\u00e1rio, incluindo jeans, jaquetas, camisas, saias, al\u00e9m de decora\u00e7\u00e3o e acess\u00f3rios para casa.<img loading=\"lazy\" decoding=\"async\" class=\"aligncenter wp-image-4761\" src=\"https:\/\/lydenim.com\/wp-content\/uploads\/2025\/04\/IMG_6311.jpg\" alt=\"\" width=\"600\" height=\"600\" srcset=\"https:\/\/lydenim.com\/wp-content\/uploads\/2025\/04\/IMG_6311.jpg 2196w, https:\/\/lydenim.com\/wp-content\/uploads\/2025\/04\/IMG_6311-300x300.jpg 300w, https:\/\/lydenim.com\/wp-content\/uploads\/2025\/04\/IMG_6311-1024x1024.jpg 1024w, https:\/\/lydenim.com\/wp-content\/uploads\/2025\/04\/IMG_6311-150x150.jpg 150w, https:\/\/lydenim.com\/wp-content\/uploads\/2025\/04\/IMG_6311-768x768.jpg 768w, https:\/\/lydenim.com\/wp-content\/uploads\/2025\/04\/IMG_6311-1536x1536.jpg 1536w, https:\/\/lydenim.com\/wp-content\/uploads\/2025\/04\/IMG_6311-2048x2048.jpg 2048w, https:\/\/lydenim.com\/wp-content\/uploads\/2025\/04\/IMG_6311-12x12.jpg 12w, https:\/\/lydenim.com\/wp-content\/uploads\/2025\/04\/IMG_6311-600x600.jpg 600w\" sizes=\"auto, (max-width: 600px) 100vw, 600px\" \/><\/p>\n<h2>Tipos de tecidos jeans<\/h2>\n<p>Os diversos acabamentos e tipos de tecido jeans existem para atender a necessidades espec\u00edficas de design. Abaixo, uma vis\u00e3o geral detalhada:<\/p>\n<table style=\"height: 617px;\" width=\"1119\">\n<thead>\n<tr>\n<th><strong>Tipo de jeans<\/strong><\/th>\n<th><strong>Descri\u00e7\u00e3o<\/strong><\/th>\n<\/tr>\n<\/thead>\n<tbody>\n<tr>\n<td>Denim cru<\/td>\n<td>N\u00e3o lavado, r\u00edgido, geralmente azul escuro, desbota com o tempo para uma apar\u00eancia personalizada.<\/td>\n<\/tr>\n<tr>\n<td>Denim Sanforizado<\/td>\n<td>Denim cru tratado para reduzir o encolhimento, geralmente rotulado como pr\u00e9-encolhido.<\/td>\n<\/tr>\n<tr>\n<td>Denim tingido de \u00edndigo<\/td>\n<td>Jeans azul cl\u00e1ssico com urdume tingido de \u00edndigo e trama branca.<\/td>\n<\/tr>\n<tr>\n<td>Denim tingido<\/td>\n<td>Usa corantes de enxofre para cores como mostarda, verde, cinza, vermelho ou rosa.<\/td>\n<\/tr>\n<tr>\n<td>Selvedge Denim<\/td>\n<td>Apresenta uma borda com acabamento pr\u00f3prio (geralmente vermelha ou laranja), indicando alta qualidade.<\/td>\n<\/tr>\n<tr>\n<td>Jeans com lavagem \u00e1cida<\/td>\n<td>Tratado com \u00e1cido para um visual retr\u00f4 e manchado, popular na d\u00e9cada de 1980.<\/td>\n<\/tr>\n<tr>\n<td>Denim Stone Wash<\/td>\n<td>Lavado com pedra-pomes para uma apar\u00eancia desbotada e usada.<\/td>\n<\/tr>\n<tr>\n<td>Denim amassado<\/td>\n<td>Textura enrugada permanente, geralmente combinada com lavagem \u00e1cida ou com pedra.<\/td>\n<\/tr>\n<tr>\n<td>Poli Denim<\/td>\n<td>Misturado com poli\u00e9ster e algod\u00e3o para maciez e conforto.<\/td>\n<\/tr>\n<tr>\n<td>Jeans Stretch<\/td>\n<td>Infundido com elastano ou Lycra para elasticidade, ideal para designs ajustados.<\/td>\n<\/tr>\n<tr>\n<td>Bull Denim<\/td>\n<td>Algod\u00e3o 100%, resistente e macio de um lado, usado em roupas e estofados.<\/td>\n<\/tr>\n<tr>\n<td>Denim cru<\/td>\n<td>Algod\u00e3o natural, sem tingimento, creme claro.<\/td>\n<\/tr>\n<tr>\n<td>Denim org\u00e2nico<\/td>\n<td>Feito de algod\u00e3o org\u00e2nico sem produtos qu\u00edmicos, ecol\u00f3gico.<\/td>\n<\/tr>\n<tr>\n<td>Denim leve<\/td>\n<td>Menos de 12 oz\/yd\u00b2, macio e flex\u00edvel, para camisas e roupas de ver\u00e3o.<\/td>\n<\/tr>\n<tr>\n<td>Denim M\u00e1rmore<\/td>\n<td>Tratado com alvejante para um efeito marmorizado com listras e manchas.<\/td>\n<\/tr>\n<tr>\n<td>Slub Denim<\/td>\n<td>Utiliza fios soltos para uma apar\u00eancia texturizada e r\u00fastica.<\/td>\n<\/tr>\n<tr>\n<td>Jeans Jacquard<\/td>\n<td>Tecido com padr\u00f5es complexos, acrescentando apelo decorativo.<\/td>\n<\/tr>\n<tr>\n<td>Denim flocado<\/td>\n<td>Apresenta um padr\u00e3o elevado, semelhante ao veludo, para uma sensa\u00e7\u00e3o luxuosa.<\/td>\n<\/tr>\n<tr>\n<td>Denim Composto<\/td>\n<td>Combina v\u00e1rios tecidos ou processos para melhorar a funcionalidade ou a est\u00e9tica.<\/td>\n<\/tr>\n<\/tbody>\n<\/table>\n<p>Os v\u00e1rios tipos de tecido jeans atendem a diversas necessidades da moda, do tradicional ao experimental, passando pelos processos de tecelagem, m\u00e9todos de tingimento e t\u00e9cnicas de acabamento.<\/p>\n<div id=\"attachment_4781\" style=\"width: 610px\" class=\"wp-caption aligncenter\"><img loading=\"lazy\" decoding=\"async\" aria-describedby=\"caption-attachment-4781\" class=\"wp-image-4781\" src=\"https:\/\/lydenim.com\/wp-content\/uploads\/2025\/04\/Classified-by-Raw-Materials.jpg\" alt=\"Classificado por Mat\u00e9rias-Primas\" width=\"600\" height=\"916\" srcset=\"https:\/\/lydenim.com\/wp-content\/uploads\/2025\/04\/Classified-by-Raw-Materials.jpg 1245w, https:\/\/lydenim.com\/wp-content\/uploads\/2025\/04\/Classified-by-Raw-Materials-197x300.jpg 197w, https:\/\/lydenim.com\/wp-content\/uploads\/2025\/04\/Classified-by-Raw-Materials-671x1024.jpg 671w, https:\/\/lydenim.com\/wp-content\/uploads\/2025\/04\/Classified-by-Raw-Materials-768x1172.jpg 768w, https:\/\/lydenim.com\/wp-content\/uploads\/2025\/04\/Classified-by-Raw-Materials-1006x1536.jpg 1006w, https:\/\/lydenim.com\/wp-content\/uploads\/2025\/04\/Classified-by-Raw-Materials-8x12.jpg 8w, https:\/\/lydenim.com\/wp-content\/uploads\/2025\/04\/Classified-by-Raw-Materials-600x916.jpg 600w, https:\/\/lydenim.com\/wp-content\/uploads\/2025\/04\/Classified-by-Raw-Materials-150x229.jpg 150w\" sizes=\"auto, (max-width: 600px) 100vw, 600px\" \/><p id=\"caption-attachment-4781\" class=\"wp-caption-text\">Classificado por Mat\u00e9rias-Primas<\/p><\/div>\n<h2>Possibilidades de personaliza\u00e7\u00e3o<\/h2>\n<p>Tecidos jeans s\u00e3o ideais para personaliza\u00e7\u00e3o devido \u00e0 sua natureza flex\u00edvel. Os clientes podem encomendar pe\u00e7as sob medida por meio da sele\u00e7\u00e3o de cores e padr\u00f5es distintos, al\u00e9m de acabamentos que incluem estampas, lavagens e designs jacquard especiais. Os servi\u00e7os de personaliza\u00e7\u00e3o transformam conceitos de design individuais em realidade por meio da cria\u00e7\u00e3o de pe\u00e7as vintage com acabamento stone-washed ou produtos denim org\u00e2nicos sustent\u00e1veis. Voc\u00ea pode entrar em contato <a href=\"\/pt\/malone@lydenim.com\/\">malone@lydenim.com<\/a> para mais detalhes ou visite <a href=\"https:\/\/lydenim.com\/pt\/\">www.lydenim.com<\/a> para maiores informa\u00e7\u00f5es.<img loading=\"lazy\" decoding=\"async\" class=\"aligncenter wp-image-2895\" src=\"https:\/\/lydenim.com\/wp-content\/uploads\/2025\/01\/DSC08120-scaled.jpg\" alt=\"\" width=\"600\" height=\"600\" srcset=\"https:\/\/lydenim.com\/wp-content\/uploads\/2025\/01\/DSC08120-scaled.jpg 2560w, https:\/\/lydenim.com\/wp-content\/uploads\/2025\/01\/DSC08120-300x300.jpg 300w, https:\/\/lydenim.com\/wp-content\/uploads\/2025\/01\/DSC08120-150x150.jpg 150w, https:\/\/lydenim.com\/wp-content\/uploads\/2025\/01\/DSC08120-scaled-600x600.jpg 600w, https:\/\/lydenim.com\/wp-content\/uploads\/2025\/01\/DSC08120-1024x1024.jpg 1024w, https:\/\/lydenim.com\/wp-content\/uploads\/2025\/01\/DSC08120-768x768.jpg 768w, https:\/\/lydenim.com\/wp-content\/uploads\/2025\/01\/DSC08120-1536x1536.jpg 1536w, https:\/\/lydenim.com\/wp-content\/uploads\/2025\/01\/DSC08120-2048x2048.jpg 2048w, https:\/\/lydenim.com\/wp-content\/uploads\/2025\/01\/DSC08120-12x12.jpg 12w\" sizes=\"auto, (max-width: 600px) 100vw, 600px\" \/><\/p>\n<h2>Selecionando o peso apropriado do jeans<\/h2>\n<p>O peso do tecido jeans depende de on\u00e7as por metro quadrado para determinar aplica\u00e7\u00f5es adequadas para diferentes pe\u00e7as de vestu\u00e1rio:<\/p>\n<table style=\"height: 161px;\" width=\"1146\">\n<thead>\n<tr>\n<th><strong>Categoria de peso<\/strong><\/th>\n<th><strong>Faixa de peso (oz\/yd\u00b2)<\/strong><\/th>\n<th><strong>Caracter\u00edsticas<\/strong><\/th>\n<th><strong>Usos comuns<\/strong><\/th>\n<\/tr>\n<\/thead>\n<tbody>\n<tr>\n<td>Denim leve<\/td>\n<td>Menores de 12 anos<\/td>\n<td>Macio, respir\u00e1vel, menos dur\u00e1vel<\/td>\n<td>Camisas, jeans de ver\u00e3o, vestidos<\/td>\n<\/tr>\n<tr>\n<td>Denim de peso m\u00e9dio<\/td>\n<td>12-16<\/td>\n<td>Conforto r\u00edgido, dur\u00e1vel e equilibrado<\/td>\n<td>Jeans para o dia a dia, jaquetas, pe\u00e7as vers\u00e1teis<\/td>\n<\/tr>\n<tr>\n<td>Denim Pesado<\/td>\n<td>Mais de 16 anos<\/td>\n<td>Muito r\u00edgido, quente, requer um amaciamento mais longo<\/td>\n<td>Roupas para clima frio, designs estruturados<\/td>\n<\/tr>\n<\/tbody>\n<\/table>\n<p>A sele\u00e7\u00e3o do peso apropriado garante que a pe\u00e7a final satisfa\u00e7a tanto a apar\u00eancia visual pretendida quanto os requisitos de desempenho, j\u00e1 que o jeans leve \u00e9 adequado para climas quentes e o jeans pesado \u00e9 adequado para climas frios.<\/p>\n<p>O peso espec\u00edfico est\u00e1 sujeito ao mercado local e a tabela \u00e9 apenas para refer\u00eancia.<\/p>\n<h2>A evolu\u00e7\u00e3o e o futuro do jeans<\/h2>\n<p>A popularidade do jeans como um item b\u00e1sico da moda global come\u00e7ou depois que Levi Strauss e Jacob Davis o patentearam na d\u00e9cada de 1870 (<a href=\"https:\/\/en.wikipedia.org\/wiki\/Denim\">Hist\u00f3ria do Denim<\/a>). O movimento da moda atual concentra-se em pr\u00e1ticas sustent\u00e1veis, promovendo o jeans org\u00e2nico e t\u00e9cnicas de tingimento ecologicamente corretas. T\u00e9cnicas de lavagem a laser, aliadas a m\u00e9todos de impress\u00e3o digital, ajudam os designers a mesclar t\u00e9cnicas cl\u00e1ssicas com m\u00e9todos contempor\u00e2neos para expandir os limites da criatividade no jeans.<\/p>\n<h2>Conclus\u00e3o<\/h2>\n<p>O jeans continua popular porque dura muito, pode ser usado de diversas maneiras e se transforma de acordo com a moda do momento. Designers e consumidores ter\u00e3o uma melhor sele\u00e7\u00e3o de produtos jeans ao compreenderem os tipos e as categorias de gramatura. As op\u00e7\u00f5es de personaliza\u00e7\u00e3o dispon\u00edveis tornam o jeans um produto melhor para designers e compradores, pois permitem designs \u00fanicos e individualizados.<\/p>\n<h2 dir=\"auto\">Servi\u00e7os de personaliza\u00e7\u00e3o da LYDENIM<\/h2>\n<p dir=\"auto\">\ud83c\udfa8 Quero <strong>tecidos jeans personalizados<\/strong> ou\u00a0 <strong>exclusivo<\/strong> <strong>pe\u00e7a jeans personalizada<\/strong>? A LYDENIM \u00e9 especializada em solu\u00e7\u00f5es personalizadas para atender \u00e0s suas necessidades de design e produ\u00e7\u00e3o.<\/p>\n<p dir=\"auto\">\ud83d\udecd\ufe0f <strong>Explore e inspire-se<\/strong>: Navegue por nossas sele\u00e7\u00f5es de tecidos e descubra ideias de design em <a href=\"https:\/\/lydenim.com\/pt\/\" target=\"_blank\" rel=\"noopener noreferrer nofollow\">LYDenim<\/a>.<\/p>\n<p dir=\"auto\">\ud83c\udf10 <strong>Roupas el\u00e1sticas<\/strong>: Confira nossas ofertas em <a href=\"http:\/\/liangyuantextile.m.en.alibaba.com\" target=\"_blank\" rel=\"noopener noreferrer nofollow\">MeuAlibaba<\/a>. \ud83d\udce9 <strong>Contate-nos<\/strong>: Entre em contato em <a href=\"mailto:malone@lydenim.com\" target=\"_blank\" rel=\"noopener noreferrer nofollow\">malone@lydenim.com<\/a>.<\/p>\n<p dir=\"auto\">Crie sua obra-prima de jeans com LYDENIM - seu parceiro de confian\u00e7a para <strong>tecido el\u00e1stico<\/strong> e <strong>solu\u00e7\u00f5es personalizadas de jeans<\/strong>.<\/p>","protected":false},"excerpt":{"rendered":"<p>Tempo estimado de leitura: ~5 minutos Introdu\u00e7\u00e3o O tecido denim evoluiu de suas ra\u00edzes pr\u00e1ticas em roupas de trabalho para sua<\/p>","protected":false},"author":1,"featured_media":5292,"comment_status":"open","ping_status":"open","sticky":false,"template":"","format":"standard","meta":{"two_page_speed":[],"footnotes":""},"categories":[66],"tags":[],"class_list":["post-5290","post","type-post","status-publish","format-standard","has-post-thumbnail","hentry","category-denim-knowledge"],"aioseo_notices":[],"_links":{"self":[{"href":"https:\/\/lydenim.com\/pt\/wp-json\/wp\/v2\/posts\/5290","targetHints":{"allow":["GET"]}}],"collection":[{"href":"https:\/\/lydenim.com\/pt\/wp-json\/wp\/v2\/posts"}],"about":[{"href":"https:\/\/lydenim.com\/pt\/wp-json\/wp\/v2\/types\/post"}],"author":[{"embeddable":true,"href":"https:\/\/lydenim.com\/pt\/wp-json\/wp\/v2\/users\/1"}],"replies":[{"embeddable":true,"href":"https:\/\/lydenim.com\/pt\/wp-json\/wp\/v2\/comments?post=5290"}],"version-history":[{"count":4,"href":"https:\/\/lydenim.com\/pt\/wp-json\/wp\/v2\/posts\/5290\/revisions"}],"predecessor-version":[{"id":6328,"href":"https:\/\/lydenim.com\/pt\/wp-json\/wp\/v2\/posts\/5290\/revisions\/6328"}],"wp:featuredmedia":[{"embeddable":true,"href":"https:\/\/lydenim.com\/pt\/wp-json\/wp\/v2\/media\/5292"}],"wp:attachment":[{"href":"https:\/\/lydenim.com\/pt\/wp-json\/wp\/v2\/media?parent=5290"}],"wp:term":[{"taxonomy":"category","embeddable":true,"href":"https:\/\/lydenim.com\/pt\/wp-json\/wp\/v2\/categories?post=5290"},{"taxonomy":"post_tag","embeddable":true,"href":"https:\/\/lydenim.com\/pt\/wp-json\/wp\/v2\/tags?post=5290"}],"curies":[{"name":"wp","href":"https:\/\/api.w.org\/{rel}","templated":true}]}}