{"id":5303,"date":"2025-06-02T12:49:19","date_gmt":"2025-06-02T04:49:19","guid":{"rendered":"https:\/\/lydenim.com\/?p=5303"},"modified":"2025-08-24T13:27:07","modified_gmt":"2025-08-24T05:27:07","slug":"digital-printing-innovation-beyond-denim","status":"publish","type":"post","link":"https:\/\/lydenim.com\/pt\/inovacao-em-impressao-digital-alem-do-jeans\/","title":{"rendered":"Impress\u00e3o Digital: Inova\u00e7\u00e3o Al\u00e9m do Denim"},"content":{"rendered":"<h2 data-pm-slice=\"1 1 []\">Tempo estimado de leitura: ~3 minutos<\/h2>\n<h2>Introdu\u00e7\u00e3o<\/h2>\n<p>A tecnologia de impress\u00e3o digital est\u00e1 remodelando as ind\u00fastrias da moda e t\u00eaxtil, expandindo-se muito al\u00e9m do jeans para tecidos como algod\u00e3o, seda, l\u00e3 e poli\u00e9ster. Utilizando impressoras jato de tinta de alta precis\u00e3o, ela transfere designs diretamente para o tecido, oferecendo liberdade criativa e sustentabilidade incompar\u00e1veis. Este artigo explora suas aplica\u00e7\u00f5es e benef\u00edcios em diversos tecidos.<\/p>\n<h2>1. No\u00e7\u00f5es b\u00e1sicas de impress\u00e3o digital<\/h2>\n<p>A impress\u00e3o digital utiliza a tecnologia jato de tinta para aplicar min\u00fasculas got\u00edculas de tinta no tecido, dispensando as telas ou chapas tradicionais. Os principais destaques incluem:<\/p>\n<ul>\n<li><strong>Cores ricas<\/strong>: Suporta 16,7 milh\u00f5es de tons, excedendo <a href=\"https:\/\/www.pantone.com\/color-intelligence\/about-pantonelive\">impress\u00e3o tradicional<\/a>.<\/li>\n<li><strong>Ecol\u00f3gico<\/strong>: Reduz o uso de \u00e1gua e produtos qu\u00edmicos, com alguns m\u00e9todos sem \u00e1gua.<\/li>\n<li><strong>Tintas Inteligentes<\/strong>: Adaptado aos tipos de tecido para \u00f3tima ader\u00eancia e conforto.\n<p><div id=\"attachment_5304\" style=\"width: 610px\" class=\"wp-caption aligncenter\"><img loading=\"lazy\" decoding=\"async\" aria-describedby=\"caption-attachment-5304\" class=\"wp-image-5304\" src=\"https:\/\/lydenim.com\/wp-content\/uploads\/2025\/06\/1.jpeg\" alt=\"Impress\u00e3o digital\" width=\"600\" height=\"271\" srcset=\"https:\/\/lydenim.com\/wp-content\/uploads\/2025\/06\/1.jpeg 574w, https:\/\/lydenim.com\/wp-content\/uploads\/2025\/06\/1-300x135.jpeg 300w, https:\/\/lydenim.com\/wp-content\/uploads\/2025\/06\/1-18x8.jpeg 18w, https:\/\/lydenim.com\/wp-content\/uploads\/2025\/06\/1-150x68.jpeg 150w\" sizes=\"auto, (max-width: 600px) 100vw, 600px\" \/><p id=\"caption-attachment-5304\" class=\"wp-caption-text\">Impress\u00e3o digital<\/p><\/div><\/li>\n<\/ul>\n<h2>2. Impress\u00e3o digital em jeans<\/h2>\n<p>A impress\u00e3o digital transformou o jeans:<\/p>\n<ul>\n<li><strong>Inova\u00e7\u00e3o em Design<\/strong>: Permite padr\u00f5es e gradientes detalhados, melhorando o apelo visual.<\/li>\n<li><strong>Sustentabilidade<\/strong>: Reduz o uso de \u00e1gua em 89% com tintas biodegrad\u00e1veis.<\/li>\n<li><strong>Desafios<\/strong>: O jeans escuro requer pr\u00e9-tratamento, o que pode afetar a maciez.\n<p><div id=\"attachment_5305\" style=\"width: 610px\" class=\"wp-caption aligncenter\"><img loading=\"lazy\" decoding=\"async\" aria-describedby=\"caption-attachment-5305\" class=\"wp-image-5305\" src=\"https:\/\/lydenim.com\/wp-content\/uploads\/2025\/06\/2.jpeg\" alt=\"Impress\u00e3o digital em jeans\" width=\"600\" height=\"669\" srcset=\"https:\/\/lydenim.com\/wp-content\/uploads\/2025\/06\/2.jpeg 1279w, https:\/\/lydenim.com\/wp-content\/uploads\/2025\/06\/2-269x300.jpeg 269w, https:\/\/lydenim.com\/wp-content\/uploads\/2025\/06\/2-918x1024.jpeg 918w, https:\/\/lydenim.com\/wp-content\/uploads\/2025\/06\/2-768x857.jpeg 768w, https:\/\/lydenim.com\/wp-content\/uploads\/2025\/06\/2-11x12.jpeg 11w, https:\/\/lydenim.com\/wp-content\/uploads\/2025\/06\/2-600x669.jpeg 600w, https:\/\/lydenim.com\/wp-content\/uploads\/2025\/06\/2-150x167.jpeg 150w\" sizes=\"auto, (max-width: 600px) 100vw, 600px\" \/><p id=\"caption-attachment-5305\" class=\"wp-caption-text\">Impress\u00e3o digital em jeans<\/p><\/div><\/li>\n<\/ul>\n<h2>3. Al\u00e9m do Denim: Aplica\u00e7\u00f5es em Outros <a href=\"https:\/\/lydenim.com\/pt\/produtos\/\">Tecidos<\/a><\/h2>\n<p>A impress\u00e3o digital n\u00e3o se limita ao jeans \u2014 ela se destaca em uma variedade de tecidos, cada um com benef\u00edcios distintos:<\/p>\n<ul>\n<li><strong>Algod\u00e3o<\/strong>: Cores vibrantes e dur\u00e1veis para camisetas, roupas casuais e roupas de cama.<\/li>\n<li><strong>Seda<\/strong>: Desenhos detalhados com acabamento brilhante, ideais para vestidos e cachec\u00f3is.<\/li>\n<li><strong>L\u00e3<\/strong>: Adiciona variedade de design a su\u00e9teres e casacos de inverno.<\/li>\n<li><strong>Poli\u00e9ster<\/strong>: Dur\u00e1vel e resistente a rugas, perfeito para roupas esportivas e fast fashion.<\/li>\n<\/ul>\n<p>De fibras naturais a sint\u00e9ticas, a impress\u00e3o digital se adapta \u00e0s diversas necessidades de tecidos, dando suporte tanto a produtos de moda quanto funcionais.<\/p>\n<h2>4. Vantagens da Impress\u00e3o Digital<\/h2>\n<p>A impress\u00e3o digital oferece benef\u00edcios importantes para jeans e outros tecidos:<\/p>\n<ul>\n<li><strong>Flexibilidade<\/strong>: Ideal para produ\u00e7\u00e3o em pequenos lotes e resposta r\u00e1pida ao mercado.<\/li>\n<li><strong>Alta qualidade<\/strong>: Oferece designs n\u00edtidos e detalhados.<\/li>\n<li><strong>Sustentabilidade<\/strong>: Minimiza o desperd\u00edcio de recursos, alinhando-se \u00e0s tend\u00eancias ecol\u00f3gicas.\n<p><div id=\"attachment_5306\" style=\"width: 610px\" class=\"wp-caption aligncenter\"><img loading=\"lazy\" decoding=\"async\" aria-describedby=\"caption-attachment-5306\" class=\"wp-image-5306\" src=\"https:\/\/lydenim.com\/wp-content\/uploads\/2025\/06\/3.jpeg\" alt=\"Impress\u00e3o Digital Personalizada\" width=\"600\" height=\"728\" srcset=\"https:\/\/lydenim.com\/wp-content\/uploads\/2025\/06\/3.jpeg 1055w, https:\/\/lydenim.com\/wp-content\/uploads\/2025\/06\/3-247x300.jpeg 247w, https:\/\/lydenim.com\/wp-content\/uploads\/2025\/06\/3-844x1024.jpeg 844w, https:\/\/lydenim.com\/wp-content\/uploads\/2025\/06\/3-768x932.jpeg 768w, https:\/\/lydenim.com\/wp-content\/uploads\/2025\/06\/3-10x12.jpeg 10w, https:\/\/lydenim.com\/wp-content\/uploads\/2025\/06\/3-600x728.jpeg 600w, https:\/\/lydenim.com\/wp-content\/uploads\/2025\/06\/3-150x182.jpeg 150w\" sizes=\"auto, (max-width: 600px) 100vw, 600px\" \/><p id=\"caption-attachment-5306\" class=\"wp-caption-text\">Impress\u00e3o Digital Personalizada<\/p><\/div><\/li>\n<\/ul>\n<h2>Conclus\u00e3o<\/h2>\n<p>A impress\u00e3o digital transcende o jeans, trazendo inova\u00e7\u00e3o e sustentabilidade ao algod\u00e3o, seda, l\u00e3, poli\u00e9ster e muito mais, revolucionando a ind\u00fastria da moda.<\/p>\n<h2 dir=\"auto\">Servi\u00e7os de personaliza\u00e7\u00e3o da LYDENIM<\/h2>\n<p dir=\"auto\">\ud83c\udfa8 Quero <strong>tecidos jeans personalizados<\/strong> ou\u00a0 <strong>exclusivo<\/strong> <strong>pe\u00e7a jeans personalizada<\/strong>? A LYDENIM \u00e9 especializada em solu\u00e7\u00f5es personalizadas para atender \u00e0s suas necessidades de design e produ\u00e7\u00e3o.<\/p>\n<p dir=\"auto\">\ud83d\udecd\ufe0f <strong>Explore e inspire-se<\/strong>: Navegue por nossas sele\u00e7\u00f5es de tecidos e descubra ideias de design em <a href=\"https:\/\/lydenim.com\/pt\/\" target=\"_blank\" rel=\"noopener noreferrer nofollow\">LYDenim<\/a>.<\/p>\n<p dir=\"auto\">\ud83c\udf10 <strong>Roupas el\u00e1sticas<\/strong>: Confira nossas ofertas em <a href=\"http:\/\/liangyuantextile.m.en.alibaba.com\" target=\"_blank\" rel=\"noopener noreferrer nofollow\">MeuAlibaba<\/a>. \ud83d\udce9 <strong>Contate-nos<\/strong>: Entre em contato em <a href=\"mailto:malone@lydenim.com\" target=\"_blank\" rel=\"noopener noreferrer nofollow\">malone@lydenim.com<\/a>.<\/p>\n<p dir=\"auto\">Crie sua obra-prima de jeans com LYDENIM - seu parceiro de confian\u00e7a para <strong>tecido el\u00e1stico<\/strong> e <strong>solu\u00e7\u00f5es personalizadas de jeans<\/strong>.<\/p>","protected":false},"excerpt":{"rendered":"<p>Tempo estimado de leitura: ~3 minutos Introdu\u00e7\u00e3o A tecnologia de impress\u00e3o digital est\u00e1 remodelando as ind\u00fastrias da moda e t\u00eaxtil, estendendo-se muito al\u00e9m do jeans<\/p>","protected":false},"author":1,"featured_media":5307,"comment_status":"open","ping_status":"open","sticky":false,"template":"","format":"standard","meta":{"two_page_speed":[],"footnotes":""},"categories":[76],"tags":[],"class_list":["post-5303","post","type-post","status-publish","format-standard","has-post-thumbnail","hentry","category-garment"],"aioseo_notices":[],"_links":{"self":[{"href":"https:\/\/lydenim.com\/pt\/wp-json\/wp\/v2\/posts\/5303","targetHints":{"allow":["GET"]}}],"collection":[{"href":"https:\/\/lydenim.com\/pt\/wp-json\/wp\/v2\/posts"}],"about":[{"href":"https:\/\/lydenim.com\/pt\/wp-json\/wp\/v2\/types\/post"}],"author":[{"embeddable":true,"href":"https:\/\/lydenim.com\/pt\/wp-json\/wp\/v2\/users\/1"}],"replies":[{"embeddable":true,"href":"https:\/\/lydenim.com\/pt\/wp-json\/wp\/v2\/comments?post=5303"}],"version-history":[{"count":3,"href":"https:\/\/lydenim.com\/pt\/wp-json\/wp\/v2\/posts\/5303\/revisions"}],"predecessor-version":[{"id":6331,"href":"https:\/\/lydenim.com\/pt\/wp-json\/wp\/v2\/posts\/5303\/revisions\/6331"}],"wp:featuredmedia":[{"embeddable":true,"href":"https:\/\/lydenim.com\/pt\/wp-json\/wp\/v2\/media\/5307"}],"wp:attachment":[{"href":"https:\/\/lydenim.com\/pt\/wp-json\/wp\/v2\/media?parent=5303"}],"wp:term":[{"taxonomy":"category","embeddable":true,"href":"https:\/\/lydenim.com\/pt\/wp-json\/wp\/v2\/categories?post=5303"},{"taxonomy":"post_tag","embeddable":true,"href":"https:\/\/lydenim.com\/pt\/wp-json\/wp\/v2\/tags?post=5303"}],"curies":[{"name":"wp","href":"https:\/\/api.w.org\/{rel}","templated":true}]}}