{"id":5515,"date":"2025-06-22T12:04:55","date_gmt":"2025-06-22T04:04:55","guid":{"rendered":"https:\/\/lydenim.com\/?p=5515"},"modified":"2025-08-24T13:33:56","modified_gmt":"2025-08-24T05:33:56","slug":"what-is-cold-transfer-denim","status":"publish","type":"post","link":"https:\/\/lydenim.com\/pt\/o-que-e-jeans-de-transferencia-a-frio\/","title":{"rendered":"O que \u00e9 Cold Transfer Denim?"},"content":{"rendered":"<h2 data-pm-slice=\"1 1 []\">Tempo estimado de leitura: ~5 minutos<\/h2>\n<h2 data-start=\"426\" data-end=\"445\"><strong data-start=\"429\" data-end=\"445\">Introdu\u00e7\u00e3o<\/strong><\/h2>\n<p data-start=\"447\" data-end=\"766\">\u00c0 medida que a sustentabilidade se torna uma preocupa\u00e7\u00e3o central na ind\u00fastria da moda, a produ\u00e7\u00e3o tradicional de jeans enfrenta cr\u00edticas por seu alto consumo de \u00e1gua e produtos qu\u00edmicos. Estimativas sugerem que cada par de jeans consome de 50 a 100 litros de \u00e1gua e utiliza produtos qu\u00edmicos como cloro e soda c\u00e1ustica, o que representa desafios ambientais e de sa\u00fade.<\/p>\n<p data-start=\"768\" data-end=\"1000\"><strong data-start=\"768\" data-end=\"802\">Tecnologia de denim de transfer\u00eancia a frio<\/strong> surge como uma solu\u00e7\u00e3o inovadora. Ela alavanca <strong data-start=\"851\" data-end=\"899\">processos de impress\u00e3o digital e transfer\u00eancia a frio<\/strong> para reduzir o consumo de recursos ao mesmo tempo que oferece <strong data-start=\"946\" data-end=\"959\">eficiente<\/strong> e <strong data-start=\"964\" data-end=\"980\">personalizado<\/strong> m\u00e9todos de produ\u00e7\u00e3o.<\/p>\n<p data-start=\"1002\" data-end=\"1024\">Este artigo explora:<\/p>\n<ul data-start=\"1026\" data-end=\"1190\">\n<li data-start=\"1026\" data-end=\"1057\">\n<p data-start=\"1028\" data-end=\"1057\">O que \u00e9 denim de transfer\u00eancia a frio<\/p>\n<\/li>\n<li data-start=\"1058\" data-end=\"1103\">\n<p data-start=\"1060\" data-end=\"1103\">Como ele difere dos processos tradicionais<\/p>\n<\/li>\n<li data-start=\"1104\" data-end=\"1145\">\n<p data-start=\"1106\" data-end=\"1145\">Suas vantagens e perspectivas da ind\u00fastria<\/p>\n<\/li>\n<li data-start=\"1146\" data-end=\"1190\">\n<p data-start=\"1148\" data-end=\"1190\">Considera\u00e7\u00f5es importantes para marcas e compradores<\/p>\n<\/li>\n<\/ul>\n<div id=\"attachment_5522\" style=\"width: 610px\" class=\"wp-caption aligncenter\"><img loading=\"lazy\" decoding=\"async\" aria-describedby=\"caption-attachment-5522\" class=\"wp-image-5522\" src=\"https:\/\/lydenim.com\/wp-content\/uploads\/2025\/06\/IMG_6589-\u62f7\u8d1d.jpg\" alt=\"\" width=\"600\" height=\"802\" srcset=\"https:\/\/lydenim.com\/wp-content\/uploads\/2025\/06\/IMG_6589-\u62f7\u8d1d.jpg 1242w, https:\/\/lydenim.com\/wp-content\/uploads\/2025\/06\/IMG_6589-\u62f7\u8d1d-224x300.jpg 224w, https:\/\/lydenim.com\/wp-content\/uploads\/2025\/06\/IMG_6589-\u62f7\u8d1d-766x1024.jpg 766w, https:\/\/lydenim.com\/wp-content\/uploads\/2025\/06\/IMG_6589-\u62f7\u8d1d-768x1026.jpg 768w, https:\/\/lydenim.com\/wp-content\/uploads\/2025\/06\/IMG_6589-\u62f7\u8d1d-1149x1536.jpg 1149w, https:\/\/lydenim.com\/wp-content\/uploads\/2025\/06\/IMG_6589-\u62f7\u8d1d-9x12.jpg 9w, https:\/\/lydenim.com\/wp-content\/uploads\/2025\/06\/IMG_6589-\u62f7\u8d1d-600x802.jpg 600w, https:\/\/lydenim.com\/wp-content\/uploads\/2025\/06\/IMG_6589-\u62f7\u8d1d-150x200.jpg 150w\" sizes=\"auto, (max-width: 600px) 100vw, 600px\" \/><p id=\"caption-attachment-5522\" class=\"wp-caption-text\">Denim de transfer\u00eancia a frio<\/p><\/div>\n<h2 data-start=\"1197\" data-end=\"1232\"><strong data-start=\"1200\" data-end=\"1232\">O que \u00e9 Cold Transfer Denim?<\/strong><\/h2>\n<p data-start=\"1234\" data-end=\"1391\">O denim de transfer\u00eancia a frio \u00e9 um m\u00e9todo de alta tecnologia em que padr\u00f5es de denim projetados digitalmente s\u00e3o transferidos para tecidos de denim brancos usando <strong data-start=\"1363\" data-end=\"1390\">equipamento de transfer\u00eancia a frio<\/strong>.<\/p>\n<h3 data-start=\"1393\" data-end=\"1420\">\u2714 O processo inclui:<\/h3>\n<ol data-start=\"1422\" data-end=\"1633\">\n<li data-start=\"1422\" data-end=\"1515\">\n<p data-start=\"1425\" data-end=\"1515\"><strong data-start=\"1425\" data-end=\"1445\">Impress\u00e3o digital<\/strong> de texturas e efeitos de denim em um filme de transfer\u00eancia usando tinta reativa<\/p>\n<\/li>\n<li data-start=\"1516\" data-end=\"1585\">\n<p data-start=\"1519\" data-end=\"1585\">Usando <strong data-start=\"1525\" data-end=\"1552\">m\u00e1quinas de transfer\u00eancia a frio<\/strong> para aplicar a impress\u00e3o no tecido<\/p>\n<\/li>\n<li data-start=\"1586\" data-end=\"1633\">\n<p data-start=\"1589\" data-end=\"1633\">Final <strong data-start=\"1595\" data-end=\"1633\">corte, costura e lavagem leve<\/strong><\/p>\n<\/li>\n<\/ol>\n<p data-start=\"1635\" data-end=\"1791\">Marcas como <strong data-start=\"1647\" data-end=\"1656\">ELA<\/strong> j\u00e1 adotaram essa abordagem. Em 2024, a marca teria produzido mais de <strong data-start=\"1737\" data-end=\"1757\">380.000 pe\u00e7as de vestu\u00e1rio<\/strong>, salvando <strong data-start=\"1766\" data-end=\"1790\">19.500 toneladas de \u00e1gua<\/strong>.<\/p>\n<div id=\"attachment_5525\" style=\"width: 610px\" class=\"wp-caption aligncenter\"><img loading=\"lazy\" decoding=\"async\" aria-describedby=\"caption-attachment-5525\" class=\"wp-image-5525\" src=\"https:\/\/lydenim.com\/wp-content\/uploads\/2025\/06\/IMG_6598-\u62f7\u8d1d.jpg\" alt=\"\" width=\"600\" height=\"800\" srcset=\"https:\/\/lydenim.com\/wp-content\/uploads\/2025\/06\/IMG_6598-\u62f7\u8d1d.jpg 1245w, https:\/\/lydenim.com\/wp-content\/uploads\/2025\/06\/IMG_6598-\u62f7\u8d1d-225x300.jpg 225w, https:\/\/lydenim.com\/wp-content\/uploads\/2025\/06\/IMG_6598-\u62f7\u8d1d-768x1024.jpg 768w, https:\/\/lydenim.com\/wp-content\/uploads\/2025\/06\/IMG_6598-\u62f7\u8d1d-1152x1536.jpg 1152w, https:\/\/lydenim.com\/wp-content\/uploads\/2025\/06\/IMG_6598-\u62f7\u8d1d-9x12.jpg 9w, https:\/\/lydenim.com\/wp-content\/uploads\/2025\/06\/IMG_6598-\u62f7\u8d1d-600x800.jpg 600w, https:\/\/lydenim.com\/wp-content\/uploads\/2025\/06\/IMG_6598-\u62f7\u8d1d-150x200.jpg 150w\" sizes=\"auto, (max-width: 600px) 100vw, 600px\" \/><p id=\"caption-attachment-5525\" class=\"wp-caption-text\">Denim de transfer\u00eancia a frio<\/p><\/div>\n<h2 data-start=\"1798\" data-end=\"1849\"><strong data-start=\"1801\" data-end=\"1849\">Diferen\u00e7as dos processos tradicionais de denim<\/strong><\/h2>\n<p data-start=\"1851\" data-end=\"1990\">A fabrica\u00e7\u00e3o tradicional de jeans inclui tecelagem, tingimento com \u00edndigo, lavagens repetidas e abras\u00e3o \u2014 tudo isso exige muitos recursos e m\u00e3o de obra.<\/p>\n<div class=\"_tableContainer_16hzy_1\">\n<div class=\"_tableWrapper_16hzy_14 group flex w-fit flex-col-reverse\" tabindex=\"-1\">\n<table class=\"w-fit min-w-(--thread-content-width)\" style=\"height: 185px;\" width=\"982\" data-start=\"1992\" data-end=\"2428\">\n<thead data-start=\"1992\" data-end=\"2046\">\n<tr data-start=\"1992\" data-end=\"2046\">\n<th data-start=\"1992\" data-end=\"2001\" data-col-size=\"sm\">Aspecto<\/th>\n<th data-start=\"2001\" data-end=\"2023\" data-col-size=\"sm\">Processo Tradicional<\/th>\n<th data-start=\"2023\" data-end=\"2046\" data-col-size=\"sm\">Denim de transfer\u00eancia a frio<\/th>\n<\/tr>\n<\/thead>\n<tbody data-start=\"2102\" data-end=\"2428\">\n<tr data-start=\"2102\" data-end=\"2157\">\n<td data-start=\"2102\" data-end=\"2114\" data-col-size=\"sm\">Uso da \u00e1gua<\/td>\n<td data-col-size=\"sm\" data-start=\"2114\" data-end=\"2137\">Alto (50\u2013100 L\/jeans)<\/td>\n<td data-col-size=\"sm\" data-start=\"2137\" data-end=\"2157\">70,5% menos \u00e1gua<\/td>\n<\/tr>\n<tr data-start=\"2158\" data-end=\"2220\">\n<td data-start=\"2158\" data-end=\"2170\" data-col-size=\"sm\">Produtos qu\u00edmicos<\/td>\n<td data-col-size=\"sm\" data-start=\"2170\" data-end=\"2196\">Utiliza cloro, carbonato de s\u00f3dio<\/td>\n<td data-col-size=\"sm\" data-start=\"2196\" data-end=\"2220\">Sem produtos qu\u00edmicos nocivos<\/td>\n<\/tr>\n<tr data-start=\"2221\" data-end=\"2284\">\n<td data-start=\"2221\" data-end=\"2233\" data-col-size=\"sm\">Tempo de espera<\/td>\n<td data-col-size=\"sm\" data-start=\"2233\" data-end=\"2257\">Longo ciclo de produ\u00e7\u00e3o<\/td>\n<td data-col-size=\"sm\" data-start=\"2257\" data-end=\"2284\">Entrega r\u00e1pida em 15 dias<\/td>\n<\/tr>\n<tr data-start=\"2285\" data-end=\"2355\">\n<td data-start=\"2285\" data-end=\"2295\" data-col-size=\"sm\">Processo<\/td>\n<td data-col-size=\"sm\" data-start=\"2295\" data-end=\"2321\">Multietapas e abrasivo<\/td>\n<td data-col-size=\"sm\" data-start=\"2321\" data-end=\"2355\">Digital, limpo e simplificado<\/td>\n<\/tr>\n<tr data-start=\"2356\" data-end=\"2428\">\n<td data-start=\"2356\" data-end=\"2365\" data-col-size=\"sm\">Seguran\u00e7a<\/td>\n<td data-col-size=\"sm\" data-start=\"2365\" data-end=\"2396\">Exposi\u00e7\u00e3o dos trabalhadores a produtos qu\u00edmicos<\/td>\n<td data-col-size=\"sm\" data-start=\"2396\" data-end=\"2428\">Ambiente de produ\u00e7\u00e3o mais seguro<\/td>\n<\/tr>\n<\/tbody>\n<\/table>\n<div class=\"sticky end-(--thread-content-margin) h-0 self-end select-none\">\n<div class=\"absolute end-0 flex items-end\"><\/div>\n<\/div>\n<\/div>\n<\/div>\n<p data-start=\"2430\" data-end=\"2583\"><strong data-start=\"2430\" data-end=\"2460\">Verificado pelo Bureau Veritas<\/strong>, a transfer\u00eancia a frio reduz significativamente ambos <strong data-start=\"2503\" data-end=\"2516\">uso da \u00e1gua<\/strong> e <strong data-start=\"2521\" data-end=\"2542\">exposi\u00e7\u00e3o qu\u00edmica<\/strong>, tornando-se uma alternativa mais segura e ecol\u00f3gica.<\/p>\n<h2 data-start=\"2590\" data-end=\"2630\"><img loading=\"lazy\" decoding=\"async\" class=\"aligncenter wp-image-5524\" src=\"https:\/\/lydenim.com\/wp-content\/uploads\/2025\/06\/IMG_6597.jpg\" alt=\"\" width=\"600\" height=\"605\" srcset=\"https:\/\/lydenim.com\/wp-content\/uploads\/2025\/06\/IMG_6597.jpg 1245w, https:\/\/lydenim.com\/wp-content\/uploads\/2025\/06\/IMG_6597-297x300.jpg 297w, https:\/\/lydenim.com\/wp-content\/uploads\/2025\/06\/IMG_6597-1015x1024.jpg 1015w, https:\/\/lydenim.com\/wp-content\/uploads\/2025\/06\/IMG_6597-150x151.jpg 150w, https:\/\/lydenim.com\/wp-content\/uploads\/2025\/06\/IMG_6597-768x775.jpg 768w, https:\/\/lydenim.com\/wp-content\/uploads\/2025\/06\/IMG_6597-12x12.jpg 12w, https:\/\/lydenim.com\/wp-content\/uploads\/2025\/06\/IMG_6597-600x605.jpg 600w\" sizes=\"auto, (max-width: 600px) 100vw, 600px\" \/><\/h2>\n<h2 data-start=\"2590\" data-end=\"2630\"><strong data-start=\"2593\" data-end=\"2630\">Vantagens do Denim de Transfer\u00eancia a Frio<\/strong><\/h2>\n<h3 data-start=\"2632\" data-end=\"2662\">\u2705 <strong data-start=\"2638\" data-end=\"2662\">1. Produ\u00e7\u00e3o mais r\u00e1pida<\/strong><\/h3>\n<p data-start=\"2664\" data-end=\"2761\">Pequenos lotes podem ser conclu\u00eddos em <strong data-start=\"2698\" data-end=\"2709\">15 dias<\/strong>, ideal para <strong data-start=\"2721\" data-end=\"2737\">moda r\u00e1pida<\/strong> ou <strong data-start=\"2741\" data-end=\"2760\">quedas sob demanda<\/strong>.<\/p>\n<h3 data-start=\"2763\" data-end=\"2791\">\u2705 <strong data-start=\"2769\" data-end=\"2791\">2. Efici\u00eancia de custos<\/strong><\/h3>\n<ul data-start=\"2793\" data-end=\"2960\">\n<li data-start=\"2793\" data-end=\"2852\">\n<p data-start=\"2795\" data-end=\"2852\">Elimina a necessidade de lavagens qu\u00edmicas com alto consumo de \u00e1gua<\/p>\n<\/li>\n<li data-start=\"2853\" data-end=\"2907\">\n<p data-start=\"2855\" data-end=\"2907\">Reduz os custos de m\u00e3o de obra e energia para efeitos complexos<\/p>\n<\/li>\n<li data-start=\"2908\" data-end=\"2960\">\n<p data-start=\"2910\" data-end=\"2960\">Custo-efetivo para <strong data-start=\"2929\" data-end=\"2960\">designs \u00fanicos ou complexos<\/strong><\/p>\n<\/li>\n<\/ul>\n<h3 data-start=\"2962\" data-end=\"3000\">\u2705 <strong data-start=\"2968\" data-end=\"3000\">3. Flexibilidade de personaliza\u00e7\u00e3o<\/strong><\/h3>\n<ul data-start=\"3002\" data-end=\"3149\">\n<li data-start=\"3002\" data-end=\"3057\">\n<p data-start=\"3004\" data-end=\"3057\">Suporta v\u00e1rios tecidos, como algod\u00e3o e misturas de algod\u00e3o<\/p>\n<\/li>\n<li data-start=\"3058\" data-end=\"3098\">\n<p data-start=\"3060\" data-end=\"3098\">Op\u00e7\u00f5es ilimitadas de design e padr\u00f5es<\/p>\n<\/li>\n<li data-start=\"3099\" data-end=\"3149\">\n<p data-start=\"3101\" data-end=\"3149\">Perfeito para <strong data-start=\"3113\" data-end=\"3149\">cole\u00e7\u00f5es de moda personalizadas<\/strong><\/p>\n<\/li>\n<\/ul>\n<h3 data-start=\"3151\" data-end=\"3184\">\u2705 <strong data-start=\"3157\" data-end=\"3184\">4. Impacto Ambiental<\/strong><\/h3>\n<ul data-start=\"3186\" data-end=\"3359\">\n<li data-start=\"3186\" data-end=\"3222\">\n<p data-start=\"3188\" data-end=\"3222\">Verificado <strong data-start=\"3197\" data-end=\"3220\">70.5% economia de \u00e1gua<\/strong><\/p>\n<\/li>\n<li data-start=\"3223\" data-end=\"3258\">\n<p data-start=\"3225\" data-end=\"3258\"><strong data-start=\"3225\" data-end=\"3256\">Nenhuma descarga qu\u00edmica t\u00f3xica<\/strong><\/p>\n<\/li>\n<li data-start=\"3259\" data-end=\"3306\">\n<p data-start=\"3261\" data-end=\"3306\">Suportes <strong data-start=\"3270\" data-end=\"3304\">fornecimento de tecidos neutros em carbono<\/strong><\/p>\n<\/li>\n<li data-start=\"3307\" data-end=\"3359\">\n<p data-start=\"3309\" data-end=\"3359\">Alinha com <strong data-start=\"3321\" data-end=\"3334\">Metas ESG<\/strong> de forma sustent\u00e1vel<\/p>\n<\/li>\n<\/ul>\n<h3 data-start=\"3361\" data-end=\"3383\">\u26a0\ufe0f Considera\u00e7\u00f5es:<\/h3>\n<ul data-start=\"3385\" data-end=\"3496\">\n<li data-start=\"3385\" data-end=\"3438\">\n<p data-start=\"3387\" data-end=\"3438\">O custo inicial do equipamento \u00e9 alto (aprox. $250.000)<\/p>\n<\/li>\n<li data-start=\"3439\" data-end=\"3496\">\n<p data-start=\"3441\" data-end=\"3496\">Alguns <strong data-start=\"3446\" data-end=\"3464\">tecidos revestidos<\/strong> pode afetar a maciez e o conforto<img loading=\"lazy\" decoding=\"async\" class=\"aligncenter wp-image-5520\" src=\"https:\/\/lydenim.com\/wp-content\/uploads\/2025\/06\/IMG_6579.jpg\" alt=\"\" width=\"600\" height=\"800\" srcset=\"https:\/\/lydenim.com\/wp-content\/uploads\/2025\/06\/IMG_6579.jpg 1280w, https:\/\/lydenim.com\/wp-content\/uploads\/2025\/06\/IMG_6579-225x300.jpg 225w, https:\/\/lydenim.com\/wp-content\/uploads\/2025\/06\/IMG_6579-768x1024.jpg 768w, https:\/\/lydenim.com\/wp-content\/uploads\/2025\/06\/IMG_6579-1152x1536.jpg 1152w, https:\/\/lydenim.com\/wp-content\/uploads\/2025\/06\/IMG_6579-9x12.jpg 9w, https:\/\/lydenim.com\/wp-content\/uploads\/2025\/06\/IMG_6579-600x800.jpg 600w, https:\/\/lydenim.com\/wp-content\/uploads\/2025\/06\/IMG_6579-150x200.jpg 150w\" sizes=\"auto, (max-width: 600px) 100vw, 600px\" \/><\/p>\n<\/li>\n<\/ul>\n<h2 data-start=\"3503\" data-end=\"3543\"><strong data-start=\"3506\" data-end=\"3543\">Aplica\u00e7\u00f5es e Perspectivas da Ind\u00fastria<\/strong><\/h2>\n<ul data-start=\"3545\" data-end=\"3817\">\n<li data-start=\"3545\" data-end=\"3601\">\n<p data-start=\"3547\" data-end=\"3601\">J\u00e1 escalado por <strong data-start=\"3565\" data-end=\"3588\">marcas de fast fashion<\/strong> como SHEIN<\/p>\n<\/li>\n<li data-start=\"3602\" data-end=\"3697\">\n<p data-start=\"3604\" data-end=\"3697\">Ideal para <strong data-start=\"3614\" data-end=\"3643\">cole\u00e7\u00f5es ecologicamente conscientes<\/strong>, <strong data-start=\"3645\" data-end=\"3667\">gotas de jeans personalizadas<\/strong>, e <strong data-start=\"3673\" data-end=\"3695\">gravadoras independentes<\/strong><\/p>\n<\/li>\n<li data-start=\"3698\" data-end=\"3817\">\n<p data-start=\"3700\" data-end=\"3817\">As aplica\u00e7\u00f5es futuras incluem <strong data-start=\"3728\" data-end=\"3745\">jeans premium<\/strong>, <strong data-start=\"3747\" data-end=\"3778\">Personaliza\u00e7\u00e3o assistida por IA<\/strong>, e <strong data-start=\"3784\" data-end=\"3817\">com\u00e9rcio eletr\u00f4nico de personaliza\u00e7\u00e3o em massa<\/strong><\/p>\n<\/li>\n<\/ul>\n<h2 data-start=\"3824\" data-end=\"3869\"><strong data-start=\"3827\" data-end=\"3869\">Escolhendo o jeans de transfer\u00eancia a frio certo<\/strong><\/h2>\n<h3 data-start=\"3871\" data-end=\"3905\">\u2714 Dicas para compradores e designers:<\/h3>\n<ul data-start=\"3907\" data-end=\"4277\">\n<li data-start=\"3907\" data-end=\"3981\">\n<p data-start=\"3909\" data-end=\"3932\"><strong data-start=\"3909\" data-end=\"3929\">Sele\u00e7\u00e3o de peso<\/strong>:<\/p>\n<ul data-start=\"3935\" data-end=\"3981\">\n<li data-start=\"3935\" data-end=\"3954\">\n<p data-start=\"3937\" data-end=\"3954\">Jeans: 10\u201315 oz<\/p>\n<\/li>\n<li data-start=\"3957\" data-end=\"3981\">\n<p data-start=\"3959\" data-end=\"3981\">Saias\/Jaquetas: 5\u20139 oz<\/p>\n<\/li>\n<\/ul>\n<\/li>\n<li data-start=\"3983\" data-end=\"4079\">\n<p data-start=\"3985\" data-end=\"4003\"><strong data-start=\"3985\" data-end=\"4000\">Tipo de design<\/strong>:<\/p>\n<ul data-start=\"4006\" data-end=\"4079\">\n<li data-start=\"4006\" data-end=\"4079\">\n<p data-start=\"4008\" data-end=\"4079\">Ideal para desbotamentos fotorrealistas, efeitos vintage e impress\u00f5es experimentais<\/p>\n<\/li>\n<\/ul>\n<\/li>\n<li data-start=\"4081\" data-end=\"4161\">\n<p data-start=\"4083\" data-end=\"4102\"><strong data-start=\"4083\" data-end=\"4099\">Prioridade Ecol\u00f3gica<\/strong>:<\/p>\n<ul data-start=\"4190\" data-end=\"4277\">\n<li data-start=\"4105\" data-end=\"4161\">\n<p data-start=\"4107\" data-end=\"4161\">Escolher <strong data-start=\"4114\" data-end=\"4138\">bases de algod\u00e3o org\u00e2nico<\/strong> e <strong data-start=\"4143\" data-end=\"4161\">tintas n\u00e3o t\u00f3xicas<img loading=\"lazy\" decoding=\"async\" class=\"aligncenter wp-image-5521\" src=\"https:\/\/lydenim.com\/wp-content\/uploads\/2025\/06\/IMG_6580-\u62f7\u8d1d-scaled.jpg\" alt=\"\" width=\"600\" height=\"800\" srcset=\"https:\/\/lydenim.com\/wp-content\/uploads\/2025\/06\/IMG_6580-\u62f7\u8d1d-scaled.jpg 1920w, https:\/\/lydenim.com\/wp-content\/uploads\/2025\/06\/IMG_6580-\u62f7\u8d1d-225x300.jpg 225w, https:\/\/lydenim.com\/wp-content\/uploads\/2025\/06\/IMG_6580-\u62f7\u8d1d-768x1024.jpg 768w, https:\/\/lydenim.com\/wp-content\/uploads\/2025\/06\/IMG_6580-\u62f7\u8d1d-1152x1536.jpg 1152w, https:\/\/lydenim.com\/wp-content\/uploads\/2025\/06\/IMG_6580-\u62f7\u8d1d-1536x2048.jpg 1536w, https:\/\/lydenim.com\/wp-content\/uploads\/2025\/06\/IMG_6580-\u62f7\u8d1d-9x12.jpg 9w, https:\/\/lydenim.com\/wp-content\/uploads\/2025\/06\/IMG_6580-\u62f7\u8d1d-600x800.jpg 600w, https:\/\/lydenim.com\/wp-content\/uploads\/2025\/06\/IMG_6580-\u62f7\u8d1d-150x200.jpg 150w\" sizes=\"auto, (max-width: 600px) 100vw, 600px\" \/><\/strong><\/p>\n<\/li>\n<\/ul>\n<\/li>\n<\/ul>\n<h2 data-start=\"4284\" data-end=\"4301\"><strong data-start=\"4287\" data-end=\"4301\">Conclus\u00e3o<\/strong><\/h2>\n<p data-start=\"4303\" data-end=\"4562\"><strong data-start=\"4303\" data-end=\"4326\">Denim de transfer\u00eancia a frio<\/strong> \u00e9 mais do que uma tend\u00eancia - \u00e9 uma <strong data-start=\"4355\" data-end=\"4373\">transforma\u00e7\u00e3o<\/strong> na produ\u00e7\u00e3o de jeans. Ao reduzir o uso de \u00e1gua, evitar produtos qu\u00edmicos nocivos e permitir a liberdade criativa, este m\u00e9todo equilibra <strong data-start=\"4498\" data-end=\"4561\">efici\u00eancia, personaliza\u00e7\u00e3o e responsabilidade ambiental<\/strong>.<\/p>\n<p data-start=\"4564\" data-end=\"4669\">Ajuda as marcas de moda a atender \u00e0s demandas modernas de <strong data-start=\"4612\" data-end=\"4621\">velocidade<\/strong>, <strong data-start=\"4623\" data-end=\"4632\">estilo<\/strong>, e <strong data-start=\"4638\" data-end=\"4656\">sustentabilidade<\/strong> tudo de uma vez.<img loading=\"lazy\" decoding=\"async\" class=\"aligncenter wp-image-5518\" src=\"https:\/\/lydenim.com\/wp-content\/uploads\/2025\/06\/IMG_6573.jpg\" alt=\"\" width=\"600\" height=\"800\" srcset=\"https:\/\/lydenim.com\/wp-content\/uploads\/2025\/06\/IMG_6573.jpg 1280w, https:\/\/lydenim.com\/wp-content\/uploads\/2025\/06\/IMG_6573-225x300.jpg 225w, https:\/\/lydenim.com\/wp-content\/uploads\/2025\/06\/IMG_6573-768x1024.jpg 768w, https:\/\/lydenim.com\/wp-content\/uploads\/2025\/06\/IMG_6573-1152x1536.jpg 1152w, https:\/\/lydenim.com\/wp-content\/uploads\/2025\/06\/IMG_6573-9x12.jpg 9w, https:\/\/lydenim.com\/wp-content\/uploads\/2025\/06\/IMG_6573-600x800.jpg 600w, https:\/\/lydenim.com\/wp-content\/uploads\/2025\/06\/IMG_6573-150x200.jpg 150w\" sizes=\"auto, (max-width: 600px) 100vw, 600px\" \/><\/p>\n<h2 data-start=\"4676\" data-end=\"4713\"><strong data-start=\"4679\" data-end=\"4713\">Pedidos personalizados e suporte de tecido<\/strong><\/h2>\n<p data-start=\"4715\" data-end=\"4884\">\ud83e\uddf5 <strong data-start=\"4718\" data-end=\"4781\">Quer personalizar suas pr\u00f3prias pe\u00e7as jeans com transfer\u00eancia a frio?<\/strong><br data-start=\"4781\" data-end=\"4784\" \/>Entre em contato conosco atrav\u00e9s de <strong data-start=\"4799\" data-end=\"4824\">\ud83d\udce7 <a class=\"cursor-pointer\" rel=\"noopener\" data-start=\"4804\" data-end=\"4822\">malone@lydenim.com<\/a><\/strong> ou visite <strong data-start=\"4834\" data-end=\"4883\">\ud83c\udf10 <a class=\"\" href=\"https:\/\/lydenim.com\/pt\/\" target=\"_new\" rel=\"noopener\" data-start=\"4839\" data-end=\"4881\">www.lydenim.com<\/a><\/strong>.<\/p>\n<p data-start=\"4886\" data-end=\"4899\">Voc\u00ea tamb\u00e9m pode:<\/p>\n<ul data-start=\"4901\" data-end=\"5000\">\n<li data-start=\"4901\" data-end=\"4937\">\n<p data-start=\"4903\" data-end=\"4937\">\ud83d\udccc Navegue pelos tecidos em nosso site<\/p>\n<\/li>\n<li data-start=\"4938\" data-end=\"5000\">\n<p data-start=\"4940\" data-end=\"5000\">\ud83d\udecd\ufe0f Explore mais estilos e designs em nosso <a href=\"http:\/\/liangyuantextile.m.en.alibaba.com\"><strong data-start=\"4983\" data-end=\"5000\">Loja Alibaba<\/strong><\/a><\/p>\n<\/li>\n<\/ul>\n<h2 data-start=\"5007\" data-end=\"5036\"><strong data-start=\"5010\" data-end=\"5036\">Precisa de mais informa\u00e7\u00f5es?<\/strong><\/h2>\n<p data-start=\"5038\" data-end=\"5149\">Entre em contato com nossa equipe para obter detalhes, orienta\u00e7\u00e3o de fornecimento ou consultoria sobre tend\u00eancias.<br data-start=\"5114\" data-end=\"5117\" \/>\ud83d\udce7 <strong data-start=\"5120\" data-end=\"5149\">E-mail: <a class=\"cursor-pointer\" href=\"mailto:malone@lydenim.com\" rel=\"noopener\" data-start=\"5129\" data-end=\"5147\">malone@lydenim.com<\/a><\/strong><\/p>","protected":false},"excerpt":{"rendered":"<p>Tempo estimado de leitura: ~5 minutos Introdu\u00e7\u00e3o \u00c0 medida que a sustentabilidade se torna uma preocupa\u00e7\u00e3o central na ind\u00fastria da moda, a produ\u00e7\u00e3o tradicional de denim enfrenta<\/p>","protected":false},"author":1,"featured_media":5526,"comment_status":"open","ping_status":"open","sticky":false,"template":"","format":"standard","meta":{"two_page_speed":[],"footnotes":""},"categories":[76],"tags":[],"class_list":["post-5515","post","type-post","status-publish","format-standard","has-post-thumbnail","hentry","category-garment"],"aioseo_notices":[],"_links":{"self":[{"href":"https:\/\/lydenim.com\/pt\/wp-json\/wp\/v2\/posts\/5515","targetHints":{"allow":["GET"]}}],"collection":[{"href":"https:\/\/lydenim.com\/pt\/wp-json\/wp\/v2\/posts"}],"about":[{"href":"https:\/\/lydenim.com\/pt\/wp-json\/wp\/v2\/types\/post"}],"author":[{"embeddable":true,"href":"https:\/\/lydenim.com\/pt\/wp-json\/wp\/v2\/users\/1"}],"replies":[{"embeddable":true,"href":"https:\/\/lydenim.com\/pt\/wp-json\/wp\/v2\/comments?post=5515"}],"version-history":[{"count":6,"href":"https:\/\/lydenim.com\/pt\/wp-json\/wp\/v2\/posts\/5515\/revisions"}],"predecessor-version":[{"id":6353,"href":"https:\/\/lydenim.com\/pt\/wp-json\/wp\/v2\/posts\/5515\/revisions\/6353"}],"wp:featuredmedia":[{"embeddable":true,"href":"https:\/\/lydenim.com\/pt\/wp-json\/wp\/v2\/media\/5526"}],"wp:attachment":[{"href":"https:\/\/lydenim.com\/pt\/wp-json\/wp\/v2\/media?parent=5515"}],"wp:term":[{"taxonomy":"category","embeddable":true,"href":"https:\/\/lydenim.com\/pt\/wp-json\/wp\/v2\/categories?post=5515"},{"taxonomy":"post_tag","embeddable":true,"href":"https:\/\/lydenim.com\/pt\/wp-json\/wp\/v2\/tags?post=5515"}],"curies":[{"name":"wp","href":"https:\/\/api.w.org\/{rel}","templated":true}]}}