{"id":5533,"date":"2025-06-24T12:06:09","date_gmt":"2025-06-24T04:06:09","guid":{"rendered":"https:\/\/lydenim.com\/?p=5533"},"modified":"2025-06-25T01:45:54","modified_gmt":"2025-06-24T17:45:54","slug":"the-evolution-of-jeans-styles","status":"publish","type":"post","link":"https:\/\/lydenim.com\/pt\/a-evolucao-dos-estilos-de-jeans\/","title":{"rendered":"A evolu\u00e7\u00e3o dos estilos de jeans"},"content":{"rendered":"<h3 data-start=\"1674\" data-end=\"1908\">Tempo estimado de leitura: ~ 6 minutos<\/h3>\n<p data-start=\"1674\" data-end=\"1908\">Andy Warhol expressou seu sonho de desenvolver uma pe\u00e7a semelhante ao jeans porque ele havia alcan\u00e7ado aceita\u00e7\u00e3o universal e atemporal. A jornada do jeans, transformado de cal\u00e7as de trabalho funcionais em pe\u00e7as b\u00e1sicas da moda adoradas, exigiu o qu\u00ea? Dever\u00edamos acompanhar a evolu\u00e7\u00e3o dos cortes jeans ao longo dos per\u00edodos hist\u00f3ricos.<\/p>\n<blockquote data-start=\"1616\" data-end=\"1672\">\n<div id=\"attachment_5535\" style=\"width: 810px\" class=\"wp-caption aligncenter\"><img loading=\"lazy\" decoding=\"async\" aria-describedby=\"caption-attachment-5535\" class=\"wp-image-5535\" src=\"https:\/\/lydenim.com\/wp-content\/uploads\/2025\/06\/Andy-Warhols-work-22Marilyn-Monroe22.jpg\" alt=\"\" width=\"800\" height=\"795\" srcset=\"https:\/\/lydenim.com\/wp-content\/uploads\/2025\/06\/Andy-Warhols-work-22Marilyn-Monroe22.jpg 1080w, https:\/\/lydenim.com\/wp-content\/uploads\/2025\/06\/Andy-Warhols-work-22Marilyn-Monroe22-300x298.jpg 300w, https:\/\/lydenim.com\/wp-content\/uploads\/2025\/06\/Andy-Warhols-work-22Marilyn-Monroe22-1024x1017.jpg 1024w, https:\/\/lydenim.com\/wp-content\/uploads\/2025\/06\/Andy-Warhols-work-22Marilyn-Monroe22-150x149.jpg 150w, https:\/\/lydenim.com\/wp-content\/uploads\/2025\/06\/Andy-Warhols-work-22Marilyn-Monroe22-768x763.jpg 768w, https:\/\/lydenim.com\/wp-content\/uploads\/2025\/06\/Andy-Warhols-work-22Marilyn-Monroe22-12x12.jpg 12w, https:\/\/lydenim.com\/wp-content\/uploads\/2025\/06\/Andy-Warhols-work-22Marilyn-Monroe22-600x596.jpg 600w\" sizes=\"auto, (max-width: 800px) 100vw, 800px\" \/><p id=\"caption-attachment-5535\" class=\"wp-caption-text\">A obra de Andy Warhol Marilyn Monroe<\/p><\/div>\n<p style=\"text-align: center;\" data-start=\"1618\" data-end=\"1672\">Andy Warhol declarou seu desejo de falecer enquanto vestia sua cal\u00e7a jeans azul. \u2014 Andy Warhol<\/p>\n<\/blockquote>\n<h3 data-start=\"1915\" data-end=\"1978\">1. As origens do denim come\u00e7am com materiais de tecido de vela franc\u00eas que eventualmente se tornaram um s\u00edmbolo cultural americano<\/h3>\n<p data-start=\"1980\" data-end=\"2255\">O Serge de N\u00eemes era um poderoso material para navega\u00e7\u00e3o, origin\u00e1rio da Fran\u00e7a no s\u00e9culo XV. Quando os comerciantes ingleses receberam o tecido, deram-lhe o nome de &quot;Denim&quot; em vez de &quot;Serge de N\u00eemes&quot;. O tecido acabou se tornando o material preferido dos garimpeiros e trabalhadores rurais americanos, que ent\u00e3o cunharam o termo &quot;Jeans&quot;.<\/p>\n<div id=\"attachment_5537\" style=\"width: 610px\" class=\"wp-caption aligncenter\"><img loading=\"lazy\" decoding=\"async\" aria-describedby=\"caption-attachment-5537\" class=\"wp-image-5537\" src=\"https:\/\/lydenim.com\/wp-content\/uploads\/2025\/06\/DM_20250623201226_003.jpg\" alt=\"\" width=\"600\" height=\"187\" srcset=\"https:\/\/lydenim.com\/wp-content\/uploads\/2025\/06\/DM_20250623201226_003.jpg 579w, https:\/\/lydenim.com\/wp-content\/uploads\/2025\/06\/DM_20250623201226_003-300x93.jpg 300w, https:\/\/lydenim.com\/wp-content\/uploads\/2025\/06\/DM_20250623201226_003-18x6.jpg 18w, https:\/\/lydenim.com\/wp-content\/uploads\/2025\/06\/DM_20250623201226_003-150x47.jpg 150w\" sizes=\"auto, (max-width: 600px) 100vw, 600px\" \/><p id=\"caption-attachment-5537\" class=\"wp-caption-text\">Nim Arena na Fran\u00e7a<\/p><\/div>\n<h3 data-start=\"2262\" data-end=\"2315\">2. O oeste americano vivenciou sua primeira revolu\u00e7\u00e3o no jeans na d\u00e9cada de 1880, com o estilo Mid-Waist Loose Fit, durante a \u00e9poca da Corrida do Ouro.<\/h3>\n<div id=\"attachment_5538\" style=\"width: 610px\" class=\"wp-caption aligncenter\"><img loading=\"lazy\" decoding=\"async\" aria-describedby=\"caption-attachment-5538\" class=\"wp-image-5538\" src=\"https:\/\/lydenim.com\/wp-content\/uploads\/2025\/06\/DM_20250623201226_004.jpg\" alt=\"\" width=\"600\" height=\"385\" srcset=\"https:\/\/lydenim.com\/wp-content\/uploads\/2025\/06\/DM_20250623201226_004.jpg 1080w, https:\/\/lydenim.com\/wp-content\/uploads\/2025\/06\/DM_20250623201226_004-300x193.jpg 300w, https:\/\/lydenim.com\/wp-content\/uploads\/2025\/06\/DM_20250623201226_004-1024x657.jpg 1024w, https:\/\/lydenim.com\/wp-content\/uploads\/2025\/06\/DM_20250623201226_004-768x493.jpg 768w, https:\/\/lydenim.com\/wp-content\/uploads\/2025\/06\/DM_20250623201226_004-18x12.jpg 18w, https:\/\/lydenim.com\/wp-content\/uploads\/2025\/06\/DM_20250623201226_004-600x385.jpg 600w, https:\/\/lydenim.com\/wp-content\/uploads\/2025\/06\/DM_20250623201226_004-150x96.jpg 150w\" sizes=\"auto, (max-width: 600px) 100vw, 600px\" \/><p id=\"caption-attachment-5538\" class=\"wp-caption-text\">Selos comemorativos da \u201cCorrida do Ouro\u201d<\/p><\/div>\n<p data-start=\"2317\" data-end=\"2496\">A Levi Strauss utilizou lona n\u00e3o vendida para criar cal\u00e7as de trabalho dur\u00e1veis para mineradores de ouro. Os primeiros jeans genu\u00ednos surgiram depois que a Levi Strauss integrou o tecido de sarja \u00edndigo e a Jacob Davis implementou o refor\u00e7o com rebites.<\/p>\n<div id=\"attachment_5539\" style=\"width: 610px\" class=\"wp-caption aligncenter\"><img loading=\"lazy\" decoding=\"async\" aria-describedby=\"caption-attachment-5539\" class=\"wp-image-5539\" src=\"https:\/\/lydenim.com\/wp-content\/uploads\/2025\/06\/DM_20250623201226_005.jpg\" alt=\"\" width=\"600\" height=\"922\" srcset=\"https:\/\/lydenim.com\/wp-content\/uploads\/2025\/06\/DM_20250623201226_005.jpg 851w, https:\/\/lydenim.com\/wp-content\/uploads\/2025\/06\/DM_20250623201226_005-195x300.jpg 195w, https:\/\/lydenim.com\/wp-content\/uploads\/2025\/06\/DM_20250623201226_005-666x1024.jpg 666w, https:\/\/lydenim.com\/wp-content\/uploads\/2025\/06\/DM_20250623201226_005-768x1180.jpg 768w, https:\/\/lydenim.com\/wp-content\/uploads\/2025\/06\/DM_20250623201226_005-8x12.jpg 8w, https:\/\/lydenim.com\/wp-content\/uploads\/2025\/06\/DM_20250623201226_005-600x922.jpg 600w, https:\/\/lydenim.com\/wp-content\/uploads\/2025\/06\/DM_20250623201226_005-150x231.jpg 150w\" sizes=\"auto, (max-width: 600px) 100vw, 600px\" \/><p id=\"caption-attachment-5539\" class=\"wp-caption-text\">Levi Strauss, o fundador da \u201cLevi&#039;s\u201d<\/p><\/div>\n<p data-start=\"2498\" data-end=\"2517\"><strong data-start=\"2498\" data-end=\"2517\">Destaques do ajuste:<\/strong><\/p>\n<ul data-start=\"2518\" data-end=\"2619\">\n<li data-start=\"2518\" data-end=\"2545\">\n<p data-start=\"2520\" data-end=\"2545\">Corte solto com suspens\u00f3rios<\/p>\n<p><div id=\"attachment_5540\" style=\"width: 610px\" class=\"wp-caption aligncenter\"><img loading=\"lazy\" decoding=\"async\" aria-describedby=\"caption-attachment-5540\" class=\"size-full wp-image-5540\" src=\"https:\/\/lydenim.com\/wp-content\/uploads\/2025\/06\/DM_20250623201226_006.jpg\" alt=\"\" width=\"600\" height=\"337\" srcset=\"https:\/\/lydenim.com\/wp-content\/uploads\/2025\/06\/DM_20250623201226_006.jpg 600w, https:\/\/lydenim.com\/wp-content\/uploads\/2025\/06\/DM_20250623201226_006-300x169.jpg 300w, https:\/\/lydenim.com\/wp-content\/uploads\/2025\/06\/DM_20250623201226_006-18x10.jpg 18w, https:\/\/lydenim.com\/wp-content\/uploads\/2025\/06\/DM_20250623201226_006-150x84.jpg 150w\" sizes=\"auto, (max-width: 600px) 100vw, 600px\" \/><p id=\"caption-attachment-5540\" class=\"wp-caption-text\">Garimpeiros trabalhando de jeans<\/p><\/div><\/li>\n<li data-start=\"2546\" data-end=\"2585\">\n<p data-start=\"2548\" data-end=\"2585\">C\u00f3s ajust\u00e1vel com fivela traseira<\/p>\n<p><div id=\"attachment_5541\" style=\"width: 610px\" class=\"wp-caption aligncenter\"><img loading=\"lazy\" decoding=\"async\" aria-describedby=\"caption-attachment-5541\" class=\"wp-image-5541\" src=\"https:\/\/lydenim.com\/wp-content\/uploads\/2025\/06\/DM_20250623201226_007.png\" alt=\"\" width=\"600\" height=\"400\" srcset=\"https:\/\/lydenim.com\/wp-content\/uploads\/2025\/06\/DM_20250623201226_007.png 585w, https:\/\/lydenim.com\/wp-content\/uploads\/2025\/06\/DM_20250623201226_007-300x200.png 300w, https:\/\/lydenim.com\/wp-content\/uploads\/2025\/06\/DM_20250623201226_007-18x12.png 18w, https:\/\/lydenim.com\/wp-content\/uploads\/2025\/06\/DM_20250623201226_007-150x100.png 150w\" sizes=\"auto, (max-width: 600px) 100vw, 600px\" \/><p id=\"caption-attachment-5541\" class=\"wp-caption-text\">Garimpeiros que usam tiras para consertar suas cal\u00e7as est\u00e3o peneirando ouro no rio.<\/p><\/div><\/li>\n<li data-start=\"2586\" data-end=\"2619\">\n<p data-start=\"2588\" data-end=\"2619\">O design reto das pernas permitia que os trabalhadores se movimentassem livremente durante o trabalho.<\/p>\n<\/li>\n<\/ul>\n<h3 data-start=\"2626\" data-end=\"2683\">3. Durante a d\u00e9cada de 1930, o Western Fit com pernas retas se tornou popular por causa da moda dos cowboys.<\/h3>\n<p data-start=\"2685\" data-end=\"2819\">A popularidade dos filmes de faroeste nos cinemas de Hollywood e na ind\u00fastria do turismo rural levou \u00e0 ampla ado\u00e7\u00e3o da moda cowboy. O jeans entrou no mainstream como s\u00edmbolo do charme americano r\u00fastico.<\/p>\n<p data-start=\"2821\" data-end=\"2840\"><strong data-start=\"2821\" data-end=\"2840\">Destaques do ajuste:<\/strong><\/p>\n<ul data-start=\"2841\" data-end=\"2940\">\n<li data-start=\"2841\" data-end=\"2861\">\n<p data-start=\"2843\" data-end=\"2861\">Pernas largas e retas<\/p>\n<\/li>\n<li data-start=\"2862\" data-end=\"2899\">\n<p data-start=\"2864\" data-end=\"2899\">Rebites refor\u00e7ados e bolsos de remendo<\/p>\n<\/li>\n<li data-start=\"2900\" data-end=\"2940\">\n<p data-start=\"2902\" data-end=\"2940\">A cintura alta proporcionava benef\u00edcios funcionais e apelo fashion ao usu\u00e1rio.<\/p>\n<p><div id=\"attachment_5543\" style=\"width: 610px\" class=\"wp-caption aligncenter\"><img loading=\"lazy\" decoding=\"async\" aria-describedby=\"caption-attachment-5543\" class=\"wp-image-5543\" src=\"https:\/\/lydenim.com\/wp-content\/uploads\/2025\/06\/DM_20250623201226_009.png\" alt=\"\" width=\"600\" height=\"900\" srcset=\"https:\/\/lydenim.com\/wp-content\/uploads\/2025\/06\/DM_20250623201226_009.png 640w, https:\/\/lydenim.com\/wp-content\/uploads\/2025\/06\/DM_20250623201226_009-200x300.png 200w, https:\/\/lydenim.com\/wp-content\/uploads\/2025\/06\/DM_20250623201226_009-8x12.png 8w, https:\/\/lydenim.com\/wp-content\/uploads\/2025\/06\/DM_20250623201226_009-600x900.png 600w, https:\/\/lydenim.com\/wp-content\/uploads\/2025\/06\/DM_20250623201226_009-150x225.png 150w\" sizes=\"auto, (max-width: 600px) 100vw, 600px\" \/><p id=\"caption-attachment-5543\" class=\"wp-caption-text\">Gary Cooper, decorado com a imagem de um cowboy do oeste, \u00e9 muito popular.<\/p><\/div><\/li>\n<\/ul>\n<h3 data-start=\"2947\" data-end=\"3001\">4. O ajuste padr\u00e3o surgiu na d\u00e9cada de 1940, quando o jeans utilit\u00e1rio se tornou o estilo predominante durante a guerra.<\/h3>\n<p data-start=\"3003\" data-end=\"3151\">A efici\u00eancia dos materiais tornou-se uma necessidade em tempos de guerra, for\u00e7ando os fabricantes a adotar novos m\u00e9todos de produ\u00e7\u00e3o. O jeans M1937 passou por mudan\u00e7as que resultaram em roupas de trabalho de n\u00edvel militar, com a perda de elementos de ferragem e o desenvolvimento de um design mais solto.<\/p>\n<p data-start=\"3153\" data-end=\"3172\"><strong data-start=\"3153\" data-end=\"3172\">Destaques do ajuste:<\/strong><\/p>\n<ul data-start=\"3173\" data-end=\"3264\">\n<li data-start=\"3173\" data-end=\"3204\">\n<p data-start=\"3175\" data-end=\"3204\">Design minimalista sem rebites<\/p>\n<\/li>\n<li data-start=\"3205\" data-end=\"3229\">\n<p data-start=\"3207\" data-end=\"3229\">Bolsos traseiros grandes<\/p>\n<\/li>\n<li data-start=\"3230\" data-end=\"3264\">\n<p data-start=\"3232\" data-end=\"3264\">Silhueta solta focada no conforto<\/p>\n<p><div id=\"attachment_5547\" style=\"width: 610px\" class=\"wp-caption aligncenter\"><img loading=\"lazy\" decoding=\"async\" aria-describedby=\"caption-attachment-5547\" class=\"wp-image-5547\" src=\"https:\/\/lydenim.com\/wp-content\/uploads\/2025\/06\/DM_20250623201226_013.jpg\" alt=\"\" width=\"600\" height=\"499\" srcset=\"https:\/\/lydenim.com\/wp-content\/uploads\/2025\/06\/DM_20250623201226_013.jpg 596w, https:\/\/lydenim.com\/wp-content\/uploads\/2025\/06\/DM_20250623201226_013-300x250.jpg 300w, https:\/\/lydenim.com\/wp-content\/uploads\/2025\/06\/DM_20250623201226_013-14x12.jpg 14w, https:\/\/lydenim.com\/wp-content\/uploads\/2025\/06\/DM_20250623201226_013-150x125.jpg 150w\" sizes=\"auto, (max-width: 600px) 100vw, 600px\" \/><p id=\"caption-attachment-5547\" class=\"wp-caption-text\">Os jeans Levi&#039;s 501XX, modelo 1937, mant\u00eam a fivela Paris, cancelam a fivela da tira, e o bot\u00e3o estampado com a marca se torna um bot\u00e3o de louro ou um bot\u00e3o de donut estampado com o logotipo da vit\u00f3ria.<\/p><\/div><\/li>\n<\/ul>\n<h3 data-start=\"3271\" data-end=\"3328\">5. D\u00e9cada de 1950: Rebeli\u00e3o e Estilo \u2013 O Jeans se Torna Popular<\/h3>\n<p data-start=\"3330\" data-end=\"3471\">A popularidade do jeans entre as celebridades americanas James Dean e Marilyn Monroe tornou o jeans uma moda para o p\u00fablico. Durante essa era, os adolescentes adotaram o jeans como s\u00edmbolo oficial de rebeldia e autoexpress\u00e3o individual.<\/p>\n<div id=\"attachment_5549\" style=\"width: 610px\" class=\"wp-caption aligncenter\"><img loading=\"lazy\" decoding=\"async\" aria-describedby=\"caption-attachment-5549\" class=\"wp-image-5549\" src=\"https:\/\/lydenim.com\/wp-content\/uploads\/2025\/06\/DM_20250623201226_015.jpg\" alt=\"\" width=\"600\" height=\"878\" srcset=\"https:\/\/lydenim.com\/wp-content\/uploads\/2025\/06\/DM_20250623201226_015.jpg 640w, https:\/\/lydenim.com\/wp-content\/uploads\/2025\/06\/DM_20250623201226_015-205x300.jpg 205w, https:\/\/lydenim.com\/wp-content\/uploads\/2025\/06\/DM_20250623201226_015-8x12.jpg 8w, https:\/\/lydenim.com\/wp-content\/uploads\/2025\/06\/DM_20250623201226_015-600x878.jpg 600w, https:\/\/lydenim.com\/wp-content\/uploads\/2025\/06\/DM_20250623201226_015-150x220.jpg 150w\" sizes=\"auto, (max-width: 600px) 100vw, 600px\" \/><p id=\"caption-attachment-5549\" class=\"wp-caption-text\">James Dean, fotos de \u201cRebeli\u00e3o sem causa\u201d<\/p><\/div>\n<div id=\"attachment_5550\" style=\"width: 610px\" class=\"wp-caption aligncenter\"><img loading=\"lazy\" decoding=\"async\" aria-describedby=\"caption-attachment-5550\" class=\"wp-image-5550\" src=\"https:\/\/lydenim.com\/wp-content\/uploads\/2025\/06\/DM_20250623201226_016.jpg\" alt=\"\" width=\"600\" height=\"810\" srcset=\"https:\/\/lydenim.com\/wp-content\/uploads\/2025\/06\/DM_20250623201226_016.jpg 500w, https:\/\/lydenim.com\/wp-content\/uploads\/2025\/06\/DM_20250623201226_016-222x300.jpg 222w, https:\/\/lydenim.com\/wp-content\/uploads\/2025\/06\/DM_20250623201226_016-9x12.jpg 9w, https:\/\/lydenim.com\/wp-content\/uploads\/2025\/06\/DM_20250623201226_016-150x203.jpg 150w\" sizes=\"auto, (max-width: 600px) 100vw, 600px\" \/><p id=\"caption-attachment-5550\" class=\"wp-caption-text\">Malan Brando<\/p><\/div>\n<div id=\"attachment_5551\" style=\"width: 610px\" class=\"wp-caption aligncenter\"><img loading=\"lazy\" decoding=\"async\" aria-describedby=\"caption-attachment-5551\" class=\"wp-image-5551\" src=\"https:\/\/lydenim.com\/wp-content\/uploads\/2025\/06\/DM_20250623201226_017.jpg\" alt=\"\" width=\"600\" height=\"819\" srcset=\"https:\/\/lydenim.com\/wp-content\/uploads\/2025\/06\/DM_20250623201226_017.jpg 640w, https:\/\/lydenim.com\/wp-content\/uploads\/2025\/06\/DM_20250623201226_017-220x300.jpg 220w, https:\/\/lydenim.com\/wp-content\/uploads\/2025\/06\/DM_20250623201226_017-9x12.jpg 9w, https:\/\/lydenim.com\/wp-content\/uploads\/2025\/06\/DM_20250623201226_017-600x819.jpg 600w, https:\/\/lydenim.com\/wp-content\/uploads\/2025\/06\/DM_20250623201226_017-150x205.jpg 150w\" sizes=\"auto, (max-width: 600px) 100vw, 600px\" \/><p id=\"caption-attachment-5551\" class=\"wp-caption-text\">Marilyn Monroe<\/p><\/div>\n<h3 data-start=\"3478\" data-end=\"3531\">6. A d\u00e9cada de 1960 testemunhou o surgimento de jeans slim de corte reto, que se tornaram uma tend\u00eancia da moda durante o movimento hippie.<\/h3>\n<p data-start=\"3533\" data-end=\"3658\">Jovens manifestantes rejeitaram os padr\u00f5es convencionais usando jeans justos durante a d\u00e9cada de 1960. A ind\u00fastria da moda lan\u00e7ou modelos justos e retos para promover a liberdade pessoal e a autoexpress\u00e3o.<\/p>\n<p data-start=\"3660\" data-end=\"3679\"><strong data-start=\"3660\" data-end=\"3679\">Destaques do ajuste:<\/strong><\/p>\n<ul data-start=\"3680\" data-end=\"3786\">\n<li data-start=\"3680\" data-end=\"3709\">\n<p data-start=\"3682\" data-end=\"3709\">Linhas limpas com um ajuste fino<\/p>\n<\/li>\n<li data-start=\"3710\" data-end=\"3740\">\n<p data-start=\"3712\" data-end=\"3740\">Op\u00e7\u00f5es de estilo na altura do tornozelo<\/p>\n<\/li>\n<li data-start=\"3741\" data-end=\"3786\">\n<p data-start=\"3743\" data-end=\"3786\">O design funcionou bem quando combinado com botas ou t\u00eanis.<\/p>\n<p><div id=\"attachment_5552\" style=\"width: 610px\" class=\"wp-caption aligncenter\"><img loading=\"lazy\" decoding=\"async\" aria-describedby=\"caption-attachment-5552\" class=\"wp-image-5552\" src=\"https:\/\/lydenim.com\/wp-content\/uploads\/2025\/06\/DM_20250623201226_018.jpg\" alt=\"\" width=\"600\" height=\"600\" srcset=\"https:\/\/lydenim.com\/wp-content\/uploads\/2025\/06\/DM_20250623201226_018.jpg 1080w, https:\/\/lydenim.com\/wp-content\/uploads\/2025\/06\/DM_20250623201226_018-300x300.jpg 300w, https:\/\/lydenim.com\/wp-content\/uploads\/2025\/06\/DM_20250623201226_018-1024x1024.jpg 1024w, https:\/\/lydenim.com\/wp-content\/uploads\/2025\/06\/DM_20250623201226_018-150x150.jpg 150w, https:\/\/lydenim.com\/wp-content\/uploads\/2025\/06\/DM_20250623201226_018-768x768.jpg 768w, https:\/\/lydenim.com\/wp-content\/uploads\/2025\/06\/DM_20250623201226_018-12x12.jpg 12w, https:\/\/lydenim.com\/wp-content\/uploads\/2025\/06\/DM_20250623201226_018-600x600.jpg 600w\" sizes=\"auto, (max-width: 600px) 100vw, 600px\" \/><p id=\"caption-attachment-5552\" class=\"wp-caption-text\">Nas fotos de \u201cOllywood Past\u201d, o cen\u00e1rio se passa em 1969, no auge do desenvolvimento do esporte hippie, com Tu Zuo Brad e Pitt vestindo jeans justos e justos.<\/p><\/div><\/li>\n<\/ul>\n<h3 data-start=\"3793\" data-end=\"3841\">7. A d\u00e9cada de 1970 viu a ascens\u00e3o do Punk Tight Fit, que se tornou uma forma refinada de rebeli\u00e3o.<\/h3>\n<p data-start=\"3843\" data-end=\"3987\">Membros da subcultura punk usavam jeans justos e estreitos, que combinavam com jaquetas cravejadas e penteados dram\u00e1ticos. O jeans surgiu como um emblema poderoso que representava tanto a resist\u00eancia contra a sociedade quanto o estilo de vida urbano.<\/p>\n<div id=\"attachment_5553\" style=\"width: 610px\" class=\"wp-caption aligncenter\"><img loading=\"lazy\" decoding=\"async\" aria-describedby=\"caption-attachment-5553\" class=\"wp-image-5553\" src=\"https:\/\/lydenim.com\/wp-content\/uploads\/2025\/06\/DM_20250623201226_019.jpg\" alt=\"\" width=\"600\" height=\"860\" srcset=\"https:\/\/lydenim.com\/wp-content\/uploads\/2025\/06\/DM_20250623201226_019.jpg 670w, https:\/\/lydenim.com\/wp-content\/uploads\/2025\/06\/DM_20250623201226_019-209x300.jpg 209w, https:\/\/lydenim.com\/wp-content\/uploads\/2025\/06\/DM_20250623201226_019-8x12.jpg 8w, https:\/\/lydenim.com\/wp-content\/uploads\/2025\/06\/DM_20250623201226_019-600x860.jpg 600w, https:\/\/lydenim.com\/wp-content\/uploads\/2025\/06\/DM_20250623201226_019-150x215.jpg 150w\" sizes=\"auto, (max-width: 600px) 100vw, 600px\" \/><p id=\"caption-attachment-5553\" class=\"wp-caption-text\">Naquela \u00e9poca, o pessoal do punk rebitava suas cal\u00e7as jeans, mostrando seu esp\u00edrito rebelde e agressivo.<\/p><\/div>\n<h3 data-start=\"3994\" data-end=\"4044\">8. A d\u00e9cada de 1980 viu os jeans skinny voltarem a ser populares gra\u00e7as \u00e0 influ\u00eancia da moda das estrelas do rock.<\/h3>\n<p data-start=\"4046\" data-end=\"4189\">O mundo da moda adotou a cal\u00e7a jeans skinny como pe\u00e7a essencial para apresenta\u00e7\u00f5es no palco. A ind\u00fastria musical usou o jeans para criar roupas expressivas que destacavam a individualidade dos artistas por meio de cores vibrantes e silhuetas dram\u00e1ticas.<\/p>\n<div id=\"attachment_5554\" style=\"width: 610px\" class=\"wp-caption aligncenter\"><img loading=\"lazy\" decoding=\"async\" aria-describedby=\"caption-attachment-5554\" class=\"wp-image-5554\" src=\"https:\/\/lydenim.com\/wp-content\/uploads\/2025\/06\/DM_20250623201226_020.jpg\" alt=\"\" width=\"600\" height=\"774\" srcset=\"https:\/\/lydenim.com\/wp-content\/uploads\/2025\/06\/DM_20250623201226_020.jpg 465w, https:\/\/lydenim.com\/wp-content\/uploads\/2025\/06\/DM_20250623201226_020-233x300.jpg 233w, https:\/\/lydenim.com\/wp-content\/uploads\/2025\/06\/DM_20250623201226_020-9x12.jpg 9w, https:\/\/lydenim.com\/wp-content\/uploads\/2025\/06\/DM_20250623201226_020-150x194.jpg 150w\" sizes=\"auto, (max-width: 600px) 100vw, 600px\" \/><p id=\"caption-attachment-5554\" class=\"wp-caption-text\">O astro do rock Elvis traz essas cal\u00e7as levemente justas com pernas internas e as leva para a moda de rua.<\/p><\/div>\n<h3 data-start=\"4196\" data-end=\"4248\">Conclus\u00e3o: O jeans como linha do tempo da cultura jovem<\/h3>\n<p data-start=\"4250\" data-end=\"4436\">Cada modelo de jeans representa um per\u00edodo hist\u00f3rico espec\u00edfico, que passou de cal\u00e7as de trabalho funcionais para trajes rebeldes e, por fim, para designs modernos. O mundo da moda considera o jeans como um marco hist\u00f3rico que reflete a forma como diferentes gera\u00e7\u00f5es se expressam.<\/p>\n<h3 data-start=\"3871\" data-end=\"3901\"><strong data-start=\"3875\" data-end=\"3901\">Servi\u00e7os de Personaliza\u00e7\u00e3o<\/strong><\/h3>\n<p data-start=\"3902\" data-end=\"4173\">\ud83d\udce9 <strong data-start=\"3439\" data-end=\"3451\">Contato:<\/strong> <a class=\"cursor-pointer\" rel=\"noopener\" data-start=\"3452\" data-end=\"3470\">malone@lydenim.com<\/a><br data-start=\"3470\" data-end=\"3473\" \/>\ud83c\udf10 <strong data-start=\"3476\" data-end=\"3488\">Tecido do site:<\/strong> <a class=\"\" href=\"https:\/\/lydenim.com\/pt\/\" target=\"_new\" rel=\"noopener\" data-start=\"3489\" data-end=\"3504\">www.lydenim.com<\/a><br data-start=\"3504\" data-end=\"3507\" \/>\ud83d\udecd\ufe0f <strong data-start=\"3511\" data-end=\"3531\">Explore a personaliza\u00e7\u00e3o:<\/strong> Navegue pelas sele\u00e7\u00f5es e obtenha inspira\u00e7\u00e3o de design em<a href=\"http:\/\/liangyuantextile.m.en.alibaba.com\"> MeuAlibaba<\/a>.<br data-start=\"3588\" data-end=\"3591\" \/>\ud83c\udfa8 <strong data-start=\"3594\" data-end=\"3641\">Crie sua obra-prima em jeans com LYDENIM.<\/strong><\/p>","protected":false},"excerpt":{"rendered":"<p>Tempo estimado de leitura: ~ 6 minutos Andy Warhol expressou seu sonho de desenvolver um item semelhante ao jeans porque eles<\/p>","protected":false},"author":1,"featured_media":5556,"comment_status":"open","ping_status":"open","sticky":false,"template":"","format":"standard","meta":{"two_page_speed":[],"footnotes":""},"categories":[66],"tags":[],"class_list":["post-5533","post","type-post","status-publish","format-standard","has-post-thumbnail","hentry","category-denim-knowledge"],"aioseo_notices":[],"_links":{"self":[{"href":"https:\/\/lydenim.com\/pt\/wp-json\/wp\/v2\/posts\/5533","targetHints":{"allow":["GET"]}}],"collection":[{"href":"https:\/\/lydenim.com\/pt\/wp-json\/wp\/v2\/posts"}],"about":[{"href":"https:\/\/lydenim.com\/pt\/wp-json\/wp\/v2\/types\/post"}],"author":[{"embeddable":true,"href":"https:\/\/lydenim.com\/pt\/wp-json\/wp\/v2\/users\/1"}],"replies":[{"embeddable":true,"href":"https:\/\/lydenim.com\/pt\/wp-json\/wp\/v2\/comments?post=5533"}],"version-history":[{"count":3,"href":"https:\/\/lydenim.com\/pt\/wp-json\/wp\/v2\/posts\/5533\/revisions"}],"predecessor-version":[{"id":5578,"href":"https:\/\/lydenim.com\/pt\/wp-json\/wp\/v2\/posts\/5533\/revisions\/5578"}],"wp:featuredmedia":[{"embeddable":true,"href":"https:\/\/lydenim.com\/pt\/wp-json\/wp\/v2\/media\/5556"}],"wp:attachment":[{"href":"https:\/\/lydenim.com\/pt\/wp-json\/wp\/v2\/media?parent=5533"}],"wp:term":[{"taxonomy":"category","embeddable":true,"href":"https:\/\/lydenim.com\/pt\/wp-json\/wp\/v2\/categories?post=5533"},{"taxonomy":"post_tag","embeddable":true,"href":"https:\/\/lydenim.com\/pt\/wp-json\/wp\/v2\/tags?post=5533"}],"curies":[{"name":"wp","href":"https:\/\/api.w.org\/{rel}","templated":true}]}}