{"id":5594,"date":"2025-06-27T11:55:36","date_gmt":"2025-06-27T03:55:36","guid":{"rendered":"https:\/\/lydenim.com\/?p=5594"},"modified":"2025-08-24T13:40:04","modified_gmt":"2025-08-24T05:40:04","slug":"denim-stretch-material-everything-you-need-to-know","status":"publish","type":"post","link":"https:\/\/lydenim.com\/pt\/material-elastico-jeans-tudo-o-que-voce-precisa-saber\/","title":{"rendered":"Material el\u00e1stico para jeans: tudo o que voc\u00ea precisa saber"},"content":{"rendered":"<h2 data-pm-slice=\"1 1 []\">Tempo estimado de leitura: ~3 minutos<\/h2>\n<h2 style=\"text-align: left;\" data-pm-slice=\"1 1 []\">Introdu\u00e7\u00e3o<\/h2>\n<p dir=\"auto\">O jeans com elastano revolucionou o mundo dos jeans, combinando a durabilidade cl\u00e1ssica do denim com o conforto das fibras el\u00e1sticas. Se voc\u00ea tem curiosidade sobre o tecido denim com elastano ou sobre o jeans com elastano em quatro dire\u00e7\u00f5es, este guia responde a todas as suas perguntas com insights de especialistas, dados e dicas pr\u00e1ticas.<\/p>\n<div id=\"attachment_4617\" style=\"width: 610px\" class=\"wp-caption aligncenter\"><img loading=\"lazy\" decoding=\"async\" aria-describedby=\"caption-attachment-4617\" class=\"wp-image-4617\" src=\"https:\/\/lydenim.com\/wp-content\/uploads\/2025\/04\/IMG_4827-scaled.jpg\" alt=\"Cal\u00e7a jeans com elasticidade em quatro dire\u00e7\u00f5es\" width=\"600\" height=\"799\" srcset=\"https:\/\/lydenim.com\/wp-content\/uploads\/2025\/04\/IMG_4827-scaled.jpg 1922w, https:\/\/lydenim.com\/wp-content\/uploads\/2025\/04\/IMG_4827-225x300.jpg 225w, https:\/\/lydenim.com\/wp-content\/uploads\/2025\/04\/IMG_4827-769x1024.jpg 769w, https:\/\/lydenim.com\/wp-content\/uploads\/2025\/04\/IMG_4827-768x1023.jpg 768w, https:\/\/lydenim.com\/wp-content\/uploads\/2025\/04\/IMG_4827-1153x1536.jpg 1153w, https:\/\/lydenim.com\/wp-content\/uploads\/2025\/04\/IMG_4827-1537x2048.jpg 1537w, https:\/\/lydenim.com\/wp-content\/uploads\/2025\/04\/IMG_4827-9x12.jpg 9w, https:\/\/lydenim.com\/wp-content\/uploads\/2025\/04\/IMG_4827-600x799.jpg 600w, https:\/\/lydenim.com\/wp-content\/uploads\/2025\/04\/IMG_4827-150x200.jpg 150w\" sizes=\"auto, (max-width: 600px) 100vw, 600px\" \/><p id=\"caption-attachment-4617\" class=\"wp-caption-text\">Cal\u00e7a jeans com elasticidade em quatro dire\u00e7\u00f5es<\/p><\/div>\n<h2 dir=\"auto\"><strong>Como o tecido jeans el\u00e1stico \u00e9 feito?<\/strong><\/h2>\n<p dir=\"auto\">O denim el\u00e1stico, tamb\u00e9m conhecido como tecido denim el\u00e1stico, \u00e9 produzido pela combina\u00e7\u00e3o de algod\u00e3o com fibras el\u00e1sticas, como elastano ou elastano. Normalmente, o tecido consiste em algod\u00e3o 90-99% e fibras el\u00e1sticas 1-10%, dependendo do n\u00edvel de elasticidade desejado. O processo de denim el\u00e1stico envolve:<\/p>\n<ol dir=\"auto\">\n<li><strong>Mistura<\/strong>: Fibras de algod\u00e3o s\u00e3o misturadas com fibras el\u00e1sticas (por exemplo, elastano 2% para elasticidade m\u00e9dia).<img loading=\"lazy\" decoding=\"async\" class=\"size-full wp-image-2052 aligncenter\" src=\"https:\/\/lydenim.com\/wp-content\/uploads\/2024\/12\/\u4e0b\u8f7d-3.jpg\" alt=\"MISTURA ORG\u00c2NICA\" width=\"280\" height=\"180\" srcset=\"https:\/\/lydenim.com\/wp-content\/uploads\/2024\/12\/\u4e0b\u8f7d-3.jpg 280w, https:\/\/lydenim.com\/wp-content\/uploads\/2024\/12\/\u4e0b\u8f7d-3-150x96.jpg 150w\" sizes=\"auto, (max-width: 280px) 100vw, 280px\" \/><\/li>\n<li><strong>Fia\u00e7\u00e3o<\/strong>:A mistura \u00e9 fiada em fio.\n<p><div id=\"attachment_4379\" style=\"width: 610px\" class=\"wp-caption aligncenter\"><img loading=\"lazy\" decoding=\"async\" aria-describedby=\"caption-attachment-4379\" class=\"wp-image-4379\" src=\"https:\/\/lydenim.com\/wp-content\/uploads\/2025\/03\/Cotton-fibers-prepped-for-spinning.avif\" alt=\"Fibras de algod\u00e3o preparadas para fia\u00e7\u00e3o\" width=\"600\" height=\"600\" srcset=\"https:\/\/lydenim.com\/wp-content\/uploads\/2025\/03\/Cotton-fibers-prepped-for-spinning.avif 750w, https:\/\/lydenim.com\/wp-content\/uploads\/2025\/03\/Cotton-fibers-prepped-for-spinning-300x300.avif 300w, https:\/\/lydenim.com\/wp-content\/uploads\/2025\/03\/Cotton-fibers-prepped-for-spinning-150x150.avif 150w, https:\/\/lydenim.com\/wp-content\/uploads\/2025\/03\/Cotton-fibers-prepped-for-spinning-12x12.avif 12w, https:\/\/lydenim.com\/wp-content\/uploads\/2025\/03\/Cotton-fibers-prepped-for-spinning-600x600.avif 600w\" sizes=\"auto, (max-width: 600px) 100vw, 600px\" \/><p id=\"caption-attachment-4379\" class=\"wp-caption-text\">Fibras de algod\u00e3o preparadas para fia\u00e7\u00e3o<\/p><\/div><\/li>\n<li><strong>Tecelagem<\/strong>: A sarja incorpora fibras el\u00e1sticas \u00e0 trama (fios horizontais), permitindo o alongamento em toda a largura. No denim com elasticidade em quatro dire\u00e7\u00f5es, fibras el\u00e1sticas s\u00e3o adicionadas tanto ao urdume quanto \u00e0 trama, permitindo o alongamento em todas as dire\u00e7\u00f5es.<img loading=\"lazy\" decoding=\"async\" class=\"aligncenter wp-image-2499\" src=\"https:\/\/lydenim.com\/wp-content\/uploads\/2024\/12\/\u5e8f\u5217-Sequence-01.00_05_31_21.Still032-scaled.jpg\" alt=\"\" width=\"600\" height=\"338\" srcset=\"https:\/\/lydenim.com\/wp-content\/uploads\/2024\/12\/\u5e8f\u5217-Sequence-01.00_05_31_21.Still032-scaled.jpg 2560w, https:\/\/lydenim.com\/wp-content\/uploads\/2024\/12\/\u5e8f\u5217-Sequence-01.00_05_31_21.Still032-scaled-150x84.jpg 150w, https:\/\/lydenim.com\/wp-content\/uploads\/2024\/12\/\u5e8f\u5217-Sequence-01.00_05_31_21.Still032-scaled-600x338.jpg 600w, https:\/\/lydenim.com\/wp-content\/uploads\/2024\/12\/\u5e8f\u5217-Sequence-01.00_05_31_21.Still032-300x169.jpg 300w, https:\/\/lydenim.com\/wp-content\/uploads\/2024\/12\/\u5e8f\u5217-Sequence-01.00_05_31_21.Still032-1024x576.jpg 1024w, https:\/\/lydenim.com\/wp-content\/uploads\/2024\/12\/\u5e8f\u5217-Sequence-01.00_05_31_21.Still032-768x432.jpg 768w, https:\/\/lydenim.com\/wp-content\/uploads\/2024\/12\/\u5e8f\u5217-Sequence-01.00_05_31_21.Still032-1536x864.jpg 1536w, https:\/\/lydenim.com\/wp-content\/uploads\/2024\/12\/\u5e8f\u5217-Sequence-01.00_05_31_21.Still032-2048x1152.jpg 2048w, https:\/\/lydenim.com\/wp-content\/uploads\/2024\/12\/\u5e8f\u5217-Sequence-01.00_05_31_21.Still032-18x10.jpg 18w\" sizes=\"auto, (max-width: 600px) 100vw, 600px\" \/><\/li>\n<li><strong>Acabamento<\/strong>: Tingimento e acabamento d\u00e3o a ele o visual ic\u00f4nico do jeans.<br \/>\nEste m\u00e9todo garante que o jeans el\u00e1stico mantenha seu apelo robusto ao mesmo tempo em que acrescenta flexibilidade.<\/li>\n<\/ol>\n<h4 dir=\"auto\"><strong>Os jeans el\u00e1sticos s\u00e3o menos dur\u00e1veis que os jeans tradicionais?<\/strong><\/h4>\n<p dir=\"auto\">A durabilidade depende do conte\u00fado el\u00e1stico. O jeans tradicional de algod\u00e3o 100% \u00e9 conhecido por sua longevidade, frequentemente durando de 5 a 10 anos com os devidos cuidados. Jeans com elastano, no entanto, apresentam uma desvantagem. Um estudo de 2021 realizado por <strong>Revista de Pesquisa T\u00eaxtil<\/strong> descobriram que o jeans com elastano 3% perde 20-30% de sua elasticidade ap\u00f3s 50 ciclos de lavagem a 40\u00b0C, enquanto o jeans de algod\u00e3o 100% mant\u00e9m sua estrutura.<\/p>\n<ul dir=\"auto\">\n<li><strong>Baixo alongamento (1-2%)<\/strong>: Durabilidade compar\u00e1vel ao jeans tradicional.\n<p><div id=\"attachment_4507\" style=\"width: 610px\" class=\"wp-caption aligncenter\"><img loading=\"lazy\" decoding=\"async\" aria-describedby=\"caption-attachment-4507\" class=\"wp-image-4507\" src=\"https:\/\/lydenim.com\/wp-content\/uploads\/2025\/03\/IMG_6219.jpg\" alt=\"\" width=\"600\" height=\"600\" srcset=\"https:\/\/lydenim.com\/wp-content\/uploads\/2025\/03\/IMG_6219.jpg 2196w, https:\/\/lydenim.com\/wp-content\/uploads\/2025\/03\/IMG_6219-300x300.jpg 300w, https:\/\/lydenim.com\/wp-content\/uploads\/2025\/03\/IMG_6219-1024x1024.jpg 1024w, https:\/\/lydenim.com\/wp-content\/uploads\/2025\/03\/IMG_6219-150x150.jpg 150w, https:\/\/lydenim.com\/wp-content\/uploads\/2025\/03\/IMG_6219-768x768.jpg 768w, https:\/\/lydenim.com\/wp-content\/uploads\/2025\/03\/IMG_6219-1536x1536.jpg 1536w, https:\/\/lydenim.com\/wp-content\/uploads\/2025\/03\/IMG_6219-2048x2048.jpg 2048w, https:\/\/lydenim.com\/wp-content\/uploads\/2025\/03\/IMG_6219-12x12.jpg 12w, https:\/\/lydenim.com\/wp-content\/uploads\/2025\/03\/IMG_6219-600x600.jpg 600w\" sizes=\"auto, (max-width: 600px) 100vw, 600px\" \/><p id=\"caption-attachment-4507\" class=\"wp-caption-text\">Orla de baixa elasticidade<\/p><\/div><\/li>\n<li><strong>Alta elasticidade (3-5%)<\/strong>: Mais propenso ao desgaste, especialmente com exposi\u00e7\u00e3o ao calor.<br \/>\nO especialista em moda Nick Wooster observa: \u201cO jeans el\u00e1stico prioriza o conforto em detrimento da longevidade, mas a lavagem a frio pode dobrar sua vida \u00fatil\u201d.<img loading=\"lazy\" decoding=\"async\" class=\"aligncenter wp-image-2890\" src=\"https:\/\/lydenim.com\/wp-content\/uploads\/2025\/01\/DSC08102-scaled.jpg\" alt=\"\" width=\"600\" height=\"600\" srcset=\"https:\/\/lydenim.com\/wp-content\/uploads\/2025\/01\/DSC08102-scaled.jpg 2560w, https:\/\/lydenim.com\/wp-content\/uploads\/2025\/01\/DSC08102-300x300.jpg 300w, https:\/\/lydenim.com\/wp-content\/uploads\/2025\/01\/DSC08102-150x150.jpg 150w, https:\/\/lydenim.com\/wp-content\/uploads\/2025\/01\/DSC08102-scaled-600x600.jpg 600w, https:\/\/lydenim.com\/wp-content\/uploads\/2025\/01\/DSC08102-1024x1024.jpg 1024w, https:\/\/lydenim.com\/wp-content\/uploads\/2025\/01\/DSC08102-768x768.jpg 768w, https:\/\/lydenim.com\/wp-content\/uploads\/2025\/01\/DSC08102-1536x1536.jpg 1536w, https:\/\/lydenim.com\/wp-content\/uploads\/2025\/01\/DSC08102-2048x2048.jpg 2048w, https:\/\/lydenim.com\/wp-content\/uploads\/2025\/01\/DSC08102-12x12.jpg 12w\" sizes=\"auto, (max-width: 600px) 100vw, 600px\" \/><\/li>\n<\/ul>\n<h2 dir=\"auto\"><strong>O spandex \u00e9 o melhor tecido el\u00e1stico?<\/strong><\/h2>\n<p dir=\"auto\">Spandex, sin\u00f4nimo de elastano ou Lycra, domina o tecido spandex denim devido \u00e0 sua capacidade de elasticidade 500% e excelente recupera\u00e7\u00e3o, por <strong>DuPont<\/strong>, o desenvolvedor original de Lycra. Comparado com alternativas:<\/p>\n<ul dir=\"auto\">\n<li><strong>Spandex<\/strong>: Ideal para jeans justos, com reten\u00e7\u00e3o de forma 95% ap\u00f3s o alongamento.<\/li>\n<li><strong>Poli\u00e9ster<\/strong>: Mais dur\u00e1vel, mas estica apenas 20-30%.<\/li>\n<li><strong>Poliuretano<\/strong>:Alta elasticidade, mas menos respir\u00e1vel.<br \/>\nPara tecidos jeans el\u00e1sticos em quatro dire\u00e7\u00f5es, o elastano continua sendo o padr\u00e3o ouro, embora misturas com poli\u00e9ster estejam surgindo para aplica\u00e7\u00f5es focadas em durabilidade, diz a designer t\u00eaxtil Jane Mills.<\/p>\n<p><div id=\"attachment_5604\" style=\"width: 610px\" class=\"wp-caption aligncenter\"><img loading=\"lazy\" decoding=\"async\" aria-describedby=\"caption-attachment-5604\" class=\"wp-image-5604\" src=\"https:\/\/lydenim.com\/wp-content\/uploads\/2025\/06\/DM_20250626203910_001.jpg\" alt=\"\" width=\"600\" height=\"600\" srcset=\"https:\/\/lydenim.com\/wp-content\/uploads\/2025\/06\/DM_20250626203910_001.jpg 500w, https:\/\/lydenim.com\/wp-content\/uploads\/2025\/06\/DM_20250626203910_001-300x300.jpg 300w, https:\/\/lydenim.com\/wp-content\/uploads\/2025\/06\/DM_20250626203910_001-150x150.jpg 150w, https:\/\/lydenim.com\/wp-content\/uploads\/2025\/06\/DM_20250626203910_001-12x12.jpg 12w\" sizes=\"auto, (max-width: 600px) 100vw, 600px\" \/><p id=\"caption-attachment-5604\" class=\"wp-caption-text\">Fio de elastano<\/p><\/div><\/li>\n<\/ul>\n<h2 dir=\"auto\"><strong>O jeans de algod\u00e3o 100% estica?<\/strong><\/h2>\n<p dir=\"auto\">Sim, mas minimamente. A elasticidade natural do algod\u00e3o e a trama de sarja do jeans permitem uma elasticidade de 5-10% na diagonal, de acordo com <strong>O Blog do Jeans<\/strong>Ao contr\u00e1rio do jeans com elastano, ele n\u00e3o tem recupera\u00e7\u00e3o el\u00e1stica. Com o tempo (3 a 6 meses de uso), o jeans de algod\u00e3o 100% se molda ao corpo, mas n\u00e3o se desfaz, ao contr\u00e1rio de seus equivalentes com elastano.<img loading=\"lazy\" decoding=\"async\" class=\"aligncenter wp-image-4829\" src=\"https:\/\/lydenim.com\/wp-content\/uploads\/2025\/04\/100-Cotton-Denim.jpg\" alt=\"\" width=\"600\" height=\"703\" srcset=\"https:\/\/lydenim.com\/wp-content\/uploads\/2025\/04\/100-Cotton-Denim.jpg 1242w, https:\/\/lydenim.com\/wp-content\/uploads\/2025\/04\/100-Cotton-Denim-256x300.jpg 256w, https:\/\/lydenim.com\/wp-content\/uploads\/2025\/04\/100-Cotton-Denim-873x1024.jpg 873w, https:\/\/lydenim.com\/wp-content\/uploads\/2025\/04\/100-Cotton-Denim-768x900.jpg 768w, https:\/\/lydenim.com\/wp-content\/uploads\/2025\/04\/100-Cotton-Denim-10x12.jpg 10w, https:\/\/lydenim.com\/wp-content\/uploads\/2025\/04\/100-Cotton-Denim-600x703.jpg 600w, https:\/\/lydenim.com\/wp-content\/uploads\/2025\/04\/100-Cotton-Denim-150x176.jpg 150w\" sizes=\"auto, (max-width: 600px) 100vw, 600px\" \/><\/p>\n<h2 dir=\"auto\"><strong>O que significa \u201cStretch Jeans\u201d?<\/strong><\/h2>\n<p dir=\"auto\">As cal\u00e7as jeans com elastano s\u00e3o confeccionadas com jeans stretch, que cont\u00e9m fibras el\u00e1sticas 1-5%. Elas oferecem um visual ajustado com maior conforto, perfeito para estilos de vida ativos ou modelagens mais justas.<img loading=\"lazy\" decoding=\"async\" class=\"aligncenter wp-image-4822\" src=\"https:\/\/lydenim.com\/wp-content\/uploads\/2025\/04\/Cotton-Polyester-25-Polyester-5-Spandex.jpg\" alt=\"\" width=\"600\" height=\"695\" srcset=\"https:\/\/lydenim.com\/wp-content\/uploads\/2025\/04\/Cotton-Polyester-25-Polyester-5-Spandex.jpg 1242w, https:\/\/lydenim.com\/wp-content\/uploads\/2025\/04\/Cotton-Polyester-25-Polyester-5-Spandex-259x300.jpg 259w, https:\/\/lydenim.com\/wp-content\/uploads\/2025\/04\/Cotton-Polyester-25-Polyester-5-Spandex-884x1024.jpg 884w, https:\/\/lydenim.com\/wp-content\/uploads\/2025\/04\/Cotton-Polyester-25-Polyester-5-Spandex-768x890.jpg 768w, https:\/\/lydenim.com\/wp-content\/uploads\/2025\/04\/Cotton-Polyester-25-Polyester-5-Spandex-10x12.jpg 10w, https:\/\/lydenim.com\/wp-content\/uploads\/2025\/04\/Cotton-Polyester-25-Polyester-5-Spandex-600x695.jpg 600w, https:\/\/lydenim.com\/wp-content\/uploads\/2025\/04\/Cotton-Polyester-25-Polyester-5-Spandex-150x174.jpg 150w\" sizes=\"auto, (max-width: 600px) 100vw, 600px\" \/><\/p>\n<h2 dir=\"auto\"><strong>Por que jeans apertados esticam?<\/strong><\/h2>\n<p dir=\"auto\">Cal\u00e7as jeans justas esticam gra\u00e7as a fibras el\u00e1sticas como o elastano, que se expandem at\u00e9 5 vezes em comprimento e se recuperam quando relaxadas. Isso garante um ajuste confort\u00e1vel sem restringir os movimentos, como explica a especialista em jeans Sarah Ahmed.<\/p>\n<h2 dir=\"auto\"><strong>As cal\u00e7as jeans devem ser usadas apertadas inicialmente?<\/strong><\/h2>\n<ul dir=\"auto\">\n<li><strong>Cal\u00e7a Jeans Stretch<\/strong>: Compre um ajuste confort\u00e1vel. Um par de spandex 2% estica 10-15% com o uso, por <strong>ABC News<\/strong> estudos de dimensionamento.<\/li>\n<li><strong>Cal\u00e7a Jeans de Algod\u00e3o 100%<\/strong>: Opte por um ajuste confort\u00e1vel, pois eles podem afrouxar de 2,5 a 5 cm com o tempo.<br \/>\nO blogueiro de jeans John Baxter aconselha: \u201cCom jeans el\u00e1stico, n\u00e3o diminua o tamanho \u2014 confie no tecido para se adaptar\u201d.<\/li>\n<\/ul>\n<h2 dir=\"auto\"><strong>Cen\u00e1rios de uso<\/strong><\/h2>\n<ul dir=\"auto\">\n<li><strong>Roupa casual<\/strong>: Jeans el\u00e1stico 1-2% para durabilidade e facilidade.<\/li>\n<li><strong>Dias Ativos<\/strong>: Jeans el\u00e1stico em quatro dire\u00e7\u00f5es para m\u00e1xima flexibilidade (por exemplo, ciclismo ou caminhada).<\/li>\n<li><strong>Declara\u00e7\u00f5es de moda<\/strong>: Jeans justo e altamente el\u00e1stico para um visual ousado e ajustado.<img loading=\"lazy\" decoding=\"async\" class=\"aligncenter wp-image-2091\" src=\"https:\/\/lydenim.com\/wp-content\/uploads\/2024\/12\/\u4e0b\u8f7d-6.jpg\" alt=\"Cal\u00e7as de ganga para senhora\" width=\"600\" height=\"400\" srcset=\"https:\/\/lydenim.com\/wp-content\/uploads\/2024\/12\/\u4e0b\u8f7d-6.jpg 1000w, https:\/\/lydenim.com\/wp-content\/uploads\/2024\/12\/\u4e0b\u8f7d-6-150x100.jpg 150w, https:\/\/lydenim.com\/wp-content\/uploads\/2024\/12\/\u4e0b\u8f7d-6-600x400.jpg 600w, https:\/\/lydenim.com\/wp-content\/uploads\/2024\/12\/\u4e0b\u8f7d-6-300x200.jpg 300w, https:\/\/lydenim.com\/wp-content\/uploads\/2024\/12\/\u4e0b\u8f7d-6-768x512.jpg 768w\" sizes=\"auto, (max-width: 600px) 100vw, 600px\" \/><\/li>\n<\/ul>\n<h2 dir=\"auto\"><strong>Conclus\u00e3o<\/strong><\/h2>\n<p dir=\"auto\">O jeans com elastano une tradi\u00e7\u00e3o e inova\u00e7\u00e3o, oferecendo conforto sem abrir m\u00e3o do estilo. Seja jeans com elastano ou jeans com elastano, entender sua produ\u00e7\u00e3o e cuidados garante que voc\u00ea aproveite ao m\u00e1ximo seu jeans. Compartilhe suas experi\u00eancias com jeans com elastano abaixo!<\/p>\n<h2 dir=\"auto\">Servi\u00e7os de personaliza\u00e7\u00e3o da LYDENIM<\/h2>\n<p dir=\"auto\">\ud83c\udfa8 Quero <strong>tecidos jeans personalizados<\/strong> ou\u00a0 <strong>exclusivo<\/strong> <strong>pe\u00e7a jeans personalizada<\/strong>? A LYDENIM \u00e9 especializada em solu\u00e7\u00f5es personalizadas para atender \u00e0s suas necessidades de design e produ\u00e7\u00e3o.<\/p>\n<p dir=\"auto\">\ud83d\udecd\ufe0f <strong>Explore e inspire-se<\/strong>: Navegue por nossas sele\u00e7\u00f5es de tecidos e descubra ideias de design em <a href=\"https:\/\/lydenim.com\/pt\/\" target=\"_blank\" rel=\"noopener noreferrer nofollow\">LYDenim<\/a>.<\/p>\n<p dir=\"auto\">\ud83c\udf10 <strong>Roupas el\u00e1sticas<\/strong>: Confira nossas ofertas em <a href=\"http:\/\/liangyuantextile.m.en.alibaba.com\" target=\"_blank\" rel=\"noopener noreferrer nofollow\">MeuAlibaba<\/a>. \ud83d\udce9 <strong>Contate-nos<\/strong>: Entre em contato em <a href=\"mailto:malone@lydenim.com\" target=\"_blank\" rel=\"noopener noreferrer nofollow\">malone@lydenim.com<\/a>.<\/p>\n<p dir=\"auto\">Crie sua obra-prima de jeans com LYDENIM - seu parceiro de confian\u00e7a para <strong>tecido el\u00e1stico<\/strong> e <strong>solu\u00e7\u00f5es personalizadas de jeans<\/strong>.<\/p>","protected":false},"excerpt":{"rendered":"<p>Tempo estimado de leitura: ~3 minutos Introdu\u00e7\u00e3o O denim el\u00e1stico revolucionou o mundo do jeans, combinando a durabilidade cl\u00e1ssica do denim<\/p>","protected":false},"author":1,"featured_media":5605,"comment_status":"open","ping_status":"open","sticky":false,"template":"","format":"standard","meta":{"two_page_speed":[],"footnotes":""},"categories":[66],"tags":[],"class_list":["post-5594","post","type-post","status-publish","format-standard","has-post-thumbnail","hentry","category-denim-knowledge"],"aioseo_notices":[],"_links":{"self":[{"href":"https:\/\/lydenim.com\/pt\/wp-json\/wp\/v2\/posts\/5594","targetHints":{"allow":["GET"]}}],"collection":[{"href":"https:\/\/lydenim.com\/pt\/wp-json\/wp\/v2\/posts"}],"about":[{"href":"https:\/\/lydenim.com\/pt\/wp-json\/wp\/v2\/types\/post"}],"author":[{"embeddable":true,"href":"https:\/\/lydenim.com\/pt\/wp-json\/wp\/v2\/users\/1"}],"replies":[{"embeddable":true,"href":"https:\/\/lydenim.com\/pt\/wp-json\/wp\/v2\/comments?post=5594"}],"version-history":[{"count":4,"href":"https:\/\/lydenim.com\/pt\/wp-json\/wp\/v2\/posts\/5594\/revisions"}],"predecessor-version":[{"id":6361,"href":"https:\/\/lydenim.com\/pt\/wp-json\/wp\/v2\/posts\/5594\/revisions\/6361"}],"wp:featuredmedia":[{"embeddable":true,"href":"https:\/\/lydenim.com\/pt\/wp-json\/wp\/v2\/media\/5605"}],"wp:attachment":[{"href":"https:\/\/lydenim.com\/pt\/wp-json\/wp\/v2\/media?parent=5594"}],"wp:term":[{"taxonomy":"category","embeddable":true,"href":"https:\/\/lydenim.com\/pt\/wp-json\/wp\/v2\/categories?post=5594"},{"taxonomy":"post_tag","embeddable":true,"href":"https:\/\/lydenim.com\/pt\/wp-json\/wp\/v2\/tags?post=5594"}],"curies":[{"name":"wp","href":"https:\/\/api.w.org\/{rel}","templated":true}]}}