{"id":5611,"date":"2025-06-29T12:50:56","date_gmt":"2025-06-29T04:50:56","guid":{"rendered":"https:\/\/lydenim.com\/?p=5611"},"modified":"2025-08-24T13:41:48","modified_gmt":"2025-08-24T05:41:48","slug":"light-colored-jeans","status":"publish","type":"post","link":"https:\/\/lydenim.com\/pt\/jeans-de-cor-clara\/","title":{"rendered":"Jeans de cor clara: tend\u00eancias da moda 2025, dicas de estilo e potencial de mercado"},"content":{"rendered":"<h2 data-pm-slice=\"1 1 []\">Tempo estimado de leitura: ~4 minutos<\/h2>\n<h2 style=\"text-align: left;\" data-pm-slice=\"1 1 []\">Introdu\u00e7\u00e3o<\/h2>\n<p>Os jeans claros est\u00e3o de volta com tudo no mundo da moda em 2025. Do cl\u00e1ssico jeans branco \u00e0s suaves lavagens em azul-claro, essas pe\u00e7as vers\u00e1teis est\u00e3o redefinindo o estilo casual. Este artigo explora por que os jeans claros s\u00e3o indispens\u00e1veis, suas vantagens e desvantagens, dicas de estilo, potencial de mercado e conselhos espec\u00edficos de especialistas e comunidades, fornecendo um guia completo para os leitores.<\/p>\n<h2>Por que jeans de cores claras est\u00e3o na moda em 2025<\/h2>\n<p>Os jeans de cores claras devem dominar o mercado de jeans em 2025 pelos seguintes motivos:<\/p>\n<ul>\n<li><strong>Versatilidade<\/strong>:Eles combinam com jaquetas, camisetas ou camisas, adequados para diversas ocasi\u00f5es, do casual ao semiformal.\n<p><div id=\"attachment_5625\" style=\"width: 610px\" class=\"wp-caption aligncenter\"><img loading=\"lazy\" decoding=\"async\" aria-describedby=\"caption-attachment-5625\" class=\"wp-image-5625\" src=\"https:\/\/lydenim.com\/wp-content\/uploads\/2025\/06\/Light-Colored-Jeans.jpg\" alt=\"\" width=\"600\" height=\"800\" srcset=\"https:\/\/lydenim.com\/wp-content\/uploads\/2025\/06\/Light-Colored-Jeans.jpg 736w, https:\/\/lydenim.com\/wp-content\/uploads\/2025\/06\/Light-Colored-Jeans-225x300.jpg 225w, https:\/\/lydenim.com\/wp-content\/uploads\/2025\/06\/Light-Colored-Jeans-9x12.jpg 9w, https:\/\/lydenim.com\/wp-content\/uploads\/2025\/06\/Light-Colored-Jeans-600x800.jpg 600w, https:\/\/lydenim.com\/wp-content\/uploads\/2025\/06\/Light-Colored-Jeans-150x200.jpg 150w\" sizes=\"auto, (max-width: 600px) 100vw, 600px\" \/><p id=\"caption-attachment-5625\" class=\"wp-caption-text\">Jeans de cor clara<\/p><\/div><\/li>\n<li><strong>Apelo Sazonal<\/strong>: Cores claras refletem a luz do sol, tornando-as ideais para uso na primavera e no ver\u00e3o.<img loading=\"lazy\" decoding=\"async\" class=\"aligncenter wp-image-5622\" src=\"https:\/\/lydenim.com\/wp-content\/uploads\/2025\/06\/\u6625\u590f\u7a7f.jpg\" alt=\"\" width=\"600\" height=\"1097\" srcset=\"https:\/\/lydenim.com\/wp-content\/uploads\/2025\/06\/\u6625\u590f\u7a7f.jpg 736w, https:\/\/lydenim.com\/wp-content\/uploads\/2025\/06\/\u6625\u590f\u7a7f-164x300.jpg 164w, https:\/\/lydenim.com\/wp-content\/uploads\/2025\/06\/\u6625\u590f\u7a7f-560x1024.jpg 560w, https:\/\/lydenim.com\/wp-content\/uploads\/2025\/06\/\u6625\u590f\u7a7f-7x12.jpg 7w, https:\/\/lydenim.com\/wp-content\/uploads\/2025\/06\/\u6625\u590f\u7a7f-600x1097.jpg 600w, https:\/\/lydenim.com\/wp-content\/uploads\/2025\/06\/\u6625\u590f\u7a7f-150x274.jpg 150w\" sizes=\"auto, (max-width: 600px) 100vw, 600px\" \/><\/li>\n<li><strong>Estilo atemporal<\/strong>:Sua natureza cl\u00e1ssica garante que eles continuem sendo uma pe\u00e7a essencial no guarda-roupa.<\/li>\n<li><strong>Influ\u00eancia de celebridades<\/strong>: Celebridades como Nicole Kidman e Katie Holmes frequentemente usam jeans de cores claras, refor\u00e7ando seu status fashion.\n<p><div id=\"attachment_5628\" style=\"width: 610px\" class=\"wp-caption aligncenter\"><img loading=\"lazy\" decoding=\"async\" aria-describedby=\"caption-attachment-5628\" class=\"wp-image-5628\" src=\"https:\/\/lydenim.com\/wp-content\/uploads\/2025\/06\/Nicole-Kidman-with-Light-colored-jeans.jpg\" alt=\"\" width=\"600\" height=\"1066\" srcset=\"https:\/\/lydenim.com\/wp-content\/uploads\/2025\/06\/Nicole-Kidman-with-Light-colored-jeans.jpg 736w, https:\/\/lydenim.com\/wp-content\/uploads\/2025\/06\/Nicole-Kidman-with-Light-colored-jeans-169x300.jpg 169w, https:\/\/lydenim.com\/wp-content\/uploads\/2025\/06\/Nicole-Kidman-with-Light-colored-jeans-576x1024.jpg 576w, https:\/\/lydenim.com\/wp-content\/uploads\/2025\/06\/Nicole-Kidman-with-Light-colored-jeans-7x12.jpg 7w, https:\/\/lydenim.com\/wp-content\/uploads\/2025\/06\/Nicole-Kidman-with-Light-colored-jeans-600x1066.jpg 600w, https:\/\/lydenim.com\/wp-content\/uploads\/2025\/06\/Nicole-Kidman-with-Light-colored-jeans-150x267.jpg 150w\" sizes=\"auto, (max-width: 600px) 100vw, 600px\" \/><p id=\"caption-attachment-5628\" class=\"wp-caption-text\">Nicole Kidman com jeans claro<\/p><\/div><\/li>\n<li><strong>Suporte de dados<\/strong>: O Google Trends mostra um aumento significativo nas pesquisas por jeans brancos e jeans claros e soltos para a primavera\/ver\u00e3o de 2025, indicando forte apelo de mercado.<\/li>\n<\/ul>\n<h2>Vantagens dos Jeans de Cor Clara<\/h2>\n<p>Jeans de cores claras s\u00e3o preferidos por suas qualidades \u00fanicas:<\/p>\n<ul>\n<li><strong>Eleg\u00e2ncia Casual<\/strong>:Eles oferecem um visual relaxado e ao mesmo tempo elegante, ideal para v\u00e1rios ambientes casuais.<\/li>\n<li><strong>F\u00e1cil de estilizar<\/strong>: Eles complementam uma ampla gama de cores e padr\u00f5es, proporcionando infinitas possibilidades de roupas.<\/li>\n<li><strong>Conforto<\/strong>: Geralmente feito com jeans mais macio e respir\u00e1vel, perfeito para uso o dia todo.<\/li>\n<li><strong>Vibe jovem<\/strong>: Cores claras d\u00e3o uma apar\u00eancia fresca e vibrante.<\/li>\n<li><strong>Moda para a frente<\/strong>: Os desfiles da primavera\/ver\u00e3o 2025 destacam jeans de cores claras, enfatizando seu apelo moderno.<img loading=\"lazy\" decoding=\"async\" class=\"aligncenter wp-image-5626\" src=\"https:\/\/lydenim.com\/wp-content\/uploads\/2025\/06\/Light-colored-jeansElegant-Elegant-.jpg\" alt=\"\" width=\"600\" height=\"801\" srcset=\"https:\/\/lydenim.com\/wp-content\/uploads\/2025\/06\/Light-colored-jeansElegant-Elegant-.jpg 730w, https:\/\/lydenim.com\/wp-content\/uploads\/2025\/06\/Light-colored-jeansElegant-Elegant--225x300.jpg 225w, https:\/\/lydenim.com\/wp-content\/uploads\/2025\/06\/Light-colored-jeansElegant-Elegant--9x12.jpg 9w, https:\/\/lydenim.com\/wp-content\/uploads\/2025\/06\/Light-colored-jeansElegant-Elegant--600x801.jpg 600w, https:\/\/lydenim.com\/wp-content\/uploads\/2025\/06\/Light-colored-jeansElegant-Elegant--150x200.jpg 150w\" sizes=\"auto, (max-width: 600px) 100vw, 600px\" \/><\/li>\n<\/ul>\n<h2>Desvantagens dos jeans de cores claras<\/h2>\n<p>Apesar das suas vantagens, as cal\u00e7as jeans claras t\u00eam algumas limita\u00e7\u00f5es:<\/p>\n<ul>\n<li><strong>Propenso a manchas<\/strong>: Eles mancham mais facilmente do que o jeans mais escuro, exigindo limpeza frequente.<\/li>\n<li><strong>Uso formal limitado<\/strong>: N\u00e3o adequado para reuni\u00f5es de neg\u00f3cios ou eventos formais, onde jeans mais escuros s\u00e3o mais profissionais.<\/li>\n<li><strong>Risco de Desvanecimento<\/strong>: Lavagens repetidas podem causar desbotamento da cor, afetando a apar\u00eancia.<\/li>\n<li><strong>Considera\u00e7\u00f5es sobre o formato do corpo<\/strong>: Cores claras podem acentuar as curvas do corpo, o que pode n\u00e3o combinar com todos os tipos de corpo.<img loading=\"lazy\" decoding=\"async\" class=\"aligncenter wp-image-5629\" src=\"https:\/\/lydenim.com\/wp-content\/uploads\/2025\/06\/2934349b033b5bb5a9e54aade0251436b700bcbd.webp\" alt=\"\" width=\"600\" height=\"393\" srcset=\"https:\/\/lydenim.com\/wp-content\/uploads\/2025\/06\/2934349b033b5bb5a9e54aade0251436b700bcbd.webp 592w, https:\/\/lydenim.com\/wp-content\/uploads\/2025\/06\/2934349b033b5bb5a9e54aade0251436b700bcbd-300x197.webp 300w, https:\/\/lydenim.com\/wp-content\/uploads\/2025\/06\/2934349b033b5bb5a9e54aade0251436b700bcbd-18x12.webp 18w, https:\/\/lydenim.com\/wp-content\/uploads\/2025\/06\/2934349b033b5bb5a9e54aade0251436b700bcbd-150x98.webp 150w\" sizes=\"auto, (max-width: 600px) 100vw, 600px\" \/><\/li>\n<\/ul>\n<h2>Dicas de estilo<\/h2>\n<p>A versatilidade dos jeans claros os torna adequados para diversas situa\u00e7\u00f5es. Aqui est\u00e3o algumas sugest\u00f5es espec\u00edficas:<\/p>\n<ul>\n<li><strong>Passeios casuais<\/strong>: Combine com uma camiseta estampada e t\u00eanis brancos para fazer compras ou encontros.<\/li>\n<li><strong>Eventos de ver\u00e3o<\/strong>: Combine com um top curto e sand\u00e1lias para festas na praia ou piqueniques.<\/li>\n<li><strong>Locais de trabalho criativos<\/strong>: Combine com uma camisa por dentro da cal\u00e7a e mocassins para ambientes de escrit\u00f3rio descontra\u00eddos.<\/li>\n<li><strong>Looks de noite<\/strong>: Combine com uma blusa de seda e saltos para uma sa\u00edda \u00e0 noite.<\/li>\n<li><strong>Moda Ousada<\/strong>: Adicione acess\u00f3rios grandes, como uma bolsa grande ou \u00f3culos de sol coloridos, para um visual marcante.\n<p><div id=\"attachment_5623\" style=\"width: 610px\" class=\"wp-caption aligncenter\"><img loading=\"lazy\" decoding=\"async\" aria-describedby=\"caption-attachment-5623\" class=\"wp-image-5623\" src=\"https:\/\/lydenim.com\/wp-content\/uploads\/2025\/06\/IMG_6802-scaled.jpg\" alt=\"\" width=\"600\" height=\"337\" srcset=\"https:\/\/lydenim.com\/wp-content\/uploads\/2025\/06\/IMG_6802-scaled.jpg 2560w, https:\/\/lydenim.com\/wp-content\/uploads\/2025\/06\/IMG_6802-300x168.jpg 300w, https:\/\/lydenim.com\/wp-content\/uploads\/2025\/06\/IMG_6802-1024x575.jpg 1024w, https:\/\/lydenim.com\/wp-content\/uploads\/2025\/06\/IMG_6802-768x431.jpg 768w, https:\/\/lydenim.com\/wp-content\/uploads\/2025\/06\/IMG_6802-1536x863.jpg 1536w, https:\/\/lydenim.com\/wp-content\/uploads\/2025\/06\/IMG_6802-2048x1150.jpg 2048w, https:\/\/lydenim.com\/wp-content\/uploads\/2025\/06\/IMG_6802-18x10.jpg 18w, https:\/\/lydenim.com\/wp-content\/uploads\/2025\/06\/IMG_6802-600x337.jpg 600w, https:\/\/lydenim.com\/wp-content\/uploads\/2025\/06\/IMG_6802-150x84.jpg 150w\" sizes=\"auto, (max-width: 600px) 100vw, 600px\" \/><p id=\"caption-attachment-5623\" class=\"wp-caption-text\">Dicas de estilo para jeans de cores claras<\/p><\/div><\/li>\n<\/ul>\n<h2>Insights de especialistas e da comunidade<\/h2>\n<ul>\n<li><strong>Jo-Lynne Shane (Blogueira de Moda)<\/strong>:\n<ul>\n<li>\u201cCal\u00e7as jeans claras ficam chiques e sofisticadas quando combinadas com preto. Uma blusa ou acess\u00f3rio preto equilibra o visual casual, adicionando profundidade ao look.\u201d (Fonte: <a href=\"https:\/\/jolynneshane.com\/what-colors-look-good-with-light-wash-denim.html\">Jo-Lynne Shane \u2013 Quais cores combinam com jeans com lavagem clara<\/a>)\n<p><div id=\"attachment_5630\" style=\"width: 610px\" class=\"wp-caption aligncenter\"><img loading=\"lazy\" decoding=\"async\" aria-describedby=\"caption-attachment-5630\" class=\"size-full wp-image-5630\" src=\"https:\/\/lydenim.com\/wp-content\/uploads\/2025\/06\/Light-denim-with-black-top.jpg\" alt=\"\" width=\"600\" height=\"900\" srcset=\"https:\/\/lydenim.com\/wp-content\/uploads\/2025\/06\/Light-denim-with-black-top.jpg 600w, https:\/\/lydenim.com\/wp-content\/uploads\/2025\/06\/Light-denim-with-black-top-200x300.jpg 200w, https:\/\/lydenim.com\/wp-content\/uploads\/2025\/06\/Light-denim-with-black-top-8x12.jpg 8w, https:\/\/lydenim.com\/wp-content\/uploads\/2025\/06\/Light-denim-with-black-top-150x225.jpg 150w\" sizes=\"auto, (max-width: 600px) 100vw, 600px\" \/><p id=\"caption-attachment-5630\" class=\"wp-caption-text\">Jeans claro com top preto<\/p><\/div><\/li>\n<\/ul>\n<\/li>\n<li><strong>Primer (Revista de Estilo Masculino)<\/strong>:\n<ul>\n<li>Opte por modelos cl\u00e1ssicos de perna reta, como o Levi&#039;s 501, combinados com uma camisa branca, polo ou camiseta para um visual atemporal. Escolha t\u00eanis brancos ou de couro com cadar\u00e7o, evitando t\u00eanis modernos para fugir do estilo &quot;dad jeans&quot;. (Fonte: <a href=\"https:\/\/www.primermagazine.com\/2024\/learn\/how-to-style-light-wash-denim-outfits\">Primer \u2013 Como usar jeans com lavagem clara agora<\/a>)<\/li>\n<li>Exemplos: Daniel combina uma camisa de linho branca com um blazer xadrez, enquanto Andrew combina uma jaqueta Harrington com jeans Levi&#039;s 501.\n<p><div id=\"attachment_5631\" style=\"width: 610px\" class=\"wp-caption aligncenter\"><img loading=\"lazy\" decoding=\"async\" aria-describedby=\"caption-attachment-5631\" class=\"wp-image-5631\" src=\"https:\/\/lydenim.com\/wp-content\/uploads\/2025\/06\/Light-denim-with-With-or-a-polo-shirt-.jpg\" alt=\"\" width=\"600\" height=\"840\" srcset=\"https:\/\/lydenim.com\/wp-content\/uploads\/2025\/06\/Light-denim-with-With-or-a-polo-shirt-.jpg 736w, https:\/\/lydenim.com\/wp-content\/uploads\/2025\/06\/Light-denim-with-With-or-a-polo-shirt--214x300.jpg 214w, https:\/\/lydenim.com\/wp-content\/uploads\/2025\/06\/Light-denim-with-With-or-a-polo-shirt--732x1024.jpg 732w, https:\/\/lydenim.com\/wp-content\/uploads\/2025\/06\/Light-denim-with-With-or-a-polo-shirt--9x12.jpg 9w, https:\/\/lydenim.com\/wp-content\/uploads\/2025\/06\/Light-denim-with-With-or-a-polo-shirt--600x840.jpg 600w, https:\/\/lydenim.com\/wp-content\/uploads\/2025\/06\/Light-denim-with-With-or-a-polo-shirt--150x210.jpg 150w\" sizes=\"auto, (max-width: 600px) 100vw, 600px\" \/><p id=\"caption-attachment-5631\" class=\"wp-caption-text\">Jeans claro com ou uma camisa polo<\/p><\/div><\/li>\n<\/ul>\n<\/li>\n<li><strong>MakeYourOwnJeans (Varejo de Moda)<\/strong>:\n<ul>\n<li>Jeans claros s\u00e3o ideais para ambientes casuais, como ir \u00e0s compras ou fazer compras, mas jeans escuros s\u00e3o melhores para ocasi\u00f5es semiformais. Jeans claros mancham facilmente, ent\u00e3o uma manuten\u00e7\u00e3o cuidadosa \u00e9 fundamental. (Fonte: <a href=\"https:\/\/www.makeyourownjeans.com\/blog\/should-i-choose-dark-or-light-colored-jeans\/\">MakeYourOwnJeans \u2013 Devo escolher jeans escuros ou claros?<\/a>)<\/li>\n<\/ul>\n<\/li>\n<li><strong>Reddit r\/malefashionadvice (F\u00f3rum da Comunidade)<\/strong>:\n<ul>\n<li>O usu\u00e1rio fluent_in_wingdings observa: \u201cCal\u00e7as jeans claras s\u00e3o \u00f3timas para o ver\u00e3o, mas menos vers\u00e1teis do que cal\u00e7as jeans escuras.\u201d (Fonte: <a href=\"https:\/\/www.reddit.com\/r\/malefashionadvice\/comments\/1580ga\/light_colored_jeans_or_dark_colored_jeans\/\">Reddit \u2013 Jeans de cor clara ou jeans de cor escura<\/a>)<\/li>\n<li>O usu\u00e1rio MattRobertson777 sugere: \u201cCal\u00e7as jeans azul-claras combinam bem com tops brancos, pretos, cinza-claros ou azul-marinho escuro, finalizadas com t\u00eanis brancos.\u201d (Fonte: <a href=\"https:\/\/www.reddit.com\/r\/malefashionadvice\/comments\/46gfqs\/what_color_tops_look_good_with_light_blue_jeans\/\">Reddit \u2013 Que cor de blusa combina com jeans azul claro<\/a>)<\/li>\n<\/ul>\n<\/li>\n<li><strong>Daily Mail (Jornal)<\/strong>:\n<ul>\n<li>Uma publica\u00e7\u00e3o no X gerou um debate sobre se o jeans com lavagem clara funciona para roupas de noite. Especialistas em moda sugerem que jeans claros podem ser combinados para sa\u00eddas \u00e0 noite com uma blusa preta, real\u00e7ada por acess\u00f3rios refinados. (Fonte: <a href=\"https:\/\/www.dailymail.co.uk\/femail\/article-14097549\/light-wash-blue-denim-evening-jean-style-expert-fashion-advice.html\">Daily Mail \u2013 O jeans com lavagem clara pode ser usado em ocasi\u00f5es formais?<\/a>)<\/li>\n<\/ul>\n<\/li>\n<\/ul>\n<h2><a href=\"https:\/\/lydenim.com\/pt\/um-guia-completo-sobre-tecnicas-de-lavagem-de-jeans-explorando-metodos-populares\/\">Dicas de cuidados<\/a><\/h2>\n<p>Para prolongar a vida \u00fatil de jeans de cores claras, siga estas pr\u00e1ticas de cuidado:<\/p>\n<ul>\n<li><strong>Lavar separadamente<\/strong>: Limpe com cores semelhantes para evitar transfer\u00eancia de tinta<\/li>\n<li><strong>Lavar do lado avesso<\/strong>: Protege o tecido e a cor<\/li>\n<li><strong>Use detergente suave<\/strong>: Evite produtos qu\u00edmicos agressivos<\/li>\n<li><strong>Secar ao ar<\/strong>: Evite a secagem em altas temperaturas para manter a forma e a cor<\/li>\n<li><strong>Trate as manchas imediatamente<\/strong>: Use um tira-manchas suave<\/li>\n<\/ul>\n<h2>Potencial de mercado<\/h2>\n<p>Projetos de pesquisa de mercado indicam crescimento cont\u00ednuo no mercado global de jeans para 2025, com jeans de cores claras, especialmente nas lavagens branca e azul-claro, em alta demanda devido \u00e0 sua versatilidade e estilo. Dados do Google Trends mostram um aumento not\u00e1vel nas buscas por jeans brancos do outono de 2024 \u00e0 primavera de 2025. A ascens\u00e3o da moda sustent\u00e1vel impulsiona ainda mais os jeans de cores claras e ecologicamente corretos, atraindo consumidores com consci\u00eancia ambiental.<\/p>\n<h2>Conclus\u00e3o<\/h2>\n<div class=\"mb-8 mt-5 h-[280px] max-h-[280px] min-h-[280px] w-full resize-none overflow-hidden overflow-y-auto whitespace-pre-line rounded-t-lg bg-white px-4 py-5 text-sm text-dark-navy focus:outline-none\">Jeans claros n\u00e3o s\u00e3o apenas uma tend\u00eancia passageira; s\u00e3o uma pe\u00e7a essencial no guarda-roupa de 2025, vers\u00e1til, estilosa e atemporal. Seguindo dicas de especialistas em estilo e cuidados, voc\u00ea pode aproveitar ao m\u00e1ximo esta pe\u00e7a cl\u00e1ssica para diversas ocasi\u00f5es. Seja para passeios casuais ou ambientes de trabalho criativos, os jeans claros oferecem flexibilidade e estilo.<\/div>\n<h2 dir=\"auto\">Servi\u00e7os de personaliza\u00e7\u00e3o da LYDENIM<\/h2>\n<p dir=\"auto\">\ud83c\udfa8 Quero <strong>tecidos jeans personalizados<\/strong> ou\u00a0 <strong>exclusivo<\/strong> <strong>pe\u00e7a jeans personalizada<\/strong>? A LYDENIM \u00e9 especializada em solu\u00e7\u00f5es personalizadas para atender \u00e0s suas necessidades de design e produ\u00e7\u00e3o.<\/p>\n<p dir=\"auto\">\ud83d\udecd\ufe0f <strong>Explore e inspire-se<\/strong>: Navegue por nossas sele\u00e7\u00f5es de tecidos e descubra ideias de design em <a href=\"https:\/\/lydenim.com\/pt\/\" target=\"_blank\" rel=\"noopener noreferrer nofollow\">LYDenim<\/a>.<\/p>\n<p dir=\"auto\">\ud83c\udf10 <strong>Roupas el\u00e1sticas<\/strong>: Confira nossas ofertas em <a href=\"http:\/\/liangyuantextile.m.en.alibaba.com\" target=\"_blank\" rel=\"noopener noreferrer nofollow\">MeuAlibaba<\/a>. \ud83d\udce9 <strong>Contate-nos<\/strong>: Entre em contato em <a href=\"mailto:malone@lydenim.com\" target=\"_blank\" rel=\"noopener noreferrer nofollow\">malone@lydenim.com<\/a>.<\/p>\n<p dir=\"auto\">Crie sua obra-prima de jeans com LYDENIM - seu parceiro de confian\u00e7a para <strong>tecido el\u00e1stico<\/strong> e <strong>solu\u00e7\u00f5es personalizadas de jeans<\/strong>.<\/p>","protected":false},"excerpt":{"rendered":"<p>Tempo estimado de leitura: ~4 minutos Introdu\u00e7\u00e3o Os jeans de cores claras est\u00e3o de volta com tudo no mundo da moda em 2025.<\/p>","protected":false},"author":1,"featured_media":5634,"comment_status":"open","ping_status":"open","sticky":false,"template":"","format":"standard","meta":{"two_page_speed":[],"footnotes":""},"categories":[66],"tags":[],"class_list":["post-5611","post","type-post","status-publish","format-standard","has-post-thumbnail","hentry","category-denim-knowledge"],"aioseo_notices":[],"_links":{"self":[{"href":"https:\/\/lydenim.com\/pt\/wp-json\/wp\/v2\/posts\/5611","targetHints":{"allow":["GET"]}}],"collection":[{"href":"https:\/\/lydenim.com\/pt\/wp-json\/wp\/v2\/posts"}],"about":[{"href":"https:\/\/lydenim.com\/pt\/wp-json\/wp\/v2\/types\/post"}],"author":[{"embeddable":true,"href":"https:\/\/lydenim.com\/pt\/wp-json\/wp\/v2\/users\/1"}],"replies":[{"embeddable":true,"href":"https:\/\/lydenim.com\/pt\/wp-json\/wp\/v2\/comments?post=5611"}],"version-history":[{"count":4,"href":"https:\/\/lydenim.com\/pt\/wp-json\/wp\/v2\/posts\/5611\/revisions"}],"predecessor-version":[{"id":6366,"href":"https:\/\/lydenim.com\/pt\/wp-json\/wp\/v2\/posts\/5611\/revisions\/6366"}],"wp:featuredmedia":[{"embeddable":true,"href":"https:\/\/lydenim.com\/pt\/wp-json\/wp\/v2\/media\/5634"}],"wp:attachment":[{"href":"https:\/\/lydenim.com\/pt\/wp-json\/wp\/v2\/media?parent=5611"}],"wp:term":[{"taxonomy":"category","embeddable":true,"href":"https:\/\/lydenim.com\/pt\/wp-json\/wp\/v2\/categories?post=5611"},{"taxonomy":"post_tag","embeddable":true,"href":"https:\/\/lydenim.com\/pt\/wp-json\/wp\/v2\/tags?post=5611"}],"curies":[{"name":"wp","href":"https:\/\/api.w.org\/{rel}","templated":true}]}}