{"id":5614,"date":"2025-07-06T16:45:56","date_gmt":"2025-07-06T08:45:56","guid":{"rendered":"https:\/\/lydenim.com\/?p=5614"},"modified":"2025-08-24T13:43:40","modified_gmt":"2025-08-24T05:43:40","slug":"womens-denim-slacks","status":"publish","type":"post","link":"https:\/\/lydenim.com\/pt\/calcas-jeans-femininas\/","title":{"rendered":"Cal\u00e7as jeans femininas: tend\u00eancias da moda, dicas de estilo e potencial de mercado"},"content":{"rendered":"<h2 dir=\"auto\">Tempo estimado de leitura: ~4 minutos<\/h2>\n<h2 dir=\"auto\">Introdu\u00e7\u00e3o<\/h2>\n<p dir=\"auto\">As cal\u00e7as jeans femininas s\u00e3o uma fus\u00e3o elegante do conforto do jeans com a alfaiataria sofisticada das cal\u00e7as. As tend\u00eancias da moda atuais destacam sua versatilidade e apelo moderno, posicionando-as como uma pe\u00e7a essencial nos guarda-roupas do mundo todo. Este artigo analisa as tradu\u00e7\u00f5es de palavras-chave, os motivos por tr\u00e1s de sua popularidade, suas vantagens e desvantagens, sugest\u00f5es de estilo, insights de especialistas, dicas de cuidados e seu promissor potencial de mercado.<\/p>\n<div id=\"attachment_5705\" style=\"width: 610px\" class=\"wp-caption aligncenter\"><img loading=\"lazy\" decoding=\"async\" aria-describedby=\"caption-attachment-5705\" class=\"wp-image-5705\" src=\"https:\/\/lydenim.com\/wp-content\/uploads\/2025\/07\/2d8733e5c6c2a40a25238a5f8f6265de.jpg\" alt=\"\" width=\"600\" height=\"266\" srcset=\"https:\/\/lydenim.com\/wp-content\/uploads\/2025\/07\/2d8733e5c6c2a40a25238a5f8f6265de.jpg 2434w, https:\/\/lydenim.com\/wp-content\/uploads\/2025\/07\/2d8733e5c6c2a40a25238a5f8f6265de-300x133.jpg 300w, https:\/\/lydenim.com\/wp-content\/uploads\/2025\/07\/2d8733e5c6c2a40a25238a5f8f6265de-1024x454.jpg 1024w, https:\/\/lydenim.com\/wp-content\/uploads\/2025\/07\/2d8733e5c6c2a40a25238a5f8f6265de-768x341.jpg 768w, https:\/\/lydenim.com\/wp-content\/uploads\/2025\/07\/2d8733e5c6c2a40a25238a5f8f6265de-1536x682.jpg 1536w, https:\/\/lydenim.com\/wp-content\/uploads\/2025\/07\/2d8733e5c6c2a40a25238a5f8f6265de-2048x909.jpg 2048w, https:\/\/lydenim.com\/wp-content\/uploads\/2025\/07\/2d8733e5c6c2a40a25238a5f8f6265de-18x8.jpg 18w, https:\/\/lydenim.com\/wp-content\/uploads\/2025\/07\/2d8733e5c6c2a40a25238a5f8f6265de-600x266.jpg 600w, https:\/\/lydenim.com\/wp-content\/uploads\/2025\/07\/2d8733e5c6c2a40a25238a5f8f6265de-150x67.jpg 150w\" sizes=\"auto, (max-width: 600px) 100vw, 600px\" \/><p id=\"caption-attachment-5705\" class=\"wp-caption-text\">Introdu\u00e7\u00e3o ao Denim Feminino<\/p><\/div>\n<h2 dir=\"auto\">Por que as cal\u00e7as jeans femininas s\u00e3o as preferidas<\/h2>\n<p dir=\"auto\">As cal\u00e7as jeans femininas ganharam grande popularidade por v\u00e1rios motivos convincentes:<\/p>\n<ul dir=\"auto\">\n<li><strong>Versatilidade<\/strong>: Eles combinam facilmente com blazers, camisetas ou camisas, tornando-os adequados para ambientes casuais e semiformais.<\/li>\n<li><strong>Apelo Sazonal<\/strong>: Os designs cl\u00e1ssicos em tons de \u00edndigo e lavagem escura brilham o ano todo, principalmente na primavera e no ver\u00e3o.<\/li>\n<li><strong>Estilo atemporal<\/strong>: A natureza duradoura do jeans garante que essas cal\u00e7as continuem sendo um item essencial no guarda-roupa.<\/li>\n<li><strong>Apoio de celebridades<\/strong>:Estrelas como Nicole Kidman e Katie Holmes popularizaram cal\u00e7as jeans, refor\u00e7ando seu status de moda.<\/li>\n<li><strong>Dados de mercado<\/strong>: O mercado global de jeans, avaliado em US$ 86,66 bilh\u00f5es em 2024, deve crescer para US$ 121,50 bilh\u00f5es at\u00e9 2030, com uma taxa composta de crescimento anual (CAGR) de 5,9%, refletindo uma forte demanda.\n<p><div id=\"attachment_5706\" style=\"width: 610px\" class=\"wp-caption aligncenter\"><img loading=\"lazy\" decoding=\"async\" aria-describedby=\"caption-attachment-5706\" class=\"wp-image-5706\" src=\"https:\/\/lydenim.com\/wp-content\/uploads\/2025\/07\/4a62949e35a450b4f9a0664afcd2c374.jpg\" alt=\"\" width=\"600\" height=\"266\" srcset=\"https:\/\/lydenim.com\/wp-content\/uploads\/2025\/07\/4a62949e35a450b4f9a0664afcd2c374.jpg 2434w, https:\/\/lydenim.com\/wp-content\/uploads\/2025\/07\/4a62949e35a450b4f9a0664afcd2c374-300x133.jpg 300w, https:\/\/lydenim.com\/wp-content\/uploads\/2025\/07\/4a62949e35a450b4f9a0664afcd2c374-1024x454.jpg 1024w, https:\/\/lydenim.com\/wp-content\/uploads\/2025\/07\/4a62949e35a450b4f9a0664afcd2c374-768x341.jpg 768w, https:\/\/lydenim.com\/wp-content\/uploads\/2025\/07\/4a62949e35a450b4f9a0664afcd2c374-1536x682.jpg 1536w, https:\/\/lydenim.com\/wp-content\/uploads\/2025\/07\/4a62949e35a450b4f9a0664afcd2c374-2048x909.jpg 2048w, https:\/\/lydenim.com\/wp-content\/uploads\/2025\/07\/4a62949e35a450b4f9a0664afcd2c374-18x8.jpg 18w, https:\/\/lydenim.com\/wp-content\/uploads\/2025\/07\/4a62949e35a450b4f9a0664afcd2c374-600x266.jpg 600w, https:\/\/lydenim.com\/wp-content\/uploads\/2025\/07\/4a62949e35a450b4f9a0664afcd2c374-150x67.jpg 150w\" sizes=\"auto, (max-width: 600px) 100vw, 600px\" \/><p id=\"caption-attachment-5706\" class=\"wp-caption-text\">Cal\u00e7as jeans femininas<\/p><\/div><\/li>\n<\/ul>\n<h2 dir=\"auto\">Vantagens das cal\u00e7as jeans femininas<\/h2>\n<p dir=\"auto\">Essas cal\u00e7as se destacam por seus benef\u00edcios exclusivos:<\/p>\n<ul dir=\"auto\">\n<li><strong>Versatilidade<\/strong>:Eles se adaptam facilmente a v\u00e1rios looks e ocasi\u00f5es.<\/li>\n<li><strong>Conforto<\/strong>: Feitos de jeans dur\u00e1vel e respir\u00e1vel, eles s\u00e3o ideais para uso prolongado.<\/li>\n<li><strong>Estilo<\/strong>: As tend\u00eancias das passarelas exibem seu apelo chique e contempor\u00e2neo.<\/li>\n<li><strong>Durabilidade<\/strong>: O jeans de alta qualidade promete uso duradouro, oferecendo \u00f3timo valor.\n<p><div id=\"attachment_5716\" style=\"width: 610px\" class=\"wp-caption aligncenter\"><img loading=\"lazy\" decoding=\"async\" aria-describedby=\"caption-attachment-5716\" class=\"wp-image-5716\" src=\"https:\/\/lydenim.com\/wp-content\/uploads\/2025\/07\/a1d7f12e0ddad2810db8db8231226e6e.jpg\" alt=\"\" width=\"600\" height=\"266\" srcset=\"https:\/\/lydenim.com\/wp-content\/uploads\/2025\/07\/a1d7f12e0ddad2810db8db8231226e6e.jpg 2434w, https:\/\/lydenim.com\/wp-content\/uploads\/2025\/07\/a1d7f12e0ddad2810db8db8231226e6e-300x133.jpg 300w, https:\/\/lydenim.com\/wp-content\/uploads\/2025\/07\/a1d7f12e0ddad2810db8db8231226e6e-1024x454.jpg 1024w, https:\/\/lydenim.com\/wp-content\/uploads\/2025\/07\/a1d7f12e0ddad2810db8db8231226e6e-768x341.jpg 768w, https:\/\/lydenim.com\/wp-content\/uploads\/2025\/07\/a1d7f12e0ddad2810db8db8231226e6e-1536x682.jpg 1536w, https:\/\/lydenim.com\/wp-content\/uploads\/2025\/07\/a1d7f12e0ddad2810db8db8231226e6e-2048x909.jpg 2048w, https:\/\/lydenim.com\/wp-content\/uploads\/2025\/07\/a1d7f12e0ddad2810db8db8231226e6e-18x8.jpg 18w, https:\/\/lydenim.com\/wp-content\/uploads\/2025\/07\/a1d7f12e0ddad2810db8db8231226e6e-600x266.jpg 600w, https:\/\/lydenim.com\/wp-content\/uploads\/2025\/07\/a1d7f12e0ddad2810db8db8231226e6e-150x67.jpg 150w\" sizes=\"auto, (max-width: 600px) 100vw, 600px\" \/><p id=\"caption-attachment-5716\" class=\"wp-caption-text\">Vantagens das cal\u00e7as jeans femininas<\/p><\/div><\/li>\n<\/ul>\n<h2 dir=\"auto\">Desvantagens das cal\u00e7as jeans femininas<\/h2>\n<p dir=\"auto\">No entanto, h\u00e1 algumas desvantagens a considerar:<\/p>\n<ul dir=\"auto\">\n<li><strong>Complexidade de Manuten\u00e7\u00e3o<\/strong>: Lavagens escuras podem desbotar com o tempo, exigindo lavagem cuidadosa.<\/li>\n<li><strong>Limita\u00e7\u00f5es formais<\/strong>:Eles s\u00e3o menos apropriados para eventos formais ou empresariais, onde cal\u00e7as tradicionais se destacam.<\/li>\n<li><strong>Desafios de condicionamento f\u00edsico<\/strong>:Cortes personalizados podem n\u00e3o favorecer todos os tipos de corpo, exigindo uma sele\u00e7\u00e3o precisa.<\/li>\n<li><strong>Restri\u00e7\u00f5es sazonais<\/strong>: Jeans mais grossos podem parecer pesados em climas quentes.<img loading=\"lazy\" decoding=\"async\" class=\"aligncenter wp-image-5715\" src=\"https:\/\/lydenim.com\/wp-content\/uploads\/2025\/07\/e6328a68798a196a99a9c74941f685fe.jpg\" alt=\"\" width=\"600\" height=\"266\" srcset=\"https:\/\/lydenim.com\/wp-content\/uploads\/2025\/07\/e6328a68798a196a99a9c74941f685fe.jpg 2434w, https:\/\/lydenim.com\/wp-content\/uploads\/2025\/07\/e6328a68798a196a99a9c74941f685fe-300x133.jpg 300w, https:\/\/lydenim.com\/wp-content\/uploads\/2025\/07\/e6328a68798a196a99a9c74941f685fe-1024x454.jpg 1024w, https:\/\/lydenim.com\/wp-content\/uploads\/2025\/07\/e6328a68798a196a99a9c74941f685fe-768x341.jpg 768w, https:\/\/lydenim.com\/wp-content\/uploads\/2025\/07\/e6328a68798a196a99a9c74941f685fe-1536x682.jpg 1536w, https:\/\/lydenim.com\/wp-content\/uploads\/2025\/07\/e6328a68798a196a99a9c74941f685fe-2048x909.jpg 2048w, https:\/\/lydenim.com\/wp-content\/uploads\/2025\/07\/e6328a68798a196a99a9c74941f685fe-18x8.jpg 18w, https:\/\/lydenim.com\/wp-content\/uploads\/2025\/07\/e6328a68798a196a99a9c74941f685fe-600x266.jpg 600w, https:\/\/lydenim.com\/wp-content\/uploads\/2025\/07\/e6328a68798a196a99a9c74941f685fe-150x67.jpg 150w\" sizes=\"auto, (max-width: 600px) 100vw, 600px\" \/><\/li>\n<\/ul>\n<h2 dir=\"auto\">Dicas de estilo<\/h2>\n<p dir=\"auto\">As cal\u00e7as jeans femininas brilham em v\u00e1rios cen\u00e1rios com o estilo certo:<\/p>\n<ul dir=\"auto\">\n<li><strong>Vestu\u00e1rio de escrit\u00f3rio<\/strong>: Combine com um blazer e mocassins para um visual elegante e descontra\u00eddo, perfeito para locais de trabalho criativos.\n<p><div id=\"attachment_5714\" style=\"width: 610px\" class=\"wp-caption aligncenter\"><img loading=\"lazy\" decoding=\"async\" aria-describedby=\"caption-attachment-5714\" class=\"wp-image-5714\" src=\"https:\/\/lydenim.com\/wp-content\/uploads\/2025\/07\/a1a2372e41ef60d92effeea328e01739.jpg\" alt=\"\" width=\"600\" height=\"800\" srcset=\"https:\/\/lydenim.com\/wp-content\/uploads\/2025\/07\/a1a2372e41ef60d92effeea328e01739.jpg 1668w, https:\/\/lydenim.com\/wp-content\/uploads\/2025\/07\/a1a2372e41ef60d92effeea328e01739-225x300.jpg 225w, https:\/\/lydenim.com\/wp-content\/uploads\/2025\/07\/a1a2372e41ef60d92effeea328e01739-768x1024.jpg 768w, https:\/\/lydenim.com\/wp-content\/uploads\/2025\/07\/a1a2372e41ef60d92effeea328e01739-1152x1536.jpg 1152w, https:\/\/lydenim.com\/wp-content\/uploads\/2025\/07\/a1a2372e41ef60d92effeea328e01739-1536x2048.jpg 1536w, https:\/\/lydenim.com\/wp-content\/uploads\/2025\/07\/a1a2372e41ef60d92effeea328e01739-9x12.jpg 9w, https:\/\/lydenim.com\/wp-content\/uploads\/2025\/07\/a1a2372e41ef60d92effeea328e01739-600x800.jpg 600w, https:\/\/lydenim.com\/wp-content\/uploads\/2025\/07\/a1a2372e41ef60d92effeea328e01739-150x200.jpg 150w\" sizes=\"auto, (max-width: 600px) 100vw, 600px\" \/><p id=\"caption-attachment-5714\" class=\"wp-caption-text\">Cal\u00e7as jeans femininas para escrit\u00f3rio, sugest\u00f5es<\/p><\/div><\/li>\n<li><strong>Eventos sociais<\/strong>: Combine com uma blusa de seda e saltos para um toque elegante em jantares ou galerias.\n<p><div id=\"attachment_5709\" style=\"width: 610px\" class=\"wp-caption aligncenter\"><img loading=\"lazy\" decoding=\"async\" aria-describedby=\"caption-attachment-5709\" class=\"wp-image-5709\" src=\"https:\/\/lydenim.com\/wp-content\/uploads\/2025\/07\/028058bad94f37837dc93a1802edb51f.jpg\" alt=\"\" width=\"600\" height=\"870\" srcset=\"https:\/\/lydenim.com\/wp-content\/uploads\/2025\/07\/028058bad94f37837dc93a1802edb51f.jpg 1433w, https:\/\/lydenim.com\/wp-content\/uploads\/2025\/07\/028058bad94f37837dc93a1802edb51f-207x300.jpg 207w, https:\/\/lydenim.com\/wp-content\/uploads\/2025\/07\/028058bad94f37837dc93a1802edb51f-706x1024.jpg 706w, https:\/\/lydenim.com\/wp-content\/uploads\/2025\/07\/028058bad94f37837dc93a1802edb51f-768x1114.jpg 768w, https:\/\/lydenim.com\/wp-content\/uploads\/2025\/07\/028058bad94f37837dc93a1802edb51f-1059x1536.jpg 1059w, https:\/\/lydenim.com\/wp-content\/uploads\/2025\/07\/028058bad94f37837dc93a1802edb51f-1412x2048.jpg 1412w, https:\/\/lydenim.com\/wp-content\/uploads\/2025\/07\/028058bad94f37837dc93a1802edb51f-8x12.jpg 8w, https:\/\/lydenim.com\/wp-content\/uploads\/2025\/07\/028058bad94f37837dc93a1802edb51f-600x870.jpg 600w, https:\/\/lydenim.com\/wp-content\/uploads\/2025\/07\/028058bad94f37837dc93a1802edb51f-150x218.jpg 150w\" sizes=\"auto, (max-width: 600px) 100vw, 600px\" \/><p id=\"caption-attachment-5709\" class=\"wp-caption-text\">Cal\u00e7as Jeans Femininas Eventos Sociais, sugest\u00f5es<\/p><\/div><\/li>\n<li><strong>Passeios casuais<\/strong>: Combine com uma camiseta estampada e t\u00eanis brancos para um visual descontra\u00eddo.\n<p><div id=\"attachment_5711\" style=\"width: 610px\" class=\"wp-caption aligncenter\"><img loading=\"lazy\" decoding=\"async\" aria-describedby=\"caption-attachment-5711\" class=\"wp-image-5711\" src=\"https:\/\/lydenim.com\/wp-content\/uploads\/2025\/07\/088014feccd350e887e72094e0735ab9.jpg\" alt=\"\" width=\"600\" height=\"800\" srcset=\"https:\/\/lydenim.com\/wp-content\/uploads\/2025\/07\/088014feccd350e887e72094e0735ab9.jpg 1668w, https:\/\/lydenim.com\/wp-content\/uploads\/2025\/07\/088014feccd350e887e72094e0735ab9-225x300.jpg 225w, https:\/\/lydenim.com\/wp-content\/uploads\/2025\/07\/088014feccd350e887e72094e0735ab9-768x1024.jpg 768w, https:\/\/lydenim.com\/wp-content\/uploads\/2025\/07\/088014feccd350e887e72094e0735ab9-1152x1536.jpg 1152w, https:\/\/lydenim.com\/wp-content\/uploads\/2025\/07\/088014feccd350e887e72094e0735ab9-1536x2048.jpg 1536w, https:\/\/lydenim.com\/wp-content\/uploads\/2025\/07\/088014feccd350e887e72094e0735ab9-9x12.jpg 9w, https:\/\/lydenim.com\/wp-content\/uploads\/2025\/07\/088014feccd350e887e72094e0735ab9-600x800.jpg 600w, https:\/\/lydenim.com\/wp-content\/uploads\/2025\/07\/088014feccd350e887e72094e0735ab9-150x200.jpg 150w\" sizes=\"auto, (max-width: 600px) 100vw, 600px\" \/><p id=\"caption-attachment-5711\" class=\"wp-caption-text\">Passeios casuais com jeans feminino, sugest\u00f5es<\/p><\/div><\/li>\n<li><strong>Traje de viagem<\/strong>: Use com uma jaqueta ou su\u00e9ter para conforto e estilo em qualquer lugar.\n<p><div id=\"attachment_5710\" style=\"width: 610px\" class=\"wp-caption aligncenter\"><img loading=\"lazy\" decoding=\"async\" aria-describedby=\"caption-attachment-5710\" class=\"wp-image-5710\" src=\"https:\/\/lydenim.com\/wp-content\/uploads\/2025\/07\/77004b30cda91ad63f6072bf3c02a690.jpg\" alt=\"\" width=\"600\" height=\"400\" srcset=\"https:\/\/lydenim.com\/wp-content\/uploads\/2025\/07\/77004b30cda91ad63f6072bf3c02a690.jpg 1668w, https:\/\/lydenim.com\/wp-content\/uploads\/2025\/07\/77004b30cda91ad63f6072bf3c02a690-300x200.jpg 300w, https:\/\/lydenim.com\/wp-content\/uploads\/2025\/07\/77004b30cda91ad63f6072bf3c02a690-1024x683.jpg 1024w, https:\/\/lydenim.com\/wp-content\/uploads\/2025\/07\/77004b30cda91ad63f6072bf3c02a690-768x512.jpg 768w, https:\/\/lydenim.com\/wp-content\/uploads\/2025\/07\/77004b30cda91ad63f6072bf3c02a690-1536x1024.jpg 1536w, https:\/\/lydenim.com\/wp-content\/uploads\/2025\/07\/77004b30cda91ad63f6072bf3c02a690-18x12.jpg 18w, https:\/\/lydenim.com\/wp-content\/uploads\/2025\/07\/77004b30cda91ad63f6072bf3c02a690-600x400.jpg 600w, https:\/\/lydenim.com\/wp-content\/uploads\/2025\/07\/77004b30cda91ad63f6072bf3c02a690-150x100.jpg 150w\" sizes=\"auto, (max-width: 600px) 100vw, 600px\" \/><p id=\"caption-attachment-5710\" class=\"wp-caption-text\">Sugest\u00f5es de trajes de viagem jeans femininos<\/p><\/div><\/li>\n<li><strong>Looks de vanguarda<\/strong>: Eleve o visual com acess\u00f3rios ousados, como cintos ou brincos chamativos, para criar um conjunto de destaque.<img loading=\"lazy\" decoding=\"async\" class=\"aligncenter wp-image-5704\" src=\"https:\/\/lydenim.com\/wp-content\/uploads\/2025\/07\/1bb6f247f232cfa93b2e186048cf3587.jpg\" alt=\"\" width=\"600\" height=\"800\" srcset=\"https:\/\/lydenim.com\/wp-content\/uploads\/2025\/07\/1bb6f247f232cfa93b2e186048cf3587.jpg 1080w, https:\/\/lydenim.com\/wp-content\/uploads\/2025\/07\/1bb6f247f232cfa93b2e186048cf3587-225x300.jpg 225w, https:\/\/lydenim.com\/wp-content\/uploads\/2025\/07\/1bb6f247f232cfa93b2e186048cf3587-768x1024.jpg 768w, https:\/\/lydenim.com\/wp-content\/uploads\/2025\/07\/1bb6f247f232cfa93b2e186048cf3587-9x12.jpg 9w, https:\/\/lydenim.com\/wp-content\/uploads\/2025\/07\/1bb6f247f232cfa93b2e186048cf3587-600x800.jpg 600w, https:\/\/lydenim.com\/wp-content\/uploads\/2025\/07\/1bb6f247f232cfa93b2e186048cf3587-150x200.jpg 150w\" sizes=\"auto, (max-width: 600px) 100vw, 600px\" \/><\/li>\n<\/ul>\n<h2 dir=\"auto\">Insights de especialistas e da comunidade<\/h2>\n<ul dir=\"auto\">\n<li><strong>Faiza Bouguessa (fundadora da Bouguessa)<\/strong>: \u201cO estilo perna de barril continuar\u00e1 em alta, oferecendo facilidade e conforto sem abrir m\u00e3o do estilo.\u201d\n<p><div id=\"attachment_5708\" style=\"width: 610px\" class=\"wp-caption aligncenter\"><img loading=\"lazy\" decoding=\"async\" aria-describedby=\"caption-attachment-5708\" class=\"wp-image-5708\" src=\"https:\/\/lydenim.com\/wp-content\/uploads\/2025\/07\/56c91c15cb746a2a14505b5e2b10faba.jpg\" alt=\"\" width=\"600\" height=\"800\" srcset=\"https:\/\/lydenim.com\/wp-content\/uploads\/2025\/07\/56c91c15cb746a2a14505b5e2b10faba.jpg 1668w, https:\/\/lydenim.com\/wp-content\/uploads\/2025\/07\/56c91c15cb746a2a14505b5e2b10faba-225x300.jpg 225w, https:\/\/lydenim.com\/wp-content\/uploads\/2025\/07\/56c91c15cb746a2a14505b5e2b10faba-768x1024.jpg 768w, https:\/\/lydenim.com\/wp-content\/uploads\/2025\/07\/56c91c15cb746a2a14505b5e2b10faba-1152x1536.jpg 1152w, https:\/\/lydenim.com\/wp-content\/uploads\/2025\/07\/56c91c15cb746a2a14505b5e2b10faba-1536x2048.jpg 1536w, https:\/\/lydenim.com\/wp-content\/uploads\/2025\/07\/56c91c15cb746a2a14505b5e2b10faba-9x12.jpg 9w, https:\/\/lydenim.com\/wp-content\/uploads\/2025\/07\/56c91c15cb746a2a14505b5e2b10faba-600x800.jpg 600w, https:\/\/lydenim.com\/wp-content\/uploads\/2025\/07\/56c91c15cb746a2a14505b5e2b10faba-150x200.jpg 150w\" sizes=\"auto, (max-width: 600px) 100vw, 600px\" \/><p id=\"caption-attachment-5708\" class=\"wp-caption-text\">O estilo perna de barril<\/p><\/div><\/li>\n<li><strong>Laurel Pantin (Escritora e Consultora de Marca)<\/strong>:\u201cO jeans \u00e9 uma base vers\u00e1til para qualquer guarda-roupa e dur\u00e1vel com os devidos cuidados.\u201d<\/li>\n<li><strong>Heuritech (Plataforma de Tend\u00eancias de Moda)<\/strong>: \u201cA personaliza\u00e7\u00e3o por meio de acess\u00f3rios como cintos mant\u00e9m o jeans moderno.\u201d\n<p><div id=\"attachment_5702\" style=\"width: 610px\" class=\"wp-caption aligncenter\"><img loading=\"lazy\" decoding=\"async\" aria-describedby=\"caption-attachment-5702\" class=\"wp-image-5702\" src=\"https:\/\/lydenim.com\/wp-content\/uploads\/2025\/07\/0e3ec98cb1309877f8637a79a5f5b512.jpg\" alt=\"\" width=\"600\" height=\"800\" srcset=\"https:\/\/lydenim.com\/wp-content\/uploads\/2025\/07\/0e3ec98cb1309877f8637a79a5f5b512.jpg 1668w, https:\/\/lydenim.com\/wp-content\/uploads\/2025\/07\/0e3ec98cb1309877f8637a79a5f5b512-225x300.jpg 225w, https:\/\/lydenim.com\/wp-content\/uploads\/2025\/07\/0e3ec98cb1309877f8637a79a5f5b512-768x1024.jpg 768w, https:\/\/lydenim.com\/wp-content\/uploads\/2025\/07\/0e3ec98cb1309877f8637a79a5f5b512-1152x1536.jpg 1152w, https:\/\/lydenim.com\/wp-content\/uploads\/2025\/07\/0e3ec98cb1309877f8637a79a5f5b512-1536x2048.jpg 1536w, https:\/\/lydenim.com\/wp-content\/uploads\/2025\/07\/0e3ec98cb1309877f8637a79a5f5b512-9x12.jpg 9w, https:\/\/lydenim.com\/wp-content\/uploads\/2025\/07\/0e3ec98cb1309877f8637a79a5f5b512-600x800.jpg 600w, https:\/\/lydenim.com\/wp-content\/uploads\/2025\/07\/0e3ec98cb1309877f8637a79a5f5b512-150x200.jpg 150w\" sizes=\"auto, (max-width: 600px) 100vw, 600px\" \/><p id=\"caption-attachment-5702\" class=\"wp-caption-text\">Jeans feminino com cintos<\/p><\/div><\/li>\n<li><strong>Usu\u00e1rio do Reddit u\/stylishguru (r\/femalefashionadvice)<\/strong>:\u201cCal\u00e7as jeans escuras com blusas brancas ou pretas e mocassins funcionam para ocasi\u00f5es semiformais.\u201d<img loading=\"lazy\" decoding=\"async\" class=\"aligncenter wp-image-5707\" src=\"https:\/\/lydenim.com\/wp-content\/uploads\/2025\/07\/6da48d8701b2399e8979dbc8e18b2b73.jpg\" alt=\"\" width=\"600\" height=\"800\" srcset=\"https:\/\/lydenim.com\/wp-content\/uploads\/2025\/07\/6da48d8701b2399e8979dbc8e18b2b73.jpg 1080w, https:\/\/lydenim.com\/wp-content\/uploads\/2025\/07\/6da48d8701b2399e8979dbc8e18b2b73-225x300.jpg 225w, https:\/\/lydenim.com\/wp-content\/uploads\/2025\/07\/6da48d8701b2399e8979dbc8e18b2b73-768x1024.jpg 768w, https:\/\/lydenim.com\/wp-content\/uploads\/2025\/07\/6da48d8701b2399e8979dbc8e18b2b73-9x12.jpg 9w, https:\/\/lydenim.com\/wp-content\/uploads\/2025\/07\/6da48d8701b2399e8979dbc8e18b2b73-600x800.jpg 600w, https:\/\/lydenim.com\/wp-content\/uploads\/2025\/07\/6da48d8701b2399e8979dbc8e18b2b73-150x200.jpg 150w\" sizes=\"auto, (max-width: 600px) 100vw, 600px\" \/><\/li>\n<li><strong>Harper&#039;s Bazaar<\/strong>: \u201cEstilos de jeans ajustados, como jeans skinny, podem moldar tend\u00eancias futuras de cal\u00e7as.\u201d\n<p><div id=\"attachment_5713\" style=\"width: 610px\" class=\"wp-caption aligncenter\"><img loading=\"lazy\" decoding=\"async\" aria-describedby=\"caption-attachment-5713\" class=\"wp-image-5713\" src=\"https:\/\/lydenim.com\/wp-content\/uploads\/2025\/07\/12094300686c123a2f32eacd8337ce14.jpg\" alt=\"\" width=\"600\" height=\"800\" srcset=\"https:\/\/lydenim.com\/wp-content\/uploads\/2025\/07\/12094300686c123a2f32eacd8337ce14.jpg 1668w, https:\/\/lydenim.com\/wp-content\/uploads\/2025\/07\/12094300686c123a2f32eacd8337ce14-225x300.jpg 225w, https:\/\/lydenim.com\/wp-content\/uploads\/2025\/07\/12094300686c123a2f32eacd8337ce14-768x1024.jpg 768w, https:\/\/lydenim.com\/wp-content\/uploads\/2025\/07\/12094300686c123a2f32eacd8337ce14-1152x1536.jpg 1152w, https:\/\/lydenim.com\/wp-content\/uploads\/2025\/07\/12094300686c123a2f32eacd8337ce14-1536x2048.jpg 1536w, https:\/\/lydenim.com\/wp-content\/uploads\/2025\/07\/12094300686c123a2f32eacd8337ce14-9x12.jpg 9w, https:\/\/lydenim.com\/wp-content\/uploads\/2025\/07\/12094300686c123a2f32eacd8337ce14-600x800.jpg 600w, https:\/\/lydenim.com\/wp-content\/uploads\/2025\/07\/12094300686c123a2f32eacd8337ce14-150x200.jpg 150w\" sizes=\"auto, (max-width: 600px) 100vw, 600px\" \/><p id=\"caption-attachment-5713\" class=\"wp-caption-text\">Captura de tela<\/p><\/div><\/li>\n<\/ul>\n<h2 dir=\"auto\">Dicas de cuidados<\/h2>\n<p dir=\"auto\">Preserve suas cal\u00e7as jeans com estas pr\u00e1ticas:<\/p>\n<ul dir=\"auto\">\n<li><strong>Lavar separadamente<\/strong>: Evite que a tinta borre lavando com cores semelhantes.<\/li>\n<li><strong>Lavar do lado avesso<\/strong>: Protege a integridade do tecido e da cor.<\/li>\n<li><strong>Use detergente suave<\/strong>: Evite produtos qu\u00edmicos agressivos que danificam o jeans.<\/li>\n<li><strong>Secar ao ar<\/strong>: Evite a secadora para manter o formato e evitar desbotamento.<\/li>\n<li><strong>Trate as manchas imediatamente<\/strong>: Limpe respingos com um tira-manchas suave.<\/li>\n<\/ul>\n<h2 dir=\"auto\">Potencial de mercado<\/h2>\n<p dir=\"auto\">O mercado de jeans, avaliado em US$ 86,66 bilh\u00f5es em 2024, dever\u00e1 atingir US$ 121,50 bilh\u00f5es at\u00e9 2030, com um CAGR de 5,9%. As cal\u00e7as jeans femininas, especialmente nas cores \u00edndigo e escuro, est\u00e3o surfando nessa onda devido \u00e0 sua versatilidade e estilo. Dados do Google Trends do outono de 2024 mostram um interesse crescente por cal\u00e7as jeans, enquanto as tend\u00eancias da moda sustent\u00e1vel est\u00e3o impulsionando op\u00e7\u00f5es de jeans ecologicamente corretas para compradores ecoconscientes.<\/p>\n<div id=\"attachment_5718\" style=\"width: 610px\" class=\"wp-caption aligncenter\"><img loading=\"lazy\" decoding=\"async\" aria-describedby=\"caption-attachment-5718\" class=\"wp-image-5718\" src=\"https:\/\/lydenim.com\/wp-content\/uploads\/2025\/07\/Denim-Jeans-Market-Value-Projection.jpg\" alt=\"\" width=\"600\" height=\"305\" srcset=\"https:\/\/lydenim.com\/wp-content\/uploads\/2025\/07\/Denim-Jeans-Market-Value-Projection.jpg 1642w, https:\/\/lydenim.com\/wp-content\/uploads\/2025\/07\/Denim-Jeans-Market-Value-Projection-300x152.jpg 300w, https:\/\/lydenim.com\/wp-content\/uploads\/2025\/07\/Denim-Jeans-Market-Value-Projection-1024x520.jpg 1024w, https:\/\/lydenim.com\/wp-content\/uploads\/2025\/07\/Denim-Jeans-Market-Value-Projection-768x390.jpg 768w, https:\/\/lydenim.com\/wp-content\/uploads\/2025\/07\/Denim-Jeans-Market-Value-Projection-1536x780.jpg 1536w, https:\/\/lydenim.com\/wp-content\/uploads\/2025\/07\/Denim-Jeans-Market-Value-Projection-18x9.jpg 18w, https:\/\/lydenim.com\/wp-content\/uploads\/2025\/07\/Denim-Jeans-Market-Value-Projection-600x305.jpg 600w, https:\/\/lydenim.com\/wp-content\/uploads\/2025\/07\/Denim-Jeans-Market-Value-Projection-150x76.jpg 150w\" sizes=\"auto, (max-width: 600px) 100vw, 600px\" \/><p id=\"caption-attachment-5718\" class=\"wp-caption-text\">Proje\u00e7\u00e3o de valor de mercado de jeans<\/p><\/div>\n<h2 dir=\"auto\">Conclus\u00e3o<\/h2>\n<p dir=\"auto\">As cal\u00e7as jeans femininas s\u00e3o mais do que uma tend\u00eancia passageira: s\u00e3o uma pe\u00e7a vers\u00e1til, estilosa e duradoura do guarda-roupa. Com estilo especializado e cuidados adequados, elas combinam com uma ampla gama de ocasi\u00f5es, do trabalho ao lazer. Aproveite sua flexibilidade e fa\u00e7a delas a pe\u00e7a fundamental da sua cole\u00e7\u00e3o de moda.<\/p>\n<h2 dir=\"auto\">Servi\u00e7os de personaliza\u00e7\u00e3o da LYDENIM<\/h2>\n<p dir=\"auto\">\ud83c\udfa8 Quero <strong>tecidos jeans personalizados<\/strong> ou\u00a0 <strong>exclusivo<\/strong> <strong>pe\u00e7a jeans personalizada<\/strong>? A LYDENIM \u00e9 especializada em solu\u00e7\u00f5es personalizadas para atender \u00e0s suas necessidades de design e produ\u00e7\u00e3o.<\/p>\n<p dir=\"auto\">\ud83d\udecd\ufe0f <strong>Explore e inspire-se<\/strong>: Navegue por nossas sele\u00e7\u00f5es de tecidos e descubra ideias de design em <a href=\"https:\/\/lydenim.com\/pt\/\" target=\"_blank\" rel=\"noopener noreferrer nofollow\">LYDenim<\/a>.<\/p>\n<p dir=\"auto\">\ud83c\udf10 <strong>Roupas el\u00e1sticas<\/strong>: Confira nossas ofertas em <a href=\"http:\/\/liangyuantextile.m.en.alibaba.com\" target=\"_blank\" rel=\"noopener noreferrer nofollow\">MeuAlibaba<\/a>. \ud83d\udce9 <strong>Contate-nos<\/strong>: Entre em contato em <a href=\"mailto:malone@lydenim.com\" target=\"_blank\" rel=\"noopener noreferrer nofollow\">malone@lydenim.com<\/a>.<\/p>\n<p dir=\"auto\">Crie sua obra-prima de jeans com LYDENIM - seu parceiro de confian\u00e7a para <strong>tecido el\u00e1stico<\/strong> e <strong>solu\u00e7\u00f5es personalizadas de jeans<\/strong>.<\/p>","protected":false},"excerpt":{"rendered":"<p>Tempo estimado de leitura: ~4 minutos Introdu\u00e7\u00e3o As cal\u00e7as jeans femininas s\u00e3o uma fus\u00e3o estilosa do conforto encontrado em jeans e<\/p>","protected":false},"author":1,"featured_media":5720,"comment_status":"open","ping_status":"open","sticky":false,"template":"","format":"standard","meta":{"two_page_speed":[],"footnotes":""},"categories":[76],"tags":[],"class_list":["post-5614","post","type-post","status-publish","format-standard","has-post-thumbnail","hentry","category-garment"],"aioseo_notices":[],"_links":{"self":[{"href":"https:\/\/lydenim.com\/pt\/wp-json\/wp\/v2\/posts\/5614","targetHints":{"allow":["GET"]}}],"collection":[{"href":"https:\/\/lydenim.com\/pt\/wp-json\/wp\/v2\/posts"}],"about":[{"href":"https:\/\/lydenim.com\/pt\/wp-json\/wp\/v2\/types\/post"}],"author":[{"embeddable":true,"href":"https:\/\/lydenim.com\/pt\/wp-json\/wp\/v2\/users\/1"}],"replies":[{"embeddable":true,"href":"https:\/\/lydenim.com\/pt\/wp-json\/wp\/v2\/comments?post=5614"}],"version-history":[{"count":4,"href":"https:\/\/lydenim.com\/pt\/wp-json\/wp\/v2\/posts\/5614\/revisions"}],"predecessor-version":[{"id":6373,"href":"https:\/\/lydenim.com\/pt\/wp-json\/wp\/v2\/posts\/5614\/revisions\/6373"}],"wp:featuredmedia":[{"embeddable":true,"href":"https:\/\/lydenim.com\/pt\/wp-json\/wp\/v2\/media\/5720"}],"wp:attachment":[{"href":"https:\/\/lydenim.com\/pt\/wp-json\/wp\/v2\/media?parent=5614"}],"wp:term":[{"taxonomy":"category","embeddable":true,"href":"https:\/\/lydenim.com\/pt\/wp-json\/wp\/v2\/categories?post=5614"},{"taxonomy":"post_tag","embeddable":true,"href":"https:\/\/lydenim.com\/pt\/wp-json\/wp\/v2\/tags?post=5614"}],"curies":[{"name":"wp","href":"https:\/\/api.w.org\/{rel}","templated":true}]}}