{"id":5635,"date":"2025-06-30T11:29:37","date_gmt":"2025-06-30T03:29:37","guid":{"rendered":"https:\/\/lydenim.com\/?p=5635"},"modified":"2025-08-24T13:42:15","modified_gmt":"2025-08-24T05:42:15","slug":"designer-jeans","status":"publish","type":"post","link":"https:\/\/lydenim.com\/pt\/jeans-de-grife\/","title":{"rendered":"Jeans de grife: tend\u00eancias da moda para 2025, dicas de estilo e potencial de mercado"},"content":{"rendered":"<h2 data-pm-slice=\"1 1 []\">Tempo estimado de leitura: ~3 minutos<\/h2>\n<h2>Introdu\u00e7\u00e3o<\/h2>\n<p>Os jeans de grife s\u00e3o o auge da moda em 2025, combinando o conforto do denim com a criatividade \u00fanica de designers de ponta. Conhecidos por seus materiais premium, artesanato impec\u00e1vel e designs diferenciados, esses jeans s\u00e3o os favoritos entre os entusiastas da moda. Este artigo explora a tradu\u00e7\u00e3o de palavras-chave, as vantagens e desvantagens dos jeans de grife, cen\u00e1rios de uso, insights de especialistas e da comunidade e seu potencial de mercado, oferecendo um guia completo para os leitores.<img loading=\"lazy\" decoding=\"async\" class=\"aligncenter wp-image-5467\" src=\"https:\/\/lydenim.com\/wp-content\/uploads\/2025\/06\/2025-Denim-Trends.jpg\" alt=\"\" width=\"600\" height=\"267\" srcset=\"https:\/\/lydenim.com\/wp-content\/uploads\/2025\/06\/2025-Denim-Trends.jpg 2502w, https:\/\/lydenim.com\/wp-content\/uploads\/2025\/06\/2025-Denim-Trends-300x133.jpg 300w, https:\/\/lydenim.com\/wp-content\/uploads\/2025\/06\/2025-Denim-Trends-1024x455.jpg 1024w, https:\/\/lydenim.com\/wp-content\/uploads\/2025\/06\/2025-Denim-Trends-768x341.jpg 768w, https:\/\/lydenim.com\/wp-content\/uploads\/2025\/06\/2025-Denim-Trends-1536x683.jpg 1536w, https:\/\/lydenim.com\/wp-content\/uploads\/2025\/06\/2025-Denim-Trends-2048x910.jpg 2048w, https:\/\/lydenim.com\/wp-content\/uploads\/2025\/06\/2025-Denim-Trends-18x8.jpg 18w, https:\/\/lydenim.com\/wp-content\/uploads\/2025\/06\/2025-Denim-Trends-600x267.jpg 600w, https:\/\/lydenim.com\/wp-content\/uploads\/2025\/06\/2025-Denim-Trends-150x67.jpg 150w\" sizes=\"auto, (max-width: 600px) 100vw, 600px\" \/><\/p>\n<h2>Tend\u00eancias da moda jeans de grife para 2025<\/h2>\n<p>Os jeans de grife de 2025 est\u00e3o adotando estilos nost\u00e1lgicos, com diversas tend\u00eancias importantes surgindo:<\/p>\n<ul>\n<li><strong>Cal\u00e7a Jeans Barril<\/strong>:Estes jeans de pernas largas oferecem um equil\u00edbrio entre conforto e estilo, endossados por celebridades como Blake Lively e Julianne Moore.<img loading=\"lazy\" decoding=\"async\" class=\"aligncenter wp-image-5110\" src=\"https:\/\/lydenim.com\/wp-content\/uploads\/2025\/05\/IMG_5650.jpg\" alt=\"\" width=\"600\" height=\"800\" srcset=\"https:\/\/lydenim.com\/wp-content\/uploads\/2025\/05\/IMG_5650.jpg 750w, https:\/\/lydenim.com\/wp-content\/uploads\/2025\/05\/IMG_5650-225x300.jpg 225w, https:\/\/lydenim.com\/wp-content\/uploads\/2025\/05\/IMG_5650-9x12.jpg 9w, https:\/\/lydenim.com\/wp-content\/uploads\/2025\/05\/IMG_5650-600x800.jpg 600w, https:\/\/lydenim.com\/wp-content\/uploads\/2025\/05\/IMG_5650-150x200.jpg 150w\" sizes=\"auto, (max-width: 600px) 100vw, 600px\" \/><\/li>\n<li><strong>Cal\u00e7a Jeans Bootcut<\/strong>: Um cl\u00e1ssico dos anos 70 com caimento justo e apelo retr\u00f4, perfeito para looks elegantes.<img loading=\"lazy\" decoding=\"async\" class=\"aligncenter wp-image-5158\" src=\"https:\/\/lydenim.com\/wp-content\/uploads\/2025\/05\/18741747712009_.pic_.jpg\" alt=\"\" width=\"600\" height=\"799\" srcset=\"https:\/\/lydenim.com\/wp-content\/uploads\/2025\/05\/18741747712009_.pic_.jpg 1280w, https:\/\/lydenim.com\/wp-content\/uploads\/2025\/05\/18741747712009_.pic_-225x300.jpg 225w, https:\/\/lydenim.com\/wp-content\/uploads\/2025\/05\/18741747712009_.pic_-769x1024.jpg 769w, https:\/\/lydenim.com\/wp-content\/uploads\/2025\/05\/18741747712009_.pic_-768x1023.jpg 768w, https:\/\/lydenim.com\/wp-content\/uploads\/2025\/05\/18741747712009_.pic_-1153x1536.jpg 1153w, https:\/\/lydenim.com\/wp-content\/uploads\/2025\/05\/18741747712009_.pic_-9x12.jpg 9w, https:\/\/lydenim.com\/wp-content\/uploads\/2025\/05\/18741747712009_.pic_-600x799.jpg 600w, https:\/\/lydenim.com\/wp-content\/uploads\/2025\/05\/18741747712009_.pic_-150x200.jpg 150w\" sizes=\"auto, (max-width: 600px) 100vw, 600px\" \/><\/li>\n<li><strong>Estilos Y2K<\/strong>:Designs baixos com elementos decorativos como padr\u00f5es florais ou bordados est\u00e3o voltando \u00e0 moda.<\/li>\n<li><img loading=\"lazy\" decoding=\"async\" class=\"wp-image-4991 aligncenter\" src=\"https:\/\/lydenim.com\/wp-content\/uploads\/2025\/05\/YProject-Spring-2024-Ready-To-Wear.jpg\" alt=\"\" width=\"600\" height=\"648\" srcset=\"https:\/\/lydenim.com\/wp-content\/uploads\/2025\/05\/YProject-Spring-2024-Ready-To-Wear.jpg 832w, https:\/\/lydenim.com\/wp-content\/uploads\/2025\/05\/YProject-Spring-2024-Ready-To-Wear-278x300.jpg 278w, https:\/\/lydenim.com\/wp-content\/uploads\/2025\/05\/YProject-Spring-2024-Ready-To-Wear-768x829.jpg 768w, https:\/\/lydenim.com\/wp-content\/uploads\/2025\/05\/YProject-Spring-2024-Ready-To-Wear-11x12.jpg 11w, https:\/\/lydenim.com\/wp-content\/uploads\/2025\/05\/YProject-Spring-2024-Ready-To-Wear-600x648.jpg 600w, https:\/\/lydenim.com\/wp-content\/uploads\/2025\/05\/YProject-Spring-2024-Ready-To-Wear-150x162.jpg 150w\" sizes=\"auto, (max-width: 600px) 100vw, 600px\" \/><\/li>\n<li><strong>Denim cru<\/strong>: Jeans sem lavar est\u00e3o na moda por seu desbotamento natural, oferecendo um visual personalizado.<\/li>\n<\/ul>\n<h2>Vantagens dos jeans de grife<\/h2>\n<p>Os jeans de grife s\u00e3o valorizados por suas qualidades \u00fanicas:<\/p>\n<ul>\n<li><strong>Estilo<\/strong>: Eles est\u00e3o alinhados com as tend\u00eancias da moda atual, oferecendo uma apar\u00eancia chique e vanguardista.<\/li>\n<li><strong>Materiais<\/strong>: Feito de jeans premium, algod\u00e3o org\u00e2nico e elastano para maior conforto e durabilidade.<\/li>\n<li><strong>Conforto e ajuste<\/strong>: Os designers priorizam cortes personalizados para um ajuste confort\u00e1vel e elegante.<\/li>\n<li><strong>Durabilidade<\/strong>: Materiais de alta qualidade e artesanato garantem longevidade.<\/li>\n<li><strong>Variedade<\/strong>: Dispon\u00edvel em diversas cores, estilos e cortes para atender a v\u00e1rios gostos.<img loading=\"lazy\" decoding=\"async\" class=\"aligncenter wp-image-5637\" src=\"https:\/\/lydenim.com\/wp-content\/uploads\/2025\/06\/Detailed-jeans.jpeg\" alt=\"\" width=\"600\" height=\"600\" srcset=\"https:\/\/lydenim.com\/wp-content\/uploads\/2025\/06\/Detailed-jeans.jpeg 1280w, https:\/\/lydenim.com\/wp-content\/uploads\/2025\/06\/Detailed-jeans-300x300.jpeg 300w, https:\/\/lydenim.com\/wp-content\/uploads\/2025\/06\/Detailed-jeans-1024x1024.jpeg 1024w, https:\/\/lydenim.com\/wp-content\/uploads\/2025\/06\/Detailed-jeans-150x150.jpeg 150w, https:\/\/lydenim.com\/wp-content\/uploads\/2025\/06\/Detailed-jeans-768x768.jpeg 768w, https:\/\/lydenim.com\/wp-content\/uploads\/2025\/06\/Detailed-jeans-12x12.jpeg 12w, https:\/\/lydenim.com\/wp-content\/uploads\/2025\/06\/Detailed-jeans-600x600.jpeg 600w\" sizes=\"auto, (max-width: 600px) 100vw, 600px\" \/><\/li>\n<\/ul>\n<h2>Desvantagens dos jeans de grife<\/h2>\n<p>Apesar do seu apelo, os jeans de grife t\u00eam algumas limita\u00e7\u00f5es:<\/p>\n<ul>\n<li><strong>Custo<\/strong>:Eles s\u00e3o significativamente mais caros e potencialmente fora do alcance de alguns or\u00e7amentos.<\/li>\n<li><strong>Manuten\u00e7\u00e3o<\/strong>: Requerem cuidados especiais para manter a qualidade e a apar\u00eancia.<\/li>\n<li><strong>Uso di\u00e1rio limitado<\/strong>:Alguns estilos podem ser muito formais ou pouco pr\u00e1ticos para uso di\u00e1rio.<\/li>\n<\/ul>\n<h2>Cen\u00e1rios de uso<\/h2>\n<p>Jeans de grife s\u00e3o vers\u00e1teis para v\u00e1rios ambientes:<\/p>\n<ul>\n<li><strong>Vestu\u00e1rio de escrit\u00f3rio<\/strong>: Combine com uma blusa e sapatilhas para um visual profissional em locais de trabalho criativos, como empresas de publicidade ou design.<\/li>\n<li><strong>Eventos sociais<\/strong>: Combine com um top de seda e saltos para jantares ou exposi\u00e7\u00f5es de arte.<\/li>\n<li><strong>Passeios casuais<\/strong>: Use com uma camiseta estampada e t\u00eanis para fazer compras ou encontros.<\/li>\n<li><strong>Traje de viagem<\/strong>: Use com uma jaqueta ou su\u00e9ter para conforto e estilo em viagens longas.<\/li>\n<li><strong>Festas de Moda<\/strong>: Use acess\u00f3rios ousados, como cintos ou brincos grandes, para um visual moderno.<img loading=\"lazy\" decoding=\"async\" class=\"size-full wp-image-5011 aligncenter\" src=\"https:\/\/lydenim.com\/wp-content\/uploads\/2025\/05\/DM_20250505014945_020-e1746516393120.jpg\" alt=\"SACAI \/ PRIMAVERA 2025 PR\u00c9-VESTIR\" width=\"600\" height=\"567\" srcset=\"https:\/\/lydenim.com\/wp-content\/uploads\/2025\/05\/DM_20250505014945_020-e1746516393120.jpg 600w, https:\/\/lydenim.com\/wp-content\/uploads\/2025\/05\/DM_20250505014945_020-e1746516393120-300x284.jpg 300w, https:\/\/lydenim.com\/wp-content\/uploads\/2025\/05\/DM_20250505014945_020-e1746516393120-13x12.jpg 13w, https:\/\/lydenim.com\/wp-content\/uploads\/2025\/05\/DM_20250505014945_020-e1746516393120-150x142.jpg 150w\" sizes=\"auto, (max-width: 600px) 100vw, 600px\" \/><img loading=\"lazy\" decoding=\"async\" class=\"size-full wp-image-5002 aligncenter\" src=\"https:\/\/lydenim.com\/wp-content\/uploads\/2025\/05\/DM_20250505014945_009-e1746515390394.jpg\" alt=\"BALENCIAGA \/ PRIMAVERA 2025 PR\u00c9-VESTIR\" width=\"600\" height=\"863\" \/><\/li>\n<\/ul>\n<h2>Insights de especialistas e da comunidade<\/h2>\n<p>Aqui est\u00e3o alguns insights espec\u00edficos de especialistas e comunidades de moda:<\/p>\n<ul>\n<li><strong>Faiza Bouguessa (fundadora da Bouguessa)<\/strong>:\u201cA cal\u00e7a jeans estilo barril continuar\u00e1 popular, oferecendo conforto e estilo.\u201d<\/li>\n<li><strong>Laurel Pantin (Escritora e Consultora de Marca)<\/strong>:\u201cOs jeans s\u00e3o a base de qualquer guarda-roupa, oferecendo versatilidade e durabilidade.\u201d<\/li>\n<li><strong>Heuritech (Plataforma de Tend\u00eancias de Moda)<\/strong>: \u201cPersonalizar jeans com acess\u00f3rios como cintos d\u00e1 um visual moderno.\u201d<\/li>\n<li><strong>Usu\u00e1rio do Reddit u\/stylishguru (r\/malefashionadvice)<\/strong>:\u201cCal\u00e7as jeans escuras com blusas brancas ou pretas s\u00e3o perfeitas para ocasi\u00f5es semiformais, complementadas com mocassins.\u201d<\/li>\n<li><strong>Harper&#039;s Bazaar<\/strong>:\u201cOs designers est\u00e3o se inclinando para estilos ajustados, potencialmente moldando as tend\u00eancias futuras do jeans.\u201d<\/li>\n<\/ul>\n<h2>Dicas de cuidados<\/h2>\n<p>Para prolongar a vida \u00fatil dos jeans de grife, siga estas pr\u00e1ticas de cuidado:<\/p>\n<ul>\n<li><strong>Lavar separadamente<\/strong>: Limpe com cores semelhantes para evitar transfer\u00eancia de tinta<\/li>\n<li><strong>Lavar do lado avesso<\/strong>: Protege o tecido e a cor<\/li>\n<li><strong>Use detergente suave<\/strong>: Evite produtos qu\u00edmicos agressivos<\/li>\n<li><strong>Secar ao ar<\/strong>: Evite a secagem em altas temperaturas para manter a forma e a cor<\/li>\n<li><strong>Trate as manchas imediatamente<\/strong>: Use um tira-manchas suave\n<div id=\"attachment_5644\" style=\"width: 610px\" class=\"wp-caption aligncenter\"><img loading=\"lazy\" decoding=\"async\" aria-describedby=\"caption-attachment-5644\" class=\"wp-image-5644\" src=\"https:\/\/lydenim.com\/wp-content\/uploads\/2025\/06\/\u725b\u4ed4\u4fdd\u517b1.jpg\" alt=\"\" width=\"600\" height=\"401\" srcset=\"https:\/\/lydenim.com\/wp-content\/uploads\/2025\/06\/\u725b\u4ed4\u4fdd\u517b1.jpg 1420w, https:\/\/lydenim.com\/wp-content\/uploads\/2025\/06\/\u725b\u4ed4\u4fdd\u517b1-300x200.jpg 300w, https:\/\/lydenim.com\/wp-content\/uploads\/2025\/06\/\u725b\u4ed4\u4fdd\u517b1-1024x684.jpg 1024w, https:\/\/lydenim.com\/wp-content\/uploads\/2025\/06\/\u725b\u4ed4\u4fdd\u517b1-768x513.jpg 768w, https:\/\/lydenim.com\/wp-content\/uploads\/2025\/06\/\u725b\u4ed4\u4fdd\u517b1-18x12.jpg 18w, https:\/\/lydenim.com\/wp-content\/uploads\/2025\/06\/\u725b\u4ed4\u4fdd\u517b1-600x401.jpg 600w, https:\/\/lydenim.com\/wp-content\/uploads\/2025\/06\/\u725b\u4ed4\u4fdd\u517b1-150x100.jpg 150w\" sizes=\"auto, (max-width: 600px) 100vw, 600px\" \/><p id=\"caption-attachment-5644\" class=\"wp-caption-text\">Manuten\u00e7\u00e3o de jeans jeans 1<\/p><\/div>\n<p><div id=\"attachment_5645\" style=\"width: 610px\" class=\"wp-caption aligncenter\"><img loading=\"lazy\" decoding=\"async\" aria-describedby=\"caption-attachment-5645\" class=\"wp-image-5645\" src=\"https:\/\/lydenim.com\/wp-content\/uploads\/2025\/06\/\u725b\u4ed4\u4fdd\u517b2.jpg\" alt=\"\" width=\"600\" height=\"401\" srcset=\"https:\/\/lydenim.com\/wp-content\/uploads\/2025\/06\/\u725b\u4ed4\u4fdd\u517b2.jpg 1416w, https:\/\/lydenim.com\/wp-content\/uploads\/2025\/06\/\u725b\u4ed4\u4fdd\u517b2-300x200.jpg 300w, https:\/\/lydenim.com\/wp-content\/uploads\/2025\/06\/\u725b\u4ed4\u4fdd\u517b2-1024x684.jpg 1024w, https:\/\/lydenim.com\/wp-content\/uploads\/2025\/06\/\u725b\u4ed4\u4fdd\u517b2-768x513.jpg 768w, https:\/\/lydenim.com\/wp-content\/uploads\/2025\/06\/\u725b\u4ed4\u4fdd\u517b2-18x12.jpg 18w, https:\/\/lydenim.com\/wp-content\/uploads\/2025\/06\/\u725b\u4ed4\u4fdd\u517b2-600x401.jpg 600w, https:\/\/lydenim.com\/wp-content\/uploads\/2025\/06\/\u725b\u4ed4\u4fdd\u517b2-150x100.jpg 150w\" sizes=\"auto, (max-width: 600px) 100vw, 600px\" \/><p id=\"caption-attachment-5645\" class=\"wp-caption-text\">Manuten\u00e7\u00e3o de jeans jeans 2<\/p><\/div><\/li>\n<\/ul>\n<h2>Potencial de mercado<\/h2>\n<p>De acordo com <a href=\"https:\/\/www.grandviewresearch.com\/\">Pesquisa Grand View<\/a>O mercado global de jeans foi avaliado em US$ 86,66 bilh\u00f5es em 2024 e a proje\u00e7\u00e3o \u00e9 de que atinja US$ 121,50 bilh\u00f5es at\u00e9 2030, com um CAGR de 5,9%. Jeans de grife, principalmente de marcas de luxo, s\u00e3o muito procurados devido \u00e0 sua versatilidade e estilo. Dados do Google Trends indicam um aumento significativo nas buscas por jeans no outono de 2024. A ascens\u00e3o da moda sustent\u00e1vel impulsiona ainda mais os jeans de grife ecologicamente corretos, com marcas como Stella McCartney e Rag &amp; Bone liderando por meio de programas de produ\u00e7\u00e3o e reciclagem sustent\u00e1veis.<\/p>\n<h2>Conclus\u00e3o<\/h2>\n<p>Jeans de grife n\u00e3o s\u00e3o apenas uma declara\u00e7\u00e3o de moda; s\u00e3o um item essencial para o guarda-roupa de 2025, vers\u00e1til, dur\u00e1vel e atemporal. Seguindo dicas de estilo e cuidados de especialistas, voc\u00ea pode maximizar o uso dessas pe\u00e7as de alta qualidade para diversas ocasi\u00f5es. Seja para o trabalho, eventos sociais ou passeios casuais, os jeans de grife oferecem flexibilidade e estilo incompar\u00e1veis.<\/p>\n<h2 dir=\"auto\">Servi\u00e7os de personaliza\u00e7\u00e3o da LYDENIM<\/h2>\n<p dir=\"auto\">\ud83c\udfa8 Quero <strong>tecidos jeans personalizados<\/strong> ou\u00a0 <strong>exclusivo<\/strong> <strong>pe\u00e7a jeans personalizada<\/strong>? A LYDENIM \u00e9 especializada em solu\u00e7\u00f5es personalizadas para atender \u00e0s suas necessidades de design e produ\u00e7\u00e3o.<\/p>\n<p dir=\"auto\">\ud83d\udecd\ufe0f <strong>Explore e inspire-se<\/strong>: Navegue por nossas sele\u00e7\u00f5es de tecidos e descubra ideias de design em <a href=\"https:\/\/lydenim.com\/pt\/\" target=\"_blank\" rel=\"noopener noreferrer nofollow\">LYDenim<\/a>.<\/p>\n<p dir=\"auto\">\ud83c\udf10 <strong>Roupas el\u00e1sticas<\/strong>: Confira nossas ofertas em <a href=\"http:\/\/liangyuantextile.m.en.alibaba.com\" target=\"_blank\" rel=\"noopener noreferrer nofollow\">MeuAlibaba<\/a>. \ud83d\udce9 <strong>Contate-nos<\/strong>: Entre em contato em <a href=\"mailto:malone@lydenim.com\" target=\"_blank\" rel=\"noopener noreferrer nofollow\">malone@lydenim.com<\/a>.<\/p>\n<p dir=\"auto\">Crie sua obra-prima de jeans com LYDENIM - seu parceiro de confian\u00e7a para <strong>tecido el\u00e1stico<\/strong> e <strong>solu\u00e7\u00f5es personalizadas de jeans<\/strong>.<\/p>","protected":false},"excerpt":{"rendered":"<p>Tempo estimado de leitura: ~3 minutos Introdu\u00e7\u00e3o Os jeans de grife s\u00e3o o auge da moda em 2025, combinando o conforto do denim<\/p>","protected":false},"author":1,"featured_media":5691,"comment_status":"open","ping_status":"open","sticky":false,"template":"","format":"standard","meta":{"two_page_speed":[],"footnotes":""},"categories":[76],"tags":[],"class_list":["post-5635","post","type-post","status-publish","format-standard","has-post-thumbnail","hentry","category-garment"],"aioseo_notices":[],"_links":{"self":[{"href":"https:\/\/lydenim.com\/pt\/wp-json\/wp\/v2\/posts\/5635","targetHints":{"allow":["GET"]}}],"collection":[{"href":"https:\/\/lydenim.com\/pt\/wp-json\/wp\/v2\/posts"}],"about":[{"href":"https:\/\/lydenim.com\/pt\/wp-json\/wp\/v2\/types\/post"}],"author":[{"embeddable":true,"href":"https:\/\/lydenim.com\/pt\/wp-json\/wp\/v2\/users\/1"}],"replies":[{"embeddable":true,"href":"https:\/\/lydenim.com\/pt\/wp-json\/wp\/v2\/comments?post=5635"}],"version-history":[{"count":5,"href":"https:\/\/lydenim.com\/pt\/wp-json\/wp\/v2\/posts\/5635\/revisions"}],"predecessor-version":[{"id":6367,"href":"https:\/\/lydenim.com\/pt\/wp-json\/wp\/v2\/posts\/5635\/revisions\/6367"}],"wp:featuredmedia":[{"embeddable":true,"href":"https:\/\/lydenim.com\/pt\/wp-json\/wp\/v2\/media\/5691"}],"wp:attachment":[{"href":"https:\/\/lydenim.com\/pt\/wp-json\/wp\/v2\/media?parent=5635"}],"wp:term":[{"taxonomy":"category","embeddable":true,"href":"https:\/\/lydenim.com\/pt\/wp-json\/wp\/v2\/categories?post=5635"},{"taxonomy":"post_tag","embeddable":true,"href":"https:\/\/lydenim.com\/pt\/wp-json\/wp\/v2\/tags?post=5635"}],"curies":[{"name":"wp","href":"https:\/\/api.w.org\/{rel}","templated":true}]}}