{"id":5650,"date":"2025-07-01T12:51:56","date_gmt":"2025-07-01T04:51:56","guid":{"rendered":"https:\/\/lydenim.com\/?p=5650"},"modified":"2025-08-24T13:43:03","modified_gmt":"2025-08-24T05:43:03","slug":"twill-vs-denim","status":"publish","type":"post","link":"https:\/\/lydenim.com\/pt\/sarja-vs-jeans\/","title":{"rendered":"Sarja vs. Jeans: O que voc\u00ea precisa saber"},"content":{"rendered":"<h2>Tempo estimado de leitura: ~ 5 minutos<\/h2>\n<h2>Introdu\u00e7\u00e3o<\/h2>\n<p>Jeans e sarja s\u00e3o frequentemente mencionados na moda, especialmente no contexto do jeans. Embora intimamente relacionados, s\u00e3o conceitos distintos. O jeans \u00e9 um tecido de algod\u00e3o espec\u00edfico, tecido com um padr\u00e3o de sarja, enquanto a sarja \u00e9 uma t\u00e9cnica de tecelagem mais ampla, aplic\u00e1vel a diversos materiais. Este artigo explora as diferen\u00e7as entre jeans e sarja, por que a sarja \u00e9 usada para jeans, compara\u00e7\u00f5es com outros tecidos de sarja, suas vantagens e desvantagens, cen\u00e1rios de uso e insights de especialistas, fornecendo um guia completo para os leitores.<\/p>\n<h2>O que \u00e9 Twill?<\/h2>\n<p>Sarja \u00e9 uma trama t\u00eaxtil caracterizada por um padr\u00e3o diagonal, criado pela passagem do fio da trama sobre um ou mais fios de urdume e, em seguida, sob dois ou mais fios de urdume, formando um efeito canelado. Os tecidos de sarja s\u00e3o conhecidos por sua durabilidade, versatilidade e capacidade de ocultar manchas, tornando-os ideais para aplica\u00e7\u00f5es que v\u00e3o desde roupas casuais at\u00e9 estofados. De acordo com <a href=\"https:\/\/www.masterclass.com\/articles\/what-is-twill-fabric-definition-and-characteristics-of-the-popular-twill-weave\">MasterClass<\/a>A sarja \u00e9 um dos tr\u00eas principais tecidos, juntamente com o liso e o cetim, com sua alta contagem de fios contribuindo para sua opacidade e resist\u00eancia.<\/p>\n<div id=\"attachment_3982\" style=\"width: 610px\" class=\"wp-caption aligncenter\"><img loading=\"lazy\" decoding=\"async\" aria-describedby=\"caption-attachment-3982\" class=\"wp-image-3982\" src=\"https:\/\/lydenim.com\/wp-content\/uploads\/2025\/03\/IMG_4206.jpg\" alt=\"Tecido sarja\" width=\"600\" height=\"274\" srcset=\"https:\/\/lydenim.com\/wp-content\/uploads\/2025\/03\/IMG_4206.jpg 1186w, https:\/\/lydenim.com\/wp-content\/uploads\/2025\/03\/IMG_4206-300x137.jpg 300w, https:\/\/lydenim.com\/wp-content\/uploads\/2025\/03\/IMG_4206-1024x468.jpg 1024w, https:\/\/lydenim.com\/wp-content\/uploads\/2025\/03\/IMG_4206-768x351.jpg 768w, https:\/\/lydenim.com\/wp-content\/uploads\/2025\/03\/IMG_4206-18x8.jpg 18w, https:\/\/lydenim.com\/wp-content\/uploads\/2025\/03\/IMG_4206-600x274.jpg 600w, https:\/\/lydenim.com\/wp-content\/uploads\/2025\/03\/IMG_4206-150x69.jpg 150w\" sizes=\"auto, (max-width: 600px) 100vw, 600px\" \/><p id=\"caption-attachment-3982\" class=\"wp-caption-text\">Tecido sarja<\/p><\/div>\n<h2>O que \u00e9 Denim?<\/h2>\n<p>O jeans \u00e9 um tecido de algod\u00e3o robusto, tipicamente tecido com padr\u00e3o sarja, utilizando fios de urdume tingidos com \u00edndigo e fios de trama sem tingimento, resultando em sua ic\u00f4nica apar\u00eancia azul. Comumente usado em jeans, o jeans tamb\u00e9m aparece em jaquetas, saias e bolsas. Sua textura robusta e durabilidade o tornam um item essencial para roupas de trabalho e moda casual. Conforme observado por <a href=\"https:\/\/denimhunters.com\/denim-wiki\/denim-explained\/denim\/\">Ca\u00e7adores de jeans<\/a>, as propriedades exclusivas de desbotamento do jeans permitem que ele desenvolva uma apar\u00eancia personalizada ao longo do tempo.<\/p>\n<div id=\"attachment_3898\" style=\"width: 610px\" class=\"wp-caption aligncenter\"><img loading=\"lazy\" decoding=\"async\" aria-describedby=\"caption-attachment-3898\" class=\"wp-image-3898\" src=\"https:\/\/lydenim.com\/wp-content\/uploads\/2025\/03\/IMG_4196-e1741427174774.jpg\" alt=\"100% Algod\u00e3o Denim\" width=\"600\" height=\"566\" srcset=\"https:\/\/lydenim.com\/wp-content\/uploads\/2025\/03\/IMG_4196-e1741427174774.jpg 317w, https:\/\/lydenim.com\/wp-content\/uploads\/2025\/03\/IMG_4196-e1741427174774-300x283.jpg 300w, https:\/\/lydenim.com\/wp-content\/uploads\/2025\/03\/IMG_4196-e1741427174774-13x12.jpg 13w, https:\/\/lydenim.com\/wp-content\/uploads\/2025\/03\/IMG_4196-e1741427174774-150x141.jpg 150w\" sizes=\"auto, (max-width: 600px) 100vw, 600px\" \/><p id=\"caption-attachment-3898\" class=\"wp-caption-text\">100% Algod\u00e3o Denim<\/p><\/div>\n<h2>Por que a sarja \u00e9 usada em jeans?<\/h2>\n<p>A trama de sarja \u00e9 escolhida para jeans devido a v\u00e1rios benef\u00edcios importantes:<\/p>\n<ol>\n<li><strong>Durabilidade<\/strong>: A estrutura diagonal aumenta a resist\u00eancia ao desgaste, ideal para uso pesado de jeans.<\/li>\n<li><strong>Conforto<\/strong>: A sarja \u00e9 mais macia e flex\u00edvel do que as tramas simples, garantindo conforto ao usu\u00e1rio.<\/li>\n<li><strong>Apelo Est\u00e9tico<\/strong>:As linhas diagonais criam um visual elegante e atemporal.<\/li>\n<li><strong>Resist\u00eancia a manchas<\/strong>: A superf\u00edcie texturizada do Twill esconde manchas, adequada para uso di\u00e1rio.<img loading=\"lazy\" decoding=\"async\" class=\"aligncenter wp-image-5652\" src=\"https:\/\/lydenim.com\/wp-content\/uploads\/2025\/07\/IMG_6872.jpg\" alt=\"\" width=\"600\" height=\"800\" srcset=\"https:\/\/lydenim.com\/wp-content\/uploads\/2025\/07\/IMG_6872.jpg 1800w, https:\/\/lydenim.com\/wp-content\/uploads\/2025\/07\/IMG_6872-225x300.jpg 225w, https:\/\/lydenim.com\/wp-content\/uploads\/2025\/07\/IMG_6872-768x1024.jpg 768w, https:\/\/lydenim.com\/wp-content\/uploads\/2025\/07\/IMG_6872-1152x1536.jpg 1152w, https:\/\/lydenim.com\/wp-content\/uploads\/2025\/07\/IMG_6872-1536x2048.jpg 1536w, https:\/\/lydenim.com\/wp-content\/uploads\/2025\/07\/IMG_6872-9x12.jpg 9w, https:\/\/lydenim.com\/wp-content\/uploads\/2025\/07\/IMG_6872-600x800.jpg 600w, https:\/\/lydenim.com\/wp-content\/uploads\/2025\/07\/IMG_6872-150x200.jpg 150w\" sizes=\"auto, (max-width: 600px) 100vw, 600px\" \/><\/li>\n<\/ol>\n<h2>Tipos de tramas de sarja em jeans<\/h2>\n<p>O jeans utiliza diversas tramas de sarja, cada uma com caracter\u00edsticas distintas:<\/p>\n<ol>\n<li><strong>Sarja \u00e0 direita (RHT)<\/strong>: O mais comum, com diagonais que v\u00e3o do canto inferior esquerdo ao superior direito, usado pela Levi&#039;s por sua durabilidade e visual cl\u00e1ssico.\n<p><div id=\"attachment_5654\" style=\"width: 610px\" class=\"wp-caption aligncenter\"><img loading=\"lazy\" decoding=\"async\" aria-describedby=\"caption-attachment-5654\" class=\"wp-image-5654\" src=\"https:\/\/lydenim.com\/wp-content\/uploads\/2025\/07\/IMG_6874.jpg\" alt=\"\" width=\"600\" height=\"595\" srcset=\"https:\/\/lydenim.com\/wp-content\/uploads\/2025\/07\/IMG_6874.jpg 1179w, https:\/\/lydenim.com\/wp-content\/uploads\/2025\/07\/IMG_6874-300x297.jpg 300w, https:\/\/lydenim.com\/wp-content\/uploads\/2025\/07\/IMG_6874-1024x1015.jpg 1024w, https:\/\/lydenim.com\/wp-content\/uploads\/2025\/07\/IMG_6874-150x149.jpg 150w, https:\/\/lydenim.com\/wp-content\/uploads\/2025\/07\/IMG_6874-768x761.jpg 768w, https:\/\/lydenim.com\/wp-content\/uploads\/2025\/07\/IMG_6874-12x12.jpg 12w, https:\/\/lydenim.com\/wp-content\/uploads\/2025\/07\/IMG_6874-600x595.jpg 600w\" sizes=\"auto, (max-width: 600px) 100vw, 600px\" \/><p id=\"caption-attachment-5654\" class=\"wp-caption-text\">RHT<\/p><\/div><\/li>\n<li><strong>Sarja \u00e0 esquerda (LHT)<\/strong>: Apresenta diagonais do canto inferior direito ao canto superior esquerdo, usadas por Lee para uma est\u00e9tica \u00fanica.\n<p><div id=\"attachment_5653\" style=\"width: 610px\" class=\"wp-caption aligncenter\"><img loading=\"lazy\" decoding=\"async\" aria-describedby=\"caption-attachment-5653\" class=\"wp-image-5653\" src=\"https:\/\/lydenim.com\/wp-content\/uploads\/2025\/07\/IMG_6873.jpg\" alt=\"\" width=\"600\" height=\"593\" srcset=\"https:\/\/lydenim.com\/wp-content\/uploads\/2025\/07\/IMG_6873.jpg 1179w, https:\/\/lydenim.com\/wp-content\/uploads\/2025\/07\/IMG_6873-300x296.jpg 300w, https:\/\/lydenim.com\/wp-content\/uploads\/2025\/07\/IMG_6873-1024x1012.jpg 1024w, https:\/\/lydenim.com\/wp-content\/uploads\/2025\/07\/IMG_6873-768x759.jpg 768w, https:\/\/lydenim.com\/wp-content\/uploads\/2025\/07\/IMG_6873-12x12.jpg 12w, https:\/\/lydenim.com\/wp-content\/uploads\/2025\/07\/IMG_6873-600x593.jpg 600w, https:\/\/lydenim.com\/wp-content\/uploads\/2025\/07\/IMG_6873-150x148.jpg 150w\" sizes=\"auto, (max-width: 600px) 100vw, 600px\" \/><p id=\"caption-attachment-5653\" class=\"wp-caption-text\">LHT<\/p><\/div><\/li>\n<li><strong>Sarja quebrada<\/strong>: Alterna dire\u00e7\u00f5es diagonais para um padr\u00e3o complexo, usado pelo Wrangler para textura diferenciada.<\/li>\n<\/ol>\n<h2>Compara\u00e7\u00e3o entre jeans e outros tecidos de sarja<\/h2>\n<p>Embora o jeans seja um tecido de sarja, outros tecidos de sarja atendem a prop\u00f3sitos diferentes. Aqui est\u00e1 uma compara\u00e7\u00e3o:<\/p>\n<table style=\"height: 167px;\" width=\"1280\">\n<thead>\n<tr>\n<th><strong>Recurso<\/strong><\/th>\n<th><strong>Jeans<\/strong><\/th>\n<th><strong>Cal\u00e7as de algod\u00e3o<\/strong><\/th>\n<th><strong>Gabardine<\/strong><\/th>\n<th><strong>Furar<\/strong><\/th>\n<\/tr>\n<\/thead>\n<tbody>\n<tr>\n<td><strong>Material<\/strong><\/td>\n<td>Normalmente algod\u00e3o 100%, urdume tingido com \u00edndigo<\/td>\n<td>Algod\u00e3o ou mistura de algod\u00e3o, v\u00e1rias cores<\/td>\n<td>Algod\u00e3o, poli\u00e9ster ou mistura, textura fina<\/td>\n<td>Mistura de algod\u00e3o e poli\u00e9ster, resistente<\/td>\n<\/tr>\n<tr>\n<td><strong>Peso<\/strong><\/td>\n<td>Mais pesado, adequado para roupas dur\u00e1veis<\/td>\n<td>Mais leve, ideal para clima quente<\/td>\n<td>M\u00e9dio a claro, para uso formal<\/td>\n<td>Pesado, para roupas de trabalho<\/td>\n<\/tr>\n<tr>\n<td><strong>Apar\u00eancia<\/strong><\/td>\n<td>Desbotamento robusto e \u00fanico<\/td>\n<td>Cores e padr\u00f5es suaves e variados<\/td>\n<td>Fino, resistente a rugas<\/td>\n<td>Resistente, semelhante ao jeans<\/td>\n<\/tr>\n<tr>\n<td><strong>Usos<\/strong><\/td>\n<td>Jeans, jaquetas, roupas de trabalho<\/td>\n<td>Cal\u00e7as e camisas casuais elegantes<\/td>\n<td>Ternos, uniformes, vestidos<\/td>\n<td>Uniformes de trabalho e militares<\/td>\n<\/tr>\n<\/tbody>\n<\/table>\n<h2>Vantagens e desvantagens do jeans em compara\u00e7\u00e3o com outros tecidos de sarja<\/h2>\n<h3>Jeans<\/h3>\n<ul>\n<li><strong>Vantagens<\/strong>:\n<ul>\n<li>Durabilidade excepcional para uso pesado.<\/li>\n<li>Estilo atemporal com desbotamento \u00fanico.<\/li>\n<li>Vers\u00e1til para ambientes casuais e de trabalho.<\/li>\n<\/ul>\n<\/li>\n<li><strong>Desvantagens<\/strong>:\n<ul>\n<li>Inicialmente r\u00edgido, necessitando de amaciamento.<\/li>\n<li>Pode encolher se n\u00e3o for pr\u00e9-lavado.<\/li>\n<li>Op\u00e7\u00f5es de cores limitadas em compara\u00e7\u00e3o com outros tecidos.<\/li>\n<\/ul>\n<\/li>\n<\/ul>\n<h3>Outros tecidos de sarja (por exemplo, chinos, gabardine)<\/h3>\n<ul>\n<li><strong>Vantagens<\/strong>:\n<ul>\n<li>Mais macio e confort\u00e1vel que o jeans.<\/li>\n<li>Maior variedade de cores e padr\u00f5es.<\/li>\n<li>Mais leve, adequado para climas quentes.<\/li>\n<\/ul>\n<\/li>\n<li><strong>Desvantagens<\/strong>:\n<ul>\n<li>Menos dur\u00e1vel que o jeans.<\/li>\n<li>Propenso a enrugar, requer mais cuidado.<\/li>\n<li>N\u00e3o possui a caracter\u00edstica \u00fanica de desbotamento do jeans.<\/li>\n<\/ul>\n<\/li>\n<\/ul>\n<h2>Cen\u00e1rios de uso<\/h2>\n<ul>\n<li><strong>Jeans<\/strong>: Ideal para uso casual, trabalho e atividades ao ar livre onde a durabilidade \u00e9 fundamental, como roupas di\u00e1rias, caminhadas ou trabalho manual.<\/li>\n<li><strong>Cal\u00e7as de algod\u00e3o<\/strong>: Perfeito para ambientes casuais elegantes, como escrit\u00f3rios ou reuni\u00f5es semiformais, combinado com camisas e mocassins.<\/li>\n<li><strong>Gabardine<\/strong>: Adequado para ocasi\u00f5es formais, como ternos ou vestidos, que exigem uma apar\u00eancia lisa e sem rugas.<\/li>\n<li><strong>Furar<\/strong>: Usado em roupas de trabalho ou uniformes militares em ambientes agressivos, como canteiros de obras.<\/li>\n<\/ul>\n<h2>Potencial de mercado<\/h2>\n<p>De acordo com <a href=\"https:\/\/www.grandviewresearch.com\/industry-analysis\/denim-jeans-market\">Pesquisa Grand View<\/a>O mercado global de jeans foi avaliado em US$ 86,66 bilh\u00f5es em 2024 e a proje\u00e7\u00e3o \u00e9 de que atinja US$ 121,50 bilh\u00f5es at\u00e9 2030, com um CAGR de 5,9%. A durabilidade e o estilo cl\u00e1ssico do jeans impulsionam a demanda nos mercados de roupas casuais e de trabalho. Os tecidos de sarja, usados em cal\u00e7as chino, ternos de gabardine e uniformes de trabalho, s\u00e3o igualmente populares por sua versatilidade. Dados do Google Trends indicam um aumento significativo nas buscas por jeans e sarja no outono de 2024, refletindo o interesse do consumidor por tecidos dur\u00e1veis e de alta qualidade. A ascens\u00e3o da moda sustent\u00e1vel impulsiona ainda mais o jeans e a sarja ecologicamente corretos, atraindo consumidores com consci\u00eancia ambiental.<\/p>\n<h2>Dicas de cuidados<\/h2>\n<p>Para prolongar a vida \u00fatil dos tecidos jeans e sarja, siga estas pr\u00e1ticas de cuidado:<\/p>\n<ul>\n<li><strong>Lavar separadamente<\/strong>: Limpe com cores semelhantes para evitar transfer\u00eancia de tinta<\/li>\n<li><strong>Lavar do lado avesso<\/strong>: Protege o tecido e a cor<\/li>\n<li><strong>Use detergente suave<\/strong>: Evite produtos qu\u00edmicos agressivos<\/li>\n<li><strong>Secar ao ar<\/strong>: Evite a secagem em altas temperaturas para manter a forma e a cor<\/li>\n<li><strong>Trate as manchas imediatamente<\/strong>: Use um tira-manchas suave\n<div id=\"attachment_5644\" style=\"width: 610px\" class=\"wp-caption aligncenter\"><img loading=\"lazy\" decoding=\"async\" aria-describedby=\"caption-attachment-5644\" class=\"wp-image-5644\" src=\"https:\/\/lydenim.com\/wp-content\/uploads\/2025\/06\/\u725b\u4ed4\u4fdd\u517b1.jpg\" alt=\"\" width=\"600\" height=\"401\" srcset=\"https:\/\/lydenim.com\/wp-content\/uploads\/2025\/06\/\u725b\u4ed4\u4fdd\u517b1.jpg 1420w, https:\/\/lydenim.com\/wp-content\/uploads\/2025\/06\/\u725b\u4ed4\u4fdd\u517b1-300x200.jpg 300w, https:\/\/lydenim.com\/wp-content\/uploads\/2025\/06\/\u725b\u4ed4\u4fdd\u517b1-1024x684.jpg 1024w, https:\/\/lydenim.com\/wp-content\/uploads\/2025\/06\/\u725b\u4ed4\u4fdd\u517b1-768x513.jpg 768w, https:\/\/lydenim.com\/wp-content\/uploads\/2025\/06\/\u725b\u4ed4\u4fdd\u517b1-18x12.jpg 18w, https:\/\/lydenim.com\/wp-content\/uploads\/2025\/06\/\u725b\u4ed4\u4fdd\u517b1-600x401.jpg 600w, https:\/\/lydenim.com\/wp-content\/uploads\/2025\/06\/\u725b\u4ed4\u4fdd\u517b1-150x100.jpg 150w\" sizes=\"auto, (max-width: 600px) 100vw, 600px\" \/><p id=\"caption-attachment-5644\" class=\"wp-caption-text\">Manuten\u00e7\u00e3o de jeans jeans 1<\/p><\/div>\n<p><div id=\"attachment_5645\" style=\"width: 610px\" class=\"wp-caption aligncenter\"><img loading=\"lazy\" decoding=\"async\" aria-describedby=\"caption-attachment-5645\" class=\"wp-image-5645\" src=\"https:\/\/lydenim.com\/wp-content\/uploads\/2025\/06\/\u725b\u4ed4\u4fdd\u517b2.jpg\" alt=\"\" width=\"600\" height=\"401\" srcset=\"https:\/\/lydenim.com\/wp-content\/uploads\/2025\/06\/\u725b\u4ed4\u4fdd\u517b2.jpg 1416w, https:\/\/lydenim.com\/wp-content\/uploads\/2025\/06\/\u725b\u4ed4\u4fdd\u517b2-300x200.jpg 300w, https:\/\/lydenim.com\/wp-content\/uploads\/2025\/06\/\u725b\u4ed4\u4fdd\u517b2-1024x684.jpg 1024w, https:\/\/lydenim.com\/wp-content\/uploads\/2025\/06\/\u725b\u4ed4\u4fdd\u517b2-768x513.jpg 768w, https:\/\/lydenim.com\/wp-content\/uploads\/2025\/06\/\u725b\u4ed4\u4fdd\u517b2-18x12.jpg 18w, https:\/\/lydenim.com\/wp-content\/uploads\/2025\/06\/\u725b\u4ed4\u4fdd\u517b2-600x401.jpg 600w, https:\/\/lydenim.com\/wp-content\/uploads\/2025\/06\/\u725b\u4ed4\u4fdd\u517b2-150x100.jpg 150w\" sizes=\"auto, (max-width: 600px) 100vw, 600px\" \/><p id=\"caption-attachment-5645\" class=\"wp-caption-text\">Manuten\u00e7\u00e3o de jeans jeans 2<\/p><\/div><\/li>\n<\/ul>\n<h2>Conclus\u00e3o<\/h2>\n<p>O jeans \u00e9 um tecido espec\u00edfico de sarja, enquanto a sarja \u00e9 uma t\u00e9cnica de tecelagem mais ampla, aplic\u00e1vel a diversos materiais. A sarja \u00e9 ideal para jeans devido \u00e0 sua durabilidade, conforto e apelo est\u00e9tico. O jeans se destaca por seu estilo robusto e desbotamento \u00fanico, enquanto outros tecidos de sarja, como chinos e gabardine, oferecem op\u00e7\u00f5es mais suaves e vers\u00e1teis. Entender essas diferen\u00e7as ajuda os consumidores a escolher a roupa certa para suas necessidades e inspira marcas de moda a inovar com esses materiais atemporais.<\/p>\n<h2 dir=\"auto\">Servi\u00e7os de personaliza\u00e7\u00e3o da LYDENIM<\/h2>\n<p dir=\"auto\">\ud83c\udfa8 Quero <strong>tecidos jeans personalizados<\/strong> ou\u00a0 <strong>exclusivo<\/strong> <strong>pe\u00e7a jeans personalizada<\/strong>? A LYDENIM \u00e9 especializada em solu\u00e7\u00f5es personalizadas para atender \u00e0s suas necessidades de design e produ\u00e7\u00e3o.<\/p>\n<p dir=\"auto\">\ud83d\udecd\ufe0f <strong>Explore e inspire-se<\/strong>: Navegue por nossas sele\u00e7\u00f5es de tecidos e descubra ideias de design em <a href=\"https:\/\/lydenim.com\/pt\/\" target=\"_blank\" rel=\"noopener noreferrer nofollow\">LYDenim<\/a>.<\/p>\n<p dir=\"auto\">\ud83c\udf10 <strong>Roupas el\u00e1sticas<\/strong>: Confira nossas ofertas em <a href=\"http:\/\/liangyuantextile.m.en.alibaba.com\" target=\"_blank\" rel=\"noopener noreferrer nofollow\">MeuAlibaba<\/a>. \ud83d\udce9 <strong>Contate-nos<\/strong>: Entre em contato em <a href=\"mailto:malone@lydenim.com\" target=\"_blank\" rel=\"noopener noreferrer nofollow\">malone@lydenim.com<\/a>.<\/p>\n<p dir=\"auto\">Crie sua obra-prima de jeans com LYDENIM - seu parceiro de confian\u00e7a para <strong>tecido el\u00e1stico<\/strong> e <strong>solu\u00e7\u00f5es personalizadas de jeans<\/strong>.<\/p>","protected":false},"excerpt":{"rendered":"<p>Tempo estimado de leitura: ~ 5 minutos Introdu\u00e7\u00e3o O jeans e a sarja s\u00e3o frequentemente mencionados na moda, especialmente no contexto de<\/p>","protected":false},"author":1,"featured_media":5656,"comment_status":"open","ping_status":"open","sticky":false,"template":"","format":"standard","meta":{"two_page_speed":[],"footnotes":""},"categories":[66],"tags":[],"class_list":["post-5650","post","type-post","status-publish","format-standard","has-post-thumbnail","hentry","category-denim-knowledge"],"aioseo_notices":[],"_links":{"self":[{"href":"https:\/\/lydenim.com\/pt\/wp-json\/wp\/v2\/posts\/5650","targetHints":{"allow":["GET"]}}],"collection":[{"href":"https:\/\/lydenim.com\/pt\/wp-json\/wp\/v2\/posts"}],"about":[{"href":"https:\/\/lydenim.com\/pt\/wp-json\/wp\/v2\/types\/post"}],"author":[{"embeddable":true,"href":"https:\/\/lydenim.com\/pt\/wp-json\/wp\/v2\/users\/1"}],"replies":[{"embeddable":true,"href":"https:\/\/lydenim.com\/pt\/wp-json\/wp\/v2\/comments?post=5650"}],"version-history":[{"count":4,"href":"https:\/\/lydenim.com\/pt\/wp-json\/wp\/v2\/posts\/5650\/revisions"}],"predecessor-version":[{"id":6370,"href":"https:\/\/lydenim.com\/pt\/wp-json\/wp\/v2\/posts\/5650\/revisions\/6370"}],"wp:featuredmedia":[{"embeddable":true,"href":"https:\/\/lydenim.com\/pt\/wp-json\/wp\/v2\/media\/5656"}],"wp:attachment":[{"href":"https:\/\/lydenim.com\/pt\/wp-json\/wp\/v2\/media?parent=5650"}],"wp:term":[{"taxonomy":"category","embeddable":true,"href":"https:\/\/lydenim.com\/pt\/wp-json\/wp\/v2\/categories?post=5650"},{"taxonomy":"post_tag","embeddable":true,"href":"https:\/\/lydenim.com\/pt\/wp-json\/wp\/v2\/tags?post=5650"}],"curies":[{"name":"wp","href":"https:\/\/api.w.org\/{rel}","templated":true}]}}