{"id":5657,"date":"2025-07-02T11:05:40","date_gmt":"2025-07-02T03:05:40","guid":{"rendered":"https:\/\/lydenim.com\/?p=5657"},"modified":"2025-08-24T13:43:25","modified_gmt":"2025-08-24T05:43:25","slug":"denim-styles","status":"publish","type":"post","link":"https:\/\/lydenim.com\/pt\/estilos-de-jeans\/","title":{"rendered":"Estilos de jeans: dos tipos de tecido \u00e0s op\u00e7\u00f5es de caimento"},"content":{"rendered":"<h2>Tempo estimado de leitura: ~ 6 minutos<\/h2>\n<h2>Introdu\u00e7\u00e3o<\/h2>\n<p>O jeans \u00e9 um tecido atemporal que ocupa um lugar de destaque na moda global devido \u00e0 sua durabilidade, conforto e estilo ic\u00f4nico. Abrangendo uma ampla gama de tipos de tecido, tramas e cortes, os estilos de jeans oferecem infinitas possibilidades de autoexpress\u00e3o. Das cl\u00e1ssicas cal\u00e7as jeans retas aos designs modernos e largos, o jeans se adapta a diversas necessidades e ocasi\u00f5es. Este artigo explora os tipos de tecido jeans, t\u00e9cnicas de tecelagem, cortes populares, vantagens, desvantagens, cen\u00e1rios de uso, potencial de mercado e insights de especialistas para orientar os leitores na sele\u00e7\u00e3o e no estilo de pe\u00e7as jeans.<\/p>\n<h2>Tipos e tramas de tecidos jeans<\/h2>\n<p>A versatilidade do jeans reside em suas tramas e tratamentos de tecido exclusivos. Abaixo, os principais tipos e caracter\u00edsticas:<\/p>\n<h3><a href=\"https:\/\/lydenim.com\/pt\/padroes-de-tecelagem\/\">Tecidos comuns<\/a><\/h3>\n<ul>\n<li><strong>Tecido sarja<\/strong>: A trama de jeans mais comum, que cria um padr\u00e3o de nervuras diagonais, conhecida por sua durabilidade e apar\u00eancia ic\u00f4nica.\n<p><div id=\"attachment_3982\" style=\"width: 610px\" class=\"wp-caption aligncenter\"><img loading=\"lazy\" decoding=\"async\" aria-describedby=\"caption-attachment-3982\" class=\"wp-image-3982\" src=\"https:\/\/lydenim.com\/wp-content\/uploads\/2025\/03\/IMG_4206.jpg\" alt=\"Tecido sarja\" width=\"600\" height=\"274\" srcset=\"https:\/\/lydenim.com\/wp-content\/uploads\/2025\/03\/IMG_4206.jpg 1186w, https:\/\/lydenim.com\/wp-content\/uploads\/2025\/03\/IMG_4206-300x137.jpg 300w, https:\/\/lydenim.com\/wp-content\/uploads\/2025\/03\/IMG_4206-1024x468.jpg 1024w, https:\/\/lydenim.com\/wp-content\/uploads\/2025\/03\/IMG_4206-768x351.jpg 768w, https:\/\/lydenim.com\/wp-content\/uploads\/2025\/03\/IMG_4206-18x8.jpg 18w, https:\/\/lydenim.com\/wp-content\/uploads\/2025\/03\/IMG_4206-600x274.jpg 600w, https:\/\/lydenim.com\/wp-content\/uploads\/2025\/03\/IMG_4206-150x69.jpg 150w\" sizes=\"auto, (max-width: 600px) 100vw, 600px\" \/><p id=\"caption-attachment-3982\" class=\"wp-caption-text\">Tecido sarja<\/p><\/div><\/li>\n<li><strong>Ponto de tafet\u00e1<\/strong>: Menos comum em jeans, usado em tecidos mais leves como chambray, oferecendo uma estrutura mais simples e equilibrada.\n<p><div id=\"attachment_3981\" style=\"width: 610px\" class=\"wp-caption aligncenter\"><img loading=\"lazy\" decoding=\"async\" aria-describedby=\"caption-attachment-3981\" class=\"wp-image-3981\" src=\"https:\/\/lydenim.com\/wp-content\/uploads\/2025\/03\/\u659c\u7eb9.jpeg\" alt=\"Ponto de tafet\u00e1\" width=\"600\" height=\"301\" srcset=\"https:\/\/lydenim.com\/wp-content\/uploads\/2025\/03\/\u659c\u7eb9.jpeg 1156w, https:\/\/lydenim.com\/wp-content\/uploads\/2025\/03\/\u659c\u7eb9-300x151.jpeg 300w, https:\/\/lydenim.com\/wp-content\/uploads\/2025\/03\/\u659c\u7eb9-1024x514.jpeg 1024w, https:\/\/lydenim.com\/wp-content\/uploads\/2025\/03\/\u659c\u7eb9-768x385.jpeg 768w, https:\/\/lydenim.com\/wp-content\/uploads\/2025\/03\/\u659c\u7eb9-18x9.jpeg 18w, https:\/\/lydenim.com\/wp-content\/uploads\/2025\/03\/\u659c\u7eb9-600x301.jpeg 600w, https:\/\/lydenim.com\/wp-content\/uploads\/2025\/03\/\u659c\u7eb9-150x75.jpeg 150w\" sizes=\"auto, (max-width: 600px) 100vw, 600px\" \/><p id=\"caption-attachment-3981\" class=\"wp-caption-text\">Ponto de tafet\u00e1<\/p><\/div><\/li>\n<li><strong>Sarja quebrada<\/strong>: Uma varia\u00e7\u00e3o de sarja com padr\u00f5es diagonais interrompidos, criando uma textura distinta, frequentemente usada em jeans premium.\n<p><div id=\"attachment_3985\" style=\"width: 610px\" class=\"wp-caption aligncenter\"><img loading=\"lazy\" decoding=\"async\" aria-describedby=\"caption-attachment-3985\" class=\"wp-image-3985\" src=\"https:\/\/lydenim.com\/wp-content\/uploads\/2025\/03\/IMG_4209.jpg\" alt=\"Sarja quebrada\" width=\"600\" height=\"241\" srcset=\"https:\/\/lydenim.com\/wp-content\/uploads\/2025\/03\/IMG_4209.jpg 1178w, https:\/\/lydenim.com\/wp-content\/uploads\/2025\/03\/IMG_4209-300x120.jpg 300w, https:\/\/lydenim.com\/wp-content\/uploads\/2025\/03\/IMG_4209-1024x411.jpg 1024w, https:\/\/lydenim.com\/wp-content\/uploads\/2025\/03\/IMG_4209-768x308.jpg 768w, https:\/\/lydenim.com\/wp-content\/uploads\/2025\/03\/IMG_4209-18x7.jpg 18w, https:\/\/lydenim.com\/wp-content\/uploads\/2025\/03\/IMG_4209-600x241.jpg 600w, https:\/\/lydenim.com\/wp-content\/uploads\/2025\/03\/IMG_4209-150x60.jpg 150w\" sizes=\"auto, (max-width: 600px) 100vw, 600px\" \/><p id=\"caption-attachment-3985\" class=\"wp-caption-text\">Sarja quebrada<\/p><\/div><\/li>\n<li><strong>Sarja espinha de peixe<\/strong>: Forma um padr\u00e3o em forma de V, adicionando um efeito decorativo, comumente visto em jaquetas ou designs especiais.\n<p><div id=\"attachment_3984\" style=\"width: 610px\" class=\"wp-caption aligncenter\"><img loading=\"lazy\" decoding=\"async\" aria-describedby=\"caption-attachment-3984\" class=\"wp-image-3984\" src=\"https:\/\/lydenim.com\/wp-content\/uploads\/2025\/03\/IMG_4208.jpg\" alt=\"Espinha de peixe (derivado de sarja)\" width=\"600\" height=\"225\" srcset=\"https:\/\/lydenim.com\/wp-content\/uploads\/2025\/03\/IMG_4208.jpg 1165w, https:\/\/lydenim.com\/wp-content\/uploads\/2025\/03\/IMG_4208-300x112.jpg 300w, https:\/\/lydenim.com\/wp-content\/uploads\/2025\/03\/IMG_4208-1024x383.jpg 1024w, https:\/\/lydenim.com\/wp-content\/uploads\/2025\/03\/IMG_4208-768x287.jpg 768w, https:\/\/lydenim.com\/wp-content\/uploads\/2025\/03\/IMG_4208-18x7.jpg 18w, https:\/\/lydenim.com\/wp-content\/uploads\/2025\/03\/IMG_4208-600x225.jpg 600w, https:\/\/lydenim.com\/wp-content\/uploads\/2025\/03\/IMG_4208-150x56.jpg 150w\" sizes=\"auto, (max-width: 600px) 100vw, 600px\" \/><p id=\"caption-attachment-3984\" class=\"wp-caption-text\">Espinha de peixe (derivado de sarja)<\/p><\/div><\/li>\n<li><strong>Textura Slub<\/strong>: Apresenta fios irregulares que lembram juntas de bambu, acrescentando interesse visual e t\u00e1til.\n<p><div id=\"attachment_3987\" style=\"width: 610px\" class=\"wp-caption aligncenter\"><img loading=\"lazy\" decoding=\"async\" aria-describedby=\"caption-attachment-3987\" class=\"wp-image-3987\" src=\"https:\/\/lydenim.com\/wp-content\/uploads\/2025\/03\/IMG_4211.jpg\" alt=\"Textura Slub\" width=\"600\" height=\"274\" srcset=\"https:\/\/lydenim.com\/wp-content\/uploads\/2025\/03\/IMG_4211.jpg 1150w, https:\/\/lydenim.com\/wp-content\/uploads\/2025\/03\/IMG_4211-300x137.jpg 300w, https:\/\/lydenim.com\/wp-content\/uploads\/2025\/03\/IMG_4211-1024x467.jpg 1024w, https:\/\/lydenim.com\/wp-content\/uploads\/2025\/03\/IMG_4211-768x351.jpg 768w, https:\/\/lydenim.com\/wp-content\/uploads\/2025\/03\/IMG_4211-18x8.jpg 18w, https:\/\/lydenim.com\/wp-content\/uploads\/2025\/03\/IMG_4211-600x274.jpg 600w, https:\/\/lydenim.com\/wp-content\/uploads\/2025\/03\/IMG_4211-150x68.jpg 150w\" sizes=\"auto, (max-width: 600px) 100vw, 600px\" \/><p id=\"caption-attachment-3987\" class=\"wp-caption-text\">Textura Slub<\/p><\/div><\/li>\n<li><strong>Cross Slub<\/strong>:Com base na adi\u00e7\u00e3o de juntas Slub ao fio de urdume, juntas Slub tamb\u00e9m s\u00e3o adicionadas ao fio de trama, o que obt\u00e9m o efeito de Slub horizontal e vertical.\n<p><div id=\"attachment_4338\" style=\"width: 610px\" class=\"wp-caption aligncenter\"><img loading=\"lazy\" decoding=\"async\" aria-describedby=\"caption-attachment-4338\" class=\"wp-image-4338\" src=\"https:\/\/lydenim.com\/wp-content\/uploads\/2025\/03\/slub.jpg\" alt=\"vagabundo\" width=\"600\" height=\"401\" srcset=\"https:\/\/lydenim.com\/wp-content\/uploads\/2025\/03\/slub.jpg 1045w, https:\/\/lydenim.com\/wp-content\/uploads\/2025\/03\/slub-300x201.jpg 300w, https:\/\/lydenim.com\/wp-content\/uploads\/2025\/03\/slub-1024x685.jpg 1024w, https:\/\/lydenim.com\/wp-content\/uploads\/2025\/03\/slub-768x514.jpg 768w, https:\/\/lydenim.com\/wp-content\/uploads\/2025\/03\/slub-18x12.jpg 18w, https:\/\/lydenim.com\/wp-content\/uploads\/2025\/03\/slub-600x401.jpg 600w, https:\/\/lydenim.com\/wp-content\/uploads\/2025\/03\/slub-150x100.jpg 150w\" sizes=\"auto, (max-width: 600px) 100vw, 600px\" \/><p id=\"caption-attachment-4338\" class=\"wp-caption-text\">vagabundo<\/p><\/div><\/li>\n<li><strong>Denim Terry-Backed<\/strong>: Possui um forro macio, tipo toalha, para maior conforto, usado em jeans especiais.<img loading=\"lazy\" decoding=\"async\" class=\"aligncenter wp-image-5659\" src=\"https:\/\/lydenim.com\/wp-content\/uploads\/2025\/07\/Terry-Backed-Denim.webp\" alt=\"\" width=\"600\" height=\"600\" srcset=\"https:\/\/lydenim.com\/wp-content\/uploads\/2025\/07\/Terry-Backed-Denim.webp 1024w, https:\/\/lydenim.com\/wp-content\/uploads\/2025\/07\/Terry-Backed-Denim-300x300.webp 300w, https:\/\/lydenim.com\/wp-content\/uploads\/2025\/07\/Terry-Backed-Denim-150x150.webp 150w, https:\/\/lydenim.com\/wp-content\/uploads\/2025\/07\/Terry-Backed-Denim-768x768.webp 768w, https:\/\/lydenim.com\/wp-content\/uploads\/2025\/07\/Terry-Backed-Denim-12x12.webp 12w, https:\/\/lydenim.com\/wp-content\/uploads\/2025\/07\/Terry-Backed-Denim-600x600.webp 600w\" sizes=\"auto, (max-width: 600px) 100vw, 600px\" \/><\/li>\n<\/ul>\n<h3>Padr\u00f5es de Trama<\/h3>\n<p>Os tecidos jeans s\u00e3o descritos pela contagem de fios, indicando como a trama se entrela\u00e7a com a urdidura:<\/p>\n<ul>\n<li><strong>Tr\u00eas pe\u00e7as (sarja 3\/1)<\/strong>:A trama passa por cima de tr\u00eas fios de urdume e por baixo de um, formando uma sarja cl\u00e1ssica e dur\u00e1vel, comum em jeans tradicionais.<img loading=\"lazy\" decoding=\"async\" class=\"aligncenter wp-image-5661\" src=\"https:\/\/lydenim.com\/wp-content\/uploads\/2025\/07\/31.jpg\" alt=\"\" width=\"600\" height=\"557\" srcset=\"https:\/\/lydenim.com\/wp-content\/uploads\/2025\/07\/31.jpg 872w, https:\/\/lydenim.com\/wp-content\/uploads\/2025\/07\/31-300x279.jpg 300w, https:\/\/lydenim.com\/wp-content\/uploads\/2025\/07\/31-768x713.jpg 768w, https:\/\/lydenim.com\/wp-content\/uploads\/2025\/07\/31-13x12.jpg 13w, https:\/\/lydenim.com\/wp-content\/uploads\/2025\/07\/31-600x557.jpg 600w, https:\/\/lydenim.com\/wp-content\/uploads\/2025\/07\/31-150x139.jpg 150w\" sizes=\"auto, (max-width: 600px) 100vw, 600px\" \/><\/li>\n<li><strong>Quatro pe\u00e7as (sarja 4\/1)<\/strong>: A trama passa sobre quatro fios de urdume, aumentando a maciez, ideal para estilos mais leves.<img loading=\"lazy\" decoding=\"async\" class=\"aligncenter wp-image-5663\" src=\"https:\/\/lydenim.com\/wp-content\/uploads\/2025\/07\/IMG_5117.jpg\" alt=\"\" width=\"600\" height=\"600\" srcset=\"https:\/\/lydenim.com\/wp-content\/uploads\/2025\/07\/IMG_5117.jpg 2196w, https:\/\/lydenim.com\/wp-content\/uploads\/2025\/07\/IMG_5117-300x300.jpg 300w, https:\/\/lydenim.com\/wp-content\/uploads\/2025\/07\/IMG_5117-1024x1024.jpg 1024w, https:\/\/lydenim.com\/wp-content\/uploads\/2025\/07\/IMG_5117-150x150.jpg 150w, https:\/\/lydenim.com\/wp-content\/uploads\/2025\/07\/IMG_5117-768x768.jpg 768w, https:\/\/lydenim.com\/wp-content\/uploads\/2025\/07\/IMG_5117-1536x1536.jpg 1536w, https:\/\/lydenim.com\/wp-content\/uploads\/2025\/07\/IMG_5117-2048x2048.jpg 2048w, https:\/\/lydenim.com\/wp-content\/uploads\/2025\/07\/IMG_5117-12x12.jpg 12w, https:\/\/lydenim.com\/wp-content\/uploads\/2025\/07\/IMG_5117-600x600.jpg 600w\" sizes=\"auto, (max-width: 600px) 100vw, 600px\" \/><\/li>\n<li><strong>Cinco a Doze Pe\u00e7as<\/strong>: Contagens de fios mais altas s\u00e3o raras e usadas para texturas complexas e especiais.\n<div id=\"attachment_5664\" style=\"width: 610px\" class=\"wp-caption aligncenter\"><img loading=\"lazy\" decoding=\"async\" aria-describedby=\"caption-attachment-5664\" class=\"wp-image-5664\" src=\"https:\/\/lydenim.com\/wp-content\/uploads\/2025\/07\/6\u7247.jpg\" alt=\"\" width=\"600\" height=\"600\" srcset=\"https:\/\/lydenim.com\/wp-content\/uploads\/2025\/07\/6\u7247.jpg 1000w, https:\/\/lydenim.com\/wp-content\/uploads\/2025\/07\/6\u7247-300x300.jpg 300w, https:\/\/lydenim.com\/wp-content\/uploads\/2025\/07\/6\u7247-150x150.jpg 150w, https:\/\/lydenim.com\/wp-content\/uploads\/2025\/07\/6\u7247-768x768.jpg 768w, https:\/\/lydenim.com\/wp-content\/uploads\/2025\/07\/6\u7247-12x12.jpg 12w, https:\/\/lydenim.com\/wp-content\/uploads\/2025\/07\/6\u7247-600x600.jpg 600w\" sizes=\"auto, (max-width: 600px) 100vw, 600px\" \/><p id=\"caption-attachment-5664\" class=\"wp-caption-text\">6<\/p><\/div>\n<p><div id=\"attachment_5665\" style=\"width: 610px\" class=\"wp-caption aligncenter\"><img loading=\"lazy\" decoding=\"async\" aria-describedby=\"caption-attachment-5665\" class=\"wp-image-5665\" src=\"https:\/\/lydenim.com\/wp-content\/uploads\/2025\/07\/8\u7247.jpg\" alt=\"\" width=\"600\" height=\"374\" srcset=\"https:\/\/lydenim.com\/wp-content\/uploads\/2025\/07\/8\u7247.jpg 1248w, https:\/\/lydenim.com\/wp-content\/uploads\/2025\/07\/8\u7247-300x187.jpg 300w, https:\/\/lydenim.com\/wp-content\/uploads\/2025\/07\/8\u7247-1024x638.jpg 1024w, https:\/\/lydenim.com\/wp-content\/uploads\/2025\/07\/8\u7247-768x479.jpg 768w, https:\/\/lydenim.com\/wp-content\/uploads\/2025\/07\/8\u7247-18x12.jpg 18w, https:\/\/lydenim.com\/wp-content\/uploads\/2025\/07\/8\u7247-600x374.jpg 600w, https:\/\/lydenim.com\/wp-content\/uploads\/2025\/07\/8\u7247-150x94.jpg 150w\" sizes=\"auto, (max-width: 600px) 100vw, 600px\" \/><p id=\"caption-attachment-5665\" class=\"wp-caption-text\">8<\/p><\/div><\/li>\n<\/ul>\n<h3>Tecidos jeans especiais<\/h3>\n<ul>\n<li><strong>Selvedge Denim<\/strong>: Possui uma borda com acabamento pr\u00f3prio para evitar desfiamento, associada a um artesanato de alta qualidade.<img loading=\"lazy\" decoding=\"async\" class=\"aligncenter wp-image-5469\" src=\"https:\/\/lydenim.com\/wp-content\/uploads\/2025\/06\/Selvedge-Denim-1-1.jpg\" alt=\"\" width=\"600\" height=\"400\" srcset=\"https:\/\/lydenim.com\/wp-content\/uploads\/2025\/06\/Selvedge-Denim-1-1.jpg 1619w, https:\/\/lydenim.com\/wp-content\/uploads\/2025\/06\/Selvedge-Denim-1-1-300x200.jpg 300w, https:\/\/lydenim.com\/wp-content\/uploads\/2025\/06\/Selvedge-Denim-1-1-1024x683.jpg 1024w, https:\/\/lydenim.com\/wp-content\/uploads\/2025\/06\/Selvedge-Denim-1-1-768x512.jpg 768w, https:\/\/lydenim.com\/wp-content\/uploads\/2025\/06\/Selvedge-Denim-1-1-1536x1025.jpg 1536w, https:\/\/lydenim.com\/wp-content\/uploads\/2025\/06\/Selvedge-Denim-1-1-18x12.jpg 18w, https:\/\/lydenim.com\/wp-content\/uploads\/2025\/06\/Selvedge-Denim-1-1-600x400.jpg 600w, https:\/\/lydenim.com\/wp-content\/uploads\/2025\/06\/Selvedge-Denim-1-1-150x100.jpg 150w\" sizes=\"auto, (max-width: 600px) 100vw, 600px\" \/><\/li>\n<li><strong>Denim cru<\/strong>: Jeans cru que desbota naturalmente com o uso, criando um visual personalizado, popular entre os entusiastas do jeans.\n<p><div id=\"attachment_5443\" style=\"width: 610px\" class=\"wp-caption aligncenter\"><img loading=\"lazy\" decoding=\"async\" aria-describedby=\"caption-attachment-5443\" class=\"wp-image-5443\" src=\"https:\/\/lydenim.com\/wp-content\/uploads\/2025\/06\/Raw-Denim.jpg\" alt=\"\" width=\"600\" height=\"800\" srcset=\"https:\/\/lydenim.com\/wp-content\/uploads\/2025\/06\/Raw-Denim.jpg 1668w, https:\/\/lydenim.com\/wp-content\/uploads\/2025\/06\/Raw-Denim-225x300.jpg 225w, https:\/\/lydenim.com\/wp-content\/uploads\/2025\/06\/Raw-Denim-768x1024.jpg 768w, https:\/\/lydenim.com\/wp-content\/uploads\/2025\/06\/Raw-Denim-1152x1536.jpg 1152w, https:\/\/lydenim.com\/wp-content\/uploads\/2025\/06\/Raw-Denim-1536x2048.jpg 1536w, https:\/\/lydenim.com\/wp-content\/uploads\/2025\/06\/Raw-Denim-9x12.jpg 9w, https:\/\/lydenim.com\/wp-content\/uploads\/2025\/06\/Raw-Denim-600x800.jpg 600w, https:\/\/lydenim.com\/wp-content\/uploads\/2025\/06\/Raw-Denim-150x200.jpg 150w\" sizes=\"auto, (max-width: 600px) 100vw, 600px\" \/><p id=\"caption-attachment-5443\" class=\"wp-caption-text\">Raw-Denim<\/p><\/div><\/li>\n<li><strong>Jeans Stretch<\/strong>: Misturado com elastano ou elastano para flexibilidade e conforto, ideal para estilos ajustados.<img loading=\"lazy\" decoding=\"async\" class=\"aligncenter wp-image-2890\" src=\"https:\/\/lydenim.com\/wp-content\/uploads\/2025\/01\/DSC08102-scaled.jpg\" alt=\"\" width=\"600\" height=\"600\" srcset=\"https:\/\/lydenim.com\/wp-content\/uploads\/2025\/01\/DSC08102-scaled.jpg 2560w, https:\/\/lydenim.com\/wp-content\/uploads\/2025\/01\/DSC08102-300x300.jpg 300w, https:\/\/lydenim.com\/wp-content\/uploads\/2025\/01\/DSC08102-150x150.jpg 150w, https:\/\/lydenim.com\/wp-content\/uploads\/2025\/01\/DSC08102-scaled-600x600.jpg 600w, https:\/\/lydenim.com\/wp-content\/uploads\/2025\/01\/DSC08102-1024x1024.jpg 1024w, https:\/\/lydenim.com\/wp-content\/uploads\/2025\/01\/DSC08102-768x768.jpg 768w, https:\/\/lydenim.com\/wp-content\/uploads\/2025\/01\/DSC08102-1536x1536.jpg 1536w, https:\/\/lydenim.com\/wp-content\/uploads\/2025\/01\/DSC08102-2048x2048.jpg 2048w, https:\/\/lydenim.com\/wp-content\/uploads\/2025\/01\/DSC08102-12x12.jpg 12w\" sizes=\"auto, (max-width: 600px) 100vw, 600px\" \/><\/li>\n<li><strong>Denim org\u00e2nico<\/strong>: Feito de algod\u00e3o org\u00e2nico sem pesticidas sint\u00e9ticos, atraindo consumidores ecologicamente conscientes.<img loading=\"lazy\" decoding=\"async\" class=\"aligncenter wp-image-2052\" src=\"https:\/\/lydenim.com\/wp-content\/uploads\/2024\/12\/\u4e0b\u8f7d-3.jpg\" alt=\"MISTURA ORG\u00c2NICA\" width=\"600\" height=\"386\" srcset=\"https:\/\/lydenim.com\/wp-content\/uploads\/2024\/12\/\u4e0b\u8f7d-3.jpg 280w, https:\/\/lydenim.com\/wp-content\/uploads\/2024\/12\/\u4e0b\u8f7d-3-150x96.jpg 150w\" sizes=\"auto, (max-width: 600px) 100vw, 600px\" \/><\/li>\n<li><strong>Denim Reciclado<\/strong>: Utiliza materiais reciclados para promover a sustentabilidade, alinhando-se \u00e0s tend\u00eancias da moda verde.\n<p><div id=\"attachment_2820\" style=\"width: 610px\" class=\"wp-caption aligncenter\"><img loading=\"lazy\" decoding=\"async\" aria-describedby=\"caption-attachment-2820\" class=\"wp-image-2820\" src=\"https:\/\/lydenim.com\/wp-content\/uploads\/2025\/01\/\u56de\u6536\u725b\u4ed4.jpeg\" alt=\"\" width=\"600\" height=\"907\" srcset=\"https:\/\/lydenim.com\/wp-content\/uploads\/2025\/01\/\u56de\u6536\u725b\u4ed4.jpeg 736w, https:\/\/lydenim.com\/wp-content\/uploads\/2025\/01\/\u56de\u6536\u725b\u4ed4-150x227.jpeg 150w, https:\/\/lydenim.com\/wp-content\/uploads\/2025\/01\/\u56de\u6536\u725b\u4ed4-600x907.jpeg 600w, https:\/\/lydenim.com\/wp-content\/uploads\/2025\/01\/\u56de\u6536\u725b\u4ed4-199x300.jpeg 199w, https:\/\/lydenim.com\/wp-content\/uploads\/2025\/01\/\u56de\u6536\u725b\u4ed4-678x1024.jpeg 678w, https:\/\/lydenim.com\/wp-content\/uploads\/2025\/01\/\u56de\u6536\u725b\u4ed4-8x12.jpeg 8w\" sizes=\"auto, (max-width: 600px) 100vw, 600px\" \/><p id=\"caption-attachment-2820\" class=\"wp-caption-text\">Denim Reciclado<\/p><\/div><\/li>\n<li><strong>Chambray<\/strong>: Um tecido leve e respir\u00e1vel de trama simples, frequentemente usado em camisas e vestidos.\n<p><div id=\"attachment_5616\" style=\"width: 610px\" class=\"wp-caption aligncenter\"><img loading=\"lazy\" decoding=\"async\" aria-describedby=\"caption-attachment-5616\" class=\"wp-image-5616\" src=\"https:\/\/lydenim.com\/wp-content\/uploads\/2025\/06\/Chambray-Fabric.jpg\" alt=\"\" width=\"600\" height=\"600\" srcset=\"https:\/\/lydenim.com\/wp-content\/uploads\/2025\/06\/Chambray-Fabric.jpg 1000w, https:\/\/lydenim.com\/wp-content\/uploads\/2025\/06\/Chambray-Fabric-300x300.jpg 300w, https:\/\/lydenim.com\/wp-content\/uploads\/2025\/06\/Chambray-Fabric-150x150.jpg 150w, https:\/\/lydenim.com\/wp-content\/uploads\/2025\/06\/Chambray-Fabric-768x768.jpg 768w, https:\/\/lydenim.com\/wp-content\/uploads\/2025\/06\/Chambray-Fabric-12x12.jpg 12w, https:\/\/lydenim.com\/wp-content\/uploads\/2025\/06\/Chambray-Fabric-600x600.jpg 600w\" sizes=\"auto, (max-width: 600px) 100vw, 600px\" \/><p id=\"caption-attachment-5616\" class=\"wp-caption-text\">Tecido Chambray<\/p><\/div><\/li>\n<\/ul>\n<h3><a href=\"https:\/\/lydenim.com\/pt\/10-tipos-de-tecnicas-de-lavagem-de-tecidos-jeans-explicadas\/\">Acabamentos de Tecido<\/a><\/h3>\n<ul>\n<li><strong>Tingimento \u00edndigo<\/strong>: M\u00e9todo tradicional de tingimento da urdidura com \u00edndigo, deixando a trama branca para um visual azul cl\u00e1ssico.<img loading=\"lazy\" decoding=\"async\" class=\"aligncenter wp-image-4190\" src=\"https:\/\/lydenim.com\/wp-content\/uploads\/2025\/03\/IMG_4220.jpg\" alt=\"\" width=\"600\" height=\"471\" srcset=\"https:\/\/lydenim.com\/wp-content\/uploads\/2025\/03\/IMG_4220.jpg 1222w, https:\/\/lydenim.com\/wp-content\/uploads\/2025\/03\/IMG_4220-300x235.jpg 300w, https:\/\/lydenim.com\/wp-content\/uploads\/2025\/03\/IMG_4220-1024x804.jpg 1024w, https:\/\/lydenim.com\/wp-content\/uploads\/2025\/03\/IMG_4220-768x603.jpg 768w, https:\/\/lydenim.com\/wp-content\/uploads\/2025\/03\/IMG_4220-15x12.jpg 15w, https:\/\/lydenim.com\/wp-content\/uploads\/2025\/03\/IMG_4220-600x471.jpg 600w, https:\/\/lydenim.com\/wp-content\/uploads\/2025\/03\/IMG_4220-150x118.jpg 150w\" sizes=\"auto, (max-width: 600px) 100vw, 600px\" \/><\/li>\n<li><strong>Lavado a pedra<\/strong>: Tratado com pedras-pomes para uma apar\u00eancia desgastada e desbotada, adicionando um toque vintage.\n<p><div id=\"attachment_4186\" style=\"width: 610px\" class=\"wp-caption aligncenter\"><img loading=\"lazy\" decoding=\"async\" aria-describedby=\"caption-attachment-4186\" class=\"wp-image-4186\" src=\"https:\/\/lydenim.com\/wp-content\/uploads\/2025\/03\/IMG_4216.jpg\" alt=\"Stone Wash (lavagem de pedra\/lavagem de pedra)\" width=\"600\" height=\"360\" srcset=\"https:\/\/lydenim.com\/wp-content\/uploads\/2025\/03\/IMG_4216.jpg 986w, https:\/\/lydenim.com\/wp-content\/uploads\/2025\/03\/IMG_4216-300x180.jpg 300w, https:\/\/lydenim.com\/wp-content\/uploads\/2025\/03\/IMG_4216-768x461.jpg 768w, https:\/\/lydenim.com\/wp-content\/uploads\/2025\/03\/IMG_4216-18x12.jpg 18w, https:\/\/lydenim.com\/wp-content\/uploads\/2025\/03\/IMG_4216-600x360.jpg 600w, https:\/\/lydenim.com\/wp-content\/uploads\/2025\/03\/IMG_4216-150x90.jpg 150w\" sizes=\"auto, (max-width: 600px) 100vw, 600px\" \/><p id=\"caption-attachment-4186\" class=\"wp-caption-text\">Lavagem de pedra<\/p><\/div><\/li>\n<li><strong>Lavado com \u00e1cido<\/strong>: Usa \u00e1cido para criar um visual \u00fanico e desgastado, popular em designs vanguardistas.<\/li>\n<li><strong>Sanforizado<\/strong>: Pr\u00e9-encolhido para minimizar o encolhimento p\u00f3s-lavagem, garantindo estabilidade de tamanho.<\/li>\n<\/ul>\n<h2>Estilos de jeans por ajuste<\/h2>\n<p>Os jeans oferecem uma variedade de caimentos para atender diferentes prefer\u00eancias e tipos de corpo:<\/p>\n<h3>Altura da cintura<\/h3>\n<ul>\n<li><strong>Pr\u00e9dio baixo<\/strong>:Fica abaixo da cintura natural, inspirado na moda Y2K, ideal para looks ousados e casuais.<\/li>\n<li><strong>Altura m\u00e9dia<\/strong>:Fica na cintura natural, oferecendo um estilo equilibrado e vers\u00e1til para a maioria das ocasi\u00f5es.<\/li>\n<li><strong>Arranha-c\u00e9us<\/strong>: Fica acima da cintura natural, alongando as pernas, perfeito para trajes profissionais ou elegantes.\n<p><div id=\"attachment_5668\" style=\"width: 610px\" class=\"wp-caption aligncenter\"><img loading=\"lazy\" decoding=\"async\" aria-describedby=\"caption-attachment-5668\" class=\"wp-image-5668\" src=\"https:\/\/lydenim.com\/wp-content\/uploads\/2025\/07\/Waist.jpeg\" alt=\"\" width=\"600\" height=\"337\" srcset=\"https:\/\/lydenim.com\/wp-content\/uploads\/2025\/07\/Waist.jpeg 2279w, https:\/\/lydenim.com\/wp-content\/uploads\/2025\/07\/Waist-300x168.jpeg 300w, https:\/\/lydenim.com\/wp-content\/uploads\/2025\/07\/Waist-1024x575.jpeg 1024w, https:\/\/lydenim.com\/wp-content\/uploads\/2025\/07\/Waist-768x431.jpeg 768w, https:\/\/lydenim.com\/wp-content\/uploads\/2025\/07\/Waist-1536x863.jpeg 1536w, https:\/\/lydenim.com\/wp-content\/uploads\/2025\/07\/Waist-2048x1150.jpeg 2048w, https:\/\/lydenim.com\/wp-content\/uploads\/2025\/07\/Waist-18x10.jpeg 18w, https:\/\/lydenim.com\/wp-content\/uploads\/2025\/07\/Waist-600x337.jpeg 600w, https:\/\/lydenim.com\/wp-content\/uploads\/2025\/07\/Waist-150x84.jpeg 150w\" sizes=\"auto, (max-width: 600px) 100vw, 600px\" \/><p id=\"caption-attachment-5668\" class=\"wp-caption-text\">Cintura<\/p><\/div><\/li>\n<\/ul>\n<h3>Estilos de pernas<\/h3>\n<ul>\n<li><strong>Magrelo<\/strong>: Justo da cintura ao tornozelo, acentuando a silhueta, ideal com botas ou saltos.<\/li>\n<li><strong>Perna esticada<\/strong>: Ajustado nos quadris e coxas, reto do joelho ao tornozelo, uma escolha vers\u00e1til e atemporal.<\/li>\n<li><strong>Alargado<\/strong>: Ajustado nos quadris e coxas, alargando a partir do joelho, acrescentando um toque bo\u00eamio.<\/li>\n<li><strong>Bootcut<\/strong>: Semelhante ao modelo flare, mas com um alargamento mais sutil come\u00e7ando na panturrilha, projetado para ser usado sobre botas.<\/li>\n<li><strong>Perna larga<\/strong>: Solto do quadril at\u00e9 a bainha, criando uma silhueta dram\u00e1tica, adequado para looks modernos ou casuais.<\/li>\n<li><strong>Largo<\/strong>: Grande em todo o corpo, enfatizando o conforto, ideal para estilos descontra\u00eddos.\n<p><div id=\"attachment_5670\" style=\"width: 610px\" class=\"wp-caption aligncenter\"><img loading=\"lazy\" decoding=\"async\" aria-describedby=\"caption-attachment-5670\" class=\"wp-image-5670\" src=\"https:\/\/lydenim.com\/wp-content\/uploads\/2025\/07\/Leg-Styles.jpeg\" alt=\"\" width=\"600\" height=\"337\" srcset=\"https:\/\/lydenim.com\/wp-content\/uploads\/2025\/07\/Leg-Styles.jpeg 2279w, https:\/\/lydenim.com\/wp-content\/uploads\/2025\/07\/Leg-Styles-300x168.jpeg 300w, https:\/\/lydenim.com\/wp-content\/uploads\/2025\/07\/Leg-Styles-1024x575.jpeg 1024w, https:\/\/lydenim.com\/wp-content\/uploads\/2025\/07\/Leg-Styles-768x431.jpeg 768w, https:\/\/lydenim.com\/wp-content\/uploads\/2025\/07\/Leg-Styles-1536x863.jpeg 1536w, https:\/\/lydenim.com\/wp-content\/uploads\/2025\/07\/Leg-Styles-2048x1150.jpeg 2048w, https:\/\/lydenim.com\/wp-content\/uploads\/2025\/07\/Leg-Styles-18x10.jpeg 18w, https:\/\/lydenim.com\/wp-content\/uploads\/2025\/07\/Leg-Styles-600x337.jpeg 600w, https:\/\/lydenim.com\/wp-content\/uploads\/2025\/07\/Leg-Styles-150x84.jpeg 150w\" sizes=\"auto, (max-width: 600px) 100vw, 600px\" \/><p id=\"caption-attachment-5670\" class=\"wp-caption-text\">Estilos de pernas<\/p><\/div><\/li>\n<\/ul>\n<h2>Vantagens e desvantagens dos estilos jeans<\/h2>\n<h3>Vantagens<\/h3>\n<ul>\n<li><strong>Durabilidade<\/strong>: A natureza robusta do jeans garante um uso duradouro, oferecendo excelente valor.<\/li>\n<li><strong>Versatilidade<\/strong>: Adequado para ocasi\u00f5es casuais e semiformais com o estilo certo.<\/li>\n<li><strong>Estilo<\/strong>: Combina elementos cl\u00e1ssicos e modernos, atendendo a diversas prefer\u00eancias est\u00e9ticas.<\/li>\n<li><strong>Conforto<\/strong>: O jeans el\u00e1stico e os cortes relaxados proporcionam conforto o dia todo.<\/li>\n<li><strong>Variedade<\/strong>: Ampla variedade de tecidos, tramas e cortes adequados para v\u00e1rios tipos de corpo e estilos.<\/li>\n<\/ul>\n<h3>Desvantagens<\/h3>\n<ul>\n<li><strong>Complexidade de Manuten\u00e7\u00e3o<\/strong>: O jeans pode desbotar ou encolher se n\u00e3o for lavado corretamente, exigindo cuidados especiais.<\/li>\n<li><strong>Respirabilidade limitada<\/strong>: Jeans mais grossos podem ser menos respir\u00e1veis em climas quentes.<\/li>\n<li><strong>Desafios de condicionamento f\u00edsico<\/strong>:Encontrar o ajuste perfeito pode ser dif\u00edcil devido \u00e0 diversidade de estilos e formatos de corpo.<\/li>\n<li><strong>Varia\u00e7\u00f5es de Custo<\/strong>: Jeans de alta qualidade ou de grife podem ser caros, limitando o acesso.<\/li>\n<\/ul>\n<h2>Cen\u00e1rios de estilo e uso<\/h2>\n<p>A versatilidade do jeans o torna ideal para diversos ambientes. Aqui est\u00e3o algumas sugest\u00f5es espec\u00edficas de estilo:<\/p>\n<ul>\n<li><strong>Passeios casuais<\/strong>: Jeans skinny ou reto com uma camiseta estampada e t\u00eanis brancos para fazer compras, tomar um caf\u00e9 ou fazer recados.<img loading=\"lazy\" decoding=\"async\" class=\"aligncenter wp-image-5671\" src=\"https:\/\/lydenim.com\/wp-content\/uploads\/2025\/07\/1.jpg\" alt=\"\" width=\"600\" height=\"900\" srcset=\"https:\/\/lydenim.com\/wp-content\/uploads\/2025\/07\/1.jpg 736w, https:\/\/lydenim.com\/wp-content\/uploads\/2025\/07\/1-200x300.jpg 200w, https:\/\/lydenim.com\/wp-content\/uploads\/2025\/07\/1-683x1024.jpg 683w, https:\/\/lydenim.com\/wp-content\/uploads\/2025\/07\/1-8x12.jpg 8w, https:\/\/lydenim.com\/wp-content\/uploads\/2025\/07\/1-600x900.jpg 600w, https:\/\/lydenim.com\/wp-content\/uploads\/2025\/07\/1-150x225.jpg 150w\" sizes=\"auto, (max-width: 600px) 100vw, 600px\" \/><\/li>\n<li><strong>Traje de trabalho<\/strong>: Jeans reto de cintura m\u00e9dia e lavagem escura com blusa branca e mocassins, adequado para ind\u00fastrias criativas, como publicidade ou est\u00fadios de design.<img loading=\"lazy\" decoding=\"async\" class=\"aligncenter wp-image-5672\" src=\"https:\/\/lydenim.com\/wp-content\/uploads\/2025\/07\/2.jpg\" alt=\"\" width=\"600\" height=\"1067\" srcset=\"https:\/\/lydenim.com\/wp-content\/uploads\/2025\/07\/2.jpg 474w, https:\/\/lydenim.com\/wp-content\/uploads\/2025\/07\/2-169x300.jpg 169w, https:\/\/lydenim.com\/wp-content\/uploads\/2025\/07\/2-7x12.jpg 7w, https:\/\/lydenim.com\/wp-content\/uploads\/2025\/07\/2-150x267.jpg 150w\" sizes=\"auto, (max-width: 600px) 100vw, 600px\" \/><\/li>\n<li><strong>Eventos sociais<\/strong>: Jeans boca de sino de cintura alta com blusa de seda e saltos para jantares, exposi\u00e7\u00f5es de arte ou festas.<img loading=\"lazy\" decoding=\"async\" class=\"aligncenter wp-image-5673\" src=\"https:\/\/lydenim.com\/wp-content\/uploads\/2025\/07\/3.jpg\" alt=\"\" width=\"600\" height=\"900\" srcset=\"https:\/\/lydenim.com\/wp-content\/uploads\/2025\/07\/3.jpg 736w, https:\/\/lydenim.com\/wp-content\/uploads\/2025\/07\/3-200x300.jpg 200w, https:\/\/lydenim.com\/wp-content\/uploads\/2025\/07\/3-683x1024.jpg 683w, https:\/\/lydenim.com\/wp-content\/uploads\/2025\/07\/3-8x12.jpg 8w, https:\/\/lydenim.com\/wp-content\/uploads\/2025\/07\/3-600x900.jpg 600w, https:\/\/lydenim.com\/wp-content\/uploads\/2025\/07\/3-150x225.jpg 150w\" sizes=\"auto, (max-width: 600px) 100vw, 600px\" \/><\/li>\n<li><strong>Estilo de ver\u00e3o<\/strong>: Cal\u00e7a jeans 7\/8 feminina ou shorts jeans com sand\u00e1lias e uma blusa leve para passeios em climas quentes.<img loading=\"lazy\" decoding=\"async\" class=\"aligncenter wp-image-5674\" src=\"https:\/\/lydenim.com\/wp-content\/uploads\/2025\/07\/5.jpg\" alt=\"\" width=\"600\" height=\"900\" srcset=\"https:\/\/lydenim.com\/wp-content\/uploads\/2025\/07\/5.jpg 736w, https:\/\/lydenim.com\/wp-content\/uploads\/2025\/07\/5-200x300.jpg 200w, https:\/\/lydenim.com\/wp-content\/uploads\/2025\/07\/5-683x1024.jpg 683w, https:\/\/lydenim.com\/wp-content\/uploads\/2025\/07\/5-8x12.jpg 8w, https:\/\/lydenim.com\/wp-content\/uploads\/2025\/07\/5-600x900.jpg 600w, https:\/\/lydenim.com\/wp-content\/uploads\/2025\/07\/5-150x225.jpg 150w\" sizes=\"auto, (max-width: 600px) 100vw, 600px\" \/><\/li>\n<li><strong>Estilo de rua<\/strong>: Jeans largos de cintura baixa com top curto e t\u00eanis robustos para festas de moda ou fotografia de rua.<img loading=\"lazy\" decoding=\"async\" class=\"aligncenter wp-image-5675\" src=\"https:\/\/lydenim.com\/wp-content\/uploads\/2025\/07\/6.jpg\" alt=\"\" width=\"600\" height=\"900\" srcset=\"https:\/\/lydenim.com\/wp-content\/uploads\/2025\/07\/6.jpg 736w, https:\/\/lydenim.com\/wp-content\/uploads\/2025\/07\/6-200x300.jpg 200w, https:\/\/lydenim.com\/wp-content\/uploads\/2025\/07\/6-683x1024.jpg 683w, https:\/\/lydenim.com\/wp-content\/uploads\/2025\/07\/6-8x12.jpg 8w, https:\/\/lydenim.com\/wp-content\/uploads\/2025\/07\/6-600x900.jpg 600w, https:\/\/lydenim.com\/wp-content\/uploads\/2025\/07\/6-150x225.jpg 150w\" sizes=\"auto, (max-width: 600px) 100vw, 600px\" \/><\/li>\n<li><strong>Traje de viagem<\/strong>: Use jeans largos e el\u00e1sticos com uma jaqueta ou su\u00e9ter para conforto e estilo em viagens longas.<img loading=\"lazy\" decoding=\"async\" class=\"aligncenter wp-image-5676\" src=\"https:\/\/lydenim.com\/wp-content\/uploads\/2025\/07\/7.jpg\" alt=\"\" width=\"600\" height=\"749\" srcset=\"https:\/\/lydenim.com\/wp-content\/uploads\/2025\/07\/7.jpg 736w, https:\/\/lydenim.com\/wp-content\/uploads\/2025\/07\/7-240x300.jpg 240w, https:\/\/lydenim.com\/wp-content\/uploads\/2025\/07\/7-10x12.jpg 10w, https:\/\/lydenim.com\/wp-content\/uploads\/2025\/07\/7-600x749.jpg 600w, https:\/\/lydenim.com\/wp-content\/uploads\/2025\/07\/7-150x187.jpg 150w\" sizes=\"auto, (max-width: 600px) 100vw, 600px\" \/><\/li>\n<\/ul>\n<h2>Insights de especialistas e da comunidade<\/h2>\n<p>Especialistas em moda e comunidades fornecem perspectivas valiosas sobre estilos de jeans:<\/p>\n<ul>\n<li><strong>Grace Na (Fundadora da Pistola Denim)<\/strong>:\u201cAs cal\u00e7as jeans largas s\u00e3o populares por seu caimento elegante e conforto, o que as torna uma op\u00e7\u00e3o ideal para quem busca um estilo vers\u00e1til.\u201d<\/li>\n<li><strong>Caroline Maguire (Diretora S\u00eanior de Moda na Shopbop)<\/strong>: \u201cOs estilos de jeans combinam nostalgia com inova\u00e7\u00e3o, com cortes cl\u00e1ssicos como jeans retos renovados por lavagens modernas e elementos decorativos como bordados.\u201d<\/li>\n<li><strong>Jill Guenza (vice-presidente global de design feminino na Levi Strauss &amp; Co.)<\/strong>: \u201cSilhuetas soltas e fluidas dominam as tend\u00eancias do jeans, oferecendo um equil\u00edbrio entre conforto e estilo.\u201d<\/li>\n<li><strong>Usu\u00e1rio do Reddit u\/stylishguru (r\/femalefashionadvice)<\/strong>:\u201cCal\u00e7as jeans escuras com blusas brancas ou pretas s\u00e3o ideais para ambientes semiformais, complementadas com mocassins ou saltos baixos.\u201d<\/li>\n<li><strong>Vogue brit\u00e2nica<\/strong>:\u201cDesigns de c\u00f3s, como curvas exclusivas ou fivelas decorativas, s\u00e3o essenciais para elevar os looks jeans.\u201d<\/li>\n<\/ul>\n<h2>Potencial de mercado<\/h2>\n<p>De acordo com <a href=\"https:\/\/www.grandviewresearch.com\/\">Pesquisa Grand View<\/a>O mercado global de jeans foi avaliado em US$ 86,66 bilh\u00f5es em 2024 e a proje\u00e7\u00e3o \u00e9 de que atinja US$ 121,50 bilh\u00f5es at\u00e9 2030, com um CAGR de 5,9%. Os estilos de jeans impulsionam a demanda nos mercados casual e profissional devido \u00e0 sua versatilidade e apelo atemporal. Dados do Google Trends indicam um aumento significativo nas buscas por jeans no outono de 2024, refletindo o interesse do consumidor por tecidos dur\u00e1veis e de alta qualidade. A ascens\u00e3o da moda sustent\u00e1vel impulsiona o jeans org\u00e2nico e reciclado, com marcas como Stella McCartney atendendo a essa demanda por meio de programas de produ\u00e7\u00e3o e reciclagem ecologicamente corretos.<\/p>\n<h2>Dicas de cuidados<\/h2>\n<p>Para prolongar a vida \u00fatil dos itens jeans, siga estas pr\u00e1ticas de cuidado:<\/p>\n<ul>\n<li><strong>Lavar separadamente<\/strong>: Limpe com cores semelhantes para evitar transfer\u00eancia de tinta<\/li>\n<li><strong>Lavar do lado avesso<\/strong>: Protege o tecido e a cor.<\/li>\n<li><strong>Use detergente suave<\/strong>: Evite produtos qu\u00edmicos agressivos.<\/li>\n<li><strong>Secar ao ar<\/strong>: Evite a secagem em altas temperaturas para manter o formato e a cor.<\/li>\n<li><strong>Trate as manchas imediatamente<\/strong>: Use um tira-manchas suave.\n<div id=\"attachment_5644\" style=\"width: 610px\" class=\"wp-caption aligncenter\"><img loading=\"lazy\" decoding=\"async\" aria-describedby=\"caption-attachment-5644\" class=\"wp-image-5644\" src=\"https:\/\/lydenim.com\/wp-content\/uploads\/2025\/06\/\u725b\u4ed4\u4fdd\u517b1.jpg\" alt=\"\" width=\"600\" height=\"401\" srcset=\"https:\/\/lydenim.com\/wp-content\/uploads\/2025\/06\/\u725b\u4ed4\u4fdd\u517b1.jpg 1420w, https:\/\/lydenim.com\/wp-content\/uploads\/2025\/06\/\u725b\u4ed4\u4fdd\u517b1-300x200.jpg 300w, https:\/\/lydenim.com\/wp-content\/uploads\/2025\/06\/\u725b\u4ed4\u4fdd\u517b1-1024x684.jpg 1024w, https:\/\/lydenim.com\/wp-content\/uploads\/2025\/06\/\u725b\u4ed4\u4fdd\u517b1-768x513.jpg 768w, https:\/\/lydenim.com\/wp-content\/uploads\/2025\/06\/\u725b\u4ed4\u4fdd\u517b1-18x12.jpg 18w, https:\/\/lydenim.com\/wp-content\/uploads\/2025\/06\/\u725b\u4ed4\u4fdd\u517b1-600x401.jpg 600w, https:\/\/lydenim.com\/wp-content\/uploads\/2025\/06\/\u725b\u4ed4\u4fdd\u517b1-150x100.jpg 150w\" sizes=\"auto, (max-width: 600px) 100vw, 600px\" \/><p id=\"caption-attachment-5644\" class=\"wp-caption-text\">Manuten\u00e7\u00e3o de jeans jeans 1<\/p><\/div>\n<p><div id=\"attachment_5645\" style=\"width: 610px\" class=\"wp-caption aligncenter\"><img loading=\"lazy\" decoding=\"async\" aria-describedby=\"caption-attachment-5645\" class=\"wp-image-5645\" src=\"https:\/\/lydenim.com\/wp-content\/uploads\/2025\/06\/\u725b\u4ed4\u4fdd\u517b2.jpg\" alt=\"\" width=\"600\" height=\"401\" srcset=\"https:\/\/lydenim.com\/wp-content\/uploads\/2025\/06\/\u725b\u4ed4\u4fdd\u517b2.jpg 1416w, https:\/\/lydenim.com\/wp-content\/uploads\/2025\/06\/\u725b\u4ed4\u4fdd\u517b2-300x200.jpg 300w, https:\/\/lydenim.com\/wp-content\/uploads\/2025\/06\/\u725b\u4ed4\u4fdd\u517b2-1024x684.jpg 1024w, https:\/\/lydenim.com\/wp-content\/uploads\/2025\/06\/\u725b\u4ed4\u4fdd\u517b2-768x513.jpg 768w, https:\/\/lydenim.com\/wp-content\/uploads\/2025\/06\/\u725b\u4ed4\u4fdd\u517b2-18x12.jpg 18w, https:\/\/lydenim.com\/wp-content\/uploads\/2025\/06\/\u725b\u4ed4\u4fdd\u517b2-600x401.jpg 600w, https:\/\/lydenim.com\/wp-content\/uploads\/2025\/06\/\u725b\u4ed4\u4fdd\u517b2-150x100.jpg 150w\" sizes=\"auto, (max-width: 600px) 100vw, 600px\" \/><p id=\"caption-attachment-5645\" class=\"wp-caption-text\">Manuten\u00e7\u00e3o de jeans jeans 2<\/p><\/div><\/li>\n<\/ul>\n<h2>Conclus\u00e3o<\/h2>\n<p>Os estilos de jeans oferecem um amplo espectro de op\u00e7\u00f5es, desde tecidos dur\u00e1veis com orla at\u00e9 confort\u00e1veis misturas de elastano e jeans flare de cintura baixa da moda. Ao entender os tipos de tecido, tramas e t\u00e9cnicas de styling, voc\u00ea pode escolher o jeans que complementa seu estilo de vida e expressa seu estilo pessoal. O jeans n\u00e3o \u00e9 apenas um item b\u00e1sico da moda, mas tamb\u00e9m uma tela para a individualidade, tornando-o um item essencial em qualquer guarda-roupa.<\/p>\n<h2 dir=\"auto\">Servi\u00e7os de personaliza\u00e7\u00e3o da LYDENIM<\/h2>\n<p dir=\"auto\">\ud83c\udfa8 Quero <strong>tecidos jeans personalizados<\/strong> ou\u00a0 <strong>exclusivo<\/strong> <strong>pe\u00e7a jeans personalizada<\/strong>? A LYDENIM \u00e9 especializada em solu\u00e7\u00f5es personalizadas para atender \u00e0s suas necessidades de design e produ\u00e7\u00e3o.<\/p>\n<p dir=\"auto\">\ud83d\udecd\ufe0f <strong>Explore e inspire-se<\/strong>: Navegue por nossas sele\u00e7\u00f5es de tecidos e descubra ideias de design em <a href=\"https:\/\/lydenim.com\/pt\/\" target=\"_blank\" rel=\"noopener noreferrer nofollow\">LYDenim<\/a>.<\/p>\n<p dir=\"auto\">\ud83c\udf10 <strong>Roupas el\u00e1sticas<\/strong>: Confira nossas ofertas em <a href=\"http:\/\/liangyuantextile.m.en.alibaba.com\" target=\"_blank\" rel=\"noopener noreferrer nofollow\">MeuAlibaba<\/a>. \ud83d\udce9 <strong>Contate-nos<\/strong>: Entre em contato em <a href=\"mailto:malone@lydenim.com\" target=\"_blank\" rel=\"noopener noreferrer nofollow\">malone@lydenim.com<\/a>.<\/p>\n<p dir=\"auto\">Crie sua obra-prima de jeans com LYDENIM - seu parceiro de confian\u00e7a para <strong>tecido el\u00e1stico<\/strong> e <strong>solu\u00e7\u00f5es personalizadas de jeans<\/strong>.<\/p>","protected":false},"excerpt":{"rendered":"<p>Tempo estimado de leitura: ~ 6 minutos Introdu\u00e7\u00e3o O denim \u00e9 um tecido atemporal que ocupa um lugar de destaque na moda global<\/p>","protected":false},"author":1,"featured_media":5680,"comment_status":"open","ping_status":"open","sticky":false,"template":"","format":"standard","meta":{"two_page_speed":[],"footnotes":""},"categories":[66],"tags":[],"class_list":["post-5657","post","type-post","status-publish","format-standard","has-post-thumbnail","hentry","category-denim-knowledge"],"aioseo_notices":[],"_links":{"self":[{"href":"https:\/\/lydenim.com\/pt\/wp-json\/wp\/v2\/posts\/5657","targetHints":{"allow":["GET"]}}],"collection":[{"href":"https:\/\/lydenim.com\/pt\/wp-json\/wp\/v2\/posts"}],"about":[{"href":"https:\/\/lydenim.com\/pt\/wp-json\/wp\/v2\/types\/post"}],"author":[{"embeddable":true,"href":"https:\/\/lydenim.com\/pt\/wp-json\/wp\/v2\/users\/1"}],"replies":[{"embeddable":true,"href":"https:\/\/lydenim.com\/pt\/wp-json\/wp\/v2\/comments?post=5657"}],"version-history":[{"count":7,"href":"https:\/\/lydenim.com\/pt\/wp-json\/wp\/v2\/posts\/5657\/revisions"}],"predecessor-version":[{"id":6372,"href":"https:\/\/lydenim.com\/pt\/wp-json\/wp\/v2\/posts\/5657\/revisions\/6372"}],"wp:featuredmedia":[{"embeddable":true,"href":"https:\/\/lydenim.com\/pt\/wp-json\/wp\/v2\/media\/5680"}],"wp:attachment":[{"href":"https:\/\/lydenim.com\/pt\/wp-json\/wp\/v2\/media?parent=5657"}],"wp:term":[{"taxonomy":"category","embeddable":true,"href":"https:\/\/lydenim.com\/pt\/wp-json\/wp\/v2\/categories?post=5657"},{"taxonomy":"post_tag","embeddable":true,"href":"https:\/\/lydenim.com\/pt\/wp-json\/wp\/v2\/tags?post=5657"}],"curies":[{"name":"wp","href":"https:\/\/api.w.org\/{rel}","templated":true}]}}