{"id":5683,"date":"2025-07-08T11:14:29","date_gmt":"2025-07-08T03:14:29","guid":{"rendered":"https:\/\/lydenim.com\/?p=5683"},"modified":"2025-08-24T13:44:20","modified_gmt":"2025-08-24T05:44:20","slug":"denim-shrinkage-a-comprehensive-guide","status":"publish","type":"post","link":"https:\/\/lydenim.com\/pt\/encolhimento-do-jeans-um-guia-completo\/","title":{"rendered":"Encolhimento do jeans: um guia completo"},"content":{"rendered":"<h2 dir=\"ltr\">Tempo estimado de leitura: \uff5e4 minutos<\/h2>\n<h2 dir=\"ltr\">O que \u00e9 encolhimento do jeans?<\/h2>\n<p dir=\"ltr\">O encolhimento do denim refere-se ao fen\u00f4meno em que o tecido denim reduz de tamanho ap\u00f3s ser lavado ou exposto \u00e0 umidade e ao calor. Isso se deve principalmente ao principal componente do denim, o algod\u00e3o, uma fibra natural que incha ao absorver \u00e1gua e se contrai ao secar. O grau de encolhimento depende de fatores como composi\u00e7\u00e3o do tecido, tipo de trama e processos de fabrica\u00e7\u00e3o. Por exemplo, o denim cru n\u00e3o pr\u00e9-encolhido, frequentemente usado em tecidos de mercado sem base em pedidos, pode encolher 5-7% no comprimento e 5-10% na largura ap\u00f3s a primeira lavagem. Em contraste, o denim sanforizado, tratado para minimizar o encolhimento, normalmente contrai menos de 3%. Entender esse comportamento \u00e9 essencial para que os consumidores selecionem o tamanho certo e para que os fabricantes otimizem a produ\u00e7\u00e3o.<\/p>\n<div id=\"attachment_5749\" style=\"width: 610px\" class=\"wp-caption aligncenter\"><img loading=\"lazy\" decoding=\"async\" aria-describedby=\"caption-attachment-5749\" class=\"wp-image-5749\" src=\"https:\/\/lydenim.com\/wp-content\/uploads\/2025\/07\/eaf37c0b9ce684991bae74eabf3dec70.jpg\" alt=\"\" width=\"600\" height=\"450\" srcset=\"https:\/\/lydenim.com\/wp-content\/uploads\/2025\/07\/eaf37c0b9ce684991bae74eabf3dec70.jpg 1211w, https:\/\/lydenim.com\/wp-content\/uploads\/2025\/07\/eaf37c0b9ce684991bae74eabf3dec70-300x225.jpg 300w, https:\/\/lydenim.com\/wp-content\/uploads\/2025\/07\/eaf37c0b9ce684991bae74eabf3dec70-1024x768.jpg 1024w, https:\/\/lydenim.com\/wp-content\/uploads\/2025\/07\/eaf37c0b9ce684991bae74eabf3dec70-768x576.jpg 768w, https:\/\/lydenim.com\/wp-content\/uploads\/2025\/07\/eaf37c0b9ce684991bae74eabf3dec70-16x12.jpg 16w, https:\/\/lydenim.com\/wp-content\/uploads\/2025\/07\/eaf37c0b9ce684991bae74eabf3dec70-600x450.jpg 600w, https:\/\/lydenim.com\/wp-content\/uploads\/2025\/07\/eaf37c0b9ce684991bae74eabf3dec70-150x112.jpg 150w\" sizes=\"auto, (max-width: 600px) 100vw, 600px\" \/><p id=\"caption-attachment-5749\" class=\"wp-caption-text\">Encolhimento do jeans<\/p><\/div>\n<h2 dir=\"ltr\">Fatores que influenciam o encolhimento: propriedades da urdidura e da trama<\/h2>\n<p dir=\"ltr\">O jeans \u00e9 tecido com fios de urdume (longitudinalmente) e trama (transversalmente), sendo os fios de urdume tipicamente tingidos de \u00edndigo e os fios de trama deixados sem tingimento, criando a ic\u00f4nica apar\u00eancia azul do jeans. As propriedades desses fios afetam significativamente o encolhimento:<\/p>\n<ul class=\"tight\" dir=\"ltr\" data-tight=\"true\">\n<li>\n<p dir=\"ltr\"><strong>Tipo de trama<\/strong>: O jeans geralmente usa uma trama de sarja, que pode ser destra (diagonais do canto inferior esquerdo para o canto superior direito, usada pela Levi&#039;s) ou canhota (diagonais do canto inferior direito para o canto superior esquerdo, usada pela Lee). De acordo com a Real Men Real Style, a firmeza e a dire\u00e7\u00e3o da trama influenciam o encolhimento, com tramas mais apertadas encolhendo menos devido \u00e0 redu\u00e7\u00e3o do espa\u00e7o para a contra\u00e7\u00e3o das fibras.<\/p>\n<\/li>\n<li>\n<p dir=\"ltr\"><strong>Densidade do fio<\/strong>: Tecidos de alta densidade, como o jeans de 14 on\u00e7as, encolhem menos do que tecidos mais leves de 10 on\u00e7as porque os fios compactados limitam a contra\u00e7\u00e3o.<\/p>\n<\/li>\n<li>\n<p dir=\"ltr\"><strong>Conte\u00fado de fibra<\/strong>: O denim de algod\u00e3o puro encolhe significativamente devido \u00e0 natureza higrosc\u00f3pica do algod\u00e3o, com o denim cru n\u00e3o pr\u00e9-encolhido encolhendo potencialmente 5-7% no comprimento e 5-10% na largura. Misturas com poli\u00e9ster ou elastano s\u00e3o mais est\u00e1veis, encolhendo tipicamente 3-5% (gzhenrytextile).<\/p>\n<\/li>\n<li>\n<p dir=\"ltr\"><strong>Tecendo Tens\u00e3o<\/strong>: A tens\u00e3o aplicada aos fios de urdume e trama durante a tecelagem afeta a estabilidade do tecido. Uma tens\u00e3o mais alta pode levar a um maior encolhimento, pois as fibras relaxam durante a lavagem.<\/p>\n<p><div id=\"attachment_5744\" style=\"width: 610px\" class=\"wp-caption aligncenter\"><img loading=\"lazy\" decoding=\"async\" aria-describedby=\"caption-attachment-5744\" class=\"wp-image-5744\" src=\"https:\/\/lydenim.com\/wp-content\/uploads\/2025\/07\/8a3e113ed78b89412627f507015e251c.jpg\" alt=\"\" width=\"600\" height=\"337\" srcset=\"https:\/\/lydenim.com\/wp-content\/uploads\/2025\/07\/8a3e113ed78b89412627f507015e251c.jpg 1925w, https:\/\/lydenim.com\/wp-content\/uploads\/2025\/07\/8a3e113ed78b89412627f507015e251c-300x168.jpg 300w, https:\/\/lydenim.com\/wp-content\/uploads\/2025\/07\/8a3e113ed78b89412627f507015e251c-1024x575.jpg 1024w, https:\/\/lydenim.com\/wp-content\/uploads\/2025\/07\/8a3e113ed78b89412627f507015e251c-768x431.jpg 768w, https:\/\/lydenim.com\/wp-content\/uploads\/2025\/07\/8a3e113ed78b89412627f507015e251c-1536x862.jpg 1536w, https:\/\/lydenim.com\/wp-content\/uploads\/2025\/07\/8a3e113ed78b89412627f507015e251c-18x10.jpg 18w, https:\/\/lydenim.com\/wp-content\/uploads\/2025\/07\/8a3e113ed78b89412627f507015e251c-600x337.jpg 600w, https:\/\/lydenim.com\/wp-content\/uploads\/2025\/07\/8a3e113ed78b89412627f507015e251c-150x84.jpg 150w\" sizes=\"auto, (max-width: 600px) 100vw, 600px\" \/><p id=\"caption-attachment-5744\" class=\"wp-caption-text\">Urdidura e Trama<\/p><\/div><\/li>\n<\/ul>\n<h2 dir=\"ltr\">Controlando o encolhimento por meio de processos de tecido<\/h2>\n<p dir=\"ltr\">Os fabricantes empregam diversas t\u00e9cnicas para reduzir o encolhimento do jeans durante a produ\u00e7\u00e3o:<\/p>\n<ul class=\"tight\" dir=\"ltr\" data-tight=\"true\">\n<li>\n<p dir=\"ltr\"><strong>Sanforiza\u00e7\u00e3o<\/strong>: Este processo, iniciado por Sanford Cluett em 1930, envolve esticar e relaxar o tecido sob condi\u00e7\u00f5es controladas para estabilizar suas dimens\u00f5es. A Textile World afirma que o jeans sanforizado encolhe menos de 1% ap\u00f3s a lavagem.<\/p>\n<p><div id=\"attachment_5747\" style=\"width: 610px\" class=\"wp-caption aligncenter\"><img loading=\"lazy\" decoding=\"async\" aria-describedby=\"caption-attachment-5747\" class=\"wp-image-5747\" src=\"https:\/\/lydenim.com\/wp-content\/uploads\/2025\/07\/4480e834ba80079c52585df0a3fbe8a1.jpg\" alt=\"\" width=\"600\" height=\"400\" srcset=\"https:\/\/lydenim.com\/wp-content\/uploads\/2025\/07\/4480e834ba80079c52585df0a3fbe8a1.jpg 1307w, https:\/\/lydenim.com\/wp-content\/uploads\/2025\/07\/4480e834ba80079c52585df0a3fbe8a1-300x200.jpg 300w, https:\/\/lydenim.com\/wp-content\/uploads\/2025\/07\/4480e834ba80079c52585df0a3fbe8a1-1024x682.jpg 1024w, https:\/\/lydenim.com\/wp-content\/uploads\/2025\/07\/4480e834ba80079c52585df0a3fbe8a1-768x512.jpg 768w, https:\/\/lydenim.com\/wp-content\/uploads\/2025\/07\/4480e834ba80079c52585df0a3fbe8a1-18x12.jpg 18w, https:\/\/lydenim.com\/wp-content\/uploads\/2025\/07\/4480e834ba80079c52585df0a3fbe8a1-600x400.jpg 600w, https:\/\/lydenim.com\/wp-content\/uploads\/2025\/07\/4480e834ba80079c52585df0a3fbe8a1-150x100.jpg 150w\" sizes=\"auto, (max-width: 600px) 100vw, 600px\" \/><p id=\"caption-attachment-5747\" class=\"wp-caption-text\">Controlando o encolhimento<\/p><\/div><\/li>\n<li>\n<p dir=\"ltr\"><strong>Tratamentos Qu\u00edmicos<\/strong>: Resinas ou outros produtos qu\u00edmicos podem aumentar a resist\u00eancia ao encolhimento, embora possam alterar a textura ou a respirabilidade do tecido.<\/p>\n<p><img loading=\"lazy\" decoding=\"async\" class=\"aligncenter wp-image-5748\" src=\"https:\/\/lydenim.com\/wp-content\/uploads\/2025\/07\/d33bc795a592f627c5554279cf2f7083.jpg\" alt=\"\" width=\"600\" height=\"800\" srcset=\"https:\/\/lydenim.com\/wp-content\/uploads\/2025\/07\/d33bc795a592f627c5554279cf2f7083.jpg 1544w, https:\/\/lydenim.com\/wp-content\/uploads\/2025\/07\/d33bc795a592f627c5554279cf2f7083-225x300.jpg 225w, https:\/\/lydenim.com\/wp-content\/uploads\/2025\/07\/d33bc795a592f627c5554279cf2f7083-768x1024.jpg 768w, https:\/\/lydenim.com\/wp-content\/uploads\/2025\/07\/d33bc795a592f627c5554279cf2f7083-1152x1536.jpg 1152w, https:\/\/lydenim.com\/wp-content\/uploads\/2025\/07\/d33bc795a592f627c5554279cf2f7083-1536x2048.jpg 1536w, https:\/\/lydenim.com\/wp-content\/uploads\/2025\/07\/d33bc795a592f627c5554279cf2f7083-9x12.jpg 9w, https:\/\/lydenim.com\/wp-content\/uploads\/2025\/07\/d33bc795a592f627c5554279cf2f7083-600x800.jpg 600w, https:\/\/lydenim.com\/wp-content\/uploads\/2025\/07\/d33bc795a592f627c5554279cf2f7083-150x200.jpg 150w\" sizes=\"auto, (max-width: 600px) 100vw, 600px\" \/><\/li>\n<li>\n<p dir=\"ltr\"><strong>Misturas de Tecidos<\/strong>: A incorpora\u00e7\u00e3o de fibras sint\u00e9ticas como poli\u00e9ster ou elastano reduz o encolhimento, pois essas fibras s\u00e3o menos propensas a contrair. A shopduer destaca que o jeans el\u00e1stico com elastano encolhe menos, mas requer manuseio cuidadoso para evitar danos \u00e0s fibras.<\/p>\n<p><div id=\"attachment_5604\" style=\"width: 610px\" class=\"wp-caption aligncenter\"><img loading=\"lazy\" decoding=\"async\" aria-describedby=\"caption-attachment-5604\" class=\"wp-image-5604\" src=\"https:\/\/lydenim.com\/wp-content\/uploads\/2025\/06\/DM_20250626203910_001.jpg\" alt=\"\" width=\"600\" height=\"600\" srcset=\"https:\/\/lydenim.com\/wp-content\/uploads\/2025\/06\/DM_20250626203910_001.jpg 500w, https:\/\/lydenim.com\/wp-content\/uploads\/2025\/06\/DM_20250626203910_001-300x300.jpg 300w, https:\/\/lydenim.com\/wp-content\/uploads\/2025\/06\/DM_20250626203910_001-150x150.jpg 150w, https:\/\/lydenim.com\/wp-content\/uploads\/2025\/06\/DM_20250626203910_001-12x12.jpg 12w\" sizes=\"auto, (max-width: 600px) 100vw, 600px\" \/><p id=\"caption-attachment-5604\" class=\"wp-caption-text\">Fio de elastano<\/p><\/div><\/li>\n<\/ul>\n<p dir=\"ltr\">Esses m\u00e9todos reduzem significativamente os riscos de encolhimento, embora algum encolhimento residual ainda possa ocorrer em condi\u00e7\u00f5es inadequadas de lavagem.<\/p>\n<h2 dir=\"ltr\">Encolhimento em pe\u00e7as de vestu\u00e1rio acabadas<\/h2>\n<p dir=\"ltr\">Mesmo com tratamentos de pr\u00e9-encolhimento, as pe\u00e7as jeans acabadas podem encolher devido a v\u00e1rios fatores:<\/p>\n<ul class=\"tight\" dir=\"ltr\" data-tight=\"true\">\n<li>\n<p dir=\"ltr\"><strong>Temperatura de lavagem<\/strong>: A \u00e1gua quente faz com que as fibras de algod\u00e3o se contraiam mais do que a \u00e1gua fria. A Nudie Jeans recomenda a lavagem em \u00e1gua fria para manter o encolhimento abaixo de 3%.<\/p>\n<\/li>\n<li>\n<p dir=\"ltr\"><strong>M\u00e9todo de secagem<\/strong>: A secagem em altas temperaturas agrava o encolhimento, esticando as fibras. A secagem ao ar livre, especialmente do avesso, ajuda a preservar o tamanho e a cor.<\/p>\n<\/li>\n<li>\n<p dir=\"ltr\"><strong>A\u00e7\u00e3o Mec\u00e2nica<\/strong>: A agita\u00e7\u00e3o nas m\u00e1quinas de lavar pode deslocar as fibras, aumentando o encolhimento. Um ciclo suave ou a lavagem \u00e0 m\u00e3o minimizam esse efeito.<\/p>\n<\/li>\n<li>\n<p dir=\"ltr\"><strong>Desgaste e alongamento<\/strong>: Esticar durante o uso pode alterar o tamanho de uma pe\u00e7a, embora isso tenha mais a ver com esticar do que com encolher. Alguns entusiastas encolhem jeans intencionalmente usando \u00e1gua quente ou secadoras para um ajuste personalizado.<\/p>\n<p><div id=\"attachment_5419\" style=\"width: 610px\" class=\"wp-caption aligncenter\"><img loading=\"lazy\" decoding=\"async\" aria-describedby=\"caption-attachment-5419\" class=\"wp-image-5419\" src=\"https:\/\/lydenim.com\/wp-content\/uploads\/2025\/01\/use-heat-to-stretch-jeans.jpg\" alt=\"use calor para esticar jeans\" width=\"600\" height=\"289\" srcset=\"https:\/\/lydenim.com\/wp-content\/uploads\/2025\/01\/use-heat-to-stretch-jeans.jpg 1200w, https:\/\/lydenim.com\/wp-content\/uploads\/2025\/01\/use-heat-to-stretch-jeans-300x145.jpg 300w, https:\/\/lydenim.com\/wp-content\/uploads\/2025\/01\/use-heat-to-stretch-jeans-1024x493.jpg 1024w, https:\/\/lydenim.com\/wp-content\/uploads\/2025\/01\/use-heat-to-stretch-jeans-768x370.jpg 768w, https:\/\/lydenim.com\/wp-content\/uploads\/2025\/01\/use-heat-to-stretch-jeans-18x9.jpg 18w, https:\/\/lydenim.com\/wp-content\/uploads\/2025\/01\/use-heat-to-stretch-jeans-600x289.jpg 600w, https:\/\/lydenim.com\/wp-content\/uploads\/2025\/01\/use-heat-to-stretch-jeans-150x72.jpg 150w\" sizes=\"auto, (max-width: 600px) 100vw, 600px\" \/><p id=\"caption-attachment-5419\" class=\"wp-caption-text\">use calor para esticar jeans<\/p><\/div><\/li>\n<\/ul>\n<h2 dir=\"ltr\">Resumo e Dicas Pr\u00e1ticas<\/h2>\n<p dir=\"ltr\">O encolhimento do jeans \u00e9 um resultado inerente \u00e0 sua composi\u00e7\u00e3o de algod\u00e3o e \u00e0 estrutura do tecido, mas pode ser controlado de forma eficaz por meio de t\u00e9cnicas de produ\u00e7\u00e3o e cuidados adequados. Os principais pontos incluem:<\/p>\n<ul class=\"tight\" dir=\"ltr\" data-tight=\"true\">\n<li>\n<p dir=\"ltr\"><strong>Conhe\u00e7a seu jeans<\/strong>: Verifique a etiqueta de cuidados para saber se o seu jeans \u00e9 feito de algod\u00e3o 100% (com potencial de encolhimento de 5-7% no comprimento e 5-10% na largura) ou misto (com encolhimento de cerca de 3-5%).<\/p>\n<\/li>\n<li>\n<p dir=\"ltr\"><strong>Siga as diretrizes de cuidados<\/strong>: Lave em \u00e1gua fria e seque ao ar livre para minimizar o encolhimento e manter a cor e o caimento.<\/p>\n<\/li>\n<li>\n<p dir=\"ltr\"><strong>Pr\u00e9-lavagem de jeans novos<\/strong>: Considere lavar e secar jeans novos antes de us\u00e1-los para compensar o encolhimento inicial, especialmente no caso de jeans cru.<\/p>\n<p><div id=\"attachment_5422\" style=\"width: 610px\" class=\"wp-caption aligncenter\"><img loading=\"lazy\" decoding=\"async\" aria-describedby=\"caption-attachment-5422\" class=\"wp-image-5422\" src=\"https:\/\/lydenim.com\/wp-content\/uploads\/2025\/01\/Washing-machine-to-wash-jeans.jpg\" alt=\"M\u00e1quina de lavar para lavar jeans\" width=\"600\" height=\"327\" srcset=\"https:\/\/lydenim.com\/wp-content\/uploads\/2025\/01\/Washing-machine-to-wash-jeans.jpg 1200w, https:\/\/lydenim.com\/wp-content\/uploads\/2025\/01\/Washing-machine-to-wash-jeans-300x164.jpg 300w, https:\/\/lydenim.com\/wp-content\/uploads\/2025\/01\/Washing-machine-to-wash-jeans-1024x558.jpg 1024w, https:\/\/lydenim.com\/wp-content\/uploads\/2025\/01\/Washing-machine-to-wash-jeans-768x419.jpg 768w, https:\/\/lydenim.com\/wp-content\/uploads\/2025\/01\/Washing-machine-to-wash-jeans-18x10.jpg 18w, https:\/\/lydenim.com\/wp-content\/uploads\/2025\/01\/Washing-machine-to-wash-jeans-600x327.jpg 600w, https:\/\/lydenim.com\/wp-content\/uploads\/2025\/01\/Washing-machine-to-wash-jeans-150x82.jpg 150w\" sizes=\"auto, (max-width: 600px) 100vw, 600px\" \/><p id=\"caption-attachment-5422\" class=\"wp-caption-text\">M\u00e1quina de lavar para lavar jeans<\/p><\/div><\/li>\n<li>\n<p dir=\"ltr\"><strong>Abrace o encolhimento em busca de estilo<\/strong>:Alguns entusiastas do jeans, como observado no Styleforum, compram jeans cru um pouco maior e o encolhem para obter um ajuste personalizado ou um visual vintage.<img loading=\"lazy\" decoding=\"async\" class=\"aligncenter wp-image-5746\" src=\"https:\/\/lydenim.com\/wp-content\/uploads\/2025\/07\/2074f90d437243fc139518736dce8f02.jpg\" alt=\"\" width=\"600\" height=\"800\" srcset=\"https:\/\/lydenim.com\/wp-content\/uploads\/2025\/07\/2074f90d437243fc139518736dce8f02.jpg 1668w, https:\/\/lydenim.com\/wp-content\/uploads\/2025\/07\/2074f90d437243fc139518736dce8f02-225x300.jpg 225w, https:\/\/lydenim.com\/wp-content\/uploads\/2025\/07\/2074f90d437243fc139518736dce8f02-768x1024.jpg 768w, https:\/\/lydenim.com\/wp-content\/uploads\/2025\/07\/2074f90d437243fc139518736dce8f02-1152x1536.jpg 1152w, https:\/\/lydenim.com\/wp-content\/uploads\/2025\/07\/2074f90d437243fc139518736dce8f02-1536x2048.jpg 1536w, https:\/\/lydenim.com\/wp-content\/uploads\/2025\/07\/2074f90d437243fc139518736dce8f02-9x12.jpg 9w, https:\/\/lydenim.com\/wp-content\/uploads\/2025\/07\/2074f90d437243fc139518736dce8f02-600x800.jpg 600w, https:\/\/lydenim.com\/wp-content\/uploads\/2025\/07\/2074f90d437243fc139518736dce8f02-150x200.jpg 150w\" sizes=\"auto, (max-width: 600px) 100vw, 600px\" \/><\/p>\n<\/li>\n<\/ul>\n<h2 dir=\"ltr\">Conclus\u00e3o<\/h2>\n<p dir=\"ltr\">O encolhimento do jeans \u00e9 resultado direto das propriedades naturais do algod\u00e3o e da estrutura do tecido, mas pode ser controlado de forma eficaz por meio de t\u00e9cnicas avan\u00e7adas de fabrica\u00e7\u00e3o e cuidadosas pr\u00e1ticas de manuten\u00e7\u00e3o. Os consumidores devem considerar a composi\u00e7\u00e3o do tecido e os tratamentos de pr\u00e9-encolhimento ao escolher jeans, al\u00e9m de aderir \u00e0 lavagem em \u00e1gua fria e \u00e0 secagem ao ar livre para garantir longevidade e caimento. Seja buscando um visual cl\u00e1ssico ou um efeito vintage personalizado, entender o encolhimento permite que voc\u00ea fa\u00e7a escolhas informadas e mantenha o apelo duradouro das pe\u00e7as jeans.<\/p>\n<h2 dir=\"auto\">Servi\u00e7os de personaliza\u00e7\u00e3o da LYDENIM<\/h2>\n<p dir=\"auto\">\ud83c\udfa8 Quero <strong>tecidos jeans personalizados<\/strong> ou\u00a0 <strong>exclusivo<\/strong> <strong>pe\u00e7a jeans personalizada<\/strong>? A LYDENIM \u00e9 especializada em solu\u00e7\u00f5es personalizadas para atender \u00e0s suas necessidades de design e produ\u00e7\u00e3o.<\/p>\n<p dir=\"auto\">\ud83d\udecd\ufe0f <strong>Explore e inspire-se<\/strong>: Navegue por nossas sele\u00e7\u00f5es de tecidos e descubra ideias de design em <a href=\"https:\/\/lydenim.com\/pt\/\" target=\"_blank\" rel=\"noopener noreferrer nofollow\">LYDenim<\/a>.<\/p>\n<p dir=\"auto\">\ud83c\udf10 <strong>Roupas el\u00e1sticas<\/strong>: Confira nossas ofertas em <a href=\"http:\/\/liangyuantextile.m.en.alibaba.com\" target=\"_blank\" rel=\"noopener noreferrer nofollow\">MeuAlibaba<\/a>. \ud83d\udce9 <strong>Contate-nos<\/strong>: Entre em contato em <a href=\"mailto:malone@lydenim.com\" target=\"_blank\" rel=\"noopener noreferrer nofollow\">malone@lydenim.com<\/a>.<\/p>\n<p dir=\"auto\">Crie sua obra-prima de jeans com LYDENIM - seu parceiro de confian\u00e7a para <strong>tecido el\u00e1stico<\/strong> e <strong>solu\u00e7\u00f5es personalizadas de jeans<\/strong>.<\/p>","protected":false},"excerpt":{"rendered":"<p>Tempo estimado de leitura: \uff5e4 minutos O que \u00e9 encolhimento do jeans? O encolhimento do jeans se refere ao fen\u00f4meno em que o tecido jeans reduz de tamanho.<\/p>","protected":false},"author":1,"featured_media":5750,"comment_status":"open","ping_status":"open","sticky":false,"template":"","format":"standard","meta":{"two_page_speed":[],"footnotes":""},"categories":[66],"tags":[],"class_list":["post-5683","post","type-post","status-publish","format-standard","has-post-thumbnail","hentry","category-denim-knowledge"],"aioseo_notices":[],"_links":{"self":[{"href":"https:\/\/lydenim.com\/pt\/wp-json\/wp\/v2\/posts\/5683","targetHints":{"allow":["GET"]}}],"collection":[{"href":"https:\/\/lydenim.com\/pt\/wp-json\/wp\/v2\/posts"}],"about":[{"href":"https:\/\/lydenim.com\/pt\/wp-json\/wp\/v2\/types\/post"}],"author":[{"embeddable":true,"href":"https:\/\/lydenim.com\/pt\/wp-json\/wp\/v2\/users\/1"}],"replies":[{"embeddable":true,"href":"https:\/\/lydenim.com\/pt\/wp-json\/wp\/v2\/comments?post=5683"}],"version-history":[{"count":5,"href":"https:\/\/lydenim.com\/pt\/wp-json\/wp\/v2\/posts\/5683\/revisions"}],"predecessor-version":[{"id":6376,"href":"https:\/\/lydenim.com\/pt\/wp-json\/wp\/v2\/posts\/5683\/revisions\/6376"}],"wp:featuredmedia":[{"embeddable":true,"href":"https:\/\/lydenim.com\/pt\/wp-json\/wp\/v2\/media\/5750"}],"wp:attachment":[{"href":"https:\/\/lydenim.com\/pt\/wp-json\/wp\/v2\/media?parent=5683"}],"wp:term":[{"taxonomy":"category","embeddable":true,"href":"https:\/\/lydenim.com\/pt\/wp-json\/wp\/v2\/categories?post=5683"},{"taxonomy":"post_tag","embeddable":true,"href":"https:\/\/lydenim.com\/pt\/wp-json\/wp\/v2\/tags?post=5683"}],"curies":[{"name":"wp","href":"https:\/\/api.w.org\/{rel}","templated":true}]}}