{"id":5685,"date":"2025-07-09T00:24:35","date_gmt":"2025-07-08T16:24:35","guid":{"rendered":"https:\/\/lydenim.com\/?p=5685"},"modified":"2025-08-24T13:44:33","modified_gmt":"2025-08-24T05:44:33","slug":"denim-outfit-trends-and-styles-for-2025","status":"publish","type":"post","link":"https:\/\/lydenim.com\/pt\/tendencias-e-estilos-de-roupas-jeans-para-2025\/","title":{"rendered":"Look Jeans: Tend\u00eancias e Estilos para 2025"},"content":{"rendered":"<h2>Tempo estimado de leitura: ~7 minutos<\/h2>\n<h2>Introdu\u00e7\u00e3o<\/h2>\n<p>O jeans \u00e9 um tecido de sarja de algod\u00e3o resistente que entrou na moda no s\u00e9culo XIX, ap\u00f3s come\u00e7ar como roupa de trabalho, e se tornou um material vers\u00e1til para designs de moda contempor\u00e2neos. Em 2025, roupas jeans, como saias, shorts, camisas e os designs culturais Denim Tears, representam as principais tend\u00eancias da moda. O artigo examina esses componentes, analisando sua adaptabilidade ao estilo, juntamente com padr\u00f5es de mercado e efeitos sociais, por meio de perspectivas profissionais e pesquisa quantitativa.<\/p>\n<div id=\"attachment_5740\" style=\"width: 610px\" class=\"wp-caption aligncenter\"><img loading=\"lazy\" decoding=\"async\" aria-describedby=\"caption-attachment-5740\" class=\"wp-image-5740\" src=\"https:\/\/lydenim.com\/wp-content\/uploads\/2025\/07\/d7939d7baa671e75d308ddd60b284a44.jpg\" alt=\"\" width=\"600\" height=\"399\" srcset=\"https:\/\/lydenim.com\/wp-content\/uploads\/2025\/07\/d7939d7baa671e75d308ddd60b284a44.jpg 1668w, https:\/\/lydenim.com\/wp-content\/uploads\/2025\/07\/d7939d7baa671e75d308ddd60b284a44-300x200.jpg 300w, https:\/\/lydenim.com\/wp-content\/uploads\/2025\/07\/d7939d7baa671e75d308ddd60b284a44-1024x681.jpg 1024w, https:\/\/lydenim.com\/wp-content\/uploads\/2025\/07\/d7939d7baa671e75d308ddd60b284a44-768x511.jpg 768w, https:\/\/lydenim.com\/wp-content\/uploads\/2025\/07\/d7939d7baa671e75d308ddd60b284a44-1536x1022.jpg 1536w, https:\/\/lydenim.com\/wp-content\/uploads\/2025\/07\/d7939d7baa671e75d308ddd60b284a44-18x12.jpg 18w, https:\/\/lydenim.com\/wp-content\/uploads\/2025\/07\/d7939d7baa671e75d308ddd60b284a44-600x399.jpg 600w, https:\/\/lydenim.com\/wp-content\/uploads\/2025\/07\/d7939d7baa671e75d308ddd60b284a44-150x100.jpg 150w\" sizes=\"auto, (max-width: 600px) 100vw, 600px\" \/><p id=\"caption-attachment-5740\" class=\"wp-caption-text\">Hist\u00f3rico de trajes<\/p><\/div>\n<h2>Saia jeans: uma pe\u00e7a b\u00e1sica atemporal e vers\u00e1til<\/h2>\n<p>O mundo da moda adotou as saias jeans como uma alternativa popular ao jeans tradicional em 2025. Os consumidores podem escolher entre comprimentos mini, midi e maxi, pois esses estilos atendem a diversas prefer\u00eancias de estilo e necessidades de eventos. De acordo com a Marie Claire (5 de mar\u00e7o de 2025), as saias jeans dominam a popularidade do jeans atualmente, pois proporcionam um apelo universal. De acordo com a Refinery29 (4 de abril de 2025), o n\u00famero de buscas por saias jeans em sites de varejo aumentou em 30% devido ao crescente interesse do consumidor.<\/p>\n<ul>\n<li><strong>Mini saias jeans<\/strong>Minissaias jeans criam um visual jovem perfeito quando usadas com tops curtos ou su\u00e9teres oversized. A saia Icon da Levi&#039;s ($48.65) recebeu elogios da Teen Vogue (24 de junho de 2025) por seu design vintage inspirado no Y2K.<\/li>\n<li><strong>Saias jeans midi<\/strong>:Eles oferecem um equil\u00edbrio entre mod\u00e9stia e estilo, adequados para ambientes de escrit\u00f3rio quando combinados com uma blusa e saltos ou passeios casuais com t\u00eanis e uma camiseta.<\/li>\n<li><strong>Saias Maxi Jeans<\/strong>: Essas pe\u00e7as funcionam melhor em estilos bo\u00eamios quando combinadas com uma jaqueta jeans ou um cardig\u00e3 leve, de acordo com a London Fashion Week (fevereiro de 2025).<\/li>\n<\/ul>\n<p><strong>Dica de estilo<\/strong>: Ao combinar jeans com jeans, combine uma saia jeans com uma camisa de cambraia, de acordo com a Glamour (30 de maio de 2025). A combina\u00e7\u00e3o de pe\u00e7as de couro e seda real\u00e7a o visual geral quando usadas como elementos contrastantes.<\/p>\n<div id=\"attachment_5731\" style=\"width: 610px\" class=\"wp-caption aligncenter\"><img loading=\"lazy\" decoding=\"async\" aria-describedby=\"caption-attachment-5731\" class=\"wp-image-5731\" src=\"https:\/\/lydenim.com\/wp-content\/uploads\/2025\/07\/9f30620584d774b1486dbb346fa07f9b.jpg\" alt=\"\" width=\"600\" height=\"480\" srcset=\"https:\/\/lydenim.com\/wp-content\/uploads\/2025\/07\/9f30620584d774b1486dbb346fa07f9b.jpg 789w, https:\/\/lydenim.com\/wp-content\/uploads\/2025\/07\/9f30620584d774b1486dbb346fa07f9b-300x240.jpg 300w, https:\/\/lydenim.com\/wp-content\/uploads\/2025\/07\/9f30620584d774b1486dbb346fa07f9b-768x614.jpg 768w, https:\/\/lydenim.com\/wp-content\/uploads\/2025\/07\/9f30620584d774b1486dbb346fa07f9b-15x12.jpg 15w, https:\/\/lydenim.com\/wp-content\/uploads\/2025\/07\/9f30620584d774b1486dbb346fa07f9b-600x480.jpg 600w, https:\/\/lydenim.com\/wp-content\/uploads\/2025\/07\/9f30620584d774b1486dbb346fa07f9b-150x120.jpg 150w\" sizes=\"auto, (max-width: 600px) 100vw, 600px\" \/><p id=\"caption-attachment-5731\" class=\"wp-caption-text\">Saia Jeans<\/p><\/div>\n<p><strong>Cen\u00e1rios de uso<\/strong>:<\/p>\n<ul>\n<li><strong>Passeios casuais<\/strong>:Uma minissaia jeans combinada com uma camiseta estampada e t\u00eanis se torna a roupa perfeita para brunches de fim de semana.<\/li>\n<li><strong>Vestu\u00e1rio de escrit\u00f3rio<\/strong>:Uma saia midi combinada com mocassins e uma blusa sob medida cria uma roupa apropriada para locais de trabalho criativos.<\/li>\n<li><strong>Eventos noturnos<\/strong>: Saias longas combinadas com tops de seda e saltos altos criam um traje adequado para jantares.<\/li>\n<\/ul>\n<h2>Shorts jeans: o item essencial para o clima quente<\/h2>\n<p>Em 2025, a moda de ver\u00e3o inclui os shorts-jersey como pe\u00e7a essencial, dispon\u00edveis em diferentes comprimentos, do micro ao bermuda. A InStyle (26 de fevereiro de 2025) relata que a popularidade dos shorts-jersey aumentou em 75% gra\u00e7as ao apoio de Hailey Bieber e Charli XCX. A Heuritech (19 de maio de 2025) revela que os consumidores europeus aumentaram sua busca por shorts de cintura baixa em 11% devido \u00e0s tend\u00eancias da moda Y2K.<\/p>\n<ul>\n<li><strong>Micro Shorts<\/strong>: O estilo curto funciona melhor para viagens \u00e0 praia ou festivais de m\u00fasica com tops curtos ou camisetas longas.\n<p><div id=\"attachment_5732\" style=\"width: 610px\" class=\"wp-caption aligncenter\"><img loading=\"lazy\" decoding=\"async\" aria-describedby=\"caption-attachment-5732\" class=\"wp-image-5732\" src=\"https:\/\/lydenim.com\/wp-content\/uploads\/2025\/07\/21d7bc2e98a9bcf904be674d847a1359.jpg\" alt=\"\" width=\"600\" height=\"750\" srcset=\"https:\/\/lydenim.com\/wp-content\/uploads\/2025\/07\/21d7bc2e98a9bcf904be674d847a1359.jpg 1668w, https:\/\/lydenim.com\/wp-content\/uploads\/2025\/07\/21d7bc2e98a9bcf904be674d847a1359-240x300.jpg 240w, https:\/\/lydenim.com\/wp-content\/uploads\/2025\/07\/21d7bc2e98a9bcf904be674d847a1359-819x1024.jpg 819w, https:\/\/lydenim.com\/wp-content\/uploads\/2025\/07\/21d7bc2e98a9bcf904be674d847a1359-768x960.jpg 768w, https:\/\/lydenim.com\/wp-content\/uploads\/2025\/07\/21d7bc2e98a9bcf904be674d847a1359-1229x1536.jpg 1229w, https:\/\/lydenim.com\/wp-content\/uploads\/2025\/07\/21d7bc2e98a9bcf904be674d847a1359-1638x2048.jpg 1638w, https:\/\/lydenim.com\/wp-content\/uploads\/2025\/07\/21d7bc2e98a9bcf904be674d847a1359-10x12.jpg 10w, https:\/\/lydenim.com\/wp-content\/uploads\/2025\/07\/21d7bc2e98a9bcf904be674d847a1359-600x750.jpg 600w, https:\/\/lydenim.com\/wp-content\/uploads\/2025\/07\/21d7bc2e98a9bcf904be674d847a1359-150x188.jpg 150w\" sizes=\"auto, (max-width: 600px) 100vw, 600px\" \/><p id=\"caption-attachment-5732\" class=\"wp-caption-text\">Micro Shorts<\/p><\/div><\/li>\n<li><strong>Shorts at\u00e9 o meio da coxa<\/strong>: Shorts na altura do meio da coxa servem para v\u00e1rios prop\u00f3sitos, pois combinam com regatas para looks casuais e camisas de bot\u00e3o para conjuntos mais elegantes, de acordo com Jo-Lynne Shane (2 de maio de 2024).\n<p><div id=\"attachment_5733\" style=\"width: 610px\" class=\"wp-caption aligncenter\"><img loading=\"lazy\" decoding=\"async\" aria-describedby=\"caption-attachment-5733\" class=\"wp-image-5733\" src=\"https:\/\/lydenim.com\/wp-content\/uploads\/2025\/07\/76b137ab208633fe36187032470edbe5.jpg\" alt=\"\" width=\"600\" height=\"800\" srcset=\"https:\/\/lydenim.com\/wp-content\/uploads\/2025\/07\/76b137ab208633fe36187032470edbe5.jpg 1535w, https:\/\/lydenim.com\/wp-content\/uploads\/2025\/07\/76b137ab208633fe36187032470edbe5-225x300.jpg 225w, https:\/\/lydenim.com\/wp-content\/uploads\/2025\/07\/76b137ab208633fe36187032470edbe5-768x1024.jpg 768w, https:\/\/lydenim.com\/wp-content\/uploads\/2025\/07\/76b137ab208633fe36187032470edbe5-1152x1536.jpg 1152w, https:\/\/lydenim.com\/wp-content\/uploads\/2025\/07\/76b137ab208633fe36187032470edbe5-9x12.jpg 9w, https:\/\/lydenim.com\/wp-content\/uploads\/2025\/07\/76b137ab208633fe36187032470edbe5-600x800.jpg 600w, https:\/\/lydenim.com\/wp-content\/uploads\/2025\/07\/76b137ab208633fe36187032470edbe5-150x200.jpg 150w\" sizes=\"auto, (max-width: 600px) 100vw, 600px\" \/><p id=\"caption-attachment-5733\" class=\"wp-caption-text\">Shorts at\u00e9 o meio da coxa<\/p><\/div><\/li>\n<li><strong>Bermudas<\/strong>: Oferecendo um caimento relaxado, os shorts Bermuda podem ser combinados com blazers para um visual casual elegante, como visto em Porter (26 de maio de 2025).\n<p><div id=\"attachment_5734\" style=\"width: 610px\" class=\"wp-caption aligncenter\"><img loading=\"lazy\" decoding=\"async\" aria-describedby=\"caption-attachment-5734\" class=\"wp-image-5734\" src=\"https:\/\/lydenim.com\/wp-content\/uploads\/2025\/07\/97effee0e8c9ab79d6a96a2e5747ed6e.jpg\" alt=\"\" width=\"600\" height=\"800\" srcset=\"https:\/\/lydenim.com\/wp-content\/uploads\/2025\/07\/97effee0e8c9ab79d6a96a2e5747ed6e.jpg 1630w, https:\/\/lydenim.com\/wp-content\/uploads\/2025\/07\/97effee0e8c9ab79d6a96a2e5747ed6e-225x300.jpg 225w, https:\/\/lydenim.com\/wp-content\/uploads\/2025\/07\/97effee0e8c9ab79d6a96a2e5747ed6e-768x1024.jpg 768w, https:\/\/lydenim.com\/wp-content\/uploads\/2025\/07\/97effee0e8c9ab79d6a96a2e5747ed6e-1152x1536.jpg 1152w, https:\/\/lydenim.com\/wp-content\/uploads\/2025\/07\/97effee0e8c9ab79d6a96a2e5747ed6e-1536x2048.jpg 1536w, https:\/\/lydenim.com\/wp-content\/uploads\/2025\/07\/97effee0e8c9ab79d6a96a2e5747ed6e-9x12.jpg 9w, https:\/\/lydenim.com\/wp-content\/uploads\/2025\/07\/97effee0e8c9ab79d6a96a2e5747ed6e-600x800.jpg 600w, https:\/\/lydenim.com\/wp-content\/uploads\/2025\/07\/97effee0e8c9ab79d6a96a2e5747ed6e-150x200.jpg 150w\" sizes=\"auto, (max-width: 600px) 100vw, 600px\" \/><p id=\"caption-attachment-5734\" class=\"wp-caption-text\">Bermudas<\/p><\/div><\/li>\n<\/ul>\n<p><strong>Dica de estilo<\/strong>: O volume das bermudas deve ser equilibrado com uma blusa justa, de acordo com a Cosmopolitan (31 de maio de 2024). O jeans continua sendo o centro das aten\u00e7\u00f5es ao usar pe\u00e7as de joalheria simples.<\/p>\n<p><strong>Cen\u00e1rios de uso<\/strong>:<\/p>\n<ul>\n<li><strong>Festivais de Ver\u00e3o<\/strong>: Micro shorts com regatas e sand\u00e1lias criam um visual divertido para o festival de ver\u00e3o.<\/li>\n<li><strong>Encontros casuais<\/strong>: Shorts at\u00e9 o meio da coxa com camiseta e t\u00eanis formam o look perfeito para encontros casuais.<\/li>\n<li><strong>Viagem<\/strong>: Bermudas combinadas com uma jaqueta leve s\u00e3o uma excelente escolha para trajes de viagem confort\u00e1veis e estilosos.<\/li>\n<\/ul>\n<h2>Qual \u00e9 a cor natural do jeans?<\/h2>\n<p>O tecido de algod\u00e3o cru conhecido como &quot;ecru&quot; tem uma apar\u00eancia natural esbranqui\u00e7ada ou branca, de acordo com Heddels (5 de junho de 2011). O site Wrangler.in explica que o corante \u00edndigo gera sua cor azul caracter\u00edstica, embora o corante agora utilize comumente substitutos sint\u00e9ticos em vez da extra\u00e7\u00e3o tradicional da planta \u00edndigo. De acordo com a Heuritech (19 de maio de 2025), as buscas por jeans claro na Europa aumentaram em 7%, enquanto o preto e o branco, juntamente com diferentes lavagens, continuam na moda.<\/p>\n<p><strong>Contexto hist\u00f3rico<\/strong>: O s\u00e9culo XIX estabeleceu o tingimento com \u00edndigo como uma associa\u00e7\u00e3o permanente com o jeans por meio de sua capacidade de criar cores fortes e brilhantes, de acordo com o RD.com em 26 de junho de 2025. A MUD Jeans implementa jeans sem tingimento em seus produtos para fins de sustentabilidade porque essa abordagem reduz o uso de \u00e1gua em 93% em compara\u00e7\u00e3o com as pr\u00e1ticas de tingimento regulares (MUD Jeans, 16 de setembro de 2020).<\/p>\n<p><strong>A Vogue recomenda<\/strong>: jeans branco como uma tela em branco para criar looks novos com acess\u00f3rios coloridos, de acordo com a publica\u00e7\u00e3o de 28 de abril de 2023.<\/p>\n<div id=\"attachment_5739\" style=\"width: 610px\" class=\"wp-caption aligncenter\"><img loading=\"lazy\" decoding=\"async\" aria-describedby=\"caption-attachment-5739\" class=\"wp-image-5739\" src=\"https:\/\/lydenim.com\/wp-content\/uploads\/2025\/07\/cd1ff0b5a565d4b713bb766ebe863655.jpg\" alt=\"\" width=\"600\" height=\"266\" srcset=\"https:\/\/lydenim.com\/wp-content\/uploads\/2025\/07\/cd1ff0b5a565d4b713bb766ebe863655.jpg 2434w, https:\/\/lydenim.com\/wp-content\/uploads\/2025\/07\/cd1ff0b5a565d4b713bb766ebe863655-300x133.jpg 300w, https:\/\/lydenim.com\/wp-content\/uploads\/2025\/07\/cd1ff0b5a565d4b713bb766ebe863655-1024x454.jpg 1024w, https:\/\/lydenim.com\/wp-content\/uploads\/2025\/07\/cd1ff0b5a565d4b713bb766ebe863655-768x341.jpg 768w, https:\/\/lydenim.com\/wp-content\/uploads\/2025\/07\/cd1ff0b5a565d4b713bb766ebe863655-1536x682.jpg 1536w, https:\/\/lydenim.com\/wp-content\/uploads\/2025\/07\/cd1ff0b5a565d4b713bb766ebe863655-2048x909.jpg 2048w, https:\/\/lydenim.com\/wp-content\/uploads\/2025\/07\/cd1ff0b5a565d4b713bb766ebe863655-18x8.jpg 18w, https:\/\/lydenim.com\/wp-content\/uploads\/2025\/07\/cd1ff0b5a565d4b713bb766ebe863655-600x266.jpg 600w, https:\/\/lydenim.com\/wp-content\/uploads\/2025\/07\/cd1ff0b5a565d4b713bb766ebe863655-150x67.jpg 150w\" sizes=\"auto, (max-width: 600px) 100vw, 600px\" \/><p id=\"caption-attachment-5739\" class=\"wp-caption-text\">Jeans<\/p><\/div>\n<h2>Moda de camisa jeans: do casual ao elegante<\/h2>\n<p>Em 2025, a camisa jeans continua sendo uma pe\u00e7a de roupa vers\u00e1til, pois as pessoas a estilizam de forma diferente, de acordo com suas necessidades. De acordo com a revista Glamour (19 de junho de 2025), looks jeans com jeans funcionam melhor quando combinados com camisas jeans e saias jeans, criando um visual uniforme.<\/p>\n<ul>\n<li><strong>Estilo casual<\/strong>: Para ambientes casuais, a Paris Couture Week (Marie Claire, 23 de outubro de 2024) apresenta moda de rua usando uma camisa jeans desabotoada sobre uma regata.<\/li>\n<li><strong>Pronto para escrit\u00f3rio<\/strong>:Uma camisa jeans cria um visual pronto para o escrit\u00f3rio quando usada por dentro de cal\u00e7as de cintura alta ou uma saia com mocassins.<\/li>\n<li><strong>Jeans sobre jeans<\/strong>:Um smoking canadense pode ser combinado com jeans ou saias jeans quando voc\u00ea adiciona um cinto e joias chamativas \u00e0 roupa.<\/li>\n<\/ul>\n<p><strong>Opini\u00e3o de especialista<\/strong>: A influenciadora de moda Kim Brannigan (@styledbykimkj) prefere roupas jeans com jeans durante o outono porque ela as combina com cintos pretos e botas para alcan\u00e7ar uma apar\u00eancia sofisticada, de acordo com a People (15 de agosto de 2024).<\/p>\n<p><strong>Cen\u00e1rios de uso<\/strong>:<\/p>\n<ul>\n<li><strong>Passeios de fim de semana<\/strong>: Uma camisa jeans aberta sobre uma camiseta para passeios casuais.<\/li>\n<li><strong>Configura\u00e7\u00f5es de trabalho<\/strong>: Uma camisa jeans por dentro da cal\u00e7a para escrit\u00f3rios criativos.<\/li>\n<li><strong>Looks de noite<\/strong>: Uma camisa jeans com saia e salto para eventos semiformais.\n<p><div id=\"attachment_5735\" style=\"width: 610px\" class=\"wp-caption aligncenter\"><img loading=\"lazy\" decoding=\"async\" aria-describedby=\"caption-attachment-5735\" class=\"wp-image-5735\" src=\"https:\/\/lydenim.com\/wp-content\/uploads\/2025\/07\/0304df6dc85871b633f4f180e0c52e0d.jpg\" alt=\"\" width=\"600\" height=\"266\" srcset=\"https:\/\/lydenim.com\/wp-content\/uploads\/2025\/07\/0304df6dc85871b633f4f180e0c52e0d.jpg 2434w, https:\/\/lydenim.com\/wp-content\/uploads\/2025\/07\/0304df6dc85871b633f4f180e0c52e0d-300x133.jpg 300w, https:\/\/lydenim.com\/wp-content\/uploads\/2025\/07\/0304df6dc85871b633f4f180e0c52e0d-1024x454.jpg 1024w, https:\/\/lydenim.com\/wp-content\/uploads\/2025\/07\/0304df6dc85871b633f4f180e0c52e0d-768x341.jpg 768w, https:\/\/lydenim.com\/wp-content\/uploads\/2025\/07\/0304df6dc85871b633f4f180e0c52e0d-1536x682.jpg 1536w, https:\/\/lydenim.com\/wp-content\/uploads\/2025\/07\/0304df6dc85871b633f4f180e0c52e0d-2048x909.jpg 2048w, https:\/\/lydenim.com\/wp-content\/uploads\/2025\/07\/0304df6dc85871b633f4f180e0c52e0d-18x8.jpg 18w, https:\/\/lydenim.com\/wp-content\/uploads\/2025\/07\/0304df6dc85871b633f4f180e0c52e0d-600x266.jpg 600w, https:\/\/lydenim.com\/wp-content\/uploads\/2025\/07\/0304df6dc85871b633f4f180e0c52e0d-150x67.jpg 150w\" sizes=\"auto, (max-width: 600px) 100vw, 600px\" \/><p id=\"caption-attachment-5735\" class=\"wp-caption-text\">Moda de camisa jeans: do casual ao elegante<\/p><\/div><\/li>\n<\/ul>\n<h2>Denim Tears: Uma marca com profundidade cultural<\/h2>\n<p>Em 2019, a estilista Tremaine Emory criou a Denim Tears para unir moda de luxo com discuss\u00f5es culturais que exploram perspectivas da di\u00e1spora africana (Denim Tears). A marca apresenta produtos em jeans desgastado com tecido rasgado e estampas florais de algod\u00e3o que comunicam conceitos hist\u00f3ricos e raciais (The Caledonian, 20 de fevereiro de 2025).<\/p>\n<ul>\n<li><strong>Significado cultural<\/strong>:A cole\u00e7\u00e3o \u201cCotton Wreath\u201d da marca mostra o jeans desgastado como um m\u00e9todo para gerar conversas sobre narrativas hist\u00f3ricas afro-americanas.<\/li>\n<li><strong>Design Est\u00e9tico<\/strong>:Os designs desgastados com bordados exclusivos da Denim Tears estabeleceram uma influ\u00eancia na tend\u00eancia geral da moda de jeans imperfeitos e significativos.<\/li>\n<\/ul>\n<p><strong>Influ\u00eancia de Tend\u00eancias<\/strong>:De acordo com a Vogue (6 de fevereiro de 2025), a est\u00e9tica vintage da Denim Tears causou um interesse renovado em jeans desgastado, que agora aparece nas linhas de moda Frame e Agolde.<\/p>\n<p><strong>Cen\u00e1rios de uso<\/strong>:<\/p>\n<ul>\n<li><strong>Declara\u00e7\u00f5es de moda<\/strong>: Os jeans Denim Tears devem ser combinados com tops b\u00e1sicos para exibir sua est\u00e9tica distinta em encontros de arte.<\/li>\n<li><strong>Estilo de rua<\/strong>: Combine com um moletom com capuz e t\u00eanis para um visual ousado e urbano.\n<p><div id=\"attachment_5736\" style=\"width: 610px\" class=\"wp-caption aligncenter\"><img loading=\"lazy\" decoding=\"async\" aria-describedby=\"caption-attachment-5736\" class=\"wp-image-5736\" src=\"https:\/\/lydenim.com\/wp-content\/uploads\/2025\/07\/651de76e8e26f1e38f823239e4d4132b.jpg\" alt=\"\" width=\"600\" height=\"266\" srcset=\"https:\/\/lydenim.com\/wp-content\/uploads\/2025\/07\/651de76e8e26f1e38f823239e4d4132b.jpg 2434w, https:\/\/lydenim.com\/wp-content\/uploads\/2025\/07\/651de76e8e26f1e38f823239e4d4132b-300x133.jpg 300w, https:\/\/lydenim.com\/wp-content\/uploads\/2025\/07\/651de76e8e26f1e38f823239e4d4132b-1024x454.jpg 1024w, https:\/\/lydenim.com\/wp-content\/uploads\/2025\/07\/651de76e8e26f1e38f823239e4d4132b-768x341.jpg 768w, https:\/\/lydenim.com\/wp-content\/uploads\/2025\/07\/651de76e8e26f1e38f823239e4d4132b-1536x682.jpg 1536w, https:\/\/lydenim.com\/wp-content\/uploads\/2025\/07\/651de76e8e26f1e38f823239e4d4132b-2048x909.jpg 2048w, https:\/\/lydenim.com\/wp-content\/uploads\/2025\/07\/651de76e8e26f1e38f823239e4d4132b-18x8.jpg 18w, https:\/\/lydenim.com\/wp-content\/uploads\/2025\/07\/651de76e8e26f1e38f823239e4d4132b-600x266.jpg 600w, https:\/\/lydenim.com\/wp-content\/uploads\/2025\/07\/651de76e8e26f1e38f823239e4d4132b-150x67.jpg 150w\" sizes=\"auto, (max-width: 600px) 100vw, 600px\" \/><p id=\"caption-attachment-5736\" class=\"wp-caption-text\">Pe\u00e7a Denim Tears<\/p><\/div><\/li>\n<\/ul>\n<h2>Vantagens e desvantagens dos looks jeans<\/h2>\n<table style=\"height: 175px;\" width=\"1216\">\n<thead>\n<tr>\n<th><strong>Aspecto<\/strong><\/th>\n<th><strong>Vantagens<\/strong><\/th>\n<th><strong>Desvantagens<\/strong><\/th>\n<\/tr>\n<\/thead>\n<tbody>\n<tr>\n<td><strong>Versatilidade<\/strong><\/td>\n<td>F\u00e1cil de estilizar para looks casuais ou semiformais<\/td>\n<td>Alguns estilos (por exemplo, desgastado) s\u00e3o menos formais<\/td>\n<\/tr>\n<tr>\n<td><strong>Durabilidade<\/strong><\/td>\n<td>A natureza robusta do denim garante longevidade<\/td>\n<td>Pode ser r\u00edgido inicialmente, exigindo amaciamento<\/td>\n<\/tr>\n<tr>\n<td><strong>Estilo<\/strong><\/td>\n<td>Atemporal e moderno, com diversas op\u00e7\u00f5es<\/td>\n<td>A manuten\u00e7\u00e3o (por exemplo, lavagem) pode ser complexa<\/td>\n<\/tr>\n<tr>\n<td><strong>Conforto<\/strong><\/td>\n<td>Algod\u00e3o respir\u00e1vel, especialmente em misturas<\/td>\n<td>O jeans pesado pode ser quente em climas quentes<\/td>\n<\/tr>\n<\/tbody>\n<\/table>\n<h2>Insights de especialistas e da comunidade<\/h2>\n<ul>\n<li><strong>Marianne McDonald (Diretora de Cria\u00e7\u00e3o, Cidad\u00e3os da Humanidade)<\/strong>: \u201cA silhueta de ferradura parece escultural, mas relaxada, fazendo refer\u00eancia a estilos vintage, mas permanecendo moderna\u201d (<em>Voga<\/em>, 14 de novembro de 2024).<\/li>\n<li><strong>Catherine Bibeau (Estilista)<\/strong>: \u201cVestidos e saias jeans s\u00e3o vers\u00e1teis para qualquer estilo, do casual ao elegante, com acess\u00f3rios m\u00ednimos\u201d (<em>Pessoas<\/em>, 15 de agosto de 2024).<\/li>\n<li><strong>Usu\u00e1rio do Reddit u\/stylishguru (r\/femalefashionadvice)<\/strong>:\u201cSaias jeans com blazer sob medida e mocassins s\u00e3o minha escolha para um look elegante, mas f\u00e1cil\u201d (<em>Reddit<\/em>).<\/li>\n<li><strong>Harper&#039;s Bazaar<\/strong>: \u201cSaias jeans longas s\u00e3o uma pe\u00e7a essencial em qualquer esta\u00e7\u00e3o, combinadas com botas no inverno ou sand\u00e1lias no ver\u00e3o\u201d (24 de fevereiro de 2025).<\/li>\n<\/ul>\n<h2>Potencial de mercado<\/h2>\n<p>O mercado global de jeans ultrapassou US$ 86,66 bilh\u00f5es em 2024, segundo a Grand View Research (2024), e espera-se que atinja US$ 121,50 bilh\u00f5es at\u00e9 2030, com uma Taxa de Crescimento Anual Composta (TAC) de 5,91 TP3T. A ind\u00fastria de jeans est\u00e1 crescendo com saias e shorts jeans, segundo a Heuritech (19 de maio de 2025), que observa que as buscas por jeans boca de sino aumentaram em 571 TP3T, enquanto a popularidade das cal\u00e7as curtas aumentou em 751 TP3T (InStyle, 26 de fevereiro de 2025). A cole\u00e7\u00e3o de jeans sustent\u00e1vel sem tingimento da MUD Jeans ganhou popularidade devido ao seu recurso de conserva\u00e7\u00e3o de \u00e1gua de 931 TP3T (MUD Jeans, 16 de setembro de 2020).<\/p>\n<div id=\"attachment_5741\" style=\"width: 610px\" class=\"wp-caption aligncenter\"><img loading=\"lazy\" decoding=\"async\" aria-describedby=\"caption-attachment-5741\" class=\"wp-image-5741\" src=\"https:\/\/lydenim.com\/wp-content\/uploads\/2025\/07\/Global-Denim-Jeans-Market-Value-Projection.jpg\" alt=\"\" width=\"600\" height=\"310\" srcset=\"https:\/\/lydenim.com\/wp-content\/uploads\/2025\/07\/Global-Denim-Jeans-Market-Value-Projection.jpg 1646w, https:\/\/lydenim.com\/wp-content\/uploads\/2025\/07\/Global-Denim-Jeans-Market-Value-Projection-300x155.jpg 300w, https:\/\/lydenim.com\/wp-content\/uploads\/2025\/07\/Global-Denim-Jeans-Market-Value-Projection-1024x529.jpg 1024w, https:\/\/lydenim.com\/wp-content\/uploads\/2025\/07\/Global-Denim-Jeans-Market-Value-Projection-768x397.jpg 768w, https:\/\/lydenim.com\/wp-content\/uploads\/2025\/07\/Global-Denim-Jeans-Market-Value-Projection-1536x793.jpg 1536w, https:\/\/lydenim.com\/wp-content\/uploads\/2025\/07\/Global-Denim-Jeans-Market-Value-Projection-18x9.jpg 18w, https:\/\/lydenim.com\/wp-content\/uploads\/2025\/07\/Global-Denim-Jeans-Market-Value-Projection-600x310.jpg 600w, https:\/\/lydenim.com\/wp-content\/uploads\/2025\/07\/Global-Denim-Jeans-Market-Value-Projection-150x77.jpg 150w\" sizes=\"auto, (max-width: 600px) 100vw, 600px\" \/><p id=\"caption-attachment-5741\" class=\"wp-caption-text\">Proje\u00e7\u00e3o do valor do mercado global de jeans<\/p><\/div>\n<h2>Conclus\u00e3o<\/h2>\n<p>O mundo da moda em 2025 apresenta looks jeans com designs cl\u00e1ssicos e estilos modernos, incluindo saias e shorts jeans, al\u00e9m de camisas e a marca Denim Tears. As pessoas podem usar essas pe\u00e7as de roupa de diversas maneiras para criar looks estilosos, que v\u00e3o do casual ao profissional, pois possuem valor cultural. O uso dessas tend\u00eancias e dicas de estilo ajuda voc\u00ea a criar looks significativos, mantendo o jeans como parte essencial do seu guarda-roupa.<\/p>\n<h2 dir=\"auto\">Servi\u00e7os de personaliza\u00e7\u00e3o da LYDENIM<\/h2>\n<p dir=\"auto\">\ud83c\udfa8 Quero <strong>tecidos jeans personalizados<\/strong> ou\u00a0 <strong>exclusivo<\/strong> <strong>pe\u00e7a jeans personalizada<\/strong>? A LYDENIM \u00e9 especializada em solu\u00e7\u00f5es personalizadas para atender \u00e0s suas necessidades de design e produ\u00e7\u00e3o.<\/p>\n<p dir=\"auto\">\ud83d\udecd\ufe0f <strong>Explore e inspire-se<\/strong>: Navegue por nossas sele\u00e7\u00f5es de tecidos e descubra ideias de design em <a href=\"https:\/\/lydenim.com\/pt\/\" target=\"_blank\" rel=\"noopener noreferrer nofollow\">LYDenim<\/a>.<\/p>\n<p dir=\"auto\">\ud83c\udf10 <strong>Roupas el\u00e1sticas<\/strong>: Confira nossas ofertas em <a href=\"http:\/\/liangyuantextile.m.en.alibaba.com\" target=\"_blank\" rel=\"noopener noreferrer nofollow\">MeuAlibaba<\/a>. \ud83d\udce9 <strong>Contate-nos<\/strong>: Entre em contato em <a href=\"mailto:malone@lydenim.com\" target=\"_blank\" rel=\"noopener noreferrer nofollow\">malone@lydenim.com<\/a>.<\/p>\n<p dir=\"auto\">Crie sua obra-prima de jeans com LYDENIM - seu parceiro de confian\u00e7a para <strong>tecido el\u00e1stico<\/strong> e <strong>solu\u00e7\u00f5es personalizadas de jeans<\/strong>.<\/p>","protected":false},"excerpt":{"rendered":"<p>Tempo estimado de leitura: ~7 minutos Introdu\u00e7\u00e3o O denim \u00e9 um tecido de sarja de algod\u00e3o resistente que entrou na moda no s\u00e9culo XIX.<\/p>","protected":false},"author":1,"featured_media":5743,"comment_status":"open","ping_status":"open","sticky":false,"template":"","format":"standard","meta":{"two_page_speed":[],"footnotes":""},"categories":[66],"tags":[],"class_list":["post-5685","post","type-post","status-publish","format-standard","has-post-thumbnail","hentry","category-denim-knowledge"],"aioseo_notices":[],"_links":{"self":[{"href":"https:\/\/lydenim.com\/pt\/wp-json\/wp\/v2\/posts\/5685","targetHints":{"allow":["GET"]}}],"collection":[{"href":"https:\/\/lydenim.com\/pt\/wp-json\/wp\/v2\/posts"}],"about":[{"href":"https:\/\/lydenim.com\/pt\/wp-json\/wp\/v2\/types\/post"}],"author":[{"embeddable":true,"href":"https:\/\/lydenim.com\/pt\/wp-json\/wp\/v2\/users\/1"}],"replies":[{"embeddable":true,"href":"https:\/\/lydenim.com\/pt\/wp-json\/wp\/v2\/comments?post=5685"}],"version-history":[{"count":5,"href":"https:\/\/lydenim.com\/pt\/wp-json\/wp\/v2\/posts\/5685\/revisions"}],"predecessor-version":[{"id":6377,"href":"https:\/\/lydenim.com\/pt\/wp-json\/wp\/v2\/posts\/5685\/revisions\/6377"}],"wp:featuredmedia":[{"embeddable":true,"href":"https:\/\/lydenim.com\/pt\/wp-json\/wp\/v2\/media\/5743"}],"wp:attachment":[{"href":"https:\/\/lydenim.com\/pt\/wp-json\/wp\/v2\/media?parent=5685"}],"wp:term":[{"taxonomy":"category","embeddable":true,"href":"https:\/\/lydenim.com\/pt\/wp-json\/wp\/v2\/categories?post=5685"},{"taxonomy":"post_tag","embeddable":true,"href":"https:\/\/lydenim.com\/pt\/wp-json\/wp\/v2\/tags?post=5685"}],"curies":[{"name":"wp","href":"https:\/\/api.w.org\/{rel}","templated":true}]}}