{"id":5769,"date":"2025-07-12T15:26:01","date_gmt":"2025-07-12T07:26:01","guid":{"rendered":"https:\/\/lydenim.com\/?p=5769"},"modified":"2025-08-24T13:45:02","modified_gmt":"2025-08-24T05:45:02","slug":"understanding-denim-the-journey-from-raw-cotton-to-designer-jeans","status":"publish","type":"post","link":"https:\/\/lydenim.com\/pt\/compreendendo-o-denim-a-jornada-do-algodao-cru-ao-jeans-de-grife\/","title":{"rendered":"Compreendendo o Denim: A Jornada do Algod\u00e3o Cru ao Jeans de Designer"},"content":{"rendered":"<h2 style=\"text-align: center;\" data-start=\"192\" data-end=\"227\">I. Algod\u00e3o: A Origem do Denim<\/h2>\n<p style=\"text-align: center;\" data-start=\"228\" data-end=\"500\"><strong data-start=\"228\" data-end=\"269\">A. O papel do algod\u00e3o no tecido jeans<\/strong><br data-start=\"269\" data-end=\"272\" \/><a class=\"\" href=\"https:\/\/lydenim.com\/pt\/algodao-e-seu-papel-no-tecido-denim\/\" target=\"_new\" rel=\"noopener\" data-start=\"272\" data-end=\"367\">Algod\u00e3o e seu papel no tecido jeans<\/a><br data-start=\"367\" data-end=\"370\" \/><strong data-start=\"370\" data-end=\"416\">B. Como o denim \u00e9 feito: do algod\u00e3o ao jeans<\/strong><br data-start=\"416\" data-end=\"419\" \/><a class=\"\" href=\"https:\/\/lydenim.com\/pt\/como-o-jeans-e-feito\/\" target=\"_new\" rel=\"noopener\" data-start=\"419\" data-end=\"500\">Como o jeans \u00e9 feito: do algod\u00e3o ao jeans<\/a><\/p>\n<h2 style=\"text-align: center;\" data-start=\"502\" data-end=\"556\">II. Fia\u00e7\u00e3o: A Transforma\u00e7\u00e3o das Fibras de Algod\u00e3o<\/h2>\n<p style=\"text-align: center;\" data-start=\"557\" data-end=\"841\"><strong data-start=\"557\" data-end=\"594\">A. A Arte de Fiar Fios Denim<\/strong><br data-start=\"594\" data-end=\"597\" \/><a class=\"\" href=\"https:\/\/lydenim.com\/pt\/fiacao-de-fios-denim\/\" target=\"_new\" rel=\"noopener\" data-start=\"597\" data-end=\"671\">A Arte de Fiar Fios Denim<\/a><br data-start=\"671\" data-end=\"674\" \/><strong data-start=\"674\" data-end=\"733\">B. A Evolu\u00e7\u00e3o da Fia\u00e7\u00e3o na Produ\u00e7\u00e3o de Tecidos Denim<\/strong><br data-start=\"733\" data-end=\"736\" \/><a class=\"\" href=\"https:\/\/lydenim.com\/pt\/entendendo-a-fiacao-do-denim\/\" target=\"_new\" rel=\"noopener\" data-start=\"736\" data-end=\"841\">A evolu\u00e7\u00e3o da fia\u00e7\u00e3o na produ\u00e7\u00e3o de tecidos denim<\/a><\/p>\n<h2 style=\"text-align: center;\" data-start=\"843\" data-end=\"880\">III. Tingimento: A Magia do \u00cdndigo<\/h2>\n<p style=\"text-align: center;\" data-start=\"881\" data-end=\"1005\"><strong data-start=\"881\" data-end=\"921\">A. Tingimento de jeans: do fio ao tecido<\/strong><br data-start=\"921\" data-end=\"924\" \/><a class=\"\" href=\"https:\/\/lydenim.com\/pt\/tingimento-de-jeans\/\" target=\"_new\" rel=\"noopener\" data-start=\"924\" data-end=\"1005\">A arte do tingimento de jeans: do fio ao tecido<\/a><\/p>\n<h2 style=\"text-align: center;\" data-start=\"1007\" data-end=\"1054\">IV. Tecelagem: A Sinfonia da Urdidura e da Trama<\/h2>\n<p style=\"text-align: center;\" data-start=\"1055\" data-end=\"1415\"><strong data-start=\"1055\" data-end=\"1110\">A. An\u00e1lise de Padr\u00f5es de Tecelagem: Do Simples ao Neps<\/strong><br data-start=\"1110\" data-end=\"1113\" \/><a class=\"\" href=\"https:\/\/lydenim.com\/pt\/padroes-de-tecelagem\/\" target=\"_new\" rel=\"noopener\" data-start=\"1113\" data-end=\"1200\">Explorando Padr\u00f5es de Tecelagem: Do Simples ao Neps<\/a><br data-start=\"1200\" data-end=\"1203\" \/><strong data-start=\"1203\" data-end=\"1264\">B. Urdume e Trama: Decodificando as Coordenadas do Mundo do Tecido<\/strong><br data-start=\"1264\" data-end=\"1267\" \/><a class=\"\" href=\"https:\/\/lydenim.com\/pt\/entre-a-urdidura-e-a-trama-decodificando-as-coordenadas-do-mundo-dos-tecidos\/\" target=\"_new\" rel=\"noopener\" data-start=\"1267\" data-end=\"1415\">Entre a Urdidura e a Trama \u2013 Decodificando as Coordenadas do Mundo dos Tecidos<\/a><\/p>\n<h2 style=\"text-align: center;\" data-start=\"1417\" data-end=\"1466\">V. Tecido Acabado: Sele\u00e7\u00e3o e Avalia\u00e7\u00e3o<\/h2>\n<p style=\"text-align: center;\" data-start=\"1467\" data-end=\"2350\"><strong data-start=\"1467\" data-end=\"1502\">A. Guia para o peso das on\u00e7as de jeans<\/strong><br data-start=\"1502\" data-end=\"1505\" \/><a class=\"\" href=\"https:\/\/lydenim.com\/pt\/oncas-em-jeans\/\" target=\"_new\" rel=\"noopener\" data-start=\"1505\" data-end=\"1578\">Compreendendo o peso das on\u00e7as de jeans<\/a><br data-start=\"1578\" data-end=\"1581\" \/><strong data-start=\"1581\" data-end=\"1634\">B. An\u00e1lise aprofundada de 20 tipos de tecidos jeans<\/strong><br data-start=\"1634\" data-end=\"1637\" \/><a class=\"\" href=\"https:\/\/lydenim.com\/pt\/analise-de-20-tipos-de-tecidos-denim\/\" target=\"_new\" rel=\"noopener\" data-start=\"1637\" data-end=\"1736\">An\u00e1lise de 20 tipos de tecidos jeans<\/a><br data-start=\"1736\" data-end=\"1739\" \/><strong data-start=\"1739\" data-end=\"1782\">C. Como escolher o tecido jeans certo<\/strong><br data-start=\"1782\" data-end=\"1785\" \/><a class=\"\" href=\"https:\/\/lydenim.com\/pt\/como-escolher-o-tecido-jeans-certo\/\" target=\"_new\" rel=\"noopener\" data-start=\"1785\" data-end=\"1882\">Como escolher o tecido jeans certo<\/a><br data-start=\"1882\" data-end=\"1885\" \/><strong data-start=\"1885\" data-end=\"1937\">D. Avalia\u00e7\u00e3o da qualidade do jeans e guia de compras<\/strong><br data-start=\"1937\" data-end=\"1940\" \/><a class=\"\" href=\"https:\/\/lydenim.com\/pt\/avaliacao-da-qualidade-do-denim-e-guia-de-compra\/\" target=\"_new\" rel=\"noopener\" data-start=\"1940\" data-end=\"2055\">Avalia\u00e7\u00e3o da qualidade do denim e guia de compras<\/a><br data-start=\"2055\" data-end=\"2058\" \/><strong data-start=\"2058\" data-end=\"2103\">E. Encolhimento do Jeans: Um Guia Completo<\/strong><br data-start=\"2103\" data-end=\"2106\" \/><a class=\"\" href=\"https:\/\/lydenim.com\/pt\/encolhimento-do-jeans-um-guia-completo\/\" target=\"_new\" rel=\"noopener\" data-start=\"2106\" data-end=\"2206\">Encolhimento do jeans: um guia completo<\/a><br data-start=\"2206\" data-end=\"2209\" \/><strong data-start=\"2209\" data-end=\"2252\">F. Tecidos comuns \u2013 Guia de pr\u00f3s e contras<\/strong><br data-start=\"2252\" data-end=\"2255\" \/><a class=\"\" href=\"https:\/\/lydenim.com\/pt\/guia-de-pros-e-contras-de-tecidos-comuns\/\" target=\"_new\" rel=\"noopener\" data-start=\"2255\" data-end=\"2350\">Tecidos comuns \u2013 Guia de pr\u00f3s e contras<\/a><\/p>\n<h2 style=\"text-align: center;\" data-start=\"2352\" data-end=\"2393\">VI. Lavagem: Dando alma ao jeans<\/h2>\n<p style=\"text-align: center;\" data-start=\"2394\" data-end=\"2588\"><strong data-start=\"2394\" data-end=\"2454\">A. 10 tipos de t\u00e9cnicas de lavagem de tecidos jeans explicadas<\/strong><br data-start=\"2454\" data-end=\"2457\" \/><a class=\"\" href=\"https:\/\/lydenim.com\/pt\/10-tipos-de-tecnicas-de-lavagem-de-tecidos-jeans-explicadas\/\" target=\"_new\" rel=\"noopener\" data-start=\"2457\" data-end=\"2588\">10 Tipos de T\u00e9cnicas de Lavagem de Tecidos Jeans Explicadas<\/a><\/p>\n<h2 style=\"text-align: center;\" data-start=\"2590\" data-end=\"2635\">VII. Tend\u00eancias da Moda e Potencial de Mercado<\/h2>\n<p style=\"text-align: center;\" data-start=\"2636\" data-end=\"2896\"><strong data-start=\"2636\" data-end=\"2677\">A. Tend\u00eancias da moda jeans de grife para 2025<\/strong><br data-start=\"2677\" data-end=\"2680\" \/><strong data-start=\"2680\" data-end=\"2715\">B. Vantagens e Desvantagens<\/strong><br data-start=\"2715\" data-end=\"2718\" \/><strong data-start=\"2718\" data-end=\"2737\">C. Dicas de estilo<\/strong><br data-start=\"2737\" data-end=\"2740\" \/><strong data-start=\"2740\" data-end=\"2783\">D. Potencial de Mercado e Previs\u00e3o de Crescimento<\/strong><br data-start=\"2783\" data-end=\"2786\" \/><a class=\"\" href=\"https:\/\/lydenim.com\/pt\/jeans-de-grife\/\" target=\"_new\" rel=\"noopener\" data-start=\"2786\" data-end=\"2896\">Jeans de grife: tend\u00eancias da moda para 2025, dicas de estilo e potencial de mercado<\/a><\/p>\n<h2 style=\"text-align: center;\" data-start=\"2898\" data-end=\"2932\">VIII. Base de Conhecimento Estendida<\/h2>\n<p style=\"text-align: center;\" data-start=\"2933\" data-end=\"3495\"><strong data-start=\"2933\" data-end=\"2962\">A. Enciclop\u00e9dia Denim AZ<\/strong><br data-start=\"2962\" data-end=\"2965\" \/><a class=\"\" href=\"https:\/\/lydenim.com\/pt\/conhecimento-de-jeans\/\" target=\"_new\" rel=\"noopener\" data-start=\"2965\" data-end=\"3058\">De A a Z: Um guia completo para o conhecimento do jeans<\/a><br data-start=\"3058\" data-end=\"3061\" \/><strong data-start=\"3061\" data-end=\"3103\">B. Folha de dicas para convers\u00e3o de unidades t\u00eaxteis<\/strong><br data-start=\"3103\" data-end=\"3106\" \/><a class=\"\" href=\"https:\/\/lydenim.com\/pt\/folha-de-dicas-para-conversao-de-unidades-texteis\/\" target=\"_new\" rel=\"noopener\" data-start=\"3106\" data-end=\"3201\">Folha de dicas para convers\u00e3o de unidades t\u00eaxteis<\/a><br data-start=\"3201\" data-end=\"3204\" \/><strong data-start=\"3204\" data-end=\"3236\">C. Evolu\u00e7\u00e3o dos estilos de jeans<\/strong><br data-start=\"3236\" data-end=\"3239\" \/><a class=\"\" href=\"https:\/\/lydenim.com\/pt\/a-evolucao-dos-estilos-de-jeans\/\" target=\"_new\" rel=\"noopener\" data-start=\"3239\" data-end=\"3322\">A evolu\u00e7\u00e3o dos estilos de jeans<\/a><br data-start=\"3322\" data-end=\"3325\" \/><strong data-start=\"3325\" data-end=\"3377\">D. Fontes de inspira\u00e7\u00e3o para design de vestu\u00e1rio de moda<\/strong><br data-start=\"3377\" data-end=\"3380\" \/><a class=\"\" href=\"https:\/\/lydenim.com\/pt\/fontes-de-inspiracao-para-design-de-roupas-de-moda\/\" target=\"_new\" rel=\"noopener\" data-start=\"3380\" data-end=\"3495\">Fontes de inspira\u00e7\u00e3o para design de vestu\u00e1rio de moda<\/a><\/p>\n<h2 data-pm-slice=\"1 1 []\">I. Algod\u00e3o: A Origem do Denim<\/h2>\n<h3>O papel do algod\u00e3o no tecido jeans<\/h3>\n<p>O algod\u00e3o \u00e9 o material base do denim devido \u00e0 sua respirabilidade, durabilidade e absor\u00e7\u00e3o de tinta. O denim premium utiliza variedades de algod\u00e3o de fibra longa, como o eg\u00edpcio Giza ou o indiano Suvin, que proporcionam maciez e resist\u00eancia extras.<\/p>\n<p>\u27a1\ufe0f <a href=\"https:\/\/lydenim.com\/pt\/algodao-e-seu-papel-no-tecido-denim\/\">Algod\u00e3o e seu papel no tecido jeans<\/a><\/p>\n<div id=\"attachment_5477\" style=\"width: 610px\" class=\"wp-caption aligncenter\"><img loading=\"lazy\" decoding=\"async\" aria-describedby=\"caption-attachment-5477\" class=\"wp-image-5477\" src=\"https:\/\/lydenim.com\/wp-content\/uploads\/2025\/06\/cotton-2.jpg\" alt=\"\" width=\"600\" height=\"800\" srcset=\"https:\/\/lydenim.com\/wp-content\/uploads\/2025\/06\/cotton-2.jpg 1668w, https:\/\/lydenim.com\/wp-content\/uploads\/2025\/06\/cotton-2-225x300.jpg 225w, https:\/\/lydenim.com\/wp-content\/uploads\/2025\/06\/cotton-2-768x1024.jpg 768w, https:\/\/lydenim.com\/wp-content\/uploads\/2025\/06\/cotton-2-1152x1536.jpg 1152w, https:\/\/lydenim.com\/wp-content\/uploads\/2025\/06\/cotton-2-1536x2048.jpg 1536w, https:\/\/lydenim.com\/wp-content\/uploads\/2025\/06\/cotton-2-9x12.jpg 9w, https:\/\/lydenim.com\/wp-content\/uploads\/2025\/06\/cotton-2-600x800.jpg 600w, https:\/\/lydenim.com\/wp-content\/uploads\/2025\/06\/cotton-2-150x200.jpg 150w\" sizes=\"auto, (max-width: 600px) 100vw, 600px\" \/><p id=\"caption-attachment-5477\" class=\"wp-caption-text\">algod\u00e3o<\/p><\/div>\n<p>&nbsp;<\/p>\n<h3>A fabrica\u00e7\u00e3o do denim: do algod\u00e3o ao jeans<\/h3>\n<p>O processo de fabrica\u00e7\u00e3o do jeans come\u00e7a com a colheita do algod\u00e3o, seguida pela limpeza, fia\u00e7\u00e3o, tingimento e tecelagem do tecido jeans, antes de ser cortado e costurado em pe\u00e7as de vestu\u00e1rio.<\/p>\n<p>\u27a1\ufe0f <a href=\"https:\/\/lydenim.com\/pt\/como-o-jeans-e-feito\/\">Como o jeans \u00e9 feito: do algod\u00e3o ao jeans<\/a><\/p>\n<div id=\"attachment_5450\" style=\"width: 610px\" class=\"wp-caption aligncenter\"><img loading=\"lazy\" decoding=\"async\" aria-describedby=\"caption-attachment-5450\" class=\"wp-image-5450\" src=\"https:\/\/lydenim.com\/wp-content\/uploads\/2025\/06\/Cotton-trade.jpg\" alt=\"\" width=\"600\" height=\"600\" srcset=\"https:\/\/lydenim.com\/wp-content\/uploads\/2025\/06\/Cotton-trade.jpg 1668w, https:\/\/lydenim.com\/wp-content\/uploads\/2025\/06\/Cotton-trade-300x300.jpg 300w, https:\/\/lydenim.com\/wp-content\/uploads\/2025\/06\/Cotton-trade-1024x1024.jpg 1024w, https:\/\/lydenim.com\/wp-content\/uploads\/2025\/06\/Cotton-trade-150x150.jpg 150w, https:\/\/lydenim.com\/wp-content\/uploads\/2025\/06\/Cotton-trade-768x768.jpg 768w, https:\/\/lydenim.com\/wp-content\/uploads\/2025\/06\/Cotton-trade-1536x1536.jpg 1536w, https:\/\/lydenim.com\/wp-content\/uploads\/2025\/06\/Cotton-trade-12x12.jpg 12w, https:\/\/lydenim.com\/wp-content\/uploads\/2025\/06\/Cotton-trade-600x600.jpg 600w\" sizes=\"auto, (max-width: 600px) 100vw, 600px\" \/><p id=\"caption-attachment-5450\" class=\"wp-caption-text\">Com\u00e9rcio de algod\u00e3o<\/p><\/div>\n<p>&nbsp;<\/p>\n<h2>II. Fia\u00e7\u00e3o: Transformando Algod\u00e3o em Fio<\/h2>\n<h3>A Arte de Fiar Fios Denim<\/h3>\n<p>A fia\u00e7\u00e3o alinha e torce as fibras de algod\u00e3o, transformando-as em fios. Dois m\u00e9todos dominam a fia\u00e7\u00e3o do denim:<\/p>\n<ul data-spread=\"false\">\n<li><strong>Fia\u00e7\u00e3o de an\u00e9is:<\/strong> Textura macia e de alta resist\u00eancia \u2014 ideal para jeans premium.<\/li>\n<li><strong>Fia\u00e7\u00e3o de ponta aberta:<\/strong> Textura um pouco mais \u00e1spera e econ\u00f4mica, comum na produ\u00e7\u00e3o em massa.<\/li>\n<\/ul>\n<p>\u27a1\ufe0f <a href=\"https:\/\/lydenim.com\/pt\/fiacao-de-fios-denim\/\">A Arte de Fiar Fios Denim<\/a><\/p>\n<div id=\"attachment_4379\" style=\"width: 610px\" class=\"wp-caption aligncenter\"><img loading=\"lazy\" decoding=\"async\" aria-describedby=\"caption-attachment-4379\" class=\"wp-image-4379\" src=\"https:\/\/lydenim.com\/wp-content\/uploads\/2025\/03\/Cotton-fibers-prepped-for-spinning.avif\" alt=\"Fibras de algod\u00e3o preparadas para fia\u00e7\u00e3o\" width=\"600\" height=\"600\" srcset=\"https:\/\/lydenim.com\/wp-content\/uploads\/2025\/03\/Cotton-fibers-prepped-for-spinning.avif 750w, https:\/\/lydenim.com\/wp-content\/uploads\/2025\/03\/Cotton-fibers-prepped-for-spinning-300x300.avif 300w, https:\/\/lydenim.com\/wp-content\/uploads\/2025\/03\/Cotton-fibers-prepped-for-spinning-150x150.avif 150w, https:\/\/lydenim.com\/wp-content\/uploads\/2025\/03\/Cotton-fibers-prepped-for-spinning-12x12.avif 12w, https:\/\/lydenim.com\/wp-content\/uploads\/2025\/03\/Cotton-fibers-prepped-for-spinning-600x600.avif 600w\" sizes=\"auto, (max-width: 600px) 100vw, 600px\" \/><p id=\"caption-attachment-4379\" class=\"wp-caption-text\">Fibras de algod\u00e3o preparadas para fia\u00e7\u00e3o<\/p><\/div>\n<p>&nbsp;<\/p>\n<h3>A evolu\u00e7\u00e3o das tecnologias de fia\u00e7\u00e3o<\/h3>\n<p>Das rodas acionadas manualmente \u00e0 fia\u00e7\u00e3o por rotor automatizada, a produ\u00e7\u00e3o de fios denim evoluiu em termos de efici\u00eancia e consist\u00eancia.<\/p>\n<p>\u27a1\ufe0f <a href=\"https:\/\/lydenim.com\/pt\/entendendo-a-fiacao-do-denim\/\">A evolu\u00e7\u00e3o da fia\u00e7\u00e3o na produ\u00e7\u00e3o de tecidos denim<\/a><\/p>\n<div id=\"attachment_4399\" style=\"width: 610px\" class=\"wp-caption aligncenter\"><img loading=\"lazy\" decoding=\"async\" aria-describedby=\"caption-attachment-4399\" class=\"wp-image-4399\" src=\"https:\/\/lydenim.com\/wp-content\/uploads\/2025\/03\/1920s-ring-spinning-machine.jpg\" alt=\"M\u00e1quina de fiar an\u00e9is da d\u00e9cada de 1920\" width=\"600\" height=\"424\" srcset=\"https:\/\/lydenim.com\/wp-content\/uploads\/2025\/03\/1920s-ring-spinning-machine.jpg 1020w, https:\/\/lydenim.com\/wp-content\/uploads\/2025\/03\/1920s-ring-spinning-machine-300x212.jpg 300w, https:\/\/lydenim.com\/wp-content\/uploads\/2025\/03\/1920s-ring-spinning-machine-768x543.jpg 768w, https:\/\/lydenim.com\/wp-content\/uploads\/2025\/03\/1920s-ring-spinning-machine-18x12.jpg 18w, https:\/\/lydenim.com\/wp-content\/uploads\/2025\/03\/1920s-ring-spinning-machine-600x424.jpg 600w, https:\/\/lydenim.com\/wp-content\/uploads\/2025\/03\/1920s-ring-spinning-machine-150x106.jpg 150w\" sizes=\"auto, (max-width: 600px) 100vw, 600px\" \/><p id=\"caption-attachment-4399\" class=\"wp-caption-text\">M\u00e1quina de fiar an\u00e9is da d\u00e9cada de 1920<\/p><\/div>\n<h2>III. Tingimento: O visual \u00edndigo caracter\u00edstico<\/h2>\n<h3>Tingimento \u00edndigo: do fio ao tecido<\/h3>\n<p>O azul ic\u00f4nico do jeans vem do tingimento apenas dos fios da urdidura. As principais t\u00e9cnicas de tingimento incluem:<\/p>\n<ul data-spread=\"false\">\n<li><strong>Tingimento de corda:<\/strong> Cor mais rica, usada em jeans com orla.<\/li>\n<li><strong>Tingimento Slasher:<\/strong> M\u00e9todo de alta velocidade e escala industrial.<\/li>\n<\/ul>\n<p>\u27a1\ufe0f <a href=\"https:\/\/lydenim.com\/pt\/tingimento-de-jeans\/\">A arte do tingimento de jeans: do fio ao tecido<\/a><\/p>\n<div id=\"attachment_2483\" style=\"width: 610px\" class=\"wp-caption aligncenter\"><img loading=\"lazy\" decoding=\"async\" aria-describedby=\"caption-attachment-2483\" class=\"wp-image-2483\" src=\"https:\/\/lydenim.com\/wp-content\/uploads\/2024\/12\/\u5e8f\u5217-Sequence-01.00_04_07_12.Still016-scaled.jpg\" alt=\"Tingimento\" width=\"600\" height=\"338\" srcset=\"https:\/\/lydenim.com\/wp-content\/uploads\/2024\/12\/\u5e8f\u5217-Sequence-01.00_04_07_12.Still016-scaled.jpg 2560w, https:\/\/lydenim.com\/wp-content\/uploads\/2024\/12\/\u5e8f\u5217-Sequence-01.00_04_07_12.Still016-scaled-150x84.jpg 150w, https:\/\/lydenim.com\/wp-content\/uploads\/2024\/12\/\u5e8f\u5217-Sequence-01.00_04_07_12.Still016-scaled-600x338.jpg 600w, https:\/\/lydenim.com\/wp-content\/uploads\/2024\/12\/\u5e8f\u5217-Sequence-01.00_04_07_12.Still016-300x169.jpg 300w, https:\/\/lydenim.com\/wp-content\/uploads\/2024\/12\/\u5e8f\u5217-Sequence-01.00_04_07_12.Still016-1024x576.jpg 1024w, https:\/\/lydenim.com\/wp-content\/uploads\/2024\/12\/\u5e8f\u5217-Sequence-01.00_04_07_12.Still016-768x432.jpg 768w, https:\/\/lydenim.com\/wp-content\/uploads\/2024\/12\/\u5e8f\u5217-Sequence-01.00_04_07_12.Still016-1536x864.jpg 1536w, https:\/\/lydenim.com\/wp-content\/uploads\/2024\/12\/\u5e8f\u5217-Sequence-01.00_04_07_12.Still016-2048x1152.jpg 2048w, https:\/\/lydenim.com\/wp-content\/uploads\/2024\/12\/\u5e8f\u5217-Sequence-01.00_04_07_12.Still016-18x10.jpg 18w\" sizes=\"auto, (max-width: 600px) 100vw, 600px\" \/><p id=\"caption-attachment-2483\" class=\"wp-caption-text\">Tingimento<\/p><\/div>\n<p>&nbsp;<\/p>\n<h2>IV. Tecelagem: Criando Estrutura de Denim<\/h2>\n<h3>Padr\u00f5es de Tecelagem: Do Simples ao Sarja<\/h3>\n<p>O jeans \u00e9 normalmente tecido em sarja 3\/1, o que lhe confere linhas diagonais e durabilidade. As variantes incluem sarja quebrada, espinha de peixe, neps e trama simples.<\/p>\n<p>\u27a1\ufe0f <a href=\"https:\/\/lydenim.com\/pt\/padroes-de-tecelagem\/\">Explorando Padr\u00f5es de Tecelagem: Do Simples ao Neps<\/a><a href=\"https:\/\/lydenim.com\/pt\/padroes-de-tecelagem\/\"><img loading=\"lazy\" decoding=\"async\" class=\"aligncenter wp-image-2499\" src=\"https:\/\/lydenim.com\/wp-content\/uploads\/2024\/12\/\u5e8f\u5217-Sequence-01.00_05_31_21.Still032-scaled.jpg\" alt=\"\" width=\"600\" height=\"338\" srcset=\"https:\/\/lydenim.com\/wp-content\/uploads\/2024\/12\/\u5e8f\u5217-Sequence-01.00_05_31_21.Still032-scaled.jpg 2560w, https:\/\/lydenim.com\/wp-content\/uploads\/2024\/12\/\u5e8f\u5217-Sequence-01.00_05_31_21.Still032-scaled-150x84.jpg 150w, https:\/\/lydenim.com\/wp-content\/uploads\/2024\/12\/\u5e8f\u5217-Sequence-01.00_05_31_21.Still032-scaled-600x338.jpg 600w, https:\/\/lydenim.com\/wp-content\/uploads\/2024\/12\/\u5e8f\u5217-Sequence-01.00_05_31_21.Still032-300x169.jpg 300w, https:\/\/lydenim.com\/wp-content\/uploads\/2024\/12\/\u5e8f\u5217-Sequence-01.00_05_31_21.Still032-1024x576.jpg 1024w, https:\/\/lydenim.com\/wp-content\/uploads\/2024\/12\/\u5e8f\u5217-Sequence-01.00_05_31_21.Still032-768x432.jpg 768w, https:\/\/lydenim.com\/wp-content\/uploads\/2024\/12\/\u5e8f\u5217-Sequence-01.00_05_31_21.Still032-1536x864.jpg 1536w, https:\/\/lydenim.com\/wp-content\/uploads\/2024\/12\/\u5e8f\u5217-Sequence-01.00_05_31_21.Still032-2048x1152.jpg 2048w, https:\/\/lydenim.com\/wp-content\/uploads\/2024\/12\/\u5e8f\u5217-Sequence-01.00_05_31_21.Still032-18x10.jpg 18w\" sizes=\"auto, (max-width: 600px) 100vw, 600px\" \/><\/a><\/p>\n<h3>Urdume e Trama: Construindo a For\u00e7a do Denim<\/h3>\n<p>Os fios da urdidura (tingidos) correm longitudinalmente; os fios da trama (n\u00e3o tingidos) correm transversalmente. Esse contraste confere ao jeans seu acabamento bicolor.<\/p>\n<p>\u27a1\ufe0f <a href=\"https:\/\/lydenim.com\/pt\/entre-a-urdidura-e-a-trama-decodificando-as-coordenadas-do-mundo-dos-tecidos\/\">Entre a Urdidura e a Trama \u2013 Decodificando as Coordenadas do Mundo dos Tecidos<\/a><\/p>\n<div>\n<div id=\"attachment_4341\" style=\"width: 610px\" class=\"wp-caption aligncenter\"><img loading=\"lazy\" decoding=\"async\" aria-describedby=\"caption-attachment-4341\" class=\"wp-image-4341\" src=\"https:\/\/lydenim.com\/wp-content\/uploads\/2025\/03\/Warp-and-Weft.jpg\" alt=\"Urdidura e Trama\" width=\"600\" height=\"665\" srcset=\"https:\/\/lydenim.com\/wp-content\/uploads\/2025\/03\/Warp-and-Weft.jpg 350w, https:\/\/lydenim.com\/wp-content\/uploads\/2025\/03\/Warp-and-Weft-271x300.jpg 271w, https:\/\/lydenim.com\/wp-content\/uploads\/2025\/03\/Warp-and-Weft-11x12.jpg 11w, https:\/\/lydenim.com\/wp-content\/uploads\/2025\/03\/Warp-and-Weft-150x166.jpg 150w\" sizes=\"auto, (max-width: 600px) 100vw, 600px\" \/><p id=\"caption-attachment-4341\" class=\"wp-caption-text\">Urdidura e Trama<\/p><\/div>\n<\/div>\n<h2>V. Sele\u00e7\u00e3o de Tecidos e Avalia\u00e7\u00e3o de Qualidade<\/h2>\n<h3>Compreendendo o peso do jeans<\/h3>\n<p>Medido em on\u00e7as por jarda quadrada:<\/p>\n<ul data-spread=\"false\">\n<li><strong>8\u201310 on\u00e7as:<\/strong> Camisas leves<\/li>\n<li><strong>12\u201314 on\u00e7as:<\/strong> Cal\u00e7a jeans do dia a dia<\/li>\n<li><strong>16+ oz:<\/strong> Jaquetas r\u00edgidas<\/li>\n<\/ul>\n<p>\u27a1\ufe0f <a href=\"https:\/\/lydenim.com\/pt\/oncas-em-jeans\/\">Compreendendo o peso das on\u00e7as de jeans<img loading=\"lazy\" decoding=\"async\" class=\"size-full wp-image-4725 aligncenter\" src=\"https:\/\/lydenim.com\/wp-content\/uploads\/2025\/04\/Fabric-weight.webp\" alt=\"\" width=\"600\" height=\"800\" srcset=\"https:\/\/lydenim.com\/wp-content\/uploads\/2025\/04\/Fabric-weight.webp 600w, https:\/\/lydenim.com\/wp-content\/uploads\/2025\/04\/Fabric-weight-225x300.webp 225w, https:\/\/lydenim.com\/wp-content\/uploads\/2025\/04\/Fabric-weight-9x12.webp 9w, https:\/\/lydenim.com\/wp-content\/uploads\/2025\/04\/Fabric-weight-150x200.webp 150w\" sizes=\"auto, (max-width: 600px) 100vw, 600px\" \/><\/a><\/p>\n<h3>20 tipos de tecidos jeans<\/h3>\n<p>Pr\u00f3s e contras detalhados do jeans slub, jeans stretch, jeans superazul, etc.<\/p>\n<p>\u27a1\ufe0f <a href=\"https:\/\/lydenim.com\/pt\/analise-de-20-tipos-de-tecidos-denim\/\">An\u00e1lise de 20 tipos de tecidos jeans<\/a><a href=\"https:\/\/lydenim.com\/pt\/analise-de-20-tipos-de-tecidos-denim\/\"><img loading=\"lazy\" decoding=\"async\" class=\"aligncenter wp-image-5173\" src=\"https:\/\/lydenim.com\/wp-content\/uploads\/2025\/05\/1375004716227276591.png\" alt=\"\" width=\"600\" height=\"600\" srcset=\"https:\/\/lydenim.com\/wp-content\/uploads\/2025\/05\/1375004716227276591.png 1024w, https:\/\/lydenim.com\/wp-content\/uploads\/2025\/05\/1375004716227276591-300x300.png 300w, https:\/\/lydenim.com\/wp-content\/uploads\/2025\/05\/1375004716227276591-150x150.png 150w, https:\/\/lydenim.com\/wp-content\/uploads\/2025\/05\/1375004716227276591-768x768.png 768w, https:\/\/lydenim.com\/wp-content\/uploads\/2025\/05\/1375004716227276591-12x12.png 12w, https:\/\/lydenim.com\/wp-content\/uploads\/2025\/05\/1375004716227276591-600x600.png 600w\" sizes=\"auto, (max-width: 600px) 100vw, 600px\" \/><\/a><\/p>\n<h3>Como escolher o tecido certo<\/h3>\n<p>As dicas incluem n\u00edvel de elasticidade, efeito slub, largura, caso de uso (por exemplo, roupas masculinas, femininas, infantis) e objetivos ambientais.<\/p>\n<p>\u27a1\ufe0f <a href=\"https:\/\/lydenim.com\/pt\/como-escolher-o-tecido-jeans-certo\/\">Como escolher o tecido jeans certo<\/a><a href=\"https:\/\/lydenim.com\/pt\/como-escolher-o-tecido-jeans-certo\/\"><img loading=\"lazy\" decoding=\"async\" class=\"aligncenter wp-image-2093\" src=\"https:\/\/lydenim.com\/wp-content\/uploads\/2024\/12\/\u4e0b\u8f7d-8.jpg\" alt=\"Tecido de algod\u00e3o\" width=\"600\" height=\"400\" srcset=\"https:\/\/lydenim.com\/wp-content\/uploads\/2024\/12\/\u4e0b\u8f7d-8.jpg 1000w, https:\/\/lydenim.com\/wp-content\/uploads\/2024\/12\/\u4e0b\u8f7d-8-150x100.jpg 150w, https:\/\/lydenim.com\/wp-content\/uploads\/2024\/12\/\u4e0b\u8f7d-8-600x400.jpg 600w, https:\/\/lydenim.com\/wp-content\/uploads\/2024\/12\/\u4e0b\u8f7d-8-300x200.jpg 300w, https:\/\/lydenim.com\/wp-content\/uploads\/2024\/12\/\u4e0b\u8f7d-8-768x512.jpg 768w\" sizes=\"auto, (max-width: 600px) 100vw, 600px\" \/><\/a><\/p>\n<h3>Guia de qualidade e fornecimento de jeans<\/h3>\n<p>Abrange desempenho pr\u00e9-lavagem vs. p\u00f3s-lavagem, testes de durabilidade e dicas de fornecedores.<\/p>\n<p>\u27a1\ufe0f <a href=\"https:\/\/lydenim.com\/pt\/avaliacao-da-qualidade-do-denim-e-guia-de-compra\/\">Avalia\u00e7\u00e3o da qualidade do denim e guia de compras<img loading=\"lazy\" decoding=\"async\" class=\"aligncenter\" src=\"https:\/\/lydenim.com\/wp-content\/uploads\/2025\/06\/Denim-Quality.jpg\" width=\"600\" height=\"401\" \/><\/a><\/p>\n<h3>Fatores de Encolhimento e Preven\u00e7\u00e3o<\/h3>\n<p>O jeans pr\u00e9-encolhido encolhe &lt;3%, enquanto o jeans cru pode encolher de 5 a 10% ap\u00f3s a primeira lavagem.<\/p>\n<p>\u27a1\ufe0f <a href=\"https:\/\/lydenim.com\/pt\/encolhimento-do-jeans-um-guia-completo\/\">Encolhimento do jeans: um guia completo<\/a><\/p>\n<div id=\"attachment_5749\" style=\"width: 610px\" class=\"wp-caption aligncenter\"><img loading=\"lazy\" decoding=\"async\" aria-describedby=\"caption-attachment-5749\" class=\"wp-image-5749\" src=\"https:\/\/lydenim.com\/wp-content\/uploads\/2025\/07\/eaf37c0b9ce684991bae74eabf3dec70.jpg\" alt=\"\" width=\"600\" height=\"450\" srcset=\"https:\/\/lydenim.com\/wp-content\/uploads\/2025\/07\/eaf37c0b9ce684991bae74eabf3dec70.jpg 1211w, https:\/\/lydenim.com\/wp-content\/uploads\/2025\/07\/eaf37c0b9ce684991bae74eabf3dec70-300x225.jpg 300w, https:\/\/lydenim.com\/wp-content\/uploads\/2025\/07\/eaf37c0b9ce684991bae74eabf3dec70-1024x768.jpg 1024w, https:\/\/lydenim.com\/wp-content\/uploads\/2025\/07\/eaf37c0b9ce684991bae74eabf3dec70-768x576.jpg 768w, https:\/\/lydenim.com\/wp-content\/uploads\/2025\/07\/eaf37c0b9ce684991bae74eabf3dec70-16x12.jpg 16w, https:\/\/lydenim.com\/wp-content\/uploads\/2025\/07\/eaf37c0b9ce684991bae74eabf3dec70-600x450.jpg 600w, https:\/\/lydenim.com\/wp-content\/uploads\/2025\/07\/eaf37c0b9ce684991bae74eabf3dec70-150x112.jpg 150w\" sizes=\"auto, (max-width: 600px) 100vw, 600px\" \/><p id=\"caption-attachment-5749\" class=\"wp-caption-text\">Encolhimento do jeans<\/p><\/div>\n<p>&nbsp;<\/p>\n<h3>Tabela de compara\u00e7\u00e3o de tecidos<\/h3>\n<p>Analisam os pr\u00f3s e contras do jeans em compara\u00e7\u00e3o com poli\u00e9ster, veludo cotel\u00ea, viscose, linho e misturas de algod\u00e3o e elastano.<\/p>\n<p>\u27a1\ufe0f <a href=\"https:\/\/lydenim.com\/pt\/guia-de-pros-e-contras-de-tecidos-comuns\/\">Tecidos comuns \u2013 Guia de pr\u00f3s e contras<img loading=\"lazy\" decoding=\"async\" class=\"aligncenter\" src=\"https:\/\/lydenim.com\/wp-content\/uploads\/2025\/04\/COMMON-FABRICS-PROS-AND-CONS.jpg\" width=\"600\" height=\"800\" \/><\/a><\/p>\n<div><\/div>\n<h2>VI. Lavagem: Adicionando Personalidade ao Jeans<\/h2>\n<p>Explore 10 t\u00e9cnicas, como lavagem com enzimas, lavagem com pedras, lavagem com \u00e1gua sanit\u00e1ria, bigodes de gato e lavagem com destrui\u00e7\u00e3o.<\/p>\n<p>\u27a1\ufe0f <a href=\"https:\/\/lydenim.com\/pt\/10-tipos-de-tecnicas-de-lavagem-de-tecidos-jeans-explicadas\/\">10 Tipos de T\u00e9cnicas de Lavagem de Tecidos Jeans Explicadas<img decoding=\"async\" class=\"aligncenter\" src=\"https:\/\/lydenim.com\/wp-content\/uploads\/2024\/12\/10-Types-of-Denim-Fabric-Washing-Techniques-Explained-e1741493552153.jpeg\" \/><\/a><\/p>\n<h2>VII. Tend\u00eancias da Moda e Crescimento do Mercado<\/h2>\n<ul data-spread=\"false\">\n<li><strong>Estilos em alta:<\/strong> Jeans cru Y2K, cintura baixa, perna larga<\/li>\n<li><strong>Pr\u00f3s e contras:<\/strong> Jeans de grife s\u00e3o estilosos, mas caros<\/li>\n<li><strong>Dicas de estilo:<\/strong> Escrit\u00f3rio, viagem, streetwear<\/li>\n<li><strong>Tamanho do mercado:<\/strong> USD 121,5 bilh\u00f5es at\u00e9 2030, CAGR 5,9%<\/li>\n<\/ul>\n<p>\u27a1\ufe0f <a href=\"https:\/\/lydenim.com\/pt\/jeans-de-grife\/\">Jeans de grife: tend\u00eancias da moda para 2025, dicas de estilo e potencial de mercado<img decoding=\"async\" class=\"aligncenter\" src=\"https:\/\/lydenim.com\/wp-content\/uploads\/2025\/06\/Designer-Jeans.jpg\" \/><\/a><\/p>\n<h2>VIII. Amplie seu conhecimento sobre jeans<\/h2>\n<h3>Gloss\u00e1rio de jeans de A a Z<\/h3>\n<p>Todos os termos, desde contagem de fios e n\u00edvel de elasticidade at\u00e9 caimento e solidez da cor.<\/p>\n<p>\u27a1\ufe0f <a href=\"https:\/\/lydenim.com\/pt\/conhecimento-de-jeans\/\">De A a Z: Um guia completo para o conhecimento do jeans<img decoding=\"async\" class=\"aligncenter\" src=\"https:\/\/lydenim.com\/wp-content\/uploads\/2025\/03\/From-A-to-Z-A-Comprehensive-Guide-to-Denim-Knowledge.jpg\" alt=\"De A a Z - Um guia completo para o conhecimento do jeans\" \/><\/a><\/p>\n<h3>Convers\u00f5es de unidades t\u00eaxteis<\/h3>\n<p>Converta metros em jardas, gramas em on\u00e7as e muito mais.<\/p>\n<p>\u27a1\ufe0f <a href=\"https:\/\/lydenim.com\/pt\/folha-de-dicas-para-conversao-de-unidades-texteis\/\">Folha de dicas para convers\u00e3o de unidades t\u00eaxteis<img decoding=\"async\" class=\"aligncenter\" src=\"https:\/\/lydenim.com\/wp-content\/uploads\/2025\/04\/Textile-Unit-Conversion-Cheat-Sheet.jpg\" \/><\/a><\/p>\n<h3>Evolu\u00e7\u00e3o dos estilos de jeans<\/h3>\n<p>Acompanhe as mudan\u00e7as na silhueta, eleva\u00e7\u00e3o e lavagem da d\u00e9cada de 1950 at\u00e9 hoje.<\/p>\n<p>\u27a1\ufe0f <a href=\"https:\/\/lydenim.com\/pt\/a-evolucao-dos-estilos-de-jeans\/\">A evolu\u00e7\u00e3o dos estilos de jeans<img decoding=\"async\" class=\"aligncenter\" src=\"https:\/\/lydenim.com\/wp-content\/uploads\/2025\/06\/The-Evolution-of-Jeans-Styles.jpg\" \/><\/a><\/p>\n<h3>Onde os designers se inspiram<\/h3>\n<p>De arquivos e moda urbana a tend\u00eancias ecol\u00f3gicas e tecnologia.<\/p>\n<p>\u27a1\ufe0f <a href=\"https:\/\/lydenim.com\/pt\/fontes-de-inspiracao-para-design-de-roupas-de-moda\/\">Fontes de inspira\u00e7\u00e3o para design de vestu\u00e1rio de moda<img loading=\"lazy\" decoding=\"async\" class=\"size-full wp-image-5772 aligncenter\" src=\"https:\/\/lydenim.com\/wp-content\/uploads\/2025\/05\/Sources-of-Fashion-Garment-Design-Inspiration.jpg\" alt=\"\" width=\"600\" height=\"800\" srcset=\"https:\/\/lydenim.com\/wp-content\/uploads\/2025\/05\/Sources-of-Fashion-Garment-Design-Inspiration.jpg 600w, https:\/\/lydenim.com\/wp-content\/uploads\/2025\/05\/Sources-of-Fashion-Garment-Design-Inspiration-225x300.jpg 225w, https:\/\/lydenim.com\/wp-content\/uploads\/2025\/05\/Sources-of-Fashion-Garment-Design-Inspiration-9x12.jpg 9w, https:\/\/lydenim.com\/wp-content\/uploads\/2025\/05\/Sources-of-Fashion-Garment-Design-Inspiration-150x200.jpg 150w\" sizes=\"auto, (max-width: 600px) 100vw, 600px\" \/><\/a><\/p>\n<h2>Conclus\u00e3o<\/h2>\n<p>Das planta\u00e7\u00f5es de algod\u00e3o \u00e0 moda finalizada, a jornada do denim apresenta tanto o artesanato tradicional quanto a inova\u00e7\u00e3o moderna. Este guia ajuda consumidores e criadores a entender cada fase \u2014 desde a sele\u00e7\u00e3o do tecido certo, a aplica\u00e7\u00e3o das melhores t\u00e9cnicas at\u00e9 a sintonia com as tend\u00eancias do mercado. Seja voc\u00ea designer, comprador ou entusiasta, conhecer o processo do denim fortalece cada escolha de moda.<\/p>\n<h2 dir=\"auto\">Servi\u00e7os de personaliza\u00e7\u00e3o da LYDENIM<\/h2>\n<p dir=\"auto\">\ud83c\udfa8 Quero <strong>tecidos jeans personalizados<\/strong> ou\u00a0 <strong>exclusivo<\/strong> <strong>pe\u00e7a jeans personalizada<\/strong>? A LYDENIM \u00e9 especializada em solu\u00e7\u00f5es personalizadas para atender \u00e0s suas necessidades de design e produ\u00e7\u00e3o.<\/p>\n<p dir=\"auto\">\ud83d\udecd\ufe0f <strong>Explore e inspire-se<\/strong>: Navegue por nossas sele\u00e7\u00f5es de tecidos e descubra ideias de design em <a href=\"https:\/\/lydenim.com\/pt\/\" target=\"_blank\" rel=\"noopener noreferrer nofollow\">LYDenim<\/a>.<\/p>\n<p dir=\"auto\">\ud83c\udf10 <strong>Roupas el\u00e1sticas<\/strong>: Confira nossas ofertas em <a href=\"http:\/\/liangyuantextile.m.en.alibaba.com\" target=\"_blank\" rel=\"noopener noreferrer nofollow\">MeuAlibaba<\/a>. \ud83d\udce9 <strong>Contate-nos<\/strong>: Entre em contato em <a href=\"mailto:malone@lydenim.com\" target=\"_blank\" rel=\"noopener noreferrer nofollow\">malone@lydenim.com<\/a>.<\/p>\n<p dir=\"auto\">Crie sua obra-prima de jeans com LYDENIM - seu parceiro de confian\u00e7a para <strong>tecido el\u00e1stico<\/strong> e <strong>solu\u00e7\u00f5es personalizadas de jeans<\/strong>.<\/p>","protected":false},"excerpt":{"rendered":"<p>I. Algod\u00e3o: A Origem do Denim A. O Papel do Algod\u00e3o no Tecido Denim O Algod\u00e3o e Seu Papel no Tecido Denim B.<\/p>","protected":false},"author":1,"featured_media":5774,"comment_status":"open","ping_status":"open","sticky":false,"template":"","format":"standard","meta":{"two_page_speed":[],"footnotes":""},"categories":[66],"tags":[],"class_list":["post-5769","post","type-post","status-publish","format-standard","has-post-thumbnail","hentry","category-denim-knowledge"],"aioseo_notices":[],"_links":{"self":[{"href":"https:\/\/lydenim.com\/pt\/wp-json\/wp\/v2\/posts\/5769","targetHints":{"allow":["GET"]}}],"collection":[{"href":"https:\/\/lydenim.com\/pt\/wp-json\/wp\/v2\/posts"}],"about":[{"href":"https:\/\/lydenim.com\/pt\/wp-json\/wp\/v2\/types\/post"}],"author":[{"embeddable":true,"href":"https:\/\/lydenim.com\/pt\/wp-json\/wp\/v2\/users\/1"}],"replies":[{"embeddable":true,"href":"https:\/\/lydenim.com\/pt\/wp-json\/wp\/v2\/comments?post=5769"}],"version-history":[{"count":4,"href":"https:\/\/lydenim.com\/pt\/wp-json\/wp\/v2\/posts\/5769\/revisions"}],"predecessor-version":[{"id":6379,"href":"https:\/\/lydenim.com\/pt\/wp-json\/wp\/v2\/posts\/5769\/revisions\/6379"}],"wp:featuredmedia":[{"embeddable":true,"href":"https:\/\/lydenim.com\/pt\/wp-json\/wp\/v2\/media\/5774"}],"wp:attachment":[{"href":"https:\/\/lydenim.com\/pt\/wp-json\/wp\/v2\/media?parent=5769"}],"wp:term":[{"taxonomy":"category","embeddable":true,"href":"https:\/\/lydenim.com\/pt\/wp-json\/wp\/v2\/categories?post=5769"},{"taxonomy":"post_tag","embeddable":true,"href":"https:\/\/lydenim.com\/pt\/wp-json\/wp\/v2\/tags?post=5769"}],"curies":[{"name":"wp","href":"https:\/\/api.w.org\/{rel}","templated":true}]}}