{"id":5775,"date":"2025-07-13T11:56:06","date_gmt":"2025-07-13T03:56:06","guid":{"rendered":"https:\/\/lydenim.com\/?p=5775"},"modified":"2025-08-24T13:45:30","modified_gmt":"2025-08-24T05:45:30","slug":"ropa-de-mujer-para-lucir-una-chaqueta-de-mezclilla-estilo-y-versatilidad-para-cualquier-momento","status":"publish","type":"post","link":"https:\/\/lydenim.com\/pt\/roupa-de-mulher-para-fazer-uma-jaqueta-de-mezclilla-estilo-e-versatilidade-para-qualquer-momento\/","title":{"rendered":"Ropa de Mujer para Lucir una Chaqueta de Mezclilla: Estilo e Versatilidade para Cualquier Momento"},"content":{"rendered":"<h2 dir=\"ltr\">Tempo estimado de leitura: \uff5e3 minutos<\/h2>\n<h2>Introdu\u00e7\u00e3o<\/h2>\n<p data-start=\"218\" data-end=\"522\">A ca\u00e7adora vaquera \u00e9 uma pe\u00e7a imprescind\u00edvel no arm\u00e1rio de uma mulher por sua versatilidade e estilo cl\u00e1ssico que nunca passou da moda no M\u00e9xico e se tornou um s\u00edmbolo da moda adapt\u00e1vel tanto para ocasi\u00f5es informais quanto para eventos mais elegantes. Este texto explora como criar conjuntos usando uma ca\u00e7adora de vaqueras para mulheres de acordo com diferentes estilos e situa\u00e7\u00f5es, destacando combina\u00e7\u00f5es pr\u00e1ticas e modernas. Tamb\u00e9m se analisam as vendas e possibilidades de usar esses conjuntos em contextos inadequados, oferecendo um guia completo para sacar o m\u00e1ximo de partido poss\u00edvel.<\/p>\n<div id=\"attachment_5786\" style=\"width: 610px\" class=\"wp-caption aligncenter\"><img loading=\"lazy\" decoding=\"async\" aria-describedby=\"caption-attachment-5786\" class=\"wp-image-5786\" src=\"https:\/\/lydenim.com\/wp-content\/uploads\/2025\/07\/ff8337efdac5a961ff6b36024c13a05e.jpg\" alt=\"\" width=\"600\" height=\"266\" srcset=\"https:\/\/lydenim.com\/wp-content\/uploads\/2025\/07\/ff8337efdac5a961ff6b36024c13a05e.jpg 2434w, https:\/\/lydenim.com\/wp-content\/uploads\/2025\/07\/ff8337efdac5a961ff6b36024c13a05e-300x133.jpg 300w, https:\/\/lydenim.com\/wp-content\/uploads\/2025\/07\/ff8337efdac5a961ff6b36024c13a05e-1024x454.jpg 1024w, https:\/\/lydenim.com\/wp-content\/uploads\/2025\/07\/ff8337efdac5a961ff6b36024c13a05e-768x341.jpg 768w, https:\/\/lydenim.com\/wp-content\/uploads\/2025\/07\/ff8337efdac5a961ff6b36024c13a05e-1536x682.jpg 1536w, https:\/\/lydenim.com\/wp-content\/uploads\/2025\/07\/ff8337efdac5a961ff6b36024c13a05e-2048x909.jpg 2048w, https:\/\/lydenim.com\/wp-content\/uploads\/2025\/07\/ff8337efdac5a961ff6b36024c13a05e-18x8.jpg 18w, https:\/\/lydenim.com\/wp-content\/uploads\/2025\/07\/ff8337efdac5a961ff6b36024c13a05e-600x266.jpg 600w, https:\/\/lydenim.com\/wp-content\/uploads\/2025\/07\/ff8337efdac5a961ff6b36024c13a05e-150x67.jpg 150w\" sizes=\"auto, (max-width: 600px) 100vw, 600px\" \/><p id=\"caption-attachment-5786\" class=\"wp-caption-text\">A jaqueta de mistura<\/p><\/div>\n<h2 data-start=\"889\" data-end=\"934\">Tipos de jaquetas vaqueiras<\/h2>\n<p>As chaquetas de mezclilla est\u00e3o dispon\u00edveis em diversos estilos, cada uma com caracter\u00edsticas \u00fanicas que influenciam o traje com chaqueta de mezclilla feminina:<\/p>\n<ul data-start=\"1090\" data-end=\"1485\">\n<li data-start=\"1090\" data-end=\"1175\"><strong>Cl\u00e1ssico:<\/strong> Corte reto e longitudinal media, ideal para combina\u00e7\u00f5es vers\u00e1teis.\n<p><div id=\"attachment_5781\" style=\"width: 610px\" class=\"wp-caption aligncenter\"><img loading=\"lazy\" decoding=\"async\" aria-describedby=\"caption-attachment-5781\" class=\"wp-image-5781\" src=\"https:\/\/lydenim.com\/wp-content\/uploads\/2025\/07\/4680381bd191618b81f18bd752754552.jpg\" alt=\"\" width=\"600\" height=\"414\" srcset=\"https:\/\/lydenim.com\/wp-content\/uploads\/2025\/07\/4680381bd191618b81f18bd752754552.jpg 1668w, https:\/\/lydenim.com\/wp-content\/uploads\/2025\/07\/4680381bd191618b81f18bd752754552-300x207.jpg 300w, https:\/\/lydenim.com\/wp-content\/uploads\/2025\/07\/4680381bd191618b81f18bd752754552-1024x706.jpg 1024w, https:\/\/lydenim.com\/wp-content\/uploads\/2025\/07\/4680381bd191618b81f18bd752754552-768x529.jpg 768w, https:\/\/lydenim.com\/wp-content\/uploads\/2025\/07\/4680381bd191618b81f18bd752754552-1536x1059.jpg 1536w, https:\/\/lydenim.com\/wp-content\/uploads\/2025\/07\/4680381bd191618b81f18bd752754552-18x12.jpg 18w, https:\/\/lydenim.com\/wp-content\/uploads\/2025\/07\/4680381bd191618b81f18bd752754552-600x414.jpg 600w, https:\/\/lydenim.com\/wp-content\/uploads\/2025\/07\/4680381bd191618b81f18bd752754552-150x103.jpg 150w\" sizes=\"auto, (max-width: 600px) 100vw, 600px\" \/><p id=\"caption-attachment-5781\" class=\"wp-caption-text\">Cl\u00e1ssico<\/p><\/div><\/li>\n<li data-start=\"1176\" data-end=\"1289\"><strong>Corta:<\/strong> Mais ajustada e cortada, perfeita para real\u00e7ar a cintura com faldas ou cal\u00e7as de tiro alto.\n<p><div id=\"attachment_5783\" style=\"width: 610px\" class=\"wp-caption aligncenter\"><img loading=\"lazy\" decoding=\"async\" aria-describedby=\"caption-attachment-5783\" class=\"wp-image-5783\" src=\"https:\/\/lydenim.com\/wp-content\/uploads\/2025\/07\/bc9ca0eb5c0301f4a8d6d3a743362eb8.jpg\" alt=\"\" width=\"600\" height=\"266\" srcset=\"https:\/\/lydenim.com\/wp-content\/uploads\/2025\/07\/bc9ca0eb5c0301f4a8d6d3a743362eb8.jpg 2434w, https:\/\/lydenim.com\/wp-content\/uploads\/2025\/07\/bc9ca0eb5c0301f4a8d6d3a743362eb8-300x133.jpg 300w, https:\/\/lydenim.com\/wp-content\/uploads\/2025\/07\/bc9ca0eb5c0301f4a8d6d3a743362eb8-1024x454.jpg 1024w, https:\/\/lydenim.com\/wp-content\/uploads\/2025\/07\/bc9ca0eb5c0301f4a8d6d3a743362eb8-768x341.jpg 768w, https:\/\/lydenim.com\/wp-content\/uploads\/2025\/07\/bc9ca0eb5c0301f4a8d6d3a743362eb8-1536x682.jpg 1536w, https:\/\/lydenim.com\/wp-content\/uploads\/2025\/07\/bc9ca0eb5c0301f4a8d6d3a743362eb8-2048x909.jpg 2048w, https:\/\/lydenim.com\/wp-content\/uploads\/2025\/07\/bc9ca0eb5c0301f4a8d6d3a743362eb8-18x8.jpg 18w, https:\/\/lydenim.com\/wp-content\/uploads\/2025\/07\/bc9ca0eb5c0301f4a8d6d3a743362eb8-600x266.jpg 600w, https:\/\/lydenim.com\/wp-content\/uploads\/2025\/07\/bc9ca0eb5c0301f4a8d6d3a743362eb8-150x67.jpg 150w\" sizes=\"auto, (max-width: 600px) 100vw, 600px\" \/><p id=\"caption-attachment-5783\" class=\"wp-caption-text\">Corta<\/p><\/div><\/li>\n<li data-start=\"1290\" data-end=\"1379\"><strong>Tamanho grande:<\/strong> Estilo descontra\u00eddo e moderno, adequado para looks urbanos ou streetwear.\n<p><div id=\"attachment_5785\" style=\"width: 610px\" class=\"wp-caption aligncenter\"><img loading=\"lazy\" decoding=\"async\" aria-describedby=\"caption-attachment-5785\" class=\"wp-image-5785\" src=\"https:\/\/lydenim.com\/wp-content\/uploads\/2025\/07\/e6914fc565119dcfcae9c79a18049850.jpg\" alt=\"\" width=\"600\" height=\"400\" srcset=\"https:\/\/lydenim.com\/wp-content\/uploads\/2025\/07\/e6914fc565119dcfcae9c79a18049850.jpg 1668w, https:\/\/lydenim.com\/wp-content\/uploads\/2025\/07\/e6914fc565119dcfcae9c79a18049850-300x200.jpg 300w, https:\/\/lydenim.com\/wp-content\/uploads\/2025\/07\/e6914fc565119dcfcae9c79a18049850-1024x683.jpg 1024w, https:\/\/lydenim.com\/wp-content\/uploads\/2025\/07\/e6914fc565119dcfcae9c79a18049850-768x512.jpg 768w, https:\/\/lydenim.com\/wp-content\/uploads\/2025\/07\/e6914fc565119dcfcae9c79a18049850-1536x1024.jpg 1536w, https:\/\/lydenim.com\/wp-content\/uploads\/2025\/07\/e6914fc565119dcfcae9c79a18049850-18x12.jpg 18w, https:\/\/lydenim.com\/wp-content\/uploads\/2025\/07\/e6914fc565119dcfcae9c79a18049850-600x400.jpg 600w, https:\/\/lydenim.com\/wp-content\/uploads\/2025\/07\/e6914fc565119dcfcae9c79a18049850-150x100.jpg 150w\" sizes=\"auto, (max-width: 600px) 100vw, 600px\" \/><p id=\"caption-attachment-5785\" class=\"wp-caption-text\">Tamanho grande<\/p><\/div><\/li>\n<li data-start=\"1380\" data-end=\"1485\"><strong>Com detalhes:<\/strong> Inclui bordados, parches ou lavagens especiais, trazendo personalidade ao atuendo.\n<p><div id=\"attachment_5778\" style=\"width: 610px\" class=\"wp-caption aligncenter\"><img loading=\"lazy\" decoding=\"async\" aria-describedby=\"caption-attachment-5778\" class=\"wp-image-5778\" src=\"https:\/\/lydenim.com\/wp-content\/uploads\/2025\/07\/9e11ec391bf0856421bcd6ed6d84d8e6.jpg\" alt=\"\" width=\"600\" height=\"400\" srcset=\"https:\/\/lydenim.com\/wp-content\/uploads\/2025\/07\/9e11ec391bf0856421bcd6ed6d84d8e6.jpg 1668w, https:\/\/lydenim.com\/wp-content\/uploads\/2025\/07\/9e11ec391bf0856421bcd6ed6d84d8e6-300x200.jpg 300w, https:\/\/lydenim.com\/wp-content\/uploads\/2025\/07\/9e11ec391bf0856421bcd6ed6d84d8e6-1024x683.jpg 1024w, https:\/\/lydenim.com\/wp-content\/uploads\/2025\/07\/9e11ec391bf0856421bcd6ed6d84d8e6-768x512.jpg 768w, https:\/\/lydenim.com\/wp-content\/uploads\/2025\/07\/9e11ec391bf0856421bcd6ed6d84d8e6-1536x1024.jpg 1536w, https:\/\/lydenim.com\/wp-content\/uploads\/2025\/07\/9e11ec391bf0856421bcd6ed6d84d8e6-18x12.jpg 18w, https:\/\/lydenim.com\/wp-content\/uploads\/2025\/07\/9e11ec391bf0856421bcd6ed6d84d8e6-600x400.jpg 600w, https:\/\/lydenim.com\/wp-content\/uploads\/2025\/07\/9e11ec391bf0856421bcd6ed6d84d8e6-150x100.jpg 150w\" sizes=\"auto, (max-width: 600px) 100vw, 600px\" \/><p id=\"caption-attachment-5778\" class=\"wp-caption-text\">Com detalhes<\/p><\/div><\/li>\n<\/ul>\n<h2 data-start=\"1492\" data-end=\"1541\"><strong data-start=\"1495\" data-end=\"1541\">1. Roupa informal\u00a0<\/strong><\/h2>\n<p data-start=\"1543\" data-end=\"1816\">O conjunto de chaqueta de mezclilla para mulher em um estilo casual \u00e9 perfeitamente apropriado para atividades di\u00e1rias como ir de compras no centro comercial ou encontrar amigos pr\u00f3ximos para se juntar e passar um bom rato juntos. Uma op\u00e7\u00e3o tradicional consistia em uma jaqueta cl\u00e1ssica sobre uma camisa branca b\u00e1sica, cal\u00e7as justas ajustadas e sapatilhas esportivas. Acess\u00f3rios como bufandas ou gafas de sol podem adicionar um toque \u00fanico e pessoal ao seu trabalho.<\/p>\n<h3 data-start=\"1818\" data-end=\"1830\">Vantagens<\/h3>\n<ul data-start=\"1831\" data-end=\"1921\">\n<li data-start=\"1831\" data-end=\"1870\">\n<p data-start=\"1833\" data-end=\"1870\">Comodidade e liberdade de movimento.<\/p>\n<\/li>\n<li data-start=\"1871\" data-end=\"1921\">\n<p data-start=\"1873\" data-end=\"1921\">F\u00e1cil de combinar em v\u00e1rios looks informais.<\/p>\n<\/li>\n<\/ul>\n<h3 data-start=\"1923\" data-end=\"1965\">Desventajas em situa\u00e7\u00f5es inadequadas<\/h3>\n<ul data-start=\"1966\" data-end=\"2063\">\n<li data-start=\"1966\" data-end=\"2063\">\n<p data-start=\"1968\" data-end=\"2063\">Em entrevistas de trabalho ou cenas elegantes, voc\u00ea pode parecer muito informal ou pouco profissional.<\/p>\n<p><div id=\"attachment_5776\" style=\"width: 610px\" class=\"wp-caption aligncenter\"><img loading=\"lazy\" decoding=\"async\" aria-describedby=\"caption-attachment-5776\" class=\"wp-image-5776\" src=\"https:\/\/lydenim.com\/wp-content\/uploads\/2025\/07\/3af139899f441d99ce1bff7997ca7c1d.jpg\" alt=\"\" width=\"600\" height=\"266\" srcset=\"https:\/\/lydenim.com\/wp-content\/uploads\/2025\/07\/3af139899f441d99ce1bff7997ca7c1d.jpg 2434w, https:\/\/lydenim.com\/wp-content\/uploads\/2025\/07\/3af139899f441d99ce1bff7997ca7c1d-300x133.jpg 300w, https:\/\/lydenim.com\/wp-content\/uploads\/2025\/07\/3af139899f441d99ce1bff7997ca7c1d-1024x454.jpg 1024w, https:\/\/lydenim.com\/wp-content\/uploads\/2025\/07\/3af139899f441d99ce1bff7997ca7c1d-768x341.jpg 768w, https:\/\/lydenim.com\/wp-content\/uploads\/2025\/07\/3af139899f441d99ce1bff7997ca7c1d-1536x682.jpg 1536w, https:\/\/lydenim.com\/wp-content\/uploads\/2025\/07\/3af139899f441d99ce1bff7997ca7c1d-2048x909.jpg 2048w, https:\/\/lydenim.com\/wp-content\/uploads\/2025\/07\/3af139899f441d99ce1bff7997ca7c1d-18x8.jpg 18w, https:\/\/lydenim.com\/wp-content\/uploads\/2025\/07\/3af139899f441d99ce1bff7997ca7c1d-600x266.jpg 600w, https:\/\/lydenim.com\/wp-content\/uploads\/2025\/07\/3af139899f441d99ce1bff7997ca7c1d-150x67.jpg 150w\" sizes=\"auto, (max-width: 600px) 100vw, 600px\" \/><p id=\"caption-attachment-5776\" class=\"wp-caption-text\">Roupas Casuais<\/p><\/div><\/li>\n<\/ul>\n<h2 data-start=\"2070\" data-end=\"2131\"><strong data-start=\"2073\" data-end=\"2131\">2. Atualiza\u00e7\u00f5es de Moda Elegante com Chaqueta de Mezclilla<\/strong><\/h2>\n<p data-start=\"2133\" data-end=\"2271\">Para eventos mais formais, um <strong data-start=\"2164\" data-end=\"2195\">jaqueta corta-mezclilla<\/strong> pode ser uma elei\u00e7\u00e3o moderna e sofisticada.<br data-start=\"2241\" data-end=\"2244\" \/><strong data-start=\"2244\" data-end=\"2268\">Ideias de combina\u00e7\u00e3o<\/strong>:<\/p>\n<ul data-start=\"2272\" data-end=\"2439\">\n<li data-start=\"2272\" data-end=\"2320\">\n<p data-start=\"2274\" data-end=\"2320\">Chaqueta corta + vestido ajustado (oficina).<\/p>\n<\/li>\n<li data-start=\"2321\" data-end=\"2439\">\n<p data-start=\"2323\" data-end=\"2439\">Chaqueta + vestido de c\u00f3ctel (eventos noturnos informais).<br data-start=\"2383\" data-end=\"2386\" \/>Adicione tacos altos ou botins para completar o visual.<\/p>\n<\/li>\n<\/ul>\n<h3 data-start=\"2441\" data-end=\"2453\">Vantagens<\/h3>\n<ul data-start=\"2454\" data-end=\"2538\">\n<li data-start=\"2454\" data-end=\"2506\">\n<p data-start=\"2456\" data-end=\"2506\">Mescla moderna de estilos formais e informais.<\/p>\n<\/li>\n<li data-start=\"2507\" data-end=\"2538\">\n<p data-start=\"2509\" data-end=\"2538\">Apresenta autenticidade e estilo.<\/p>\n<\/li>\n<\/ul>\n<h3 data-start=\"2540\" data-end=\"2582\">Desventajas em situa\u00e7\u00f5es inadequadas<\/h3>\n<ul data-start=\"2583\" data-end=\"2672\">\n<li data-start=\"2583\" data-end=\"2672\">\n<p data-start=\"2585\" data-end=\"2672\">Voc\u00ea pode ser considerado inapropriado em casamentos ou ocasi\u00f5es com c\u00f3digo de vestimenta formal.<\/p>\n<p><div id=\"attachment_5777\" style=\"width: 610px\" class=\"wp-caption aligncenter\"><img loading=\"lazy\" decoding=\"async\" aria-describedby=\"caption-attachment-5777\" class=\"wp-image-5777\" src=\"https:\/\/lydenim.com\/wp-content\/uploads\/2025\/07\/6af107bb74f8895d731515341cbcf056.jpg\" alt=\"\" width=\"600\" height=\"266\" srcset=\"https:\/\/lydenim.com\/wp-content\/uploads\/2025\/07\/6af107bb74f8895d731515341cbcf056.jpg 2434w, https:\/\/lydenim.com\/wp-content\/uploads\/2025\/07\/6af107bb74f8895d731515341cbcf056-300x133.jpg 300w, https:\/\/lydenim.com\/wp-content\/uploads\/2025\/07\/6af107bb74f8895d731515341cbcf056-1024x454.jpg 1024w, https:\/\/lydenim.com\/wp-content\/uploads\/2025\/07\/6af107bb74f8895d731515341cbcf056-768x341.jpg 768w, https:\/\/lydenim.com\/wp-content\/uploads\/2025\/07\/6af107bb74f8895d731515341cbcf056-1536x682.jpg 1536w, https:\/\/lydenim.com\/wp-content\/uploads\/2025\/07\/6af107bb74f8895d731515341cbcf056-2048x909.jpg 2048w, https:\/\/lydenim.com\/wp-content\/uploads\/2025\/07\/6af107bb74f8895d731515341cbcf056-18x8.jpg 18w, https:\/\/lydenim.com\/wp-content\/uploads\/2025\/07\/6af107bb74f8895d731515341cbcf056-600x266.jpg 600w, https:\/\/lydenim.com\/wp-content\/uploads\/2025\/07\/6af107bb74f8895d731515341cbcf056-150x67.jpg 150w\" sizes=\"auto, (max-width: 600px) 100vw, 600px\" \/><p id=\"caption-attachment-5777\" class=\"wp-caption-text\">Trajes Elegantes<\/p><\/div><\/li>\n<\/ul>\n<h2 data-start=\"2679\" data-end=\"2731\"><strong data-start=\"2682\" data-end=\"2731\">3. Estilo Boho Chic com Chaqueta de Mezclilla<\/strong><\/h2>\n<p data-start=\"2733\" data-end=\"2816\">Muito usado em festivais e atividades ao ar livre.<br data-start=\"2785\" data-end=\"2788\" \/><strong data-start=\"2788\" data-end=\"2813\">Combina\u00e7\u00f5es t\u00edpicas<\/strong>:<\/p>\n<ul data-start=\"2817\" data-end=\"2949\">\n<li data-start=\"2817\" data-end=\"2887\">\n<p data-start=\"2819\" data-end=\"2887\">Chaqueta com parches + top tie-dye + falda larga o pantal\u00f3n ancho.<\/p>\n<\/li>\n<li data-start=\"2888\" data-end=\"2949\">\n<p data-start=\"2890\" data-end=\"2949\">Acess\u00f3rios: Colares largos, sombreros, bolsas artesanais.<\/p>\n<\/li>\n<\/ul>\n<h3 data-start=\"2951\" data-end=\"2963\">Vantagens<\/h3>\n<ul data-start=\"2964\" data-end=\"3050\">\n<li data-start=\"2964\" data-end=\"3000\">\n<p data-start=\"2966\" data-end=\"3000\">Mostre criatividade e comodidade.<\/p>\n<\/li>\n<li data-start=\"3001\" data-end=\"3050\">\n<p data-start=\"3003\" data-end=\"3050\">Perfeito para ambientes descontra\u00eddos e art\u00edsticos.<\/p>\n<\/li>\n<\/ul>\n<h3 data-start=\"3052\" data-end=\"3094\">Desventajas em situa\u00e7\u00f5es inadequadas<\/h3>\n<ul data-start=\"3095\" data-end=\"3180\">\n<li data-start=\"3095\" data-end=\"3180\">\n<p data-start=\"3097\" data-end=\"3180\">Em contextos empresariais ou formais, pode parecer exc\u00eantrico ou pouco profissional.<\/p>\n<p><div id=\"attachment_5780\" style=\"width: 610px\" class=\"wp-caption aligncenter\"><img loading=\"lazy\" decoding=\"async\" aria-describedby=\"caption-attachment-5780\" class=\"wp-image-5780\" src=\"https:\/\/lydenim.com\/wp-content\/uploads\/2025\/07\/705b2361ac3ac0718d4cc2f87fa5273c.jpg\" alt=\"\" width=\"600\" height=\"800\" srcset=\"https:\/\/lydenim.com\/wp-content\/uploads\/2025\/07\/705b2361ac3ac0718d4cc2f87fa5273c.jpg 1080w, https:\/\/lydenim.com\/wp-content\/uploads\/2025\/07\/705b2361ac3ac0718d4cc2f87fa5273c-225x300.jpg 225w, https:\/\/lydenim.com\/wp-content\/uploads\/2025\/07\/705b2361ac3ac0718d4cc2f87fa5273c-768x1024.jpg 768w, https:\/\/lydenim.com\/wp-content\/uploads\/2025\/07\/705b2361ac3ac0718d4cc2f87fa5273c-9x12.jpg 9w, https:\/\/lydenim.com\/wp-content\/uploads\/2025\/07\/705b2361ac3ac0718d4cc2f87fa5273c-600x800.jpg 600w, https:\/\/lydenim.com\/wp-content\/uploads\/2025\/07\/705b2361ac3ac0718d4cc2f87fa5273c-150x200.jpg 150w\" sizes=\"auto, (max-width: 600px) 100vw, 600px\" \/><p id=\"caption-attachment-5780\" class=\"wp-caption-text\">Estilo Boho Chic<\/p><\/div><\/li>\n<\/ul>\n<h2 data-start=\"3187\" data-end=\"3232\"><strong data-start=\"3190\" data-end=\"3232\">4. Look Rom\u00e2ntico com Chaqueta Vaquera<\/strong><\/h2>\n<p data-start=\"3234\" data-end=\"3307\">Ideal para cita\u00e7\u00f5es ou sa\u00eddas femininas informais.<br data-start=\"3282\" data-end=\"3285\" \/><strong data-start=\"3285\" data-end=\"3304\">Roupa sugerida<\/strong>:<\/p>\n<ul data-start=\"3308\" data-end=\"3421\">\n<li data-start=\"3308\" data-end=\"3369\">\n<p data-start=\"3310\" data-end=\"3369\">Chaqueta de mezclilla + blusa de encaje o vestido floral.<\/p>\n<\/li>\n<li data-start=\"3370\" data-end=\"3421\">\n<p data-start=\"3372\" data-end=\"3421\">Aporta um equil\u00edbrio entre o rudo e o delicado.<\/p>\n<\/li>\n<\/ul>\n<h3 data-start=\"3423\" data-end=\"3435\">Vantagens<\/h3>\n<ul data-start=\"3436\" data-end=\"3492\">\n<li data-start=\"3436\" data-end=\"3492\">\n<p data-start=\"3438\" data-end=\"3492\">Real\u00e7a a feminilidade e d\u00ea um toque elegante e informal.<\/p>\n<\/li>\n<\/ul>\n<h3 data-start=\"3494\" data-end=\"3536\">Desventajas em situa\u00e7\u00f5es inadequadas<\/h3>\n<ul data-start=\"3537\" data-end=\"3609\">\n<li data-start=\"3537\" data-end=\"3609\">\n<p data-start=\"3539\" data-end=\"3609\">Voc\u00ea pode perceber como adulto ou pouco s\u00e9rio em ambientes profissionais.<\/p>\n<p><div id=\"attachment_5779\" style=\"width: 610px\" class=\"wp-caption aligncenter\"><img loading=\"lazy\" decoding=\"async\" aria-describedby=\"caption-attachment-5779\" class=\"wp-image-5779\" src=\"https:\/\/lydenim.com\/wp-content\/uploads\/2025\/07\/352f86324f6b9c1e1ec0a1ce46cd51f4.jpg\" alt=\"\" width=\"600\" height=\"800\" srcset=\"https:\/\/lydenim.com\/wp-content\/uploads\/2025\/07\/352f86324f6b9c1e1ec0a1ce46cd51f4.jpg 1668w, https:\/\/lydenim.com\/wp-content\/uploads\/2025\/07\/352f86324f6b9c1e1ec0a1ce46cd51f4-225x300.jpg 225w, https:\/\/lydenim.com\/wp-content\/uploads\/2025\/07\/352f86324f6b9c1e1ec0a1ce46cd51f4-768x1024.jpg 768w, https:\/\/lydenim.com\/wp-content\/uploads\/2025\/07\/352f86324f6b9c1e1ec0a1ce46cd51f4-1152x1536.jpg 1152w, https:\/\/lydenim.com\/wp-content\/uploads\/2025\/07\/352f86324f6b9c1e1ec0a1ce46cd51f4-1536x2048.jpg 1536w, https:\/\/lydenim.com\/wp-content\/uploads\/2025\/07\/352f86324f6b9c1e1ec0a1ce46cd51f4-9x12.jpg 9w, https:\/\/lydenim.com\/wp-content\/uploads\/2025\/07\/352f86324f6b9c1e1ec0a1ce46cd51f4-600x800.jpg 600w, https:\/\/lydenim.com\/wp-content\/uploads\/2025\/07\/352f86324f6b9c1e1ec0a1ce46cd51f4-150x200.jpg 150w\" sizes=\"auto, (max-width: 600px) 100vw, 600px\" \/><p id=\"caption-attachment-5779\" class=\"wp-caption-text\">Estilo Rom\u00e2ntico<\/p><\/div><\/li>\n<\/ul>\n<h2 data-start=\"3616\" data-end=\"3669\"><strong data-start=\"3619\" data-end=\"3669\">5. Estilo Urbano Moderno com Chaqueta Oversize<\/strong><\/h2>\n<p data-start=\"3671\" data-end=\"3728\">Perfeito para a vida na cidade.<br data-start=\"3706\" data-end=\"3709\" \/><strong data-start=\"3709\" data-end=\"3725\">Parece moderno<\/strong>:<\/p>\n<ul data-start=\"3729\" data-end=\"3808\">\n<li data-start=\"3729\" data-end=\"3808\">\n<p data-start=\"3731\" data-end=\"3808\">Chaqueta oversize + moletom com capuz + pantal\u00f3n cargo ou leggings de couro + t\u00eanis.<\/p>\n<\/li>\n<\/ul>\n<h3 data-start=\"3810\" data-end=\"3822\">Vantagens<\/h3>\n<ul data-start=\"3823\" data-end=\"3907\">\n<li data-start=\"3823\" data-end=\"3855\">\n<p data-start=\"3825\" data-end=\"3855\">Estilo fresco e desenhado.<\/p>\n<\/li>\n<li data-start=\"3856\" data-end=\"3907\">\n<p data-start=\"3858\" data-end=\"3907\">Ideal para eventos juvenis ou sa\u00eddas noturnas.<\/p>\n<\/li>\n<\/ul>\n<h3 data-start=\"3909\" data-end=\"3951\">Desventajas em situa\u00e7\u00f5es inadequadas<\/h3>\n<ul data-start=\"3952\" data-end=\"4013\">\n<li data-start=\"3952\" data-end=\"4013\">\n<p data-start=\"3954\" data-end=\"4013\">Demasiado informal para contextos empresariais ou formais.<\/p>\n<p><div id=\"attachment_5782\" style=\"width: 610px\" class=\"wp-caption aligncenter\"><img loading=\"lazy\" decoding=\"async\" aria-describedby=\"caption-attachment-5782\" class=\"wp-image-5782\" src=\"https:\/\/lydenim.com\/wp-content\/uploads\/2025\/07\/b3baa6eee181034c471b8dfa1cc28c72.jpg\" alt=\"\" width=\"600\" height=\"800\" srcset=\"https:\/\/lydenim.com\/wp-content\/uploads\/2025\/07\/b3baa6eee181034c471b8dfa1cc28c72.jpg 1614w, https:\/\/lydenim.com\/wp-content\/uploads\/2025\/07\/b3baa6eee181034c471b8dfa1cc28c72-225x300.jpg 225w, https:\/\/lydenim.com\/wp-content\/uploads\/2025\/07\/b3baa6eee181034c471b8dfa1cc28c72-768x1024.jpg 768w, https:\/\/lydenim.com\/wp-content\/uploads\/2025\/07\/b3baa6eee181034c471b8dfa1cc28c72-1152x1536.jpg 1152w, https:\/\/lydenim.com\/wp-content\/uploads\/2025\/07\/b3baa6eee181034c471b8dfa1cc28c72-1536x2048.jpg 1536w, https:\/\/lydenim.com\/wp-content\/uploads\/2025\/07\/b3baa6eee181034c471b8dfa1cc28c72-9x12.jpg 9w, https:\/\/lydenim.com\/wp-content\/uploads\/2025\/07\/b3baa6eee181034c471b8dfa1cc28c72-600x800.jpg 600w, https:\/\/lydenim.com\/wp-content\/uploads\/2025\/07\/b3baa6eee181034c471b8dfa1cc28c72-150x200.jpg 150w\" sizes=\"auto, (max-width: 600px) 100vw, 600px\" \/><p id=\"caption-attachment-5782\" class=\"wp-caption-text\">Estilo Urbano Moderno<\/p><\/div><\/li>\n<\/ul>\n<h2 data-start=\"4020\" data-end=\"4077\"><strong data-start=\"4023\" data-end=\"4077\">Roupa para Cada Temporada com Chaqueta de Mezclilla<\/strong><\/h2>\n<p data-start=\"4079\" data-end=\"4136\">A <strong data-start=\"4082\" data-end=\"4102\">jaqueta vaqueira<\/strong> \u00e9 funcional durante todo o ano:<\/p>\n<h3 data-start=\"4138\" data-end=\"4160\">Primavera e ver\u00e3o<\/h3>\n<ul data-start=\"4161\" data-end=\"4290\">\n<li data-start=\"4161\" data-end=\"4219\">\n<p data-start=\"4163\" data-end=\"4219\">Combina com tops sem mangas e shorts ou faldas leves.<\/p>\n<\/li>\n<li data-start=\"4220\" data-end=\"4290\">\n<p data-start=\"4222\" data-end=\"4290\">Ideal para dias quentes, mas com ar condicionado em ambientes internos.<\/p>\n<\/li>\n<\/ul>\n<h3 data-start=\"4292\" data-end=\"4312\">Outono e inverno<\/h3>\n<ul data-start=\"4313\" data-end=\"4424\">\n<li data-start=\"4313\" data-end=\"4375\">\n<p data-start=\"4315\" data-end=\"4375\">Use su\u00e9teres ou camisas grudadas + jeans ou leggings.<\/p>\n<\/li>\n<li data-start=\"4376\" data-end=\"4424\">\n<p data-start=\"4378\" data-end=\"4424\">Funciona como capa intermedi\u00e1ria em climas frios.<\/p>\n<\/li>\n<\/ul>\n<h3 data-start=\"4426\" data-end=\"4438\">Vantagens<\/h3>\n<ul data-start=\"4439\" data-end=\"4519\">\n<li data-start=\"4439\" data-end=\"4468\">\n<p data-start=\"4441\" data-end=\"4468\">Adaptabilidade estacional.<\/p>\n<\/li>\n<li data-start=\"4469\" data-end=\"4519\">\n<p data-start=\"4471\" data-end=\"4519\">Grande capacidade de combina\u00e7\u00e3o com outras roupas.<\/p>\n<\/li>\n<\/ul>\n<h3 data-start=\"4521\" data-end=\"4563\">Desventajas em situa\u00e7\u00f5es inadequadas<\/h3>\n<ul data-start=\"4564\" data-end=\"4672\">\n<li data-start=\"4564\" data-end=\"4613\">\n<p data-start=\"4566\" data-end=\"4613\">Pode ser quente em exteriores muito c\u00e1lidos.<\/p>\n<\/li>\n<li data-start=\"4614\" data-end=\"4672\">\n<p data-start=\"4616\" data-end=\"4672\">N\u00e3o o protege o suficiente em climas extremamente frios.<\/p>\n<\/li>\n<\/ul>\n<h2 data-start=\"4679\" data-end=\"4696\"><strong data-start=\"4682\" data-end=\"4696\">Conclus\u00e3o<\/strong><\/h2>\n<p data-start=\"4698\" data-end=\"4969\">A <strong data-start=\"4701\" data-end=\"4737\">chaqueta de mezclilla para mulher<\/strong> \u00e9 uma pe\u00e7a vers\u00e1til que se adapta com facilidade a diferentes estilos, esta\u00e7\u00f5es e contextos. Desde atividades informais at\u00e9 combina\u00e7\u00f5es elegantes ou urbanas, esta compra permite expressar a personalidade sem perder comodidade.<\/p>\n<p data-start=\"4971\" data-end=\"5216\">No entanto, \u00e9 essencial avaliar a ocasi\u00e3o e o ambiente para evitar a transmiss\u00e3o de uma imagem inadequada. Usada com crit\u00e9rio, a chaqueta vaquera \u00e9 convertida em uma pe\u00e7a chave para construir uma guarda-roupa moderna, funcional e com estilo pr\u00f3prio.<\/p>\n<h2 dir=\"auto\">Servi\u00e7os de personaliza\u00e7\u00e3o da LYDENIM<\/h2>\n<p dir=\"auto\">\ud83c\udfa8 Quero <strong>tecidos jeans personalizados<\/strong> ou\u00a0 <strong>exclusivo<\/strong> <strong>pe\u00e7a jeans personalizada<\/strong>? A LYDENIM \u00e9 especializada em solu\u00e7\u00f5es personalizadas para atender \u00e0s suas necessidades de design e produ\u00e7\u00e3o.<\/p>\n<p dir=\"auto\">\ud83d\udecd\ufe0f <strong>Explore e inspire-se<\/strong>: Navegue por nossas sele\u00e7\u00f5es de tecidos e descubra ideias de design em <a href=\"https:\/\/lydenim.com\/pt\/\" target=\"_blank\" rel=\"noopener noreferrer nofollow\">LYDenim<\/a>.<\/p>\n<p dir=\"auto\">\ud83c\udf10 <strong>Roupas el\u00e1sticas<\/strong>: Confira nossas ofertas em <a href=\"http:\/\/liangyuantextile.m.en.alibaba.com\" target=\"_blank\" rel=\"noopener noreferrer nofollow\">MeuAlibaba<\/a>. \ud83d\udce9 <strong>Contate-nos<\/strong>: Entre em contato em <a href=\"mailto:malone@lydenim.com\" target=\"_blank\" rel=\"noopener noreferrer nofollow\">malone@lydenim.com<\/a>.<\/p>\n<p dir=\"auto\">Crie sua obra-prima de jeans com LYDENIM - seu parceiro de confian\u00e7a para <strong>tecido el\u00e1stico<\/strong> e <strong>solu\u00e7\u00f5es personalizadas de jeans<\/strong>.<\/p>","protected":false},"excerpt":{"rendered":"<p>Tempo estimado de leitura: ~3 minutos Introdu\u00e7\u00e3o La cazadora vaquera \u00e9 uma prenda imprescindible no armario de uma mulher por su<\/p>","protected":false},"author":1,"featured_media":5788,"comment_status":"open","ping_status":"open","sticky":false,"template":"","format":"standard","meta":{"two_page_speed":[],"footnotes":""},"categories":[76],"tags":[],"class_list":["post-5775","post","type-post","status-publish","format-standard","has-post-thumbnail","hentry","category-garment"],"aioseo_notices":[],"_links":{"self":[{"href":"https:\/\/lydenim.com\/pt\/wp-json\/wp\/v2\/posts\/5775","targetHints":{"allow":["GET"]}}],"collection":[{"href":"https:\/\/lydenim.com\/pt\/wp-json\/wp\/v2\/posts"}],"about":[{"href":"https:\/\/lydenim.com\/pt\/wp-json\/wp\/v2\/types\/post"}],"author":[{"embeddable":true,"href":"https:\/\/lydenim.com\/pt\/wp-json\/wp\/v2\/users\/1"}],"replies":[{"embeddable":true,"href":"https:\/\/lydenim.com\/pt\/wp-json\/wp\/v2\/comments?post=5775"}],"version-history":[{"count":3,"href":"https:\/\/lydenim.com\/pt\/wp-json\/wp\/v2\/posts\/5775\/revisions"}],"predecessor-version":[{"id":6381,"href":"https:\/\/lydenim.com\/pt\/wp-json\/wp\/v2\/posts\/5775\/revisions\/6381"}],"wp:featuredmedia":[{"embeddable":true,"href":"https:\/\/lydenim.com\/pt\/wp-json\/wp\/v2\/media\/5788"}],"wp:attachment":[{"href":"https:\/\/lydenim.com\/pt\/wp-json\/wp\/v2\/media?parent=5775"}],"wp:term":[{"taxonomy":"category","embeddable":true,"href":"https:\/\/lydenim.com\/pt\/wp-json\/wp\/v2\/categories?post=5775"},{"taxonomy":"post_tag","embeddable":true,"href":"https:\/\/lydenim.com\/pt\/wp-json\/wp\/v2\/tags?post=5775"}],"curies":[{"name":"wp","href":"https:\/\/api.w.org\/{rel}","templated":true}]}}