{"id":5789,"date":"2025-07-14T10:40:10","date_gmt":"2025-07-14T02:40:10","guid":{"rendered":"https:\/\/lydenim.com\/?p=5789"},"modified":"2025-08-24T13:46:05","modified_gmt":"2025-08-24T05:46:05","slug":"plus-size-jeans-trends-2025-2026-top-styles-styling-guide","status":"publish","type":"post","link":"https:\/\/lydenim.com\/pt\/tendencias-de-jeans-plus-size-2025-e-2026-principais-estilos-e-guia-de-estilo\/","title":{"rendered":"Tend\u00eancias de Jeans Plus Size 2025-2026: Principais Estilos e Guia de Estilo"},"content":{"rendered":"<h2 dir=\"ltr\">Tempo estimado de leitura: \uff5e5 minutos<\/h2>\n<h2 data-pm-slice=\"1 1 []\">Introdu\u00e7\u00e3o<\/h2>\n<p>A ind\u00fastria da moda acolhe novas tend\u00eancias para todos os tipos de corpo a partir de 2025, especialmente para as plus size. Toda entusiasta da moda plus size precisa de jeans que combinem estilo e conforto com designs atraentes para criar a pe\u00e7a ideal para o seu guarda-roupa.<\/p>\n<p>Este artigo avalia as principais tend\u00eancias de jeans plus size para 2025-2026, fornecendo dados e insights de especialistas, bem como estilos de celebridades e campanhas de marcas para ajudar voc\u00ea a selecionar novas pe\u00e7as de jeans com confian\u00e7a.<\/p>\n<h2>Principais destaques de tend\u00eancias<\/h2>\n<h3>1. Cal\u00e7a Jeans Flared: Revival Retr\u00f4<\/h3>\n<ul data-spread=\"false\">\n<li><strong>Dados<\/strong>: Aumento da popularidade do 57% no mercado dos EUA\/UE (1\u00ba trimestre de 2025).<\/li>\n<li><strong>Pr\u00f3s<\/strong>:As vantagens desse estilo incluem a capacidade de esticar as pernas e proporcionar um visual retr\u00f4 cl\u00e1ssico.<\/li>\n<li><strong>Dica de estilo<\/strong>: Combine com tops ajustados + t\u00eanis ou blusa + botas de salto.<\/li>\n<li><strong>Escolha da marca<\/strong>: Torrid (cintura alta, ajuste el\u00e1stico).\n<p><div id=\"attachment_5792\" style=\"width: 610px\" class=\"wp-caption aligncenter\"><img loading=\"lazy\" decoding=\"async\" aria-describedby=\"caption-attachment-5792\" class=\"wp-image-5792\" src=\"https:\/\/lydenim.com\/wp-content\/uploads\/2025\/07\/8a9e4db7099c4963eeecd9e30130f9f5.jpg\" alt=\"\" width=\"600\" height=\"435\" srcset=\"https:\/\/lydenim.com\/wp-content\/uploads\/2025\/07\/8a9e4db7099c4963eeecd9e30130f9f5.jpg 1489w, https:\/\/lydenim.com\/wp-content\/uploads\/2025\/07\/8a9e4db7099c4963eeecd9e30130f9f5-300x218.jpg 300w, https:\/\/lydenim.com\/wp-content\/uploads\/2025\/07\/8a9e4db7099c4963eeecd9e30130f9f5-1024x743.jpg 1024w, https:\/\/lydenim.com\/wp-content\/uploads\/2025\/07\/8a9e4db7099c4963eeecd9e30130f9f5-768x557.jpg 768w, https:\/\/lydenim.com\/wp-content\/uploads\/2025\/07\/8a9e4db7099c4963eeecd9e30130f9f5-18x12.jpg 18w, https:\/\/lydenim.com\/wp-content\/uploads\/2025\/07\/8a9e4db7099c4963eeecd9e30130f9f5-600x435.jpg 600w, https:\/\/lydenim.com\/wp-content\/uploads\/2025\/07\/8a9e4db7099c4963eeecd9e30130f9f5-150x109.jpg 150w\" sizes=\"auto, (max-width: 600px) 100vw, 600px\" \/><p id=\"caption-attachment-5792\" class=\"wp-caption-text\">Cal\u00e7a jeans flare<\/p><\/div><\/li>\n<\/ul>\n<h3>2. Cal\u00e7a Jeans Barril: Silhueta Estrutural<\/h3>\n<ul data-spread=\"false\">\n<li><strong>Looks de celebridades<\/strong>:Blake Lively e Julianne Moore exibem esse estilo em suas escolhas de moda.<\/li>\n<li><strong>Beneficiar<\/strong>:O design funciona criando um formato melhor na parte inferior do corpo, que fica \u00f3timo quando bem ajustado.<\/li>\n<li><strong>Dica de estilo<\/strong>: O estilo funciona bem quando combinado com camisetas estampadas e sapatilhas de bico fino ou macac\u00f5es e cintos.<\/li>\n<li><strong>Escolha da marca<\/strong>: Pistola Denim (adequado para maiores de 18 anos).\n<p><div id=\"attachment_5799\" style=\"width: 610px\" class=\"wp-caption aligncenter\"><img loading=\"lazy\" decoding=\"async\" aria-describedby=\"caption-attachment-5799\" class=\"wp-image-5799\" src=\"https:\/\/lydenim.com\/wp-content\/uploads\/2025\/07\/b413e6dc366a0e3c458439461dc6c479.jpg\" alt=\"\" width=\"600\" height=\"267\" srcset=\"https:\/\/lydenim.com\/wp-content\/uploads\/2025\/07\/b413e6dc366a0e3c458439461dc6c479.jpg 2502w, https:\/\/lydenim.com\/wp-content\/uploads\/2025\/07\/b413e6dc366a0e3c458439461dc6c479-300x133.jpg 300w, https:\/\/lydenim.com\/wp-content\/uploads\/2025\/07\/b413e6dc366a0e3c458439461dc6c479-1024x455.jpg 1024w, https:\/\/lydenim.com\/wp-content\/uploads\/2025\/07\/b413e6dc366a0e3c458439461dc6c479-768x341.jpg 768w, https:\/\/lydenim.com\/wp-content\/uploads\/2025\/07\/b413e6dc366a0e3c458439461dc6c479-1536x683.jpg 1536w, https:\/\/lydenim.com\/wp-content\/uploads\/2025\/07\/b413e6dc366a0e3c458439461dc6c479-2048x910.jpg 2048w, https:\/\/lydenim.com\/wp-content\/uploads\/2025\/07\/b413e6dc366a0e3c458439461dc6c479-18x8.jpg 18w, https:\/\/lydenim.com\/wp-content\/uploads\/2025\/07\/b413e6dc366a0e3c458439461dc6c479-600x267.jpg 600w, https:\/\/lydenim.com\/wp-content\/uploads\/2025\/07\/b413e6dc366a0e3c458439461dc6c479-150x67.jpg 150w\" sizes=\"auto, (max-width: 600px) 100vw, 600px\" \/><p id=\"caption-attachment-5799\" class=\"wp-caption-text\">Cal\u00e7a Jeans Barril<\/p><\/div><\/li>\n<\/ul>\n<h3>3. Cal\u00e7a jeans de perna larga: conforto e estilo<\/h3>\n<ul data-spread=\"false\">\n<li><strong>Crescimento do mercado<\/strong>: : 25% projeta aumento no mercado feminino da UE.<\/li>\n<li><strong>Dica de estilo<\/strong>: Um blazer combinado com mocassins cria um visual profissional, enquanto uma camiseta combinada com t\u00eanis de lona cria um look casual.<\/li>\n<li><strong>Escolha da marca<\/strong>: Bom americano, Madewell.\n<p><div id=\"attachment_5797\" style=\"width: 610px\" class=\"wp-caption aligncenter\"><img loading=\"lazy\" decoding=\"async\" aria-describedby=\"caption-attachment-5797\" class=\"wp-image-5797\" src=\"https:\/\/lydenim.com\/wp-content\/uploads\/2025\/07\/af58565dad2e17b14704067935e283d2.jpg\" alt=\"\" width=\"600\" height=\"1200\" srcset=\"https:\/\/lydenim.com\/wp-content\/uploads\/2025\/07\/af58565dad2e17b14704067935e283d2.jpg 1080w, https:\/\/lydenim.com\/wp-content\/uploads\/2025\/07\/af58565dad2e17b14704067935e283d2-150x300.jpg 150w, https:\/\/lydenim.com\/wp-content\/uploads\/2025\/07\/af58565dad2e17b14704067935e283d2-512x1024.jpg 512w, https:\/\/lydenim.com\/wp-content\/uploads\/2025\/07\/af58565dad2e17b14704067935e283d2-768x1536.jpg 768w, https:\/\/lydenim.com\/wp-content\/uploads\/2025\/07\/af58565dad2e17b14704067935e283d2-1024x2048.jpg 1024w, https:\/\/lydenim.com\/wp-content\/uploads\/2025\/07\/af58565dad2e17b14704067935e283d2-6x12.jpg 6w, https:\/\/lydenim.com\/wp-content\/uploads\/2025\/07\/af58565dad2e17b14704067935e283d2-600x1200.jpg 600w\" sizes=\"auto, (max-width: 600px) 100vw, 600px\" \/><p id=\"caption-attachment-5797\" class=\"wp-caption-text\">Cal\u00e7a Jeans de Perna Larga<\/p><\/div><\/li>\n<\/ul>\n<h3>4. Jeans reto: pe\u00e7a essencial atemporal<\/h3>\n<ul data-spread=\"false\">\n<li><strong>Dados<\/strong>: Aumento de 4% na UE (2024\u20132025).<\/li>\n<li><strong>Vantagem<\/strong>:Esse estilo funciona para todos os tipos de corpo porque se adapta a todos os formatos.<\/li>\n<li><strong>Escolha da marca<\/strong>: Levi&#039;s, Lane Bryant (at\u00e9 tamanho 40).\n<p><div id=\"attachment_5804\" style=\"width: 610px\" class=\"wp-caption aligncenter\"><img loading=\"lazy\" decoding=\"async\" aria-describedby=\"caption-attachment-5804\" class=\"wp-image-5804\" src=\"https:\/\/lydenim.com\/wp-content\/uploads\/2025\/07\/f01864cc5302883c5a45a74acd0ca308.jpg\" alt=\"\" width=\"600\" height=\"355\" srcset=\"https:\/\/lydenim.com\/wp-content\/uploads\/2025\/07\/f01864cc5302883c5a45a74acd0ca308.jpg 1823w, https:\/\/lydenim.com\/wp-content\/uploads\/2025\/07\/f01864cc5302883c5a45a74acd0ca308-300x178.jpg 300w, https:\/\/lydenim.com\/wp-content\/uploads\/2025\/07\/f01864cc5302883c5a45a74acd0ca308-1024x607.jpg 1024w, https:\/\/lydenim.com\/wp-content\/uploads\/2025\/07\/f01864cc5302883c5a45a74acd0ca308-768x455.jpg 768w, https:\/\/lydenim.com\/wp-content\/uploads\/2025\/07\/f01864cc5302883c5a45a74acd0ca308-1536x910.jpg 1536w, https:\/\/lydenim.com\/wp-content\/uploads\/2025\/07\/f01864cc5302883c5a45a74acd0ca308-18x12.jpg 18w, https:\/\/lydenim.com\/wp-content\/uploads\/2025\/07\/f01864cc5302883c5a45a74acd0ca308-600x355.jpg 600w, https:\/\/lydenim.com\/wp-content\/uploads\/2025\/07\/f01864cc5302883c5a45a74acd0ca308-150x89.jpg 150w\" sizes=\"auto, (max-width: 600px) 100vw, 600px\" \/><p id=\"caption-attachment-5804\" class=\"wp-caption-text\">Cal\u00e7a Jeans de Perna Reta<\/p><\/div><\/li>\n<\/ul>\n<h3>5. Jeans Relaxed Fit: Conforto M\u00e1ximo<\/h3>\n<ul data-spread=\"false\">\n<li><strong>Dados de tend\u00eancia<\/strong>: Shorts relaxados masculinos da UE +24% na primavera de 2025.<\/li>\n<li><strong>Dica de estilo<\/strong>: Para festivais, combine a roupa com camiseta estampada e bon\u00e9 e, para eventos noturnos, use camisa de seda com sapatos de couro.<\/li>\n<li><strong>Escolha da marca<\/strong>: Linha t\u00f3rrida \u201cJeans para a vida\u201d.\n<p><div id=\"attachment_5793\" style=\"width: 610px\" class=\"wp-caption aligncenter\"><img loading=\"lazy\" decoding=\"async\" aria-describedby=\"caption-attachment-5793\" class=\"wp-image-5793\" src=\"https:\/\/lydenim.com\/wp-content\/uploads\/2025\/07\/91e0e915a1a05881d49ba91da7798b9e.jpg\" alt=\"\" width=\"600\" height=\"400\" srcset=\"https:\/\/lydenim.com\/wp-content\/uploads\/2025\/07\/91e0e915a1a05881d49ba91da7798b9e.jpg 1668w, https:\/\/lydenim.com\/wp-content\/uploads\/2025\/07\/91e0e915a1a05881d49ba91da7798b9e-300x200.jpg 300w, https:\/\/lydenim.com\/wp-content\/uploads\/2025\/07\/91e0e915a1a05881d49ba91da7798b9e-1024x683.jpg 1024w, https:\/\/lydenim.com\/wp-content\/uploads\/2025\/07\/91e0e915a1a05881d49ba91da7798b9e-768x512.jpg 768w, https:\/\/lydenim.com\/wp-content\/uploads\/2025\/07\/91e0e915a1a05881d49ba91da7798b9e-1536x1024.jpg 1536w, https:\/\/lydenim.com\/wp-content\/uploads\/2025\/07\/91e0e915a1a05881d49ba91da7798b9e-18x12.jpg 18w, https:\/\/lydenim.com\/wp-content\/uploads\/2025\/07\/91e0e915a1a05881d49ba91da7798b9e-600x400.jpg 600w, https:\/\/lydenim.com\/wp-content\/uploads\/2025\/07\/91e0e915a1a05881d49ba91da7798b9e-150x100.jpg 150w\" sizes=\"auto, (max-width: 600px) 100vw, 600px\" \/><p id=\"caption-attachment-5793\" class=\"wp-caption-text\">Jeans Relaxed Fit<\/p><\/div><\/li>\n<\/ul>\n<h3>6. Jeans desgastado: corte descontra\u00eddo<\/h3>\n<ul data-spread=\"false\">\n<li><strong>Buzz social<\/strong>: Ressurgimento no TikTok e Instagram.<\/li>\n<li><strong>Dica de estilo<\/strong>:A combina\u00e7\u00e3o de camisetas brancas com t\u00eanis funciona para uso diurno, mas tops curtos com saltos criam um visual noturno.<\/li>\n<li><strong>Escolha da marca<\/strong>: T\u00f3rrido, Antropologia.\n<p><div id=\"attachment_5791\" style=\"width: 610px\" class=\"wp-caption aligncenter\"><img loading=\"lazy\" decoding=\"async\" aria-describedby=\"caption-attachment-5791\" class=\"wp-image-5791\" src=\"https:\/\/lydenim.com\/wp-content\/uploads\/2025\/07\/4da4832d6448d02ca5f1065b80287519.jpg\" alt=\"\" width=\"600\" height=\"400\" srcset=\"https:\/\/lydenim.com\/wp-content\/uploads\/2025\/07\/4da4832d6448d02ca5f1065b80287519.jpg 1668w, https:\/\/lydenim.com\/wp-content\/uploads\/2025\/07\/4da4832d6448d02ca5f1065b80287519-300x200.jpg 300w, https:\/\/lydenim.com\/wp-content\/uploads\/2025\/07\/4da4832d6448d02ca5f1065b80287519-1024x683.jpg 1024w, https:\/\/lydenim.com\/wp-content\/uploads\/2025\/07\/4da4832d6448d02ca5f1065b80287519-768x512.jpg 768w, https:\/\/lydenim.com\/wp-content\/uploads\/2025\/07\/4da4832d6448d02ca5f1065b80287519-1536x1024.jpg 1536w, https:\/\/lydenim.com\/wp-content\/uploads\/2025\/07\/4da4832d6448d02ca5f1065b80287519-18x12.jpg 18w, https:\/\/lydenim.com\/wp-content\/uploads\/2025\/07\/4da4832d6448d02ca5f1065b80287519-600x400.jpg 600w, https:\/\/lydenim.com\/wp-content\/uploads\/2025\/07\/4da4832d6448d02ca5f1065b80287519-150x100.jpg 150w\" sizes=\"auto, (max-width: 600px) 100vw, 600px\" \/><p id=\"caption-attachment-5791\" class=\"wp-caption-text\">Jeans desgastado<\/p><\/div><\/li>\n<\/ul>\n<h3>7. Jeans de cintura alta: real\u00e7a a silhueta<\/h3>\n<ul data-spread=\"false\">\n<li><strong>Benef\u00edcio da Silhouette<\/strong>: Afina a cintura, define as curvas.<\/li>\n<li><strong>Foco da marca<\/strong>:A campanha de primavera da Torrid se concentra em mostrar aos seus clientes estilos de jeans de cintura alta.<\/li>\n<li><strong>Escolha da marca<\/strong>: Good American, Torrid (alongamento + modelagem).\n<p><div id=\"attachment_5790\" style=\"width: 610px\" class=\"wp-caption aligncenter\"><img loading=\"lazy\" decoding=\"async\" aria-describedby=\"caption-attachment-5790\" class=\"wp-image-5790\" src=\"https:\/\/lydenim.com\/wp-content\/uploads\/2025\/07\/03b163db156102941789a007186e4105.jpg\" alt=\"\" width=\"600\" height=\"400\" srcset=\"https:\/\/lydenim.com\/wp-content\/uploads\/2025\/07\/03b163db156102941789a007186e4105.jpg 1668w, https:\/\/lydenim.com\/wp-content\/uploads\/2025\/07\/03b163db156102941789a007186e4105-300x200.jpg 300w, https:\/\/lydenim.com\/wp-content\/uploads\/2025\/07\/03b163db156102941789a007186e4105-1024x683.jpg 1024w, https:\/\/lydenim.com\/wp-content\/uploads\/2025\/07\/03b163db156102941789a007186e4105-768x512.jpg 768w, https:\/\/lydenim.com\/wp-content\/uploads\/2025\/07\/03b163db156102941789a007186e4105-1536x1024.jpg 1536w, https:\/\/lydenim.com\/wp-content\/uploads\/2025\/07\/03b163db156102941789a007186e4105-18x12.jpg 18w, https:\/\/lydenim.com\/wp-content\/uploads\/2025\/07\/03b163db156102941789a007186e4105-600x400.jpg 600w, https:\/\/lydenim.com\/wp-content\/uploads\/2025\/07\/03b163db156102941789a007186e4105-150x100.jpg 150w\" sizes=\"auto, (max-width: 600px) 100vw, 600px\" \/><p id=\"caption-attachment-5790\" class=\"wp-caption-text\">Jeans de cintura alta<\/p><\/div><\/li>\n<\/ul>\n<div><\/div>\n<h2>Momentos de celebridades com jeans<\/h2>\n<ul data-spread=\"false\">\n<li><strong>Kendrick Lamar<\/strong>:Durante o show do intervalo do Super Bowl de 2025, Kendrick Lamar se apresentou vestindo jeans boca de sino Celine.<\/li>\n<li><strong>Blake Lively e Julianne Moore<\/strong>: Liderando a tend\u00eancia do jeans com perna larga.\n<p><div id=\"attachment_5801\" style=\"width: 610px\" class=\"wp-caption aligncenter\"><img loading=\"lazy\" decoding=\"async\" aria-describedby=\"caption-attachment-5801\" class=\"wp-image-5801\" src=\"https:\/\/lydenim.com\/wp-content\/uploads\/2025\/07\/d6f63648272c89dacb206e58a1e0b8f2.jpg\" alt=\"\" width=\"600\" height=\"800\" srcset=\"https:\/\/lydenim.com\/wp-content\/uploads\/2025\/07\/d6f63648272c89dacb206e58a1e0b8f2.jpg 1552w, https:\/\/lydenim.com\/wp-content\/uploads\/2025\/07\/d6f63648272c89dacb206e58a1e0b8f2-225x300.jpg 225w, https:\/\/lydenim.com\/wp-content\/uploads\/2025\/07\/d6f63648272c89dacb206e58a1e0b8f2-768x1024.jpg 768w, https:\/\/lydenim.com\/wp-content\/uploads\/2025\/07\/d6f63648272c89dacb206e58a1e0b8f2-1152x1536.jpg 1152w, https:\/\/lydenim.com\/wp-content\/uploads\/2025\/07\/d6f63648272c89dacb206e58a1e0b8f2-1536x2048.jpg 1536w, https:\/\/lydenim.com\/wp-content\/uploads\/2025\/07\/d6f63648272c89dacb206e58a1e0b8f2-9x12.jpg 9w, https:\/\/lydenim.com\/wp-content\/uploads\/2025\/07\/d6f63648272c89dacb206e58a1e0b8f2-600x800.jpg 600w, https:\/\/lydenim.com\/wp-content\/uploads\/2025\/07\/d6f63648272c89dacb206e58a1e0b8f2-150x200.jpg 150w\" sizes=\"auto, (max-width: 600px) 100vw, 600px\" \/><p id=\"caption-attachment-5801\" class=\"wp-caption-text\">Kendrick Lamar se apresentou usando jeans boca de sino da Celine.<\/p><\/div><\/li>\n<\/ul>\n<h2>Tabela de dados de tend\u00eancia<\/h2>\n<table style=\"height: 182px;\" width=\"1119\">\n<tbody>\n<tr>\n<td>Tend\u00eancia<\/td>\n<td>Regi\u00e3o<\/td>\n<td>G\u00eanero<\/td>\n<td>Per\u00edodo de tempo<\/td>\n<td>Crescimento<\/td>\n<td>Notas<\/td>\n<\/tr>\n<tr>\n<td>Alargado<\/td>\n<td>UE\/EUA<\/td>\n<td>Mulheres<\/td>\n<td>1\u00ba trimestre de 2025<\/td>\n<td>57%<\/td>\n<td>Inclui perna de barril<\/td>\n<\/tr>\n<tr>\n<td>Perna larga<\/td>\n<td>UE<\/td>\n<td>Mulheres<\/td>\n<td>2025<\/td>\n<td>25%<\/td>\n<td>+7% para homens<\/td>\n<\/tr>\n<tr>\n<td>Shorts relaxados<\/td>\n<td>UE<\/td>\n<td>Homens<\/td>\n<td>Primavera de 2025<\/td>\n<td>24%<\/td>\n<td>+13% nos EUA<\/td>\n<\/tr>\n<tr>\n<td>Jeans claro<\/td>\n<td>UE<\/td>\n<td>&#8211;<\/td>\n<td>2025<\/td>\n<td>7%<\/td>\n<td>+5% nos EUA<\/td>\n<\/tr>\n<\/tbody>\n<\/table>\n<div><img loading=\"lazy\" decoding=\"async\" class=\"aligncenter wp-image-5805\" src=\"https:\/\/lydenim.com\/wp-content\/uploads\/2025\/07\/denim_trend_2025_chart-scaled.png\" alt=\"\" width=\"600\" height=\"400\" srcset=\"https:\/\/lydenim.com\/wp-content\/uploads\/2025\/07\/denim_trend_2025_chart-scaled.png 2560w, https:\/\/lydenim.com\/wp-content\/uploads\/2025\/07\/denim_trend_2025_chart-300x200.png 300w, https:\/\/lydenim.com\/wp-content\/uploads\/2025\/07\/denim_trend_2025_chart-1024x683.png 1024w, https:\/\/lydenim.com\/wp-content\/uploads\/2025\/07\/denim_trend_2025_chart-768x512.png 768w, https:\/\/lydenim.com\/wp-content\/uploads\/2025\/07\/denim_trend_2025_chart-1536x1024.png 1536w, https:\/\/lydenim.com\/wp-content\/uploads\/2025\/07\/denim_trend_2025_chart-2048x1365.png 2048w, https:\/\/lydenim.com\/wp-content\/uploads\/2025\/07\/denim_trend_2025_chart-18x12.png 18w, https:\/\/lydenim.com\/wp-content\/uploads\/2025\/07\/denim_trend_2025_chart-600x400.png 600w, https:\/\/lydenim.com\/wp-content\/uploads\/2025\/07\/denim_trend_2025_chart-150x100.png 150w\" sizes=\"auto, (max-width: 600px) 100vw, 600px\" \/><\/div>\n<h2>Pr\u00f3s e contras<\/h2>\n<table style=\"height: 225px;\" width=\"1120\">\n<tbody>\n<tr>\n<td>Tend\u00eancia<\/td>\n<td>Pr\u00f3s<\/td>\n<td>Contras<\/td>\n<\/tr>\n<tr>\n<td>Alargado<\/td>\n<td>Vintage, alongando<\/td>\n<td>N\u00e3o \u00e9 ideal para todos os formatos<\/td>\n<\/tr>\n<tr>\n<td>Perna de barril<\/td>\n<td>Corte \u00fanico, look marcante<\/td>\n<td>Precisa de um estilo equilibrado<\/td>\n<\/tr>\n<tr>\n<td>Perna larga<\/td>\n<td>Respir\u00e1vel, vers\u00e1til<\/td>\n<td>Menos formal<\/td>\n<\/tr>\n<tr>\n<td>Perna esticada<\/td>\n<td>Cl\u00e1ssico, multiuso<\/td>\n<td>Menos moderno<\/td>\n<\/tr>\n<tr>\n<td>Ajuste relaxado<\/td>\n<td>Super confort\u00e1vel<\/td>\n<td>Pode parecer muito solto<\/td>\n<\/tr>\n<tr>\n<td>Angustiado<\/td>\n<td>Nervoso, expressivo<\/td>\n<td>N\u00e3o apropriado para escrit\u00f3rio<\/td>\n<\/tr>\n<tr>\n<td>Cintura alta<\/td>\n<td>Melhora a forma<\/td>\n<td>Pode aumentar o volume se n\u00e3o for estilizado corretamente<\/td>\n<\/tr>\n<\/tbody>\n<\/table>\n<div><\/div>\n<h2>Opini\u00f5es de especialistas<\/h2>\n<ul data-spread=\"false\">\n<li><strong>Emily Bibik (T\u00f3rrida)<\/strong>:\u201cO jeans \u00e9 um item essencial para a primavera, pronto para qualquer destino.\u201d<\/li>\n<li><strong>Grace Na (Pistola)<\/strong>:\u201cCal\u00e7as jeans estilo barril s\u00e3o elegantes quando bem ajustadas.\u201d<\/li>\n<li><strong>Caroline Maguire (Shopbop)<\/strong>: \u201cO jeans de 2025 mistura nostalgia com inova\u00e7\u00e3o \u2014 os clientes querem conforto e design de destaque.\u201d<\/li>\n<\/ul>\n<h2>Conclus\u00e3o<\/h2>\n<p>De cal\u00e7as boca de sino nost\u00e1lgicas a cortes relaxados e ultraconfort\u00e1veis, as tend\u00eancias de jeans plus size 2025-2026 oferecem variedade e versatilidade. Com dados de tend\u00eancias, estilos de celebridades e inova\u00e7\u00f5es de marcas, os compradores plus size podem encontrar o jeans perfeito e adotar a moda com confian\u00e7a.<\/p>\n<h2 dir=\"auto\">Servi\u00e7os de personaliza\u00e7\u00e3o da LYDENIM<\/h2>\n<p dir=\"auto\">\ud83c\udfa8 Quero <strong>tecidos jeans personalizados<\/strong> ou\u00a0 <strong>exclusivo<\/strong> <strong>pe\u00e7a jeans personalizada<\/strong>? A LYDENIM \u00e9 especializada em solu\u00e7\u00f5es personalizadas para atender \u00e0s suas necessidades de design e produ\u00e7\u00e3o.<\/p>\n<p dir=\"auto\">\ud83d\udecd\ufe0f <strong>Explore e inspire-se<\/strong>: Navegue por nossas sele\u00e7\u00f5es de tecidos e descubra ideias de design em <a href=\"https:\/\/lydenim.com\/pt\/\" target=\"_blank\" rel=\"noopener noreferrer nofollow\">LYDenim<\/a>.<\/p>\n<p dir=\"auto\">\ud83c\udf10 <strong>Roupas el\u00e1sticas<\/strong>: Confira nossas ofertas em <a href=\"http:\/\/liangyuantextile.m.en.alibaba.com\" target=\"_blank\" rel=\"noopener noreferrer nofollow\">MeuAlibaba<\/a>. \ud83d\udce9 <strong>Contate-nos<\/strong>: Entre em contato em <a href=\"mailto:malone@lydenim.com\" target=\"_blank\" rel=\"noopener noreferrer nofollow\">malone@lydenim.com<\/a>.<\/p>\n<p dir=\"auto\">Crie sua obra-prima de jeans com LYDENIM - seu parceiro de confian\u00e7a para <strong>tecido el\u00e1stico<\/strong> e <strong>solu\u00e7\u00f5es personalizadas de jeans<\/strong>.<\/p>","protected":false},"excerpt":{"rendered":"<p>Tempo estimado de leitura: \uff5e5 minutos Introdu\u00e7\u00e3o A ind\u00fastria da moda acolhe novas tend\u00eancias para todos os formatos de corpo durante o in\u00edcio de 2025<\/p>","protected":false},"author":1,"featured_media":5807,"comment_status":"open","ping_status":"open","sticky":false,"template":"","format":"standard","meta":{"two_page_speed":[],"footnotes":""},"categories":[76],"tags":[],"class_list":["post-5789","post","type-post","status-publish","format-standard","has-post-thumbnail","hentry","category-garment"],"aioseo_notices":[],"_links":{"self":[{"href":"https:\/\/lydenim.com\/pt\/wp-json\/wp\/v2\/posts\/5789","targetHints":{"allow":["GET"]}}],"collection":[{"href":"https:\/\/lydenim.com\/pt\/wp-json\/wp\/v2\/posts"}],"about":[{"href":"https:\/\/lydenim.com\/pt\/wp-json\/wp\/v2\/types\/post"}],"author":[{"embeddable":true,"href":"https:\/\/lydenim.com\/pt\/wp-json\/wp\/v2\/users\/1"}],"replies":[{"embeddable":true,"href":"https:\/\/lydenim.com\/pt\/wp-json\/wp\/v2\/comments?post=5789"}],"version-history":[{"count":3,"href":"https:\/\/lydenim.com\/pt\/wp-json\/wp\/v2\/posts\/5789\/revisions"}],"predecessor-version":[{"id":6383,"href":"https:\/\/lydenim.com\/pt\/wp-json\/wp\/v2\/posts\/5789\/revisions\/6383"}],"wp:featuredmedia":[{"embeddable":true,"href":"https:\/\/lydenim.com\/pt\/wp-json\/wp\/v2\/media\/5807"}],"wp:attachment":[{"href":"https:\/\/lydenim.com\/pt\/wp-json\/wp\/v2\/media?parent=5789"}],"wp:term":[{"taxonomy":"category","embeddable":true,"href":"https:\/\/lydenim.com\/pt\/wp-json\/wp\/v2\/categories?post=5789"},{"taxonomy":"post_tag","embeddable":true,"href":"https:\/\/lydenim.com\/pt\/wp-json\/wp\/v2\/tags?post=5789"}],"curies":[{"name":"wp","href":"https:\/\/api.w.org\/{rel}","templated":true}]}}