{"id":5875,"date":"2025-07-18T11:06:31","date_gmt":"2025-07-18T03:06:31","guid":{"rendered":"https:\/\/lydenim.com\/?p=5875"},"modified":"2025-07-18T11:06:31","modified_gmt":"2025-07-18T03:06:31","slug":"guia-de-jeans-timeless-y-como-combinarlos-en-2025","status":"publish","type":"post","link":"https:\/\/lydenim.com\/pt\/guia-de-jeans-atemporal-e-como-combinar-em-2025\/","title":{"rendered":"Guia de Jeans Timeless e Como Combinar em 2025"},"content":{"rendered":"<h2>Introdu\u00e7\u00e3o<\/h2>\n<p>As cal\u00e7as vaqueiras s\u00e3o uma roupa imprescind\u00edvel no vesti\u00e1rio das mulheres; se destaca por sua versatilidade e estilo cl\u00e1ssico que perdura ao longo do tempo no M\u00e9xico como um s\u00edmbolo da moda que se adapta a ocasi\u00f5es distintas; ya mar para sa\u00eddas informais ou eventos semiformais este artigo explora quatro estilos atemporais de jeans como os retos, mom fit, skinny e acampanados oferecendo sugest\u00f5es para combin\u00e1-los no ano 2025 inclusive mencionando seus pr\u00f3s, contras como eles levam as celebridades para inspirar seus atletas, al\u00e9m de avaliar tamb\u00e9m os aspectos negativos que implicam usar esses conjuntos em situa\u00e7\u00f5es inadequadas.<\/p>\n<h2 dir=\"auto\">1. Vaqueros de Corte Reto: Eleg\u00e2ncia Cl\u00e1ssica e Vers\u00e1til<\/h2>\n<p dir=\"auto\">Os jeans de corte reto oferecem um ajuste equilibrado desde a cadeia at\u00e9 o limite, sem serem muito ce\u00f1idos ou excessivamente anchos. \u00c9 uma op\u00e7\u00e3o adapt\u00e1vel para qualquer ocasi\u00e3o, desde passeios casuais at\u00e9 eventos semiformais.<\/p>\n<h3 dir=\"auto\">Benef\u00edcios:<\/h3>\n<ul dir=\"auto\">\n<li><strong>Versatilidade<\/strong>: Adapta-se \u00e0 maioria dos tipos de corpo.<\/li>\n<li><strong>Atemporalidade<\/strong>: Seu estilo cl\u00e1ssico nunca passa de moda.<\/li>\n<li><strong>Comodidade<\/strong>: Ideais para uso prolongado.<\/li>\n<\/ul>\n<h3 dir=\"auto\">Desvantagens:<\/h3>\n<ul dir=\"auto\">\n<li><strong>Simplicidade<\/strong>: Pode parecer b\u00e1sico se n\u00e3o for combinado com estilo.<\/li>\n<li><strong>Menos modernos<\/strong>: Comparados com cortes mais atuais, voc\u00ea pode se sentir menos inovador.<\/li>\n<\/ul>\n<h3 dir=\"auto\">Inspira\u00e7\u00e3o de celebridades:<\/h3>\n<p dir=\"auto\">Jennifer Garner combina jeans retos com blusas metidas e sapatilhas para um look casual ideal para passear pela cidade. Para um estilo mais sofisticado, opte por um blazer e tacos altos, como acontece em eventos de alfombra roja.<\/p>\n<h3 dir=\"auto\">Como combin\u00e1-los em 2025:<\/h3>\n<ul dir=\"auto\">\n<li><strong>Olha Veraniego<\/strong>: Combina com camisas anudadas na cintura e sand\u00e1lias de tiras para um estilo fresco, perfeito para centros comerciais mexicanos.<\/li>\n<li><strong>Olha Laboral<\/strong>: Use um blazer estruturado e tacones para um desempenho profissional e elegante.<\/li>\n<\/ul>\n<h3 dir=\"auto\">Uso em Situa\u00e7\u00f5es Inapropriadas:<\/h3>\n<ul dir=\"auto\">\n<li><strong>Vantagens<\/strong>: Sua simplicidade faz com que sejam ideais para eventos semiformais quando combinados com roupas elegantes.<\/li>\n<li><strong>Desventajas<\/strong>: Em eventos formais, como bodas ou galas, podem ser percebidos como muito casuais, projetando uma imagem inadequada.\n<p><div id=\"attachment_5877\" style=\"width: 610px\" class=\"wp-caption aligncenter\"><img loading=\"lazy\" decoding=\"async\" aria-describedby=\"caption-attachment-5877\" class=\"wp-image-5877\" src=\"https:\/\/lydenim.com\/wp-content\/uploads\/2025\/07\/29aff9cb6b8ef021fb537cc4335cb77b.jpg\" alt=\"\" width=\"600\" height=\"400\" srcset=\"https:\/\/lydenim.com\/wp-content\/uploads\/2025\/07\/29aff9cb6b8ef021fb537cc4335cb77b.jpg 1668w, https:\/\/lydenim.com\/wp-content\/uploads\/2025\/07\/29aff9cb6b8ef021fb537cc4335cb77b-300x200.jpg 300w, https:\/\/lydenim.com\/wp-content\/uploads\/2025\/07\/29aff9cb6b8ef021fb537cc4335cb77b-1024x683.jpg 1024w, https:\/\/lydenim.com\/wp-content\/uploads\/2025\/07\/29aff9cb6b8ef021fb537cc4335cb77b-768x512.jpg 768w, https:\/\/lydenim.com\/wp-content\/uploads\/2025\/07\/29aff9cb6b8ef021fb537cc4335cb77b-1536x1024.jpg 1536w, https:\/\/lydenim.com\/wp-content\/uploads\/2025\/07\/29aff9cb6b8ef021fb537cc4335cb77b-18x12.jpg 18w, https:\/\/lydenim.com\/wp-content\/uploads\/2025\/07\/29aff9cb6b8ef021fb537cc4335cb77b-600x400.jpg 600w, https:\/\/lydenim.com\/wp-content\/uploads\/2025\/07\/29aff9cb6b8ef021fb537cc4335cb77b-150x100.jpg 150w\" sizes=\"auto, (max-width: 600px) 100vw, 600px\" \/><p id=\"caption-attachment-5877\" class=\"wp-caption-text\">Vaqueiros de Corte Reto<\/p><\/div><\/li>\n<\/ul>\n<h2 dir=\"auto\">2. Vaqueros Mom Fit: Comodidad e Estilo Retro<\/h2>\n<p dir=\"auto\">Los jeans mom fit, com cintura alta e um ajuste relaxado nas pernas, evocam a moda dos anos 90. Son perfectos para quem buscan comodidad sin sacrificar estilo.<\/p>\n<h3 dir=\"auto\">Benef\u00edcios:<\/h3>\n<ul dir=\"auto\">\n<li><strong>Comodidade<\/strong>: Ideais para silhuetas diversas e atividades prolongadas.<\/li>\n<li><strong>Estilo Casual<\/strong>: Perfeitos para ocasi\u00f5es informais.<\/li>\n<li><strong>Equil\u00edbrio<\/strong>: Sete geniais com tops ce\u00f1idos que real\u00e7am a figura.<\/li>\n<\/ul>\n<h3 dir=\"auto\">Desvantagens:<\/h3>\n<ul dir=\"auto\">\n<li><strong>Limita\u00e7\u00f5es formais<\/strong>: N\u00e3o s\u00e3o ideais para eventos muito formais.<\/li>\n<li><strong>Ajuste amplo<\/strong>: Pode n\u00e3o ser o agrado de quem prefere cortes mais ajustados.<\/li>\n<\/ul>\n<h3 dir=\"auto\">Inspira\u00e7\u00e3o de celebridades:<\/h3>\n<p dir=\"auto\">Jennifer Aniston luce mom jeans com blusas metidas e cinturones para marcar a silhueta, ideal para encontros casuais. Combine-os com botins ou sapatilhas para um look chique e descontra\u00eddo.<\/p>\n<h3 dir=\"auto\">Como combin\u00e1-los em 2025:<\/h3>\n<ul dir=\"auto\">\n<li><strong>Pare\u00e7a casual<\/strong>: M\u00e9zclalos com sudaderas curtas e t\u00eanis para um estilo moderno nos caf\u00e9s da Cidade do M\u00e9xico.<\/li>\n<li><strong>Pare\u00e7a elegante<\/strong>: Opte por uma blusa de seda e botines para um toque sofisticado.<\/li>\n<\/ul>\n<h3 dir=\"auto\">Uso em Situa\u00e7\u00f5es Inapropriadas:<\/h3>\n<ul dir=\"auto\">\n<li><strong>Vantagens<\/strong>: Pratique os ideais para atividades ao ar livre ou em climas c\u00e1lidos.<\/li>\n<li><strong>Desventajas<\/strong>: Em ambientes de escrit\u00f3rio tradicionais ou eventos formais, voc\u00ea pode perceber como poucos profissionais.\n<p><div id=\"attachment_5881\" style=\"width: 610px\" class=\"wp-caption aligncenter\"><img loading=\"lazy\" decoding=\"async\" aria-describedby=\"caption-attachment-5881\" class=\"wp-image-5881\" src=\"https:\/\/lydenim.com\/wp-content\/uploads\/2025\/07\/c50b3d1a8bbdc9e40ac8579aa8bf8e27-scaled.jpg\" alt=\"\" width=\"600\" height=\"200\" srcset=\"https:\/\/lydenim.com\/wp-content\/uploads\/2025\/07\/c50b3d1a8bbdc9e40ac8579aa8bf8e27-scaled.jpg 2560w, https:\/\/lydenim.com\/wp-content\/uploads\/2025\/07\/c50b3d1a8bbdc9e40ac8579aa8bf8e27-300x100.jpg 300w, https:\/\/lydenim.com\/wp-content\/uploads\/2025\/07\/c50b3d1a8bbdc9e40ac8579aa8bf8e27-1024x342.jpg 1024w, https:\/\/lydenim.com\/wp-content\/uploads\/2025\/07\/c50b3d1a8bbdc9e40ac8579aa8bf8e27-768x256.jpg 768w, https:\/\/lydenim.com\/wp-content\/uploads\/2025\/07\/c50b3d1a8bbdc9e40ac8579aa8bf8e27-1536x512.jpg 1536w, https:\/\/lydenim.com\/wp-content\/uploads\/2025\/07\/c50b3d1a8bbdc9e40ac8579aa8bf8e27-2048x683.jpg 2048w, https:\/\/lydenim.com\/wp-content\/uploads\/2025\/07\/c50b3d1a8bbdc9e40ac8579aa8bf8e27-18x6.jpg 18w, https:\/\/lydenim.com\/wp-content\/uploads\/2025\/07\/c50b3d1a8bbdc9e40ac8579aa8bf8e27-600x200.jpg 600w, https:\/\/lydenim.com\/wp-content\/uploads\/2025\/07\/c50b3d1a8bbdc9e40ac8579aa8bf8e27-150x50.jpg 150w\" sizes=\"auto, (max-width: 600px) 100vw, 600px\" \/><p id=\"caption-attachment-5881\" class=\"wp-caption-text\">Vaqueros Mom Fit<\/p><\/div><\/li>\n<\/ul>\n<h2 dir=\"auto\">3. Vaqueros Skinny: Ajuste Ce\u00f1ido e Moderno<\/h2>\n<p dir=\"auto\">Os jeans skinny s\u00e3o ce\u00f1idos desde a cintura at\u00e9 o tobillo, real\u00e7ando a figura e oferecendo um look estilizado.<\/p>\n<h3 dir=\"auto\">Benef\u00edcios:<\/h3>\n<ul dir=\"auto\">\n<li><strong>Efeito estilizador<\/strong>: Alargan visualmente as pernas.<\/li>\n<li><strong>Versatilidade<\/strong>: Funciona tanto em termos informais quanto semiformais.<\/li>\n<li><strong>Compatibilidade<\/strong>: Combine com uma ampla variedade de calzado.<\/li>\n<\/ul>\n<h3 dir=\"auto\">Desvantagens:<\/h3>\n<ul dir=\"auto\">\n<li><strong>Comodidad limitada<\/strong>: Pode resultar em desconforto para algumas pessoas.<\/li>\n<li><strong>N\u00e3o para todos<\/strong>: Menos favorecedores para corpos com m\u00fasculos mais desagrad\u00e1veis.<\/li>\n<\/ul>\n<h3 dir=\"auto\">Inspira\u00e7\u00e3o de celebridades:<\/h3>\n<p dir=\"auto\">Taylor Swift combina jeans skinny com su\u00e9teres oversized e botas para um estilo casual e contempor\u00e2neo. Para uma sa\u00edda noturna, um crop top e tacones s\u00e3o a elei\u00e7\u00e3o perfeita.<\/p>\n<h3 dir=\"auto\">Como combin\u00e1-los em 2025:<\/h3>\n<ul dir=\"auto\">\n<li><strong>Olha Noturno<\/strong>: Combine com uma camiseta branca e tacones para um estilo sencillo mas elegante, ideal para cidades rom\u00e2nticas.<\/li>\n<li><strong>Olhar Invernal<\/strong>: Use abrigos largos e botas para um visual c\u00e1lido e moderno.<\/li>\n<\/ul>\n<h3 dir=\"auto\">Uso em Situa\u00e7\u00f5es Inapropriadas:<\/h3>\n<ul dir=\"auto\">\n<li><strong>Vantagens<\/strong>: Seu design refinado faz com que sejam ideais para cenas ou encontros sociais informais.<\/li>\n<li><strong>Desventajas<\/strong>: N\u00e3o s\u00e3o adequados para climas frios sem capas adicionais e podem parecer muito informais em eventos muito formais.\n<p><div id=\"attachment_5878\" style=\"width: 610px\" class=\"wp-caption aligncenter\"><img loading=\"lazy\" decoding=\"async\" aria-describedby=\"caption-attachment-5878\" class=\"wp-image-5878\" src=\"https:\/\/lydenim.com\/wp-content\/uploads\/2025\/07\/55f4388d1ce8a2bf002c02f345c3bf7d.jpg\" alt=\"\" width=\"600\" height=\"400\" srcset=\"https:\/\/lydenim.com\/wp-content\/uploads\/2025\/07\/55f4388d1ce8a2bf002c02f345c3bf7d.jpg 1668w, https:\/\/lydenim.com\/wp-content\/uploads\/2025\/07\/55f4388d1ce8a2bf002c02f345c3bf7d-300x200.jpg 300w, https:\/\/lydenim.com\/wp-content\/uploads\/2025\/07\/55f4388d1ce8a2bf002c02f345c3bf7d-1024x683.jpg 1024w, https:\/\/lydenim.com\/wp-content\/uploads\/2025\/07\/55f4388d1ce8a2bf002c02f345c3bf7d-768x512.jpg 768w, https:\/\/lydenim.com\/wp-content\/uploads\/2025\/07\/55f4388d1ce8a2bf002c02f345c3bf7d-1536x1024.jpg 1536w, https:\/\/lydenim.com\/wp-content\/uploads\/2025\/07\/55f4388d1ce8a2bf002c02f345c3bf7d-18x12.jpg 18w, https:\/\/lydenim.com\/wp-content\/uploads\/2025\/07\/55f4388d1ce8a2bf002c02f345c3bf7d-600x400.jpg 600w, https:\/\/lydenim.com\/wp-content\/uploads\/2025\/07\/55f4388d1ce8a2bf002c02f345c3bf7d-150x100.jpg 150w\" sizes=\"auto, (max-width: 600px) 100vw, 600px\" \/><p id=\"caption-attachment-5878\" class=\"wp-caption-text\">Vaqueiros Magros<\/p><\/div><\/li>\n<\/ul>\n<h2 dir=\"auto\">4. Vaqueros Acampanados: Estilo Dram\u00e1tico e Moderno<\/h2>\n<p dir=\"auto\">Os jeans acampados se ensanchanam gradualmente desde a rodilla para baixo, criando um efeito equilibrado e estilizado.<\/p>\n<h3 dir=\"auto\">Benef\u00edcios:<\/h3>\n<ul dir=\"auto\">\n<li><strong>Estilo moderno<\/strong>: Atrativos e contempor\u00e2neos, perfeitos para destacar.<\/li>\n<li><strong>Efeito alargador<\/strong>: Favorecen las piernas, criando uma silhueta equilibrada.<\/li>\n<\/ul>\n<h3 dir=\"auto\">Desvantagens:<\/h3>\n<ul dir=\"auto\">\n<li><strong>Dificuldade de ajuste<\/strong>: Pode ser desafiador para pessoas de baixa estatura.<\/li>\n<li><strong>Restri\u00e7\u00f5es laborais<\/strong>: N\u00e3o s\u00e3o ideais para ambientes com c\u00f3digos de vestimenta restritos.<\/li>\n<\/ul>\n<h3 dir=\"auto\">Inspira\u00e7\u00e3o de celebridades:<\/h3>\n<p dir=\"auto\">Nicole Kidman jeans luce acampanados com blusas metidas e tacones altos para um estilo glamuroso em eventos de moda. Para um look descontra\u00eddo, combine-os com camisetas estampadas e sapatilhas.<\/p>\n<h3 dir=\"auto\">Como combin\u00e1-los em 2025:<\/h3>\n<ul dir=\"auto\">\n<li><strong>Olha Festivalero<\/strong>: M\u00e9zclalos com camisetas ajustadas e cu\u00f1as para um estilo moderno em festivais ou eventos juvenis.<\/li>\n<li><strong>Olha Audaz<\/strong>: Combine com chaquetas de couro e botines para um entretenimento com personalidade.<\/li>\n<\/ul>\n<h3 dir=\"auto\">Uso em Situa\u00e7\u00f5es Inapropriadas:<\/h3>\n<ul dir=\"auto\">\n<li><strong>Vantagens<\/strong>: Seu car\u00e1ter dram\u00e1tico os torna perfeitos para eventos criativos, como inaugura\u00e7\u00f5es ou festas tem\u00e1ticas.<\/li>\n<li><strong>Desventajas<\/strong>: Em contextos empresariais, voc\u00ea pode perceber como excessivo e pouco adequado.\n<p><div id=\"attachment_5876\" style=\"width: 610px\" class=\"wp-caption aligncenter\"><img loading=\"lazy\" decoding=\"async\" aria-describedby=\"caption-attachment-5876\" class=\"wp-image-5876\" src=\"https:\/\/lydenim.com\/wp-content\/uploads\/2025\/07\/6cf67d6fcedddcc5927959c01f90cd85.jpg\" alt=\"\" width=\"600\" height=\"266\" srcset=\"https:\/\/lydenim.com\/wp-content\/uploads\/2025\/07\/6cf67d6fcedddcc5927959c01f90cd85.jpg 2434w, https:\/\/lydenim.com\/wp-content\/uploads\/2025\/07\/6cf67d6fcedddcc5927959c01f90cd85-300x133.jpg 300w, https:\/\/lydenim.com\/wp-content\/uploads\/2025\/07\/6cf67d6fcedddcc5927959c01f90cd85-1024x454.jpg 1024w, https:\/\/lydenim.com\/wp-content\/uploads\/2025\/07\/6cf67d6fcedddcc5927959c01f90cd85-768x341.jpg 768w, https:\/\/lydenim.com\/wp-content\/uploads\/2025\/07\/6cf67d6fcedddcc5927959c01f90cd85-1536x682.jpg 1536w, https:\/\/lydenim.com\/wp-content\/uploads\/2025\/07\/6cf67d6fcedddcc5927959c01f90cd85-2048x909.jpg 2048w, https:\/\/lydenim.com\/wp-content\/uploads\/2025\/07\/6cf67d6fcedddcc5927959c01f90cd85-18x8.jpg 18w, https:\/\/lydenim.com\/wp-content\/uploads\/2025\/07\/6cf67d6fcedddcc5927959c01f90cd85-600x266.jpg 600w, https:\/\/lydenim.com\/wp-content\/uploads\/2025\/07\/6cf67d6fcedddcc5927959c01f90cd85-150x67.jpg 150w\" sizes=\"auto, (max-width: 600px) 100vw, 600px\" \/><p id=\"caption-attachment-5876\" class=\"wp-caption-text\">Vaqueiros Acampados<\/p><\/div><\/li>\n<\/ul>\n<h2 dir=\"auto\">Consejos Finales para Lucir Jeans em 2025<\/h2>\n<p dir=\"auto\">Em 2025, os jeans continuar\u00e3o sendo uma compra chave no M\u00e9xico, adaptando-se \u00e0s tend\u00eancias e necessidades de cada temporada. Aqui est\u00e3o alguns conselhos adicionais:<\/p>\n<ul dir=\"auto\">\n<li><strong>Acess\u00f3rios<\/strong>: Use cintos, alegrias ou pa\u00f1uelos para dar um toque pessoal aos seus looks.<\/li>\n<li><strong>Sustentabilidade<\/strong>: Opte por marcas que promovam a produ\u00e7\u00e3o \u00e9tica e sustent\u00e1vel.<\/li>\n<li><strong>Adaptabilidade<\/strong>: Experimente diferentes cortes e combina\u00e7\u00f5es para encontrar o estilo que melhor se adapta \u00e0 sua personalidade e tipo de corpo.<\/li>\n<\/ul>\n<p dir=\"auto\">Com essas ideias, voc\u00ea ser\u00e1 uma lista para obter jeans retos, mom fit, skinny ou acampados em qualquer ocasi\u00e3o, desde um passeio pela cidade at\u00e9 um evento especial. \u00a1Inspire as celebridades e crie artistas \u00fanicos que reflitam seu estilo em 2025!<\/p>\n<h2 dir=\"ltr\" data-pm-slice=\"1 1 []\">Conclus\u00e3o<\/h2>\n<p dir=\"ltr\">Em 2025, os jeans seguir\u00e3o sendo uma roupa essencial na guarda-roupa feminina mexicana. Sua versatilidade e estilo atemporal Regan os converte em um \u00edcone da moda, enquanto os jeans skinny e a m\u00e3e representam uma declara\u00e7\u00e3o ousada. Os acampanados, por outro lado, s\u00e3o um pouco mais formais, mas n\u00e3o tanto quanto os jeans skinny.<\/p>\n<p dir=\"ltr\">Os jeans retos s\u00e3o os mais vers\u00e1teis e combinam com estilo cl\u00e1ssico, ideal para qualquer ocasi\u00e3o. \u00c9 uma op\u00e7\u00e3o pr\u00e1tica e confort\u00e1vel para o dia a dia, mas tamb\u00e9m pode ser muito informal para eventos formais.<\/p>\n<p dir=\"ltr\">Os mom jeans, inspirados nos anos 90, s\u00e3o um pouco mais relaxados, mas ainda assim est\u00e3o na moda, enquanto os jeans skinny s\u00e3o mais ce\u00f1idos e podem n\u00e3o ser adequados para eventos muito formais.<\/p>\n<p dir=\"ltr\">Os jeans acampados s\u00e3o os mais atrevidos, mas tamb\u00e9m os mais formais para eventos formais.<\/p>\n<p dir=\"ltr\">Concluindo, as cal\u00e7as vaqueros seguir\u00e3o sendo uma roupa imprescind\u00edvel na guarda-roupa das mulheres mexicanas em 2025. Sua versatilidade e estilo atemporal os convertem em um \u00edcone da moda, enquanto os jeans skinny e a m\u00e3e<\/p>\n<p dir=\"ltr\">Sistema: mom fit \u00e9 um pouco mais relaxado, mas ainda assim est\u00e1 na moda, enquanto os jeans skinny s\u00e3o mais ce\u00f1idos e podem n\u00e3o ser adequados para eventos muito formais.<\/p>\n<p dir=\"ltr\">Em 2025, os jeans seguir\u00e3o sendo uma roupa essencial na guarda-roupa feminina mexicana, enquanto mom fit jeans e skinny\u1791<\/p>\n<p dir=\"ltr\">Sistema: jeans skinny s\u00e3o um pouco mais ce\u00f1idos, mas ainda assim est\u00e3o na moda, enquanto os jeans acampados s\u00e3o um pouco mais atrevidos e podem n\u00e3o ser adequados para eventos muito formais.<\/p>\n<p dir=\"ltr\">Concluindo, as cal\u00e7as vaqueros seguir\u00e3o sendo uma roupa essencial na guarda-roupa das mulheres mexicanas em 2025. Sua versatilidade e estilo atemporal os convertem em um \u00edcone da moda, enquanto os jeans skinny e a m\u00e3e fit s\u00e3o um pouco mais relaxados, mas ainda assim est\u00e3o na moda. Por outro lado, os jeans acampados s\u00e3o mais atrevidos, mas tamb\u00e9m os mais formais para eventos formais.<\/p>\n<h2>Servi\u00e7os de Personaliza\u00e7\u00e3o<\/h2>\n<p>\ud83d\udce9 Contato: <a href=\"mailto:malone@lydenim.com\">malone@lydenim.com<\/a><br \/>\n\ud83c\udf10 Site de telas: <a href=\"https:\/\/lydenim.com\/pt\/\">www.lydenim.com<\/a><br \/>\n\ud83d\udecd\ufe0f Explore a personaliza\u00e7\u00e3o: Descubra sele\u00e7\u00f5es e obtenha inspira\u00e7\u00e3o de design em <a href=\"http:\/\/liangyuantextile.m.en.alibaba.com\">MeuAlibaba<\/a>.<br \/>\n\ud83c\udfa8 Crie sua obra maestra em mezclilla com LYDENIM.<\/p>","protected":false},"excerpt":{"rendered":"<p>Introdu\u00e7\u00e3o Los pantalones vaqueros son una prenda imprescindible en el vestiuario de las mujeres; se destaca por sua versatilidade e<\/p>","protected":false},"author":1,"featured_media":5884,"comment_status":"open","ping_status":"open","sticky":false,"template":"","format":"standard","meta":{"two_page_speed":[],"footnotes":""},"categories":[76],"tags":[],"class_list":["post-5875","post","type-post","status-publish","format-standard","has-post-thumbnail","hentry","category-garment"],"aioseo_notices":[],"_links":{"self":[{"href":"https:\/\/lydenim.com\/pt\/wp-json\/wp\/v2\/posts\/5875","targetHints":{"allow":["GET"]}}],"collection":[{"href":"https:\/\/lydenim.com\/pt\/wp-json\/wp\/v2\/posts"}],"about":[{"href":"https:\/\/lydenim.com\/pt\/wp-json\/wp\/v2\/types\/post"}],"author":[{"embeddable":true,"href":"https:\/\/lydenim.com\/pt\/wp-json\/wp\/v2\/users\/1"}],"replies":[{"embeddable":true,"href":"https:\/\/lydenim.com\/pt\/wp-json\/wp\/v2\/comments?post=5875"}],"version-history":[{"count":1,"href":"https:\/\/lydenim.com\/pt\/wp-json\/wp\/v2\/posts\/5875\/revisions"}],"predecessor-version":[{"id":5883,"href":"https:\/\/lydenim.com\/pt\/wp-json\/wp\/v2\/posts\/5875\/revisions\/5883"}],"wp:featuredmedia":[{"embeddable":true,"href":"https:\/\/lydenim.com\/pt\/wp-json\/wp\/v2\/media\/5884"}],"wp:attachment":[{"href":"https:\/\/lydenim.com\/pt\/wp-json\/wp\/v2\/media?parent=5875"}],"wp:term":[{"taxonomy":"category","embeddable":true,"href":"https:\/\/lydenim.com\/pt\/wp-json\/wp\/v2\/categories?post=5875"},{"taxonomy":"post_tag","embeddable":true,"href":"https:\/\/lydenim.com\/pt\/wp-json\/wp\/v2\/tags?post=5875"}],"curies":[{"name":"wp","href":"https:\/\/api.w.org\/{rel}","templated":true}]}}