{"id":5893,"date":"2025-08-14T11:18:30","date_gmt":"2025-08-14T03:18:30","guid":{"rendered":"https:\/\/lydenim.com\/?p=5893"},"modified":"2025-08-24T13:50:18","modified_gmt":"2025-08-24T05:50:18","slug":"what-is-chenille-fabricchenille-denim","status":"publish","type":"post","link":"https:\/\/lydenim.com\/pt\/o-que-e-tecido-chenille-jeans-chenille\/","title":{"rendered":"O que \u00e9 tecido chenille? Jeans chenille?"},"content":{"rendered":"<h2>Tempo estimado de leitura: ~4 minutos<\/h2>\n<h2 data-start=\"194\" data-end=\"228\"><strong data-start=\"197\" data-end=\"228\">O que \u00e9 tecido chenille?<\/strong><\/h2>\n<p data-start=\"230\" data-end=\"582\">O material conhecido como<strong>tecido chenille<\/strong> Possui uma textura aveludada que lhe confere uma apar\u00eancia macia e felpuda. O termo &quot;chenille&quot; deriva da palavra francesa que significa &quot;lagarta&quot;, pois lembra o formato de lagartas. O processo de fabrica\u00e7\u00e3o da chenille envolve enrolar pequenos peda\u00e7os de tecido (pelo) entre dois fios centrais antes de cort\u00e1-los para produzir sua textura macia.<\/p>\n<p data-start=\"584\" data-end=\"791\"><strong>Tecido chenille<\/strong> come\u00e7ou como um elemento de decora\u00e7\u00e3o para estofados, cobertores e cortinas, mas entrou na moda ao enriquecer roupas comuns, incluindo jeans.<\/p>\n<div id=\"attachment_3684\" style=\"width: 610px\" class=\"wp-caption aligncenter\"><img loading=\"lazy\" decoding=\"async\" aria-describedby=\"caption-attachment-3684\" class=\"wp-image-3684\" src=\"https:\/\/lydenim.com\/wp-content\/uploads\/2025\/02\/9T3A2753-scaled.jpg\" alt=\"\" width=\"600\" height=\"600\" srcset=\"https:\/\/lydenim.com\/wp-content\/uploads\/2025\/02\/9T3A2753-scaled.jpg 2560w, https:\/\/lydenim.com\/wp-content\/uploads\/2025\/02\/9T3A2753-300x300.jpg 300w, https:\/\/lydenim.com\/wp-content\/uploads\/2025\/02\/9T3A2753-1024x1024.jpg 1024w, https:\/\/lydenim.com\/wp-content\/uploads\/2025\/02\/9T3A2753-150x150.jpg 150w, https:\/\/lydenim.com\/wp-content\/uploads\/2025\/02\/9T3A2753-768x768.jpg 768w, https:\/\/lydenim.com\/wp-content\/uploads\/2025\/02\/9T3A2753-1536x1536.jpg 1536w, https:\/\/lydenim.com\/wp-content\/uploads\/2025\/02\/9T3A2753-2048x2048.jpg 2048w, https:\/\/lydenim.com\/wp-content\/uploads\/2025\/02\/9T3A2753-12x12.jpg 12w, https:\/\/lydenim.com\/wp-content\/uploads\/2025\/02\/9T3A2753-600x600.jpg 600w\" sizes=\"auto, (max-width: 600px) 100vw, 600px\" \/><p id=\"caption-attachment-3684\" class=\"wp-caption-text\">Tecido chenille<\/p><\/div>\n<h2 data-start=\"798\" data-end=\"869\"><strong data-start=\"801\" data-end=\"869\">Por que o tecido Chenille \u00e9 especial? Calor, textura e eleg\u00e2ncia<\/strong><\/h2>\n<p data-start=\"871\" data-end=\"1080\">Chenille vai al\u00e9m da suavidade ao toque. O tecido combina isolamento t\u00e9rmico com maciez e apelo visual, o que o torna perfeito para climas mais frios e cole\u00e7\u00f5es de moda sazonais. As principais vantagens incluem:<\/p>\n<ul data-start=\"1082\" data-end=\"1443\">\n<li data-start=\"1082\" data-end=\"1170\">\n<p data-start=\"1084\" data-end=\"1170\"><strong data-start=\"1084\" data-end=\"1106\">Isolamento t\u00e9rmico<\/strong>:O pelo grosso deste tecido atua como isolante, capturando o ar, o que ajuda a manter o calor.<\/p>\n<p><div id=\"attachment_5996\" style=\"width: 610px\" class=\"wp-caption aligncenter\"><img loading=\"lazy\" decoding=\"async\" aria-describedby=\"caption-attachment-5996\" class=\"wp-image-5996\" src=\"https:\/\/lydenim.com\/wp-content\/uploads\/2025\/08\/76e807b0852e6543af89619b543ecd43.jpg\" alt=\"\" width=\"600\" height=\"750\" srcset=\"https:\/\/lydenim.com\/wp-content\/uploads\/2025\/08\/76e807b0852e6543af89619b543ecd43.jpg 913w, https:\/\/lydenim.com\/wp-content\/uploads\/2025\/08\/76e807b0852e6543af89619b543ecd43-240x300.jpg 240w, https:\/\/lydenim.com\/wp-content\/uploads\/2025\/08\/76e807b0852e6543af89619b543ecd43-819x1024.jpg 819w, https:\/\/lydenim.com\/wp-content\/uploads\/2025\/08\/76e807b0852e6543af89619b543ecd43-768x960.jpg 768w, https:\/\/lydenim.com\/wp-content\/uploads\/2025\/08\/76e807b0852e6543af89619b543ecd43-10x12.jpg 10w, https:\/\/lydenim.com\/wp-content\/uploads\/2025\/08\/76e807b0852e6543af89619b543ecd43-600x750.jpg 600w, https:\/\/lydenim.com\/wp-content\/uploads\/2025\/08\/76e807b0852e6543af89619b543ecd43-150x187.jpg 150w\" sizes=\"auto, (max-width: 600px) 100vw, 600px\" \/><p id=\"caption-attachment-5996\" class=\"wp-caption-text\">ajuda a manter o calor<\/p><\/div><\/li>\n<li data-start=\"1171\" data-end=\"1281\">\n<p data-start=\"1173\" data-end=\"1281\"><strong data-start=\"1173\" data-end=\"1196\">Textura distinta<\/strong>:A superf\u00edcie macia do tecido Chenille proporciona \u00e0s pe\u00e7as uma textura distinta que tamb\u00e9m cria um efeito suave e brilhante.<\/p>\n<p><div id=\"attachment_5994\" style=\"width: 610px\" class=\"wp-caption aligncenter\"><img loading=\"lazy\" decoding=\"async\" aria-describedby=\"caption-attachment-5994\" class=\"wp-image-5994\" src=\"https:\/\/lydenim.com\/wp-content\/uploads\/2025\/08\/15e684877dfcf6ac976216664aebdbe9.jpg\" alt=\"\" width=\"600\" height=\"750\" srcset=\"https:\/\/lydenim.com\/wp-content\/uploads\/2025\/08\/15e684877dfcf6ac976216664aebdbe9.jpg 657w, https:\/\/lydenim.com\/wp-content\/uploads\/2025\/08\/15e684877dfcf6ac976216664aebdbe9-240x300.jpg 240w, https:\/\/lydenim.com\/wp-content\/uploads\/2025\/08\/15e684877dfcf6ac976216664aebdbe9-10x12.jpg 10w, https:\/\/lydenim.com\/wp-content\/uploads\/2025\/08\/15e684877dfcf6ac976216664aebdbe9-600x750.jpg 600w, https:\/\/lydenim.com\/wp-content\/uploads\/2025\/08\/15e684877dfcf6ac976216664aebdbe9-150x187.jpg 150w\" sizes=\"auto, (max-width: 600px) 100vw, 600px\" \/><p id=\"caption-attachment-5994\" class=\"wp-caption-text\">Textura distinta<\/p><\/div><\/li>\n<li data-start=\"1282\" data-end=\"1443\">\n<p data-start=\"1284\" data-end=\"1443\"><strong data-start=\"1284\" data-end=\"1308\">Caimento e durabilidade<\/strong>: A chenille de qualidade mant\u00e9m a maciez e a durabilidade, ao mesmo tempo em que proporciona excelente qualidade de caimento para designs estruturados ou fluidos.<\/p>\n<p><div id=\"attachment_5995\" style=\"width: 610px\" class=\"wp-caption aligncenter\"><img loading=\"lazy\" decoding=\"async\" aria-describedby=\"caption-attachment-5995\" class=\"wp-image-5995\" src=\"https:\/\/lydenim.com\/wp-content\/uploads\/2025\/08\/21b883de41995a0a4b45fe2e15c1efb5.jpg\" alt=\"\" width=\"600\" height=\"750\" srcset=\"https:\/\/lydenim.com\/wp-content\/uploads\/2025\/08\/21b883de41995a0a4b45fe2e15c1efb5.jpg 1066w, https:\/\/lydenim.com\/wp-content\/uploads\/2025\/08\/21b883de41995a0a4b45fe2e15c1efb5-240x300.jpg 240w, https:\/\/lydenim.com\/wp-content\/uploads\/2025\/08\/21b883de41995a0a4b45fe2e15c1efb5-820x1024.jpg 820w, https:\/\/lydenim.com\/wp-content\/uploads\/2025\/08\/21b883de41995a0a4b45fe2e15c1efb5-768x960.jpg 768w, https:\/\/lydenim.com\/wp-content\/uploads\/2025\/08\/21b883de41995a0a4b45fe2e15c1efb5-10x12.jpg 10w, https:\/\/lydenim.com\/wp-content\/uploads\/2025\/08\/21b883de41995a0a4b45fe2e15c1efb5-600x750.jpg 600w, https:\/\/lydenim.com\/wp-content\/uploads\/2025\/08\/21b883de41995a0a4b45fe2e15c1efb5-150x187.jpg 150w\" sizes=\"auto, (max-width: 600px) 100vw, 600px\" \/><p id=\"caption-attachment-5995\" class=\"wp-caption-text\">Caimento e durabilidade<\/p><\/div><\/li>\n<\/ul>\n<p data-start=\"1445\" data-end=\"1578\">O tecido chenille vem ganhando popularidade cada vez maior em roupas de inverno e agasalhos, al\u00e9m de roupas de rua modernas, devido \u00e0s suas propriedades distintas.<\/p>\n<h2 data-start=\"1585\" data-end=\"1661\"><strong data-start=\"1588\" data-end=\"1661\">Tecido Chenille encontra o Denim: Inova\u00e7\u00f5es em Tecidos e Denim Chenille<\/strong><\/h2>\n<p data-start=\"1663\" data-end=\"1838\">O design t\u00eaxtil alcan\u00e7ou um avan\u00e7o significativo ao unir o tecido chenille com o jeans para produzir o jeans chenille, que apresenta uma nova experi\u00eancia sensorial com o tecido jeans.<\/p>\n<p data-start=\"1840\" data-end=\"1912\">Os designers usam t\u00e9cnicas diferentes para tecer fios de chenille em produtos jeans:<\/p>\n<ul data-start=\"1914\" data-end=\"2367\">\n<li data-start=\"1914\" data-end=\"2059\">\n<p data-start=\"1916\" data-end=\"2059\"><strong data-start=\"1916\" data-end=\"1939\">Bordado em chenille<\/strong>:Os designers usam fios de chenille para criar logotipos bordados em relevo, al\u00e9m de artes e letras, o que produz uma textura aconchegante em jaquetas jeans e cal\u00e7as jeans.<\/p>\n<p><div id=\"attachment_5998\" style=\"width: 610px\" class=\"wp-caption aligncenter\"><img loading=\"lazy\" decoding=\"async\" aria-describedby=\"caption-attachment-5998\" class=\"wp-image-5998\" src=\"https:\/\/lydenim.com\/wp-content\/uploads\/2025\/08\/f7ca2ca2939e149031a8df217e85ae36.jpg\" alt=\"\" width=\"600\" height=\"414\" srcset=\"https:\/\/lydenim.com\/wp-content\/uploads\/2025\/08\/f7ca2ca2939e149031a8df217e85ae36.jpg 2199w, https:\/\/lydenim.com\/wp-content\/uploads\/2025\/08\/f7ca2ca2939e149031a8df217e85ae36-300x207.jpg 300w, https:\/\/lydenim.com\/wp-content\/uploads\/2025\/08\/f7ca2ca2939e149031a8df217e85ae36-1024x706.jpg 1024w, https:\/\/lydenim.com\/wp-content\/uploads\/2025\/08\/f7ca2ca2939e149031a8df217e85ae36-768x529.jpg 768w, https:\/\/lydenim.com\/wp-content\/uploads\/2025\/08\/f7ca2ca2939e149031a8df217e85ae36-1536x1059.jpg 1536w, https:\/\/lydenim.com\/wp-content\/uploads\/2025\/08\/f7ca2ca2939e149031a8df217e85ae36-2048x1412.jpg 2048w, https:\/\/lydenim.com\/wp-content\/uploads\/2025\/08\/f7ca2ca2939e149031a8df217e85ae36-18x12.jpg 18w, https:\/\/lydenim.com\/wp-content\/uploads\/2025\/08\/f7ca2ca2939e149031a8df217e85ae36-600x414.jpg 600w, https:\/\/lydenim.com\/wp-content\/uploads\/2025\/08\/f7ca2ca2939e149031a8df217e85ae36-150x103.jpg 150w\" sizes=\"auto, (max-width: 600px) 100vw, 600px\" \/><p id=\"caption-attachment-5998\" class=\"wp-caption-text\">Bordado em chenille<\/p><\/div><\/li>\n<li data-start=\"2060\" data-end=\"2174\">\n<p data-start=\"2062\" data-end=\"2174\"><strong data-start=\"2062\" data-end=\"2082\">Remendos de chenille<\/strong>: Os designers usam patches de chenille como elementos decorativos e de marca em pe\u00e7as jeans para criar interesse visual por meio do contraste.<\/p>\n<p><div id=\"attachment_5993\" style=\"width: 610px\" class=\"wp-caption aligncenter\"><img loading=\"lazy\" decoding=\"async\" aria-describedby=\"caption-attachment-5993\" class=\"wp-image-5993\" src=\"https:\/\/lydenim.com\/wp-content\/uploads\/2025\/08\/8ec8cb83f32ca847bcec1a7c0edc3774.jpg\" alt=\"\" width=\"600\" height=\"750\" srcset=\"https:\/\/lydenim.com\/wp-content\/uploads\/2025\/08\/8ec8cb83f32ca847bcec1a7c0edc3774.jpg 974w, https:\/\/lydenim.com\/wp-content\/uploads\/2025\/08\/8ec8cb83f32ca847bcec1a7c0edc3774-240x300.jpg 240w, https:\/\/lydenim.com\/wp-content\/uploads\/2025\/08\/8ec8cb83f32ca847bcec1a7c0edc3774-819x1024.jpg 819w, https:\/\/lydenim.com\/wp-content\/uploads\/2025\/08\/8ec8cb83f32ca847bcec1a7c0edc3774-768x960.jpg 768w, https:\/\/lydenim.com\/wp-content\/uploads\/2025\/08\/8ec8cb83f32ca847bcec1a7c0edc3774-10x12.jpg 10w, https:\/\/lydenim.com\/wp-content\/uploads\/2025\/08\/8ec8cb83f32ca847bcec1a7c0edc3774-600x750.jpg 600w, https:\/\/lydenim.com\/wp-content\/uploads\/2025\/08\/8ec8cb83f32ca847bcec1a7c0edc3774-150x188.jpg 150w\" sizes=\"auto, (max-width: 600px) 100vw, 600px\" \/><p id=\"caption-attachment-5993\" class=\"wp-caption-text\">Remendos de chenille<\/p><\/div><\/li>\n<li data-start=\"2175\" data-end=\"2367\">\n<p data-start=\"2177\" data-end=\"2367\"><strong data-start=\"2177\" data-end=\"2211\">Tecidos denim com mistura de chenille<\/strong>:Algumas f\u00e1bricas agora produzem tecidos denim que combinam fios de chenille com o material de base para desenvolver tecidos h\u00edbridos que unem maciez com estrutura e profundidade.<img loading=\"lazy\" decoding=\"async\" class=\"aligncenter wp-image-3702\" src=\"https:\/\/lydenim.com\/wp-content\/uploads\/2025\/02\/9T3A2777-scaled.jpg\" alt=\"\" width=\"600\" height=\"600\" srcset=\"https:\/\/lydenim.com\/wp-content\/uploads\/2025\/02\/9T3A2777-scaled.jpg 2560w, https:\/\/lydenim.com\/wp-content\/uploads\/2025\/02\/9T3A2777-300x300.jpg 300w, https:\/\/lydenim.com\/wp-content\/uploads\/2025\/02\/9T3A2777-1024x1024.jpg 1024w, https:\/\/lydenim.com\/wp-content\/uploads\/2025\/02\/9T3A2777-150x150.jpg 150w, https:\/\/lydenim.com\/wp-content\/uploads\/2025\/02\/9T3A2777-768x768.jpg 768w, https:\/\/lydenim.com\/wp-content\/uploads\/2025\/02\/9T3A2777-1536x1536.jpg 1536w, https:\/\/lydenim.com\/wp-content\/uploads\/2025\/02\/9T3A2777-2048x2048.jpg 2048w, https:\/\/lydenim.com\/wp-content\/uploads\/2025\/02\/9T3A2777-12x12.jpg 12w, https:\/\/lydenim.com\/wp-content\/uploads\/2025\/02\/9T3A2777-600x600.jpg 600w\" sizes=\"auto, (max-width: 600px) 100vw, 600px\" \/><\/p>\n<\/li>\n<\/ul>\n<p data-start=\"2369\" data-end=\"2522\">O tecido h\u00edbrido permite que os designers criem produtos diferenciados, incluindo jaquetas jeans de chenille e jeans com patches de chenille, al\u00e9m de cole\u00e7\u00f5es exclusivas de roupas de inverno.<\/p>\n<h2 data-start=\"2529\" data-end=\"2586\"><strong data-start=\"2532\" data-end=\"2586\">Estilizando Jeans Chenille: Looks e Inspira\u00e7\u00e3o<\/strong><\/h2>\n<p data-start=\"2588\" data-end=\"2663\">Pe\u00e7as jeans de chenille s\u00e3o pe\u00e7as de moda chamativas. Combinam particularmente bem com:<\/p>\n<ul data-start=\"2665\" data-end=\"2971\">\n<li data-start=\"2665\" data-end=\"2763\">\n<p data-start=\"2667\" data-end=\"2763\"><strong data-start=\"2667\" data-end=\"2688\">Roupa casual de rua<\/strong>: O visual casual de rua combina jaquetas jeans oversized com patches de chenille, que combinam bem com cal\u00e7as de moletom ou t\u00eanis.<\/p>\n<p><div id=\"attachment_5992\" style=\"width: 610px\" class=\"wp-caption aligncenter\"><img loading=\"lazy\" decoding=\"async\" aria-describedby=\"caption-attachment-5992\" class=\"wp-image-5992\" src=\"https:\/\/lydenim.com\/wp-content\/uploads\/2025\/08\/8a47232e3eb5a8d6a55a631d9dadb7ab.jpg\" alt=\"\" width=\"600\" height=\"750\" srcset=\"https:\/\/lydenim.com\/wp-content\/uploads\/2025\/08\/8a47232e3eb5a8d6a55a631d9dadb7ab.jpg 1194w, https:\/\/lydenim.com\/wp-content\/uploads\/2025\/08\/8a47232e3eb5a8d6a55a631d9dadb7ab-240x300.jpg 240w, https:\/\/lydenim.com\/wp-content\/uploads\/2025\/08\/8a47232e3eb5a8d6a55a631d9dadb7ab-819x1024.jpg 819w, https:\/\/lydenim.com\/wp-content\/uploads\/2025\/08\/8a47232e3eb5a8d6a55a631d9dadb7ab-768x960.jpg 768w, https:\/\/lydenim.com\/wp-content\/uploads\/2025\/08\/8a47232e3eb5a8d6a55a631d9dadb7ab-10x12.jpg 10w, https:\/\/lydenim.com\/wp-content\/uploads\/2025\/08\/8a47232e3eb5a8d6a55a631d9dadb7ab-600x750.jpg 600w, https:\/\/lydenim.com\/wp-content\/uploads\/2025\/08\/8a47232e3eb5a8d6a55a631d9dadb7ab-150x188.jpg 150w\" sizes=\"auto, (max-width: 600px) 100vw, 600px\" \/><p id=\"caption-attachment-5992\" class=\"wp-caption-text\">Roupa casual de rua<\/p><\/div><\/li>\n<li data-start=\"2764\" data-end=\"2855\">\n<p data-start=\"2766\" data-end=\"2855\"><strong data-start=\"2766\" data-end=\"2785\">Camadas de inverno<\/strong>:A combina\u00e7\u00e3o de trench coats e jeans de chenille com malhas e botas cria um conjunto de camadas adequado para o inverno.<\/p>\n<p><div id=\"attachment_5991\" style=\"width: 610px\" class=\"wp-caption aligncenter\"><img loading=\"lazy\" decoding=\"async\" aria-describedby=\"caption-attachment-5991\" class=\"wp-image-5991\" src=\"https:\/\/lydenim.com\/wp-content\/uploads\/2025\/08\/8a6cda21941de15c11939782f0107abf.jpg\" alt=\"\" width=\"600\" height=\"750\" srcset=\"https:\/\/lydenim.com\/wp-content\/uploads\/2025\/08\/8a6cda21941de15c11939782f0107abf.jpg 1173w, https:\/\/lydenim.com\/wp-content\/uploads\/2025\/08\/8a6cda21941de15c11939782f0107abf-240x300.jpg 240w, https:\/\/lydenim.com\/wp-content\/uploads\/2025\/08\/8a6cda21941de15c11939782f0107abf-819x1024.jpg 819w, https:\/\/lydenim.com\/wp-content\/uploads\/2025\/08\/8a6cda21941de15c11939782f0107abf-768x960.jpg 768w, https:\/\/lydenim.com\/wp-content\/uploads\/2025\/08\/8a6cda21941de15c11939782f0107abf-10x12.jpg 10w, https:\/\/lydenim.com\/wp-content\/uploads\/2025\/08\/8a6cda21941de15c11939782f0107abf-600x750.jpg 600w, https:\/\/lydenim.com\/wp-content\/uploads\/2025\/08\/8a6cda21941de15c11939782f0107abf-150x187.jpg 150w\" sizes=\"auto, (max-width: 600px) 100vw, 600px\" \/><p id=\"caption-attachment-5991\" class=\"wp-caption-text\">Camadas de inverno<\/p><\/div><\/li>\n<li data-start=\"2856\" data-end=\"2971\">\n<p data-start=\"2858\" data-end=\"2971\"><strong data-start=\"2858\" data-end=\"2875\">Renascimento retr\u00f4<\/strong>:O uso de letras e patches em chenille nas roupas produz um visual vintage de jaqueta universit\u00e1ria que combina com designs de moda inspirados no Y2K.<img loading=\"lazy\" decoding=\"async\" class=\"aligncenter wp-image-5997\" src=\"https:\/\/lydenim.com\/wp-content\/uploads\/2025\/08\/d40acbfc2e8a0a585ec1ce8f364af2a6-scaled.jpg\" alt=\"\" width=\"600\" height=\"251\" srcset=\"https:\/\/lydenim.com\/wp-content\/uploads\/2025\/08\/d40acbfc2e8a0a585ec1ce8f364af2a6-scaled.jpg 2560w, https:\/\/lydenim.com\/wp-content\/uploads\/2025\/08\/d40acbfc2e8a0a585ec1ce8f364af2a6-300x125.jpg 300w, https:\/\/lydenim.com\/wp-content\/uploads\/2025\/08\/d40acbfc2e8a0a585ec1ce8f364af2a6-1024x427.jpg 1024w, https:\/\/lydenim.com\/wp-content\/uploads\/2025\/08\/d40acbfc2e8a0a585ec1ce8f364af2a6-768x321.jpg 768w, https:\/\/lydenim.com\/wp-content\/uploads\/2025\/08\/d40acbfc2e8a0a585ec1ce8f364af2a6-1536x641.jpg 1536w, https:\/\/lydenim.com\/wp-content\/uploads\/2025\/08\/d40acbfc2e8a0a585ec1ce8f364af2a6-2048x855.jpg 2048w, https:\/\/lydenim.com\/wp-content\/uploads\/2025\/08\/d40acbfc2e8a0a585ec1ce8f364af2a6-18x8.jpg 18w, https:\/\/lydenim.com\/wp-content\/uploads\/2025\/08\/d40acbfc2e8a0a585ec1ce8f364af2a6-600x250.jpg 600w, https:\/\/lydenim.com\/wp-content\/uploads\/2025\/08\/d40acbfc2e8a0a585ec1ce8f364af2a6-150x63.jpg 150w\" sizes=\"auto, (max-width: 600px) 100vw, 600px\" \/><\/p>\n<\/li>\n<\/ul>\n<p dir=\"ltr\" data-pm-slice=\"1 1 []\">No <strong>LY Denim<\/strong>, nosso <strong>cole\u00e7\u00e3o de jeans chenille<\/strong> mescla <strong>artesanato tradicional<\/strong> com <strong>inova\u00e7\u00e3o de ponta<\/strong>, redefinindo o denim com um toque luxuoso. Combinando a durabilidade ic\u00f4nica do denim com a maciez aveludada do chenille, oferecemos uma gama de tecidos que elevam o estilo e o conforto. Nossa cole\u00e7\u00e3o inclui:<\/p>\n<ul class=\"tight\" dir=\"ltr\" data-tight=\"true\">\n<li>\n<p dir=\"ltr\"><a href=\"https:\/\/lydenim.com\/pt\/?s=Chenille&amp;post_type=product\"><strong>Jeans Jacquard Chenille<\/strong><\/a>:Tecido com padr\u00f5es geom\u00e9tricos ou florais complexos usando t\u00e9cnicas avan\u00e7adas de jacquard, este tipo apresenta combina\u00e7\u00f5es personaliz\u00e1veis de <strong>algod\u00e3o org\u00e2nico<\/strong> (certificado GOTS) e <strong>poli\u00e9ster reciclado<\/strong> (Padr\u00f5es Textile Exchange). Dispon\u00edvel em cores Pantone, oferece uma est\u00e9tica sofisticada e texturizada, ideal para pe\u00e7as de alta costura, acess\u00f3rios de destaque e estofados contempor\u00e2neos.<img loading=\"lazy\" decoding=\"async\" class=\"aligncenter wp-image-3693\" src=\"https:\/\/lydenim.com\/wp-content\/uploads\/2025\/02\/9T3A2767-scaled.jpg\" alt=\"\" width=\"600\" height=\"600\" srcset=\"https:\/\/lydenim.com\/wp-content\/uploads\/2025\/02\/9T3A2767-scaled.jpg 2560w, https:\/\/lydenim.com\/wp-content\/uploads\/2025\/02\/9T3A2767-300x300.jpg 300w, https:\/\/lydenim.com\/wp-content\/uploads\/2025\/02\/9T3A2767-1024x1024.jpg 1024w, https:\/\/lydenim.com\/wp-content\/uploads\/2025\/02\/9T3A2767-150x150.jpg 150w, https:\/\/lydenim.com\/wp-content\/uploads\/2025\/02\/9T3A2767-768x768.jpg 768w, https:\/\/lydenim.com\/wp-content\/uploads\/2025\/02\/9T3A2767-1536x1536.jpg 1536w, https:\/\/lydenim.com\/wp-content\/uploads\/2025\/02\/9T3A2767-2048x2048.jpg 2048w, https:\/\/lydenim.com\/wp-content\/uploads\/2025\/02\/9T3A2767-12x12.jpg 12w, https:\/\/lydenim.com\/wp-content\/uploads\/2025\/02\/9T3A2767-600x600.jpg 600w\" sizes=\"auto, (max-width: 600px) 100vw, 600px\" \/> <img loading=\"lazy\" decoding=\"async\" class=\"wp-image-3630 aligncenter\" src=\"https:\/\/lydenim.com\/wp-content\/uploads\/2025\/02\/9T3A2667-scaled.jpg\" alt=\"\" width=\"600\" height=\"600\" srcset=\"https:\/\/lydenim.com\/wp-content\/uploads\/2025\/02\/9T3A2667-scaled.jpg 2560w, https:\/\/lydenim.com\/wp-content\/uploads\/2025\/02\/9T3A2667-300x300.jpg 300w, https:\/\/lydenim.com\/wp-content\/uploads\/2025\/02\/9T3A2667-1024x1024.jpg 1024w, https:\/\/lydenim.com\/wp-content\/uploads\/2025\/02\/9T3A2667-150x150.jpg 150w, https:\/\/lydenim.com\/wp-content\/uploads\/2025\/02\/9T3A2667-768x768.jpg 768w, https:\/\/lydenim.com\/wp-content\/uploads\/2025\/02\/9T3A2667-1536x1536.jpg 1536w, https:\/\/lydenim.com\/wp-content\/uploads\/2025\/02\/9T3A2667-2048x2048.jpg 2048w, https:\/\/lydenim.com\/wp-content\/uploads\/2025\/02\/9T3A2667-12x12.jpg 12w, https:\/\/lydenim.com\/wp-content\/uploads\/2025\/02\/9T3A2667-600x600.jpg 600w\" sizes=\"auto, (max-width: 600px) 100vw, 600px\" \/> <img loading=\"lazy\" decoding=\"async\" class=\"aligncenter wp-image-3666\" src=\"https:\/\/lydenim.com\/wp-content\/uploads\/2025\/02\/9T3A2725-scaled.jpg\" alt=\"\" width=\"600\" height=\"600\" srcset=\"https:\/\/lydenim.com\/wp-content\/uploads\/2025\/02\/9T3A2725-scaled.jpg 2560w, https:\/\/lydenim.com\/wp-content\/uploads\/2025\/02\/9T3A2725-300x300.jpg 300w, https:\/\/lydenim.com\/wp-content\/uploads\/2025\/02\/9T3A2725-1024x1024.jpg 1024w, https:\/\/lydenim.com\/wp-content\/uploads\/2025\/02\/9T3A2725-150x150.jpg 150w, https:\/\/lydenim.com\/wp-content\/uploads\/2025\/02\/9T3A2725-768x768.jpg 768w, https:\/\/lydenim.com\/wp-content\/uploads\/2025\/02\/9T3A2725-1536x1536.jpg 1536w, https:\/\/lydenim.com\/wp-content\/uploads\/2025\/02\/9T3A2725-2048x2048.jpg 2048w, https:\/\/lydenim.com\/wp-content\/uploads\/2025\/02\/9T3A2725-12x12.jpg 12w, https:\/\/lydenim.com\/wp-content\/uploads\/2025\/02\/9T3A2725-600x600.jpg 600w\" sizes=\"auto, (max-width: 600px) 100vw, 600px\" \/> <img loading=\"lazy\" decoding=\"async\" class=\"aligncenter wp-image-3682\" src=\"https:\/\/lydenim.com\/wp-content\/uploads\/2025\/02\/9T3A2751-scaled.jpg\" alt=\"\" width=\"600\" height=\"600\" srcset=\"https:\/\/lydenim.com\/wp-content\/uploads\/2025\/02\/9T3A2751-scaled.jpg 2560w, https:\/\/lydenim.com\/wp-content\/uploads\/2025\/02\/9T3A2751-300x300.jpg 300w, https:\/\/lydenim.com\/wp-content\/uploads\/2025\/02\/9T3A2751-1024x1024.jpg 1024w, https:\/\/lydenim.com\/wp-content\/uploads\/2025\/02\/9T3A2751-150x150.jpg 150w, https:\/\/lydenim.com\/wp-content\/uploads\/2025\/02\/9T3A2751-768x768.jpg 768w, https:\/\/lydenim.com\/wp-content\/uploads\/2025\/02\/9T3A2751-1536x1536.jpg 1536w, https:\/\/lydenim.com\/wp-content\/uploads\/2025\/02\/9T3A2751-2048x2048.jpg 2048w, https:\/\/lydenim.com\/wp-content\/uploads\/2025\/02\/9T3A2751-12x12.jpg 12w, https:\/\/lydenim.com\/wp-content\/uploads\/2025\/02\/9T3A2751-600x600.jpg 600w\" sizes=\"auto, (max-width: 600px) 100vw, 600px\" \/><\/p>\n<\/li>\n<li>\n<p dir=\"ltr\"><strong>Jeans Chenille Padr\u00e3o 4-Harness (Sarja 3\/1)<\/strong>: Confeccionado com sarja 3\/1 cl\u00e1ssica, este jeans chenille combina uma textura diagonal pronunciada com maciez aprimorada. Sua estrutura robusta garante alta resist\u00eancia a rasgos, tornando-o perfeito para jeans e jaquetas dur\u00e1veis e confort\u00e1veis.<\/p>\n<p><div id=\"attachment_6000\" style=\"width: 610px\" class=\"wp-caption aligncenter\"><img loading=\"lazy\" decoding=\"async\" aria-describedby=\"caption-attachment-6000\" class=\"wp-image-6000\" src=\"https:\/\/lydenim.com\/wp-content\/uploads\/2025\/08\/7703\u96ea\u5c3c\u5c14-scaled.jpeg\" alt=\"\" width=\"600\" height=\"800\" srcset=\"https:\/\/lydenim.com\/wp-content\/uploads\/2025\/08\/7703\u96ea\u5c3c\u5c14-scaled.jpeg 1920w, https:\/\/lydenim.com\/wp-content\/uploads\/2025\/08\/7703\u96ea\u5c3c\u5c14-225x300.jpeg 225w, https:\/\/lydenim.com\/wp-content\/uploads\/2025\/08\/7703\u96ea\u5c3c\u5c14-768x1024.jpeg 768w, https:\/\/lydenim.com\/wp-content\/uploads\/2025\/08\/7703\u96ea\u5c3c\u5c14-1152x1536.jpeg 1152w, https:\/\/lydenim.com\/wp-content\/uploads\/2025\/08\/7703\u96ea\u5c3c\u5c14-1536x2048.jpeg 1536w, https:\/\/lydenim.com\/wp-content\/uploads\/2025\/08\/7703\u96ea\u5c3c\u5c14-9x12.jpeg 9w, https:\/\/lydenim.com\/wp-content\/uploads\/2025\/08\/7703\u96ea\u5c3c\u5c14-600x800.jpeg 600w, https:\/\/lydenim.com\/wp-content\/uploads\/2025\/08\/7703\u96ea\u5c3c\u5c14-150x200.jpeg 150w\" sizes=\"auto, (max-width: 600px) 100vw, 600px\" \/><p id=\"caption-attachment-6000\" class=\"wp-caption-text\">7703# Chenille<\/p><\/div><\/li>\n<li>\n<p dir=\"ltr\"><strong>Tipos de jeans chenille personaliz\u00e1veis<\/strong>: Sob medida para suas necessidades, oferecemos op\u00e7\u00f5es sob medida com contagem, gramatura e largura de fios ajust\u00e1veis. Seja para roupas leves de ver\u00e3o ou para agasalhos resistentes, nosso denim chenille pode ser personalizado para atender a requisitos espec\u00edficos de design e desempenho, garantindo versatilidade para designers e marcas.<\/p>\n<\/li>\n<\/ul>\n<p dir=\"ltr\">Cada tecido da nossa cole\u00e7\u00e3o \u00e9 produzido em <strong>China<\/strong> usando <strong>fazer sob encomenda<\/strong> processos, permitindo personaliza\u00e7\u00e3o precisa e ader\u00eancia a <strong>OEKO-TEX<\/strong> Padr\u00f5es. A textura macia e aveludada da chenille real\u00e7a o apelo t\u00e1til do jeans, mantendo sua est\u00e9tica caracter\u00edstica de urdume tingido em \u00edndigo e trama diagonal. Ideal para <strong>moda unissex<\/strong>, <strong>acess\u00f3rios<\/strong>, e <strong>decora\u00e7\u00e3o de casa<\/strong>Nosso jeans chenille oferece maciez, durabilidade e eleg\u00e2ncia visual incompar\u00e1veis. Entre em contato conosco para explorar as op\u00e7\u00f5es de personaliza\u00e7\u00e3o e elevar sua marca com os tecidos premium da LY Denim.<\/p>\n<h2 dir=\"ltr\"><\/h2>\n<h2 data-start=\"3147\" data-end=\"3198\"><strong data-start=\"3150\" data-end=\"3198\">Tend\u00eancias e insights de mercado do Chenille Denim<\/strong><\/h2>\n<p data-start=\"3200\" data-end=\"3336\">O mercado de produtos jeans chenille demonstra crescente popularidade, especialmente entre os segmentos de moda premium e jovem. De acordo com relat\u00f3rios do setor:<\/p>\n<ul data-start=\"3338\" data-end=\"3785\">\n<li data-start=\"3338\" data-end=\"3483\">\n<p data-start=\"3340\" data-end=\"3483\">As buscas online por \u201cjaqueta chenille\u201d e \u201cjeans chenille\u201d mostraram um aumento de 40% nos \u00faltimos 12 meses, de acordo com dados do Google Trends de 2024.<\/p>\n<\/li>\n<li data-start=\"3484\" data-end=\"3620\">\n<p data-start=\"3486\" data-end=\"3620\">A Supreme, juntamente com a Fear of God e a Balenciaga, adicionaram patches de chenille ou elementos bordados \u00e0s suas cole\u00e7\u00f5es de produtos atuais.<\/p>\n<\/li>\n<li data-start=\"3621\" data-end=\"3785\">\n<p data-start=\"3623\" data-end=\"3785\">A ind\u00fastria da moda na China e no Sudeste Asi\u00e1tico usa elementos de jeans com detalhes em chenille em suas linhas de produtos masculinos e femininos para mostrar uma prefer\u00eancia por detalhes de design texturizados.<\/p>\n<\/li>\n<\/ul>\n<p data-start=\"3787\" data-end=\"3931\">Pessoas que querem roupas confort\u00e1veis e elegantes agora escolhem o jeans chenille como sua escolha preferida porque ele oferece designs exclusivos e conforto.<\/p>\n<h2 data-start=\"3938\" data-end=\"3988\"><strong data-start=\"3941\" data-end=\"3988\">Conclus\u00e3o: O futuro do Chenille Denim<\/strong><\/h2>\n<p data-start=\"3990\" data-end=\"4211\">A evolu\u00e7\u00e3o do tecido chenille vai al\u00e9m do conforto, pois agora funciona como um mecanismo de narrativa no design de moda. O uso do jeans chenille cria uma conex\u00e3o entre designs de roupas cl\u00e1ssicas e tend\u00eancias da moda contempor\u00e2nea por meio de sua aplica\u00e7\u00e3o em streetwear confort\u00e1vel e casacos de inverno luxuosos.<\/p>\n<p data-start=\"4213\" data-end=\"4414\">O guarda-roupa moderno recebe um toque de nostalgia e suavidade do jeans com infus\u00e3o de chenille, que proporciona profundidade e suavidade tanto aos consumidores quanto aos designers que buscam novas texturas e pe\u00e7as sazonais.<\/p>\n<h2 dir=\"ltr\" data-pm-slice=\"1 1 []\">Servi\u00e7os de personaliza\u00e7\u00e3o da LYDENIM<\/h2>\n<p dir=\"ltr\" data-pm-slice=\"1 1 []\">Procurando pr\u00eamio <strong>tecidos jeans chenille<\/strong> ou sob medida <strong>roupas jeans chenille<\/strong>? A LYDENIM oferece solu\u00e7\u00f5es personalizadas para elevar seus objetivos de design e produ\u00e7\u00e3o com tecidos luxuosos e texturizados.<\/p>\n<p dir=\"ltr\">\ud83c\udfa8 <strong>Tecidos Chenille Personalizados<\/strong>: Explore nosso jeans chenille de alta qualidade, incluindo op\u00e7\u00f5es de jacquard e sarja de 4 tiras, ou crie misturas personalizadas (por exemplo, algod\u00e3o-chenille, chenille-elastano) com texturas exclusivas. Visite <a href=\"https:\/\/lydenim.com\/pt\/?s=Chenille&amp;post_type=product\"><strong>lydenim.com<\/strong><\/a> para descobrir nossa variedade.<\/p>\n<p dir=\"ltr\">\ud83d\udecd\ufe0f <strong>Vestu\u00e1rio Chenille personalizado<\/strong>: Crie pe\u00e7as jeans de destaque com nossas vers\u00e1teis tramas de chenille, desde jeans macios at\u00e9 jaquetas elegantes. Navegue e personalize em <a href=\"http:\/\/liangyuantextile.m.en.alibaba.com\"><strong>Myalibaba<\/strong><\/a>.<\/p>\n<p dir=\"ltr\">\ud83d\udce9 <strong>Contate-nos<\/strong>: Conecte-se com nossa equipe em <a href=\"mailto:malone@lydenim.com\"><strong>malone@lydenim.com<\/strong><\/a> para discutir suas necessidades de tecidos ou vestu\u00e1rio, desde padr\u00f5es de trama at\u00e9 misturas sustent\u00e1veis.<\/p>\n<p dir=\"ltr\">Crie sua vis\u00e3o com a LYDENIM - seu parceiro de confian\u00e7a para inova\u00e7\u00e3o e alta qualidade <strong>tecidos jeans chenille<\/strong> e solu\u00e7\u00f5es de vestu\u00e1rio personalizadas.<\/p>","protected":false},"excerpt":{"rendered":"<p>Tempo estimado de leitura: ~4 minutos O que \u00e9 tecido chenille? O material conhecido como tecido chenille possui uma textura aveludada que lhe confere um toque macio.<\/p>","protected":false},"author":1,"featured_media":6001,"comment_status":"open","ping_status":"open","sticky":false,"template":"","format":"standard","meta":{"two_page_speed":[],"footnotes":""},"categories":[66],"tags":[],"class_list":["post-5893","post","type-post","status-publish","format-standard","has-post-thumbnail","hentry","category-denim-knowledge"],"aioseo_notices":[],"_links":{"self":[{"href":"https:\/\/lydenim.com\/pt\/wp-json\/wp\/v2\/posts\/5893","targetHints":{"allow":["GET"]}}],"collection":[{"href":"https:\/\/lydenim.com\/pt\/wp-json\/wp\/v2\/posts"}],"about":[{"href":"https:\/\/lydenim.com\/pt\/wp-json\/wp\/v2\/types\/post"}],"author":[{"embeddable":true,"href":"https:\/\/lydenim.com\/pt\/wp-json\/wp\/v2\/users\/1"}],"replies":[{"embeddable":true,"href":"https:\/\/lydenim.com\/pt\/wp-json\/wp\/v2\/comments?post=5893"}],"version-history":[{"count":4,"href":"https:\/\/lydenim.com\/pt\/wp-json\/wp\/v2\/posts\/5893\/revisions"}],"predecessor-version":[{"id":6394,"href":"https:\/\/lydenim.com\/pt\/wp-json\/wp\/v2\/posts\/5893\/revisions\/6394"}],"wp:featuredmedia":[{"embeddable":true,"href":"https:\/\/lydenim.com\/pt\/wp-json\/wp\/v2\/media\/6001"}],"wp:attachment":[{"href":"https:\/\/lydenim.com\/pt\/wp-json\/wp\/v2\/media?parent=5893"}],"wp:term":[{"taxonomy":"category","embeddable":true,"href":"https:\/\/lydenim.com\/pt\/wp-json\/wp\/v2\/categories?post=5893"},{"taxonomy":"post_tag","embeddable":true,"href":"https:\/\/lydenim.com\/pt\/wp-json\/wp\/v2\/tags?post=5893"}],"curies":[{"name":"wp","href":"https:\/\/api.w.org\/{rel}","templated":true}]}}